{"id":30647,"date":"2015-09-08T10:09:42","date_gmt":"2015-09-08T14:09:42","guid":{"rendered":"http:\/\/uqactualite.odev.ca\/?p=30647"},"modified":"2015-09-08T10:09:42","modified_gmt":"2015-09-08T14:09:42","slug":"midis-de-la-recherche-et-de-la-creation","status":"publish","type":"post","link":"https:\/\/www.uqac.ca\/uqactualites\/2015\/09\/08\/midis-de-la-recherche-et-de-la-creation\/","title":{"rendered":"Une galaxie de recherche et de cr\u00e9ation \u00e0 d\u00e9couvrir"},"content":{"rendered":"<p>Cette ann\u00e9e, l\u2019UQAC vous invite \u00e0 explorer les activit\u00e9s de recherche et cr\u00e9ation de ses d\u00e9partements. Le deuxi\u00e8me mercredi de chaque mois, un d\u00e9partement diff\u00e9rent vous propose un diner causerie sur un sujet de recherche passionnant!<\/p>\n<p>Au mois de septembre, le D\u00c9PARTEMENT DES SCIENCES FONDAMENTALES vous invite \u00e0 explorer :<\/p>\n<p><strong>La qualit\u00e9 des sols agricoles : pourquoi faut-il s&rsquo;en soucier et comment on proc\u00e8de?<br \/>\n<\/strong>Le professeur Maxime Par\u00e9 ainsi que Xavier Plante et Jos\u00e9e-Anne L\u00e9vesque, \u00e9tudiants \u00e0 la <a href=\"http:\/\/programmes.uqac.ca\/3018\">ma\u00eetrise en ressources renouvelables <\/a>feront la pr\u00e9sentation de leurs travaux et \u00e9changeront avec vous sur les enjeux sp\u00e9cifiques reli\u00e9s \u00e0 la qualit\u00e9 des sols en r\u00e9gion.<\/p>\n<p><strong>C\u2019est un rendez-vous ce mercredi 9 septembre au P0-7000, de 11 h 45 \u00e0 12 h 45.<\/strong><\/p>\n<p>https:\/\/youtu.be\/MCqqxrklzjQ<\/p>\n<p><strong>Source :<br \/>\n<\/strong> Bureau des affaires publiques<br \/>\nUniversit\u00e9 du Qu\u00e9bec \u00e0 Chicoutimi<br \/>\n418\u00a0545-5011, poste 2350 \u25aa <a href=\"mailto:affaires_publiques@uqac.ca\">affaires_publiques@uqac.ca<\/a><\/p>\n","protected":false},"excerpt":{"rendered":"<p>Cette ann\u00e9e, l\u2019UQAC vous invite \u00e0 explorer les activit\u00e9s de recherche et cr\u00e9ation de ses d\u00e9partements. Le deuxi\u00e8me mercredi de chaque mois, un d\u00e9partement diff\u00e9rent vous propose un diner causerie sur un sujet de recherche passionnant! Au mois de septembre, le D\u00c9PARTEMENT DES SCIENCES FONDAMENTALES vous invite \u00e0 explorer : La qualit\u00e9 des sols agricoles [&hellip;]<\/p>\n","protected":false},"author":5,"featured_media":30648,"comment_status":"open","ping_status":"open","sticky":false,"template":"","format":"standard","meta":{"footnotes":""},"categories":[2],"tags":[510,224,917,918,16],"yoast_head":"<!-- This site is optimized with the Yoast SEO plugin v24.2 - https:\/\/yoast.com\/wordpress\/plugins\/seo\/ -->\r\n<title>Une galaxie de recherche et de cr\u00e9ation \u00e0 d\u00e9couvrir - UQACtualit\u00e9s<\/title>\r\n<meta name=\"robots\" content=\"index, follow, max-snippet:-1, max-image-preview:large, max-video-preview:-1\" \/>\r\n<link rel=\"canonical\" href=\"https:\/\/www.uqac.ca\/uqactualites\/2015\/09\/08\/midis-de-la-recherche-et-de-la-creation\/\" \/>\r\n<meta property=\"og:locale\" content=\"fr_CA\" \/>\r\n<meta property=\"og:type\" content=\"article\" \/>\r\n<meta property=\"og:title\" content=\"Une galaxie de recherche et de cr\u00e9ation \u00e0 d\u00e9couvrir - UQACtualit\u00e9s\" \/>\r\n<meta property=\"og:description\" content=\"Cette ann\u00e9e, l\u2019UQAC vous invite \u00e0 explorer les activit\u00e9s de recherche et cr\u00e9ation de ses d\u00e9partements. Le deuxi\u00e8me mercredi de chaque mois, un d\u00e9partement diff\u00e9rent vous propose un diner causerie sur un sujet de recherche passionnant! Au mois de septembre, le D\u00c9PARTEMENT DES SCIENCES FONDAMENTALES vous invite \u00e0 explorer : La qualit\u00e9 des sols agricoles [&hellip;]\" \/>\r\n<meta property=\"og:url\" content=\"https:\/\/www.uqac.ca\/uqactualites\/2015\/09\/08\/midis-de-la-recherche-et-de-la-creation\/\" \/>\r\n<meta property=\"og:site_name\" content=\"UQACtualit\u00e9s\" \/>\r\n<meta property=\"article:published_time\" content=\"2015-09-08T14:09:42+00:00\" \/>\r\n<meta property=\"og:image\" content=\"https:\/\/www.uqac.ca\/uqactualites\/wp-content\/uploads\/2015\/09\/GRAF_UQACTUALITEMidisConfA15-03.jpg\" \/>\r\n\t<meta property=\"og:image:width\" content=\"621\" \/>\r\n\t<meta property=\"og:image:height\" content=\"301\" \/>\r\n\t<meta property=\"og:image:type\" content=\"image\/jpeg\" \/>\r\n<meta name=\"author\" content=\"Service des communications et des relations publiques\" \/>\r\n<meta name=\"twitter:card\" content=\"summary_large_image\" \/>\r\n<meta name=\"twitter:label1\" content=\"\u00c9crit par\" \/>\n\t<meta name=\"twitter:data1\" content=\"Service des communications et des relations publiques\" \/>\n\t<meta name=\"twitter:label2\" content=\"Estimation du temps de lecture\" \/>\n\t<meta name=\"twitter:data2\" content=\"1 minute\" \/>\r\n<script type=\"application\/ld+json\" class=\"yoast-schema-graph\">{\"@context\":\"https:\/\/schema.org\",\"@graph\":[{\"@type\":\"WebPage\",\"@id\":\"https:\/\/www.uqac.ca\/uqactualites\/2015\/09\/08\/midis-de-la-recherche-et-de-la-creation\/\",\"url\":\"https:\/\/www.uqac.ca\/uqactualites\/2015\/09\/08\/midis-de-la-recherche-et-de-la-creation\/\",\"name\":\"Une galaxie de recherche et de cr\u00e9ation \u00e0 d\u00e9couvrir - UQACtualit\u00e9s\",\"isPartOf\":{\"@id\":\"https:\/\/www.uqac.ca\/uqactualites\/#website\"},\"primaryImageOfPage\":{\"@id\":\"https:\/\/www.uqac.ca\/uqactualites\/2015\/09\/08\/midis-de-la-recherche-et-de-la-creation\/#primaryimage\"},\"image\":{\"@id\":\"https:\/\/www.uqac.ca\/uqactualites\/2015\/09\/08\/midis-de-la-recherche-et-de-la-creation\/#primaryimage\"},\"thumbnailUrl\":\"https:\/\/www.uqac.ca\/uqactualites\/wp-content\/uploads\/2015\/09\/GRAF_UQACTUALITEMidisConfA15-03.jpg\",\"datePublished\":\"2015-09-08T14:09:42+00:00\",\"dateModified\":\"2015-09-08T14:09:42+00:00\",\"author\":{\"@id\":\"https:\/\/www.uqac.ca\/uqactualites\/#\/schema\/person\/366c45a0c4f0e677b41b4af5886e2018\"},\"breadcrumb\":{\"@id\":\"https:\/\/www.uqac.ca\/uqactualites\/2015\/09\/08\/midis-de-la-recherche-et-de-la-creation\/#breadcrumb\"},\"inLanguage\":\"fr-CA\",\"potentialAction\":[{\"@type\":\"ReadAction\",\"target\":[\"https:\/\/www.uqac.ca\/uqactualites\/2015\/09\/08\/midis-de-la-recherche-et-de-la-creation\/\"]}]},{\"@type\":\"ImageObject\",\"inLanguage\":\"fr-CA\",\"@id\":\"https:\/\/www.uqac.ca\/uqactualites\/2015\/09\/08\/midis-de-la-recherche-et-de-la-creation\/#primaryimage\",\"url\":\"https:\/\/www.uqac.ca\/uqactualites\/wp-content\/uploads\/2015\/09\/GRAF_UQACTUALITEMidisConfA15-03.jpg\",\"contentUrl\":\"https:\/\/www.uqac.ca\/uqactualites\/wp-content\/uploads\/2015\/09\/GRAF_UQACTUALITEMidisConfA15-03.jpg\",\"width\":621,\"height\":301},{\"@type\":\"BreadcrumbList\",\"@id\":\"https:\/\/www.uqac.ca\/uqactualites\/2015\/09\/08\/midis-de-la-recherche-et-de-la-creation\/#breadcrumb\",\"itemListElement\":[{\"@type\":\"ListItem\",\"position\":1,\"name\":\"Home\",\"item\":\"https:\/\/www.uqac.ca\/uqactualites\/\"},{\"@type\":\"ListItem\",\"position\":2,\"name\":\"Une galaxie de recherche et de cr\u00e9ation \u00e0 d\u00e9couvrir\"}]},{\"@type\":\"WebSite\",\"@id\":\"https:\/\/www.uqac.ca\/uqactualites\/#website\",\"url\":\"https:\/\/www.uqac.ca\/uqactualites\/\",\"name\":\"UQACtualit\u00e9s\",\"description\":\"Le portail des nouvelles de l&#039;UQAC\",\"potentialAction\":[{\"@type\":\"SearchAction\",\"target\":{\"@type\":\"EntryPoint\",\"urlTemplate\":\"https:\/\/www.uqac.ca\/uqactualites\/?s={search_term_string}\"},\"query-input\":{\"@type\":\"PropertyValueSpecification\",\"valueRequired\":true,\"valueName\":\"search_term_string\"}}],\"inLanguage\":\"fr-CA\"},{\"@type\":\"Person\",\"@id\":\"https:\/\/www.uqac.ca\/uqactualites\/#\/schema\/person\/366c45a0c4f0e677b41b4af5886e2018\",\"name\":\"Service des communications et des relations publiques\",\"image\":{\"@type\":\"ImageObject\",\"inLanguage\":\"fr-CA\",\"@id\":\"https:\/\/www.uqac.ca\/uqactualites\/#\/schema\/person\/image\/\",\"url\":\"https:\/\/secure.gravatar.com\/avatar\/20fbbda8a292f59f2d3461a5b999c00b?s=96&d=mm&r=g\",\"contentUrl\":\"https:\/\/secure.gravatar.com\/avatar\/20fbbda8a292f59f2d3461a5b999c00b?s=96&d=mm&r=g\",\"caption\":\"Service des communications et des relations publiques\"},\"url\":\"https:\/\/www.uqac.ca\/uqactualites\/author\/bap\/\"}]}<\/script>\r\n<!-- \/ Yoast SEO plugin. -->","yoast_head_json":{"title":"Une galaxie de recherche et de cr\u00e9ation \u00e0 d\u00e9couvrir - UQACtualit\u00e9s","robots":{"index":"index","follow":"follow","max-snippet":"max-snippet:-1","max-image-preview":"max-image-preview:large","max-video-preview":"max-video-preview:-1"},"canonical":"https:\/\/www.uqac.ca\/uqactualites\/2015\/09\/08\/midis-de-la-recherche-et-de-la-creation\/","og_locale":"fr_CA","og_type":"article","og_title":"Une galaxie de recherche et de cr\u00e9ation \u00e0 d\u00e9couvrir - UQACtualit\u00e9s","og_description":"Cette ann\u00e9e, l\u2019UQAC vous invite \u00e0 explorer les activit\u00e9s de recherche et cr\u00e9ation de ses d\u00e9partements. Le deuxi\u00e8me mercredi de chaque mois, un d\u00e9partement diff\u00e9rent vous propose un diner causerie sur un sujet de recherche passionnant! Au mois de septembre, le D\u00c9PARTEMENT DES SCIENCES FONDAMENTALES vous invite \u00e0 explorer : La qualit\u00e9 des sols agricoles [&hellip;]","og_url":"https:\/\/www.uqac.ca\/uqactualites\/2015\/09\/08\/midis-de-la-recherche-et-de-la-creation\/","og_site_name":"UQACtualit\u00e9s","article_published_time":"2015-09-08T14:09:42+00:00","og_image":[{"width":621,"height":301,"url":"https:\/\/www.uqac.ca\/uqactualites\/wp-content\/uploads\/2015\/09\/GRAF_UQACTUALITEMidisConfA15-03.jpg","type":"image\/jpeg"}],"author":"Service des communications et des relations publiques","twitter_card":"summary_large_image","twitter_misc":{"\u00c9crit par":"Service des communications et des relations publiques","Estimation du temps de lecture":"1 minute"},"schema":{"@context":"https:\/\/schema.org","@graph":[{"@type":"WebPage","@id":"https:\/\/www.uqac.ca\/uqactualites\/2015\/09\/08\/midis-de-la-recherche-et-de-la-creation\/","url":"https:\/\/www.uqac.ca\/uqactualites\/2015\/09\/08\/midis-de-la-recherche-et-de-la-creation\/","name":"Une galaxie de recherche et de cr\u00e9ation \u00e0 d\u00e9couvrir - UQACtualit\u00e9s","isPartOf":{"@id":"https:\/\/www.uqac.ca\/uqactualites\/#website"},"primaryImageOfPage":{"@id":"https:\/\/www.uqac.ca\/uqactualites\/2015\/09\/08\/midis-de-la-recherche-et-de-la-creation\/#primaryimage"},"image":{"@id":"https:\/\/www.uqac.ca\/uqactualites\/2015\/09\/08\/midis-de-la-recherche-et-de-la-creation\/#primaryimage"},"thumbnailUrl":"https:\/\/www.uqac.ca\/uqactualites\/wp-content\/uploads\/2015\/09\/GRAF_UQACTUALITEMidisConfA15-03.jpg","datePublished":"2015-09-08T14:09:42+00:00","dateModified":"2015-09-08T14:09:42+00:00","author":{"@id":"https:\/\/www.uqac.ca\/uqactualites\/#\/schema\/person\/366c45a0c4f0e677b41b4af5886e2018"},"breadcrumb":{"@id":"https:\/\/www.uqac.ca\/uqactualites\/2015\/09\/08\/midis-de-la-recherche-et-de-la-creation\/#breadcrumb"},"inLanguage":"fr-CA","potentialAction":[{"@type":"ReadAction","target":["https:\/\/www.uqac.ca\/uqactualites\/2015\/09\/08\/midis-de-la-recherche-et-de-la-creation\/"]}]},{"@type":"ImageObject","inLanguage":"fr-CA","@id":"https:\/\/www.uqac.ca\/uqactualites\/2015\/09\/08\/midis-de-la-recherche-et-de-la-creation\/#primaryimage","url":"https:\/\/www.uqac.ca\/uqactualites\/wp-content\/uploads\/2015\/09\/GRAF_UQACTUALITEMidisConfA15-03.jpg","contentUrl":"https:\/\/www.uqac.ca\/uqactualites\/wp-content\/uploads\/2015\/09\/GRAF_UQACTUALITEMidisConfA15-03.jpg","width":621,"height":301},{"@type":"BreadcrumbList","@id":"https:\/\/www.uqac.ca\/uqactualites\/2015\/09\/08\/midis-de-la-recherche-et-de-la-creation\/#breadcrumb","itemListElement":[{"@type":"ListItem","position":1,"name":"Home","item":"https:\/\/www.uqac.ca\/uqactualites\/"},{"@type":"ListItem","position":2,"name":"Une galaxie de recherche et de cr\u00e9ation \u00e0 d\u00e9couvrir"}]},{"@type":"WebSite","@id":"https:\/\/www.uqac.ca\/uqactualites\/#website","url":"https:\/\/www.uqac.ca\/uqactualites\/","name":"UQACtualit\u00e9s","description":"Le portail des nouvelles de l&#039;UQAC","potentialAction":[{"@type":"SearchAction","target":{"@type":"EntryPoint","urlTemplate":"https:\/\/www.uqac.ca\/uqactualites\/?s={search_term_string}"},"query-input":{"@type":"PropertyValueSpecification","valueRequired":true,"valueName":"search_term_string"}}],"inLanguage":"fr-CA"},{"@type":"Person","@id":"https:\/\/www.uqac.ca\/uqactualites\/#\/schema\/person\/366c45a0c4f0e677b41b4af5886e2018","name":"Service des communications et des relations publiques","image":{"@type":"ImageObject","inLanguage":"fr-CA","@id":"https:\/\/www.uqac.ca\/uqactualites\/#\/schema\/person\/image\/","url":"https:\/\/secure.gravatar.com\/avatar\/20fbbda8a292f59f2d3461a5b999c00b?s=96&d=mm&r=g","contentUrl":"https:\/\/secure.gravatar.com\/avatar\/20fbbda8a292f59f2d3461a5b999c00b?s=96&d=mm&r=g","caption":"Service des communications et des relations publiques"},"url":"https:\/\/www.uqac.ca\/uqactualites\/author\/bap\/"}]}},"_links":{"self":[{"href":"https:\/\/www.uqac.ca\/uqactualites\/wp-json\/wp\/v2\/posts\/30647"}],"collection":[{"href":"https:\/\/www.uqac.ca\/uqactualites\/wp-json\/wp\/v2\/posts"}],"about":[{"href":"https:\/\/www.uqac.ca\/uqactualites\/wp-json\/wp\/v2\/types\/post"}],"author":[{"embeddable":true,"href":"https:\/\/www.uqac.ca\/uqactualites\/wp-json\/wp\/v2\/users\/5"}],"replies":[{"embeddable":true,"href":"https:\/\/www.uqac.ca\/uqactualites\/wp-json\/wp\/v2\/comments?post=30647"}],"version-history":[{"count":0,"href":"https:\/\/www.uqac.ca\/uqactualites\/wp-json\/wp\/v2\/posts\/30647\/revisions"}],"wp:featuredmedia":[{"embeddable":true,"href":"https:\/\/www.uqac.ca\/uqactualites\/wp-json\/wp\/v2\/media\/30648"}],"wp:attachment":[{"href":"https:\/\/www.uqac.ca\/uqactualites\/wp-json\/wp\/v2\/media?parent=30647"}],"wp:term":[{"taxonomy":"category","embeddable":true,"href":"https:\/\/www.uqac.ca\/uqactualites\/wp-json\/wp\/v2\/categories?post=30647"},{"taxonomy":"post_tag","embeddable":true,"href":"https:\/\/www.uqac.ca\/uqactualites\/wp-json\/wp\/v2\/tags?post=30647"}],"curies":[{"name":"wp","href":"https:\/\/api.w.org\/{rel}","templated":true}]}}