{"id":30658,"date":"2015-09-05T11:05:04","date_gmt":"2015-09-05T15:05:04","guid":{"rendered":"http:\/\/uqactualite.odev.ca\/?p=30658"},"modified":"2015-09-05T11:05:04","modified_gmt":"2015-09-05T15:05:04","slug":"etudiants-recherches-pour-un-projet-de-recherche","status":"publish","type":"post","link":"https:\/\/www.uqac.ca\/uqactualites\/2015\/09\/05\/etudiants-recherches-pour-un-projet-de-recherche\/","title":{"rendered":"\u00c9tudiants recherch\u00e9s pour un projet de recherche sur les habitudes de vie"},"content":{"rendered":"<p>L&rsquo;UQAC est \u00e0 la recherche d\u2019\u00e9tudiants \u00e2g\u00e9s entre 18 et 26 ans qui sont en premi\u00e8re ou deuxi\u00e8me ann\u00e9e universitaire afin de participer \u00e0 un projet de recherche qui porte sur les habitudes de vie.<\/p>\n<p>R\u00e9servez d\u00e8s maintenant votre place \u00e0 l\u2019une des rencontres d\u2019information. Faites vite, les places sont limit\u00e9es!<\/p>\n<p><strong>Renseignements\u00a0:<br \/>\n<\/strong>Patricia Blackburn, professeure<br \/>\nD\u00e9partement des sciences de la sant\u00e9<br \/>\n418 545-5011, poste 2206<br \/>\n<a href=\"http:\/\/www.uqac.ca\/projetaplus\">www.uqac.ca\/projetaplus<\/a><\/p>\n","protected":false},"excerpt":{"rendered":"<p>L&rsquo;UQAC est \u00e0 la recherche d\u2019\u00e9tudiants \u00e2g\u00e9s entre 18 et 26 ans qui sont en premi\u00e8re ou deuxi\u00e8me ann\u00e9e universitaire afin de participer \u00e0 un projet de recherche qui porte sur les habitudes de vie. R\u00e9servez d\u00e8s maintenant votre place \u00e0 l\u2019une des rencontres d\u2019information. Faites vite, les places sont limit\u00e9es! Renseignements\u00a0: Patricia Blackburn, professeure [&hellip;]<\/p>\n","protected":false},"author":5,"featured_media":20989,"comment_status":"open","ping_status":"open","sticky":false,"template":"","format":"standard","meta":{"footnotes":""},"categories":[2772],"tags":[],"yoast_head":"<!-- This site is optimized with the Yoast SEO plugin v24.2 - https:\/\/yoast.com\/wordpress\/plugins\/seo\/ -->\r\n<title>\u00c9tudiants recherch\u00e9s pour un projet de recherche sur les habitudes de vie - UQACtualit\u00e9s<\/title>\r\n<meta name=\"robots\" content=\"index, follow, max-snippet:-1, max-image-preview:large, max-video-preview:-1\" \/>\r\n<link rel=\"canonical\" href=\"https:\/\/www.uqac.ca\/uqactualites\/2015\/09\/05\/etudiants-recherches-pour-un-projet-de-recherche\/\" \/>\r\n<meta property=\"og:locale\" content=\"fr_CA\" \/>\r\n<meta property=\"og:type\" content=\"article\" \/>\r\n<meta property=\"og:title\" content=\"\u00c9tudiants recherch\u00e9s pour un projet de recherche sur les habitudes de vie - UQACtualit\u00e9s\" \/>\r\n<meta property=\"og:description\" content=\"L&rsquo;UQAC est \u00e0 la recherche d\u2019\u00e9tudiants \u00e2g\u00e9s entre 18 et 26 ans qui sont en premi\u00e8re ou deuxi\u00e8me ann\u00e9e universitaire afin de participer \u00e0 un projet de recherche qui porte sur les habitudes de vie. R\u00e9servez d\u00e8s maintenant votre place \u00e0 l\u2019une des rencontres d\u2019information. Faites vite, les places sont limit\u00e9es! Renseignements\u00a0: Patricia Blackburn, professeure [&hellip;]\" \/>\r\n<meta property=\"og:url\" content=\"https:\/\/www.uqac.ca\/uqactualites\/2015\/09\/05\/etudiants-recherches-pour-un-projet-de-recherche\/\" \/>\r\n<meta property=\"og:site_name\" content=\"UQACtualit\u00e9s\" \/>\r\n<meta property=\"article:published_time\" content=\"2015-09-05T15:05:04+00:00\" \/>\r\n<meta property=\"og:image\" content=\"https:\/\/www.uqac.ca\/uqactualites\/wp-content\/uploads\/2012\/05\/avis-laCommunaut-.jpg\" \/>\r\n\t<meta property=\"og:image:width\" content=\"620\" \/>\r\n\t<meta property=\"og:image:height\" content=\"300\" \/>\r\n\t<meta property=\"og:image:type\" content=\"image\/jpeg\" \/>\r\n<meta name=\"author\" content=\"Service des communications et des relations publiques\" \/>\r\n<meta name=\"twitter:card\" content=\"summary_large_image\" \/>\r\n<meta name=\"twitter:label1\" content=\"\u00c9crit par\" \/>\n\t<meta name=\"twitter:data1\" content=\"Service des communications et des relations publiques\" \/>\r\n<script type=\"application\/ld+json\" class=\"yoast-schema-graph\">{\"@context\":\"https:\/\/schema.org\",\"@graph\":[{\"@type\":\"WebPage\",\"@id\":\"https:\/\/www.uqac.ca\/uqactualites\/2015\/09\/05\/etudiants-recherches-pour-un-projet-de-recherche\/\",\"url\":\"https:\/\/www.uqac.ca\/uqactualites\/2015\/09\/05\/etudiants-recherches-pour-un-projet-de-recherche\/\",\"name\":\"\u00c9tudiants recherch\u00e9s pour un projet de recherche sur les habitudes de vie - UQACtualit\u00e9s\",\"isPartOf\":{\"@id\":\"https:\/\/www.uqac.ca\/uqactualites\/#website\"},\"primaryImageOfPage\":{\"@id\":\"https:\/\/www.uqac.ca\/uqactualites\/2015\/09\/05\/etudiants-recherches-pour-un-projet-de-recherche\/#primaryimage\"},\"image\":{\"@id\":\"https:\/\/www.uqac.ca\/uqactualites\/2015\/09\/05\/etudiants-recherches-pour-un-projet-de-recherche\/#primaryimage\"},\"thumbnailUrl\":\"https:\/\/www.uqac.ca\/uqactualites\/wp-content\/uploads\/2012\/05\/avis-laCommunaut-.jpg\",\"datePublished\":\"2015-09-05T15:05:04+00:00\",\"dateModified\":\"2015-09-05T15:05:04+00:00\",\"author\":{\"@id\":\"https:\/\/www.uqac.ca\/uqactualites\/#\/schema\/person\/366c45a0c4f0e677b41b4af5886e2018\"},\"breadcrumb\":{\"@id\":\"https:\/\/www.uqac.ca\/uqactualites\/2015\/09\/05\/etudiants-recherches-pour-un-projet-de-recherche\/#breadcrumb\"},\"inLanguage\":\"fr-CA\",\"potentialAction\":[{\"@type\":\"ReadAction\",\"target\":[\"https:\/\/www.uqac.ca\/uqactualites\/2015\/09\/05\/etudiants-recherches-pour-un-projet-de-recherche\/\"]}]},{\"@type\":\"ImageObject\",\"inLanguage\":\"fr-CA\",\"@id\":\"https:\/\/www.uqac.ca\/uqactualites\/2015\/09\/05\/etudiants-recherches-pour-un-projet-de-recherche\/#primaryimage\",\"url\":\"https:\/\/www.uqac.ca\/uqactualites\/wp-content\/uploads\/2012\/05\/avis-laCommunaut-.jpg\",\"contentUrl\":\"https:\/\/www.uqac.ca\/uqactualites\/wp-content\/uploads\/2012\/05\/avis-laCommunaut-.jpg\",\"width\":620,\"height\":300},{\"@type\":\"BreadcrumbList\",\"@id\":\"https:\/\/www.uqac.ca\/uqactualites\/2015\/09\/05\/etudiants-recherches-pour-un-projet-de-recherche\/#breadcrumb\",\"itemListElement\":[{\"@type\":\"ListItem\",\"position\":1,\"name\":\"Home\",\"item\":\"https:\/\/www.uqac.ca\/uqactualites\/\"},{\"@type\":\"ListItem\",\"position\":2,\"name\":\"\u00c9tudiants recherch\u00e9s pour un projet de recherche sur les habitudes de vie\"}]},{\"@type\":\"WebSite\",\"@id\":\"https:\/\/www.uqac.ca\/uqactualites\/#website\",\"url\":\"https:\/\/www.uqac.ca\/uqactualites\/\",\"name\":\"UQACtualit\u00e9s\",\"description\":\"Le portail des nouvelles de l&#039;UQAC\",\"potentialAction\":[{\"@type\":\"SearchAction\",\"target\":{\"@type\":\"EntryPoint\",\"urlTemplate\":\"https:\/\/www.uqac.ca\/uqactualites\/?s={search_term_string}\"},\"query-input\":{\"@type\":\"PropertyValueSpecification\",\"valueRequired\":true,\"valueName\":\"search_term_string\"}}],\"inLanguage\":\"fr-CA\"},{\"@type\":\"Person\",\"@id\":\"https:\/\/www.uqac.ca\/uqactualites\/#\/schema\/person\/366c45a0c4f0e677b41b4af5886e2018\",\"name\":\"Service des communications et des relations publiques\",\"image\":{\"@type\":\"ImageObject\",\"inLanguage\":\"fr-CA\",\"@id\":\"https:\/\/www.uqac.ca\/uqactualites\/#\/schema\/person\/image\/\",\"url\":\"https:\/\/secure.gravatar.com\/avatar\/20fbbda8a292f59f2d3461a5b999c00b?s=96&d=mm&r=g\",\"contentUrl\":\"https:\/\/secure.gravatar.com\/avatar\/20fbbda8a292f59f2d3461a5b999c00b?s=96&d=mm&r=g\",\"caption\":\"Service des communications et des relations publiques\"},\"url\":\"https:\/\/www.uqac.ca\/uqactualites\/author\/bap\/\"}]}<\/script>\r\n<!-- \/ Yoast SEO plugin. -->","yoast_head_json":{"title":"\u00c9tudiants recherch\u00e9s pour un projet de recherche sur les habitudes de vie - UQACtualit\u00e9s","robots":{"index":"index","follow":"follow","max-snippet":"max-snippet:-1","max-image-preview":"max-image-preview:large","max-video-preview":"max-video-preview:-1"},"canonical":"https:\/\/www.uqac.ca\/uqactualites\/2015\/09\/05\/etudiants-recherches-pour-un-projet-de-recherche\/","og_locale":"fr_CA","og_type":"article","og_title":"\u00c9tudiants recherch\u00e9s pour un projet de recherche sur les habitudes de vie - UQACtualit\u00e9s","og_description":"L&rsquo;UQAC est \u00e0 la recherche d\u2019\u00e9tudiants \u00e2g\u00e9s entre 18 et 26 ans qui sont en premi\u00e8re ou deuxi\u00e8me ann\u00e9e universitaire afin de participer \u00e0 un projet de recherche qui porte sur les habitudes de vie. R\u00e9servez d\u00e8s maintenant votre place \u00e0 l\u2019une des rencontres d\u2019information. Faites vite, les places sont limit\u00e9es! Renseignements\u00a0: Patricia Blackburn, professeure [&hellip;]","og_url":"https:\/\/www.uqac.ca\/uqactualites\/2015\/09\/05\/etudiants-recherches-pour-un-projet-de-recherche\/","og_site_name":"UQACtualit\u00e9s","article_published_time":"2015-09-05T15:05:04+00:00","og_image":[{"width":620,"height":300,"url":"https:\/\/www.uqac.ca\/uqactualites\/wp-content\/uploads\/2012\/05\/avis-laCommunaut-.jpg","type":"image\/jpeg"}],"author":"Service des communications et des relations publiques","twitter_card":"summary_large_image","twitter_misc":{"\u00c9crit par":"Service des communications et des relations publiques"},"schema":{"@context":"https:\/\/schema.org","@graph":[{"@type":"WebPage","@id":"https:\/\/www.uqac.ca\/uqactualites\/2015\/09\/05\/etudiants-recherches-pour-un-projet-de-recherche\/","url":"https:\/\/www.uqac.ca\/uqactualites\/2015\/09\/05\/etudiants-recherches-pour-un-projet-de-recherche\/","name":"\u00c9tudiants recherch\u00e9s pour un projet de recherche sur les habitudes de vie - UQACtualit\u00e9s","isPartOf":{"@id":"https:\/\/www.uqac.ca\/uqactualites\/#website"},"primaryImageOfPage":{"@id":"https:\/\/www.uqac.ca\/uqactualites\/2015\/09\/05\/etudiants-recherches-pour-un-projet-de-recherche\/#primaryimage"},"image":{"@id":"https:\/\/www.uqac.ca\/uqactualites\/2015\/09\/05\/etudiants-recherches-pour-un-projet-de-recherche\/#primaryimage"},"thumbnailUrl":"https:\/\/www.uqac.ca\/uqactualites\/wp-content\/uploads\/2012\/05\/avis-laCommunaut-.jpg","datePublished":"2015-09-05T15:05:04+00:00","dateModified":"2015-09-05T15:05:04+00:00","author":{"@id":"https:\/\/www.uqac.ca\/uqactualites\/#\/schema\/person\/366c45a0c4f0e677b41b4af5886e2018"},"breadcrumb":{"@id":"https:\/\/www.uqac.ca\/uqactualites\/2015\/09\/05\/etudiants-recherches-pour-un-projet-de-recherche\/#breadcrumb"},"inLanguage":"fr-CA","potentialAction":[{"@type":"ReadAction","target":["https:\/\/www.uqac.ca\/uqactualites\/2015\/09\/05\/etudiants-recherches-pour-un-projet-de-recherche\/"]}]},{"@type":"ImageObject","inLanguage":"fr-CA","@id":"https:\/\/www.uqac.ca\/uqactualites\/2015\/09\/05\/etudiants-recherches-pour-un-projet-de-recherche\/#primaryimage","url":"https:\/\/www.uqac.ca\/uqactualites\/wp-content\/uploads\/2012\/05\/avis-laCommunaut-.jpg","contentUrl":"https:\/\/www.uqac.ca\/uqactualites\/wp-content\/uploads\/2012\/05\/avis-laCommunaut-.jpg","width":620,"height":300},{"@type":"BreadcrumbList","@id":"https:\/\/www.uqac.ca\/uqactualites\/2015\/09\/05\/etudiants-recherches-pour-un-projet-de-recherche\/#breadcrumb","itemListElement":[{"@type":"ListItem","position":1,"name":"Home","item":"https:\/\/www.uqac.ca\/uqactualites\/"},{"@type":"ListItem","position":2,"name":"\u00c9tudiants recherch\u00e9s pour un projet de recherche sur les habitudes de vie"}]},{"@type":"WebSite","@id":"https:\/\/www.uqac.ca\/uqactualites\/#website","url":"https:\/\/www.uqac.ca\/uqactualites\/","name":"UQACtualit\u00e9s","description":"Le portail des nouvelles de l&#039;UQAC","potentialAction":[{"@type":"SearchAction","target":{"@type":"EntryPoint","urlTemplate":"https:\/\/www.uqac.ca\/uqactualites\/?s={search_term_string}"},"query-input":{"@type":"PropertyValueSpecification","valueRequired":true,"valueName":"search_term_string"}}],"inLanguage":"fr-CA"},{"@type":"Person","@id":"https:\/\/www.uqac.ca\/uqactualites\/#\/schema\/person\/366c45a0c4f0e677b41b4af5886e2018","name":"Service des communications et des relations publiques","image":{"@type":"ImageObject","inLanguage":"fr-CA","@id":"https:\/\/www.uqac.ca\/uqactualites\/#\/schema\/person\/image\/","url":"https:\/\/secure.gravatar.com\/avatar\/20fbbda8a292f59f2d3461a5b999c00b?s=96&d=mm&r=g","contentUrl":"https:\/\/secure.gravatar.com\/avatar\/20fbbda8a292f59f2d3461a5b999c00b?s=96&d=mm&r=g","caption":"Service des communications et des relations publiques"},"url":"https:\/\/www.uqac.ca\/uqactualites\/author\/bap\/"}]}},"_links":{"self":[{"href":"https:\/\/www.uqac.ca\/uqactualites\/wp-json\/wp\/v2\/posts\/30658"}],"collection":[{"href":"https:\/\/www.uqac.ca\/uqactualites\/wp-json\/wp\/v2\/posts"}],"about":[{"href":"https:\/\/www.uqac.ca\/uqactualites\/wp-json\/wp\/v2\/types\/post"}],"author":[{"embeddable":true,"href":"https:\/\/www.uqac.ca\/uqactualites\/wp-json\/wp\/v2\/users\/5"}],"replies":[{"embeddable":true,"href":"https:\/\/www.uqac.ca\/uqactualites\/wp-json\/wp\/v2\/comments?post=30658"}],"version-history":[{"count":0,"href":"https:\/\/www.uqac.ca\/uqactualites\/wp-json\/wp\/v2\/posts\/30658\/revisions"}],"wp:featuredmedia":[{"embeddable":true,"href":"https:\/\/www.uqac.ca\/uqactualites\/wp-json\/wp\/v2\/media\/20989"}],"wp:attachment":[{"href":"https:\/\/www.uqac.ca\/uqactualites\/wp-json\/wp\/v2\/media?parent=30658"}],"wp:term":[{"taxonomy":"category","embeddable":true,"href":"https:\/\/www.uqac.ca\/uqactualites\/wp-json\/wp\/v2\/categories?post=30658"},{"taxonomy":"post_tag","embeddable":true,"href":"https:\/\/www.uqac.ca\/uqactualites\/wp-json\/wp\/v2\/tags?post=30658"}],"curies":[{"name":"wp","href":"https:\/\/api.w.org\/{rel}","templated":true}]}}