{"id":30695,"date":"2015-09-11T14:52:07","date_gmt":"2015-09-11T18:52:07","guid":{"rendered":"http:\/\/uqactualite.odev.ca\/?p=30695"},"modified":"2015-09-11T14:52:07","modified_gmt":"2015-09-11T18:52:07","slug":"jean-francois-de-raymond","status":"publish","type":"post","link":"https:\/\/www.uqac.ca\/uqactualites\/2015\/09\/11\/jean-francois-de-raymond\/","title":{"rendered":"Jean-Fran\u00e7ois de Raymond, professeur associ\u00e9 \u00e0 l&rsquo;UQAC, publie L&rsquo;esprit de la diplomatie"},"content":{"rendered":"<p>Jean-Fran\u00e7ois de Raymond, professeur associ\u00e9 au D\u00e9partement des sciences humaines de l&rsquo;UQAC, a publi\u00e9 r\u00e9cemment un livre au \u00e9dition Premi\u00e8re \u00e9dition.<\/p>\n<p><strong><em>L&rsquo;esprit de la diplomatie Du particulier \u00e0 l&rsquo;universel<\/em><\/strong> est un ouvrage qui pr\u00e9sente la diplomatie, cette institution dont la pratique met en \u0153uvre la politique d&rsquo;affaires \u00e9trang\u00e8res, comme l\u2019une des plus anciennes marques de civilisation. La r\u00e9flexion que porte Jean-Fran\u00e7ois de Raymond sur le sujet est document\u00e9e par des exemples historiques et contemporains, et illustr\u00e9e par des figures de personnalit\u00e9s c\u00e9l\u00e8bres ou m\u00e9connues.<\/p>\n<p>Jean-Fran\u00e7ois de Raymond a suivi alternativement une carri\u00e8re de professeur d\u2019universit\u00e9 et de diplomate (en Gr\u00e8ce, au minist\u00e8re des Affaires \u00e9trang\u00e8res, au cabinet du secr\u00e9taire d\u2019\u00c9tat charg\u00e9 des Droits de l\u2019homme, en Su\u00e8de et au Canada). Membre \u00e9tranger de la Soci\u00e9t\u00e9 royale du Canada, il est professeur associ\u00e9 \u00e0 l\u2019Universit\u00e9 Laval \u00e0 l\u2019Universit\u00e9 du Qu\u00e9bec \u00e0 Chicoutimi. Il poursuit des travaux d\u2019histoire de la philosophie et de la diplomatie.<\/p>\n<p>Consultez le site Web suivant pour plus de renseignements : <a href=\"http:\/\/www.lesbelleslettres.com\/livre\/?GCOI=22510100944070&amp;fa=description\">www.lesbelleslettres.com\/livre\/?GCOI=22510100944070&amp;fa=description<\/a><\/p>\n<p>Jean-Fran\u00e7ois de Raymond donnera le cours <a href=\"http:\/\/cours.uqac.ca\/4POL208\">Institutions internationales et diplomatie contemporaine<\/a> au trimestre d&rsquo;hiver 2016 \u00e0 l&rsquo;UQAC.<\/p>\n<p><strong>Source :<\/strong><br \/>\nBureau des affaires publiques<br \/>\nUniversit\u00e9 du Qu\u00e9bec \u00e0 Chicoutimi<br \/>\n418\u00a0545-5011, poste 2350 \u25aa <a href=\"mailto:affaires_publiques@uqac.ca\">affaires_publiques@uqac.ca<\/a><\/p>\n<p>&nbsp;<\/p>\n<p>&nbsp;<\/p>\n","protected":false},"excerpt":{"rendered":"<p>Jean-Fran\u00e7ois de Raymond, professeur associ\u00e9 au D\u00e9partement des sciences humaines de l&rsquo;UQAC, a publi\u00e9 r\u00e9cemment un livre au \u00e9dition Premi\u00e8re \u00e9dition. L&rsquo;esprit de la diplomatie Du particulier \u00e0 l&rsquo;universel est un ouvrage qui pr\u00e9sente la diplomatie, cette institution dont la pratique met en \u0153uvre la politique d&rsquo;affaires \u00e9trang\u00e8res, comme l\u2019une des plus anciennes marques de [&hellip;]<\/p>\n","protected":false},"author":5,"featured_media":30702,"comment_status":"open","ping_status":"open","sticky":false,"template":"","format":"standard","meta":{"footnotes":""},"categories":[2,25],"tags":[],"yoast_head":"<!-- This site is optimized with the Yoast SEO plugin v24.2 - https:\/\/yoast.com\/wordpress\/plugins\/seo\/ -->\r\n<title>Jean-Fran\u00e7ois de Raymond, professeur associ\u00e9 \u00e0 l&#039;UQAC, publie L&#039;esprit de la diplomatie - UQACtualit\u00e9s<\/title>\r\n<meta name=\"robots\" content=\"index, follow, max-snippet:-1, max-image-preview:large, max-video-preview:-1\" \/>\r\n<link rel=\"canonical\" href=\"https:\/\/www.uqac.ca\/uqactualites\/2015\/09\/11\/jean-francois-de-raymond\/\" \/>\r\n<meta property=\"og:locale\" content=\"fr_CA\" \/>\r\n<meta property=\"og:type\" content=\"article\" \/>\r\n<meta property=\"og:title\" content=\"Jean-Fran\u00e7ois de Raymond, professeur associ\u00e9 \u00e0 l&#039;UQAC, publie L&#039;esprit de la diplomatie - UQACtualit\u00e9s\" \/>\r\n<meta property=\"og:description\" content=\"Jean-Fran\u00e7ois de Raymond, professeur associ\u00e9 au D\u00e9partement des sciences humaines de l&rsquo;UQAC, a publi\u00e9 r\u00e9cemment un livre au \u00e9dition Premi\u00e8re \u00e9dition. L&rsquo;esprit de la diplomatie Du particulier \u00e0 l&rsquo;universel est un ouvrage qui pr\u00e9sente la diplomatie, cette institution dont la pratique met en \u0153uvre la politique d&rsquo;affaires \u00e9trang\u00e8res, comme l\u2019une des plus anciennes marques de [&hellip;]\" \/>\r\n<meta property=\"og:url\" content=\"https:\/\/www.uqac.ca\/uqactualites\/2015\/09\/11\/jean-francois-de-raymond\/\" \/>\r\n<meta property=\"og:site_name\" content=\"UQACtualit\u00e9s\" \/>\r\n<meta property=\"article:published_time\" content=\"2015-09-11T18:52:07+00:00\" \/>\r\n<meta property=\"og:image\" content=\"https:\/\/www.uqac.ca\/uqactualites\/wp-content\/uploads\/2015\/09\/livreJFdeRaymond.jpg\" \/>\r\n\t<meta property=\"og:image:width\" content=\"549\" \/>\r\n\t<meta property=\"og:image:height\" content=\"234\" \/>\r\n\t<meta property=\"og:image:type\" content=\"image\/jpeg\" \/>\r\n<meta name=\"author\" content=\"Service des communications et des relations publiques\" \/>\r\n<meta name=\"twitter:card\" content=\"summary_large_image\" \/>\r\n<meta name=\"twitter:label1\" content=\"\u00c9crit par\" \/>\n\t<meta name=\"twitter:data1\" content=\"Service des communications et des relations publiques\" \/>\n\t<meta name=\"twitter:label2\" content=\"Estimation du temps de lecture\" \/>\n\t<meta name=\"twitter:data2\" content=\"1 minute\" \/>\r\n<script type=\"application\/ld+json\" class=\"yoast-schema-graph\">{\"@context\":\"https:\/\/schema.org\",\"@graph\":[{\"@type\":\"WebPage\",\"@id\":\"https:\/\/www.uqac.ca\/uqactualites\/2015\/09\/11\/jean-francois-de-raymond\/\",\"url\":\"https:\/\/www.uqac.ca\/uqactualites\/2015\/09\/11\/jean-francois-de-raymond\/\",\"name\":\"Jean-Fran\u00e7ois de Raymond, professeur associ\u00e9 \u00e0 l'UQAC, publie L'esprit de la diplomatie - UQACtualit\u00e9s\",\"isPartOf\":{\"@id\":\"https:\/\/www.uqac.ca\/uqactualites\/#website\"},\"primaryImageOfPage\":{\"@id\":\"https:\/\/www.uqac.ca\/uqactualites\/2015\/09\/11\/jean-francois-de-raymond\/#primaryimage\"},\"image\":{\"@id\":\"https:\/\/www.uqac.ca\/uqactualites\/2015\/09\/11\/jean-francois-de-raymond\/#primaryimage\"},\"thumbnailUrl\":\"https:\/\/www.uqac.ca\/uqactualites\/wp-content\/uploads\/2015\/09\/livreJFdeRaymond.jpg\",\"datePublished\":\"2015-09-11T18:52:07+00:00\",\"dateModified\":\"2015-09-11T18:52:07+00:00\",\"author\":{\"@id\":\"https:\/\/www.uqac.ca\/uqactualites\/#\/schema\/person\/366c45a0c4f0e677b41b4af5886e2018\"},\"breadcrumb\":{\"@id\":\"https:\/\/www.uqac.ca\/uqactualites\/2015\/09\/11\/jean-francois-de-raymond\/#breadcrumb\"},\"inLanguage\":\"fr-CA\",\"potentialAction\":[{\"@type\":\"ReadAction\",\"target\":[\"https:\/\/www.uqac.ca\/uqactualites\/2015\/09\/11\/jean-francois-de-raymond\/\"]}]},{\"@type\":\"ImageObject\",\"inLanguage\":\"fr-CA\",\"@id\":\"https:\/\/www.uqac.ca\/uqactualites\/2015\/09\/11\/jean-francois-de-raymond\/#primaryimage\",\"url\":\"https:\/\/www.uqac.ca\/uqactualites\/wp-content\/uploads\/2015\/09\/livreJFdeRaymond.jpg\",\"contentUrl\":\"https:\/\/www.uqac.ca\/uqactualites\/wp-content\/uploads\/2015\/09\/livreJFdeRaymond.jpg\",\"width\":549,\"height\":234},{\"@type\":\"BreadcrumbList\",\"@id\":\"https:\/\/www.uqac.ca\/uqactualites\/2015\/09\/11\/jean-francois-de-raymond\/#breadcrumb\",\"itemListElement\":[{\"@type\":\"ListItem\",\"position\":1,\"name\":\"Home\",\"item\":\"https:\/\/www.uqac.ca\/uqactualites\/\"},{\"@type\":\"ListItem\",\"position\":2,\"name\":\"Jean-Fran\u00e7ois de Raymond, professeur associ\u00e9 \u00e0 l&rsquo;UQAC, publie L&rsquo;esprit de la diplomatie\"}]},{\"@type\":\"WebSite\",\"@id\":\"https:\/\/www.uqac.ca\/uqactualites\/#website\",\"url\":\"https:\/\/www.uqac.ca\/uqactualites\/\",\"name\":\"UQACtualit\u00e9s\",\"description\":\"Le portail des nouvelles de l&#039;UQAC\",\"potentialAction\":[{\"@type\":\"SearchAction\",\"target\":{\"@type\":\"EntryPoint\",\"urlTemplate\":\"https:\/\/www.uqac.ca\/uqactualites\/?s={search_term_string}\"},\"query-input\":{\"@type\":\"PropertyValueSpecification\",\"valueRequired\":true,\"valueName\":\"search_term_string\"}}],\"inLanguage\":\"fr-CA\"},{\"@type\":\"Person\",\"@id\":\"https:\/\/www.uqac.ca\/uqactualites\/#\/schema\/person\/366c45a0c4f0e677b41b4af5886e2018\",\"name\":\"Service des communications et des relations publiques\",\"image\":{\"@type\":\"ImageObject\",\"inLanguage\":\"fr-CA\",\"@id\":\"https:\/\/www.uqac.ca\/uqactualites\/#\/schema\/person\/image\/\",\"url\":\"https:\/\/secure.gravatar.com\/avatar\/20fbbda8a292f59f2d3461a5b999c00b?s=96&d=mm&r=g\",\"contentUrl\":\"https:\/\/secure.gravatar.com\/avatar\/20fbbda8a292f59f2d3461a5b999c00b?s=96&d=mm&r=g\",\"caption\":\"Service des communications et des relations publiques\"},\"url\":\"https:\/\/www.uqac.ca\/uqactualites\/author\/bap\/\"}]}<\/script>\r\n<!-- \/ Yoast SEO plugin. -->","yoast_head_json":{"title":"Jean-Fran\u00e7ois de Raymond, professeur associ\u00e9 \u00e0 l'UQAC, publie L'esprit de la diplomatie - UQACtualit\u00e9s","robots":{"index":"index","follow":"follow","max-snippet":"max-snippet:-1","max-image-preview":"max-image-preview:large","max-video-preview":"max-video-preview:-1"},"canonical":"https:\/\/www.uqac.ca\/uqactualites\/2015\/09\/11\/jean-francois-de-raymond\/","og_locale":"fr_CA","og_type":"article","og_title":"Jean-Fran\u00e7ois de Raymond, professeur associ\u00e9 \u00e0 l'UQAC, publie L'esprit de la diplomatie - UQACtualit\u00e9s","og_description":"Jean-Fran\u00e7ois de Raymond, professeur associ\u00e9 au D\u00e9partement des sciences humaines de l&rsquo;UQAC, a publi\u00e9 r\u00e9cemment un livre au \u00e9dition Premi\u00e8re \u00e9dition. L&rsquo;esprit de la diplomatie Du particulier \u00e0 l&rsquo;universel est un ouvrage qui pr\u00e9sente la diplomatie, cette institution dont la pratique met en \u0153uvre la politique d&rsquo;affaires \u00e9trang\u00e8res, comme l\u2019une des plus anciennes marques de [&hellip;]","og_url":"https:\/\/www.uqac.ca\/uqactualites\/2015\/09\/11\/jean-francois-de-raymond\/","og_site_name":"UQACtualit\u00e9s","article_published_time":"2015-09-11T18:52:07+00:00","og_image":[{"width":549,"height":234,"url":"https:\/\/www.uqac.ca\/uqactualites\/wp-content\/uploads\/2015\/09\/livreJFdeRaymond.jpg","type":"image\/jpeg"}],"author":"Service des communications et des relations publiques","twitter_card":"summary_large_image","twitter_misc":{"\u00c9crit par":"Service des communications et des relations publiques","Estimation du temps de lecture":"1 minute"},"schema":{"@context":"https:\/\/schema.org","@graph":[{"@type":"WebPage","@id":"https:\/\/www.uqac.ca\/uqactualites\/2015\/09\/11\/jean-francois-de-raymond\/","url":"https:\/\/www.uqac.ca\/uqactualites\/2015\/09\/11\/jean-francois-de-raymond\/","name":"Jean-Fran\u00e7ois de Raymond, professeur associ\u00e9 \u00e0 l'UQAC, publie L'esprit de la diplomatie - UQACtualit\u00e9s","isPartOf":{"@id":"https:\/\/www.uqac.ca\/uqactualites\/#website"},"primaryImageOfPage":{"@id":"https:\/\/www.uqac.ca\/uqactualites\/2015\/09\/11\/jean-francois-de-raymond\/#primaryimage"},"image":{"@id":"https:\/\/www.uqac.ca\/uqactualites\/2015\/09\/11\/jean-francois-de-raymond\/#primaryimage"},"thumbnailUrl":"https:\/\/www.uqac.ca\/uqactualites\/wp-content\/uploads\/2015\/09\/livreJFdeRaymond.jpg","datePublished":"2015-09-11T18:52:07+00:00","dateModified":"2015-09-11T18:52:07+00:00","author":{"@id":"https:\/\/www.uqac.ca\/uqactualites\/#\/schema\/person\/366c45a0c4f0e677b41b4af5886e2018"},"breadcrumb":{"@id":"https:\/\/www.uqac.ca\/uqactualites\/2015\/09\/11\/jean-francois-de-raymond\/#breadcrumb"},"inLanguage":"fr-CA","potentialAction":[{"@type":"ReadAction","target":["https:\/\/www.uqac.ca\/uqactualites\/2015\/09\/11\/jean-francois-de-raymond\/"]}]},{"@type":"ImageObject","inLanguage":"fr-CA","@id":"https:\/\/www.uqac.ca\/uqactualites\/2015\/09\/11\/jean-francois-de-raymond\/#primaryimage","url":"https:\/\/www.uqac.ca\/uqactualites\/wp-content\/uploads\/2015\/09\/livreJFdeRaymond.jpg","contentUrl":"https:\/\/www.uqac.ca\/uqactualites\/wp-content\/uploads\/2015\/09\/livreJFdeRaymond.jpg","width":549,"height":234},{"@type":"BreadcrumbList","@id":"https:\/\/www.uqac.ca\/uqactualites\/2015\/09\/11\/jean-francois-de-raymond\/#breadcrumb","itemListElement":[{"@type":"ListItem","position":1,"name":"Home","item":"https:\/\/www.uqac.ca\/uqactualites\/"},{"@type":"ListItem","position":2,"name":"Jean-Fran\u00e7ois de Raymond, professeur associ\u00e9 \u00e0 l&rsquo;UQAC, publie L&rsquo;esprit de la diplomatie"}]},{"@type":"WebSite","@id":"https:\/\/www.uqac.ca\/uqactualites\/#website","url":"https:\/\/www.uqac.ca\/uqactualites\/","name":"UQACtualit\u00e9s","description":"Le portail des nouvelles de l&#039;UQAC","potentialAction":[{"@type":"SearchAction","target":{"@type":"EntryPoint","urlTemplate":"https:\/\/www.uqac.ca\/uqactualites\/?s={search_term_string}"},"query-input":{"@type":"PropertyValueSpecification","valueRequired":true,"valueName":"search_term_string"}}],"inLanguage":"fr-CA"},{"@type":"Person","@id":"https:\/\/www.uqac.ca\/uqactualites\/#\/schema\/person\/366c45a0c4f0e677b41b4af5886e2018","name":"Service des communications et des relations publiques","image":{"@type":"ImageObject","inLanguage":"fr-CA","@id":"https:\/\/www.uqac.ca\/uqactualites\/#\/schema\/person\/image\/","url":"https:\/\/secure.gravatar.com\/avatar\/20fbbda8a292f59f2d3461a5b999c00b?s=96&d=mm&r=g","contentUrl":"https:\/\/secure.gravatar.com\/avatar\/20fbbda8a292f59f2d3461a5b999c00b?s=96&d=mm&r=g","caption":"Service des communications et des relations publiques"},"url":"https:\/\/www.uqac.ca\/uqactualites\/author\/bap\/"}]}},"_links":{"self":[{"href":"https:\/\/www.uqac.ca\/uqactualites\/wp-json\/wp\/v2\/posts\/30695"}],"collection":[{"href":"https:\/\/www.uqac.ca\/uqactualites\/wp-json\/wp\/v2\/posts"}],"about":[{"href":"https:\/\/www.uqac.ca\/uqactualites\/wp-json\/wp\/v2\/types\/post"}],"author":[{"embeddable":true,"href":"https:\/\/www.uqac.ca\/uqactualites\/wp-json\/wp\/v2\/users\/5"}],"replies":[{"embeddable":true,"href":"https:\/\/www.uqac.ca\/uqactualites\/wp-json\/wp\/v2\/comments?post=30695"}],"version-history":[{"count":0,"href":"https:\/\/www.uqac.ca\/uqactualites\/wp-json\/wp\/v2\/posts\/30695\/revisions"}],"wp:featuredmedia":[{"embeddable":true,"href":"https:\/\/www.uqac.ca\/uqactualites\/wp-json\/wp\/v2\/media\/30702"}],"wp:attachment":[{"href":"https:\/\/www.uqac.ca\/uqactualites\/wp-json\/wp\/v2\/media?parent=30695"}],"wp:term":[{"taxonomy":"category","embeddable":true,"href":"https:\/\/www.uqac.ca\/uqactualites\/wp-json\/wp\/v2\/categories?post=30695"},{"taxonomy":"post_tag","embeddable":true,"href":"https:\/\/www.uqac.ca\/uqactualites\/wp-json\/wp\/v2\/tags?post=30695"}],"curies":[{"name":"wp","href":"https:\/\/api.w.org\/{rel}","templated":true}]}}