{"id":30847,"date":"2015-10-02T10:00:44","date_gmt":"2015-10-02T14:00:44","guid":{"rendered":"http:\/\/uqactualite.odev.ca\/?p=30847"},"modified":"2015-10-02T10:00:44","modified_gmt":"2015-10-02T14:00:44","slug":"presentations-des-etudiants-du-departement-des-sciences-de-leducation-qui-ont-effectue-un-echange-interculturel-ou-un-stage-en-europe","status":"publish","type":"post","link":"https:\/\/www.uqac.ca\/uqactualites\/2015\/10\/02\/presentations-des-etudiants-du-departement-des-sciences-de-leducation-qui-ont-effectue-un-echange-interculturel-ou-un-stage-en-europe\/","title":{"rendered":"Pr\u00e9sentations des \u00e9tudiants du D\u00e9partement des sciences de l\u2019\u00e9ducation qui ont effectu\u00e9 un \u00e9change interculturel ou un stage en Europe"},"content":{"rendered":"<p>La communaut\u00e9 universitaire est invit\u00e9e \u00e0 assister aux pr\u00e9sentations des \u00e9tudiants du D\u00e9partement des sciences de l\u2019\u00e9ducation qui ont effectu\u00e9 un \u00e9change interculturel ou un stage de formation pratique en Europe au printemps dernier\u00a0:<\/p>\n<p><strong>Mardi le 6 octobre 2015 \u25aa\u00a0 11\u00a0h<br \/>\n<\/strong>Local H2-1180<br \/>\nPr\u00e9sentation des \u00e9tudiants du baccalaur\u00e9at en \u00e9ducation pr\u00e9scolaire et en enseignement primaire qui ont effectu\u00e9 un \u00e9change interculturel avec des \u00e9tudiants de la Haute \u00c9cole de Bruxelles en Belgique.<\/p>\n<p><strong>Mercredi le 7 octobre 2015\u00a0 \u25aa\u00a0 11\u00a0h<\/strong><br \/>\nLocal H1-1140<br \/>\nPr\u00e9sentation des \u00e9tudiants du baccalaur\u00e9at en \u00e9ducation pr\u00e9scolaire et en enseignement primaire qui ont effectu\u00e9 un stage de 2 mois dans deux \u00e9coles de Li\u00e8ge en Belgique. Des \u00e9tudiants li\u00e9geois actuellement inscrits dans le programme d&rsquo;\u00e9ducation pr\u00e9scolaire et d&rsquo;enseignement au primaire de l&rsquo;UQAC dans le cadre d&rsquo;une entente bilat\u00e9rale avec la Haute \u00c9cole Libre MOSANE de Li\u00e8ge\u00a0seront \u00e9galement pr\u00e9sents pour \u00e9changer sur les diff\u00e9rences entre les deux syst\u00e8mes \u00e9ducatifs, belge et qu\u00e9b\u00e9cois.<\/p>\n<p><strong>Renseignements :<\/strong><br \/>\nRoberto Gauthier, Ph.D.<br \/>\nDirecteur du Centre d&rsquo;\u00e9tudes universitaires de l&rsquo;Est de la C\u00f4te-Nord<br \/>\n418 545-5011, poste 5701<br \/>\n<a href=\"mailto:roberto_gauthier@uqac.ca\">roberto_gauthier@uqac.ca<\/a><\/p>\n","protected":false},"excerpt":{"rendered":"<p>La communaut\u00e9 universitaire est invit\u00e9e \u00e0 assister aux pr\u00e9sentations des \u00e9tudiants du D\u00e9partement des sciences de l\u2019\u00e9ducation qui ont effectu\u00e9 un \u00e9change interculturel ou un stage de formation pratique en Europe au printemps dernier\u00a0: Mardi le 6 octobre 2015 \u25aa\u00a0 11\u00a0h Local H2-1180 Pr\u00e9sentation des \u00e9tudiants du baccalaur\u00e9at en \u00e9ducation pr\u00e9scolaire et en enseignement primaire [&hellip;]<\/p>\n","protected":false},"author":5,"featured_media":20989,"comment_status":"open","ping_status":"open","sticky":false,"template":"","format":"standard","meta":{"footnotes":""},"categories":[2772],"tags":[],"yoast_head":"<!-- This site is optimized with the Yoast SEO plugin v24.2 - https:\/\/yoast.com\/wordpress\/plugins\/seo\/ -->\r\n<title>Pr\u00e9sentations des \u00e9tudiants du D\u00e9partement des sciences de l\u2019\u00e9ducation qui ont effectu\u00e9 un \u00e9change interculturel ou un stage en Europe - UQACtualit\u00e9s<\/title>\r\n<meta name=\"robots\" content=\"index, follow, max-snippet:-1, max-image-preview:large, max-video-preview:-1\" \/>\r\n<link rel=\"canonical\" href=\"https:\/\/www.uqac.ca\/uqactualites\/2015\/10\/02\/presentations-des-etudiants-du-departement-des-sciences-de-leducation-qui-ont-effectue-un-echange-interculturel-ou-un-stage-en-europe\/\" \/>\r\n<meta property=\"og:locale\" content=\"fr_CA\" \/>\r\n<meta property=\"og:type\" content=\"article\" \/>\r\n<meta property=\"og:title\" content=\"Pr\u00e9sentations des \u00e9tudiants du D\u00e9partement des sciences de l\u2019\u00e9ducation qui ont effectu\u00e9 un \u00e9change interculturel ou un stage en Europe - UQACtualit\u00e9s\" \/>\r\n<meta property=\"og:description\" content=\"La communaut\u00e9 universitaire est invit\u00e9e \u00e0 assister aux pr\u00e9sentations des \u00e9tudiants du D\u00e9partement des sciences de l\u2019\u00e9ducation qui ont effectu\u00e9 un \u00e9change interculturel ou un stage de formation pratique en Europe au printemps dernier\u00a0: Mardi le 6 octobre 2015 \u25aa\u00a0 11\u00a0h Local H2-1180 Pr\u00e9sentation des \u00e9tudiants du baccalaur\u00e9at en \u00e9ducation pr\u00e9scolaire et en enseignement primaire [&hellip;]\" \/>\r\n<meta property=\"og:url\" content=\"https:\/\/www.uqac.ca\/uqactualites\/2015\/10\/02\/presentations-des-etudiants-du-departement-des-sciences-de-leducation-qui-ont-effectue-un-echange-interculturel-ou-un-stage-en-europe\/\" \/>\r\n<meta property=\"og:site_name\" content=\"UQACtualit\u00e9s\" \/>\r\n<meta property=\"article:published_time\" content=\"2015-10-02T14:00:44+00:00\" \/>\r\n<meta property=\"og:image\" content=\"https:\/\/www.uqac.ca\/uqactualites\/wp-content\/uploads\/2012\/05\/avis-laCommunaut-.jpg\" \/>\r\n\t<meta property=\"og:image:width\" content=\"620\" \/>\r\n\t<meta property=\"og:image:height\" content=\"300\" \/>\r\n\t<meta property=\"og:image:type\" content=\"image\/jpeg\" \/>\r\n<meta name=\"author\" content=\"Service des communications et des relations publiques\" \/>\r\n<meta name=\"twitter:card\" content=\"summary_large_image\" \/>\r\n<meta name=\"twitter:label1\" content=\"\u00c9crit par\" \/>\n\t<meta name=\"twitter:data1\" content=\"Service des communications et des relations publiques\" \/>\n\t<meta name=\"twitter:label2\" content=\"Estimation du temps de lecture\" \/>\n\t<meta name=\"twitter:data2\" content=\"1 minute\" \/>\r\n<script type=\"application\/ld+json\" class=\"yoast-schema-graph\">{\"@context\":\"https:\/\/schema.org\",\"@graph\":[{\"@type\":\"WebPage\",\"@id\":\"https:\/\/www.uqac.ca\/uqactualites\/2015\/10\/02\/presentations-des-etudiants-du-departement-des-sciences-de-leducation-qui-ont-effectue-un-echange-interculturel-ou-un-stage-en-europe\/\",\"url\":\"https:\/\/www.uqac.ca\/uqactualites\/2015\/10\/02\/presentations-des-etudiants-du-departement-des-sciences-de-leducation-qui-ont-effectue-un-echange-interculturel-ou-un-stage-en-europe\/\",\"name\":\"Pr\u00e9sentations des \u00e9tudiants du D\u00e9partement des sciences de l\u2019\u00e9ducation qui ont effectu\u00e9 un \u00e9change interculturel ou un stage en Europe - UQACtualit\u00e9s\",\"isPartOf\":{\"@id\":\"https:\/\/www.uqac.ca\/uqactualites\/#website\"},\"primaryImageOfPage\":{\"@id\":\"https:\/\/www.uqac.ca\/uqactualites\/2015\/10\/02\/presentations-des-etudiants-du-departement-des-sciences-de-leducation-qui-ont-effectue-un-echange-interculturel-ou-un-stage-en-europe\/#primaryimage\"},\"image\":{\"@id\":\"https:\/\/www.uqac.ca\/uqactualites\/2015\/10\/02\/presentations-des-etudiants-du-departement-des-sciences-de-leducation-qui-ont-effectue-un-echange-interculturel-ou-un-stage-en-europe\/#primaryimage\"},\"thumbnailUrl\":\"https:\/\/www.uqac.ca\/uqactualites\/wp-content\/uploads\/2012\/05\/avis-laCommunaut-.jpg\",\"datePublished\":\"2015-10-02T14:00:44+00:00\",\"dateModified\":\"2015-10-02T14:00:44+00:00\",\"author\":{\"@id\":\"https:\/\/www.uqac.ca\/uqactualites\/#\/schema\/person\/366c45a0c4f0e677b41b4af5886e2018\"},\"breadcrumb\":{\"@id\":\"https:\/\/www.uqac.ca\/uqactualites\/2015\/10\/02\/presentations-des-etudiants-du-departement-des-sciences-de-leducation-qui-ont-effectue-un-echange-interculturel-ou-un-stage-en-europe\/#breadcrumb\"},\"inLanguage\":\"fr-CA\",\"potentialAction\":[{\"@type\":\"ReadAction\",\"target\":[\"https:\/\/www.uqac.ca\/uqactualites\/2015\/10\/02\/presentations-des-etudiants-du-departement-des-sciences-de-leducation-qui-ont-effectue-un-echange-interculturel-ou-un-stage-en-europe\/\"]}]},{\"@type\":\"ImageObject\",\"inLanguage\":\"fr-CA\",\"@id\":\"https:\/\/www.uqac.ca\/uqactualites\/2015\/10\/02\/presentations-des-etudiants-du-departement-des-sciences-de-leducation-qui-ont-effectue-un-echange-interculturel-ou-un-stage-en-europe\/#primaryimage\",\"url\":\"https:\/\/www.uqac.ca\/uqactualites\/wp-content\/uploads\/2012\/05\/avis-laCommunaut-.jpg\",\"contentUrl\":\"https:\/\/www.uqac.ca\/uqactualites\/wp-content\/uploads\/2012\/05\/avis-laCommunaut-.jpg\",\"width\":620,\"height\":300},{\"@type\":\"BreadcrumbList\",\"@id\":\"https:\/\/www.uqac.ca\/uqactualites\/2015\/10\/02\/presentations-des-etudiants-du-departement-des-sciences-de-leducation-qui-ont-effectue-un-echange-interculturel-ou-un-stage-en-europe\/#breadcrumb\",\"itemListElement\":[{\"@type\":\"ListItem\",\"position\":1,\"name\":\"Home\",\"item\":\"https:\/\/www.uqac.ca\/uqactualites\/\"},{\"@type\":\"ListItem\",\"position\":2,\"name\":\"Pr\u00e9sentations des \u00e9tudiants du D\u00e9partement des sciences de l\u2019\u00e9ducation qui ont effectu\u00e9 un \u00e9change interculturel ou un stage en Europe\"}]},{\"@type\":\"WebSite\",\"@id\":\"https:\/\/www.uqac.ca\/uqactualites\/#website\",\"url\":\"https:\/\/www.uqac.ca\/uqactualites\/\",\"name\":\"UQACtualit\u00e9s\",\"description\":\"Le portail des nouvelles de l&#039;UQAC\",\"potentialAction\":[{\"@type\":\"SearchAction\",\"target\":{\"@type\":\"EntryPoint\",\"urlTemplate\":\"https:\/\/www.uqac.ca\/uqactualites\/?s={search_term_string}\"},\"query-input\":{\"@type\":\"PropertyValueSpecification\",\"valueRequired\":true,\"valueName\":\"search_term_string\"}}],\"inLanguage\":\"fr-CA\"},{\"@type\":\"Person\",\"@id\":\"https:\/\/www.uqac.ca\/uqactualites\/#\/schema\/person\/366c45a0c4f0e677b41b4af5886e2018\",\"name\":\"Service des communications et des relations publiques\",\"image\":{\"@type\":\"ImageObject\",\"inLanguage\":\"fr-CA\",\"@id\":\"https:\/\/www.uqac.ca\/uqactualites\/#\/schema\/person\/image\/\",\"url\":\"https:\/\/secure.gravatar.com\/avatar\/20fbbda8a292f59f2d3461a5b999c00b?s=96&d=mm&r=g\",\"contentUrl\":\"https:\/\/secure.gravatar.com\/avatar\/20fbbda8a292f59f2d3461a5b999c00b?s=96&d=mm&r=g\",\"caption\":\"Service des communications et des relations publiques\"},\"url\":\"https:\/\/www.uqac.ca\/uqactualites\/author\/bap\/\"}]}<\/script>\r\n<!-- \/ Yoast SEO plugin. -->","yoast_head_json":{"title":"Pr\u00e9sentations des \u00e9tudiants du D\u00e9partement des sciences de l\u2019\u00e9ducation qui ont effectu\u00e9 un \u00e9change interculturel ou un stage en Europe - UQACtualit\u00e9s","robots":{"index":"index","follow":"follow","max-snippet":"max-snippet:-1","max-image-preview":"max-image-preview:large","max-video-preview":"max-video-preview:-1"},"canonical":"https:\/\/www.uqac.ca\/uqactualites\/2015\/10\/02\/presentations-des-etudiants-du-departement-des-sciences-de-leducation-qui-ont-effectue-un-echange-interculturel-ou-un-stage-en-europe\/","og_locale":"fr_CA","og_type":"article","og_title":"Pr\u00e9sentations des \u00e9tudiants du D\u00e9partement des sciences de l\u2019\u00e9ducation qui ont effectu\u00e9 un \u00e9change interculturel ou un stage en Europe - UQACtualit\u00e9s","og_description":"La communaut\u00e9 universitaire est invit\u00e9e \u00e0 assister aux pr\u00e9sentations des \u00e9tudiants du D\u00e9partement des sciences de l\u2019\u00e9ducation qui ont effectu\u00e9 un \u00e9change interculturel ou un stage de formation pratique en Europe au printemps dernier\u00a0: Mardi le 6 octobre 2015 \u25aa\u00a0 11\u00a0h Local H2-1180 Pr\u00e9sentation des \u00e9tudiants du baccalaur\u00e9at en \u00e9ducation pr\u00e9scolaire et en enseignement primaire [&hellip;]","og_url":"https:\/\/www.uqac.ca\/uqactualites\/2015\/10\/02\/presentations-des-etudiants-du-departement-des-sciences-de-leducation-qui-ont-effectue-un-echange-interculturel-ou-un-stage-en-europe\/","og_site_name":"UQACtualit\u00e9s","article_published_time":"2015-10-02T14:00:44+00:00","og_image":[{"width":620,"height":300,"url":"https:\/\/www.uqac.ca\/uqactualites\/wp-content\/uploads\/2012\/05\/avis-laCommunaut-.jpg","type":"image\/jpeg"}],"author":"Service des communications et des relations publiques","twitter_card":"summary_large_image","twitter_misc":{"\u00c9crit par":"Service des communications et des relations publiques","Estimation du temps de lecture":"1 minute"},"schema":{"@context":"https:\/\/schema.org","@graph":[{"@type":"WebPage","@id":"https:\/\/www.uqac.ca\/uqactualites\/2015\/10\/02\/presentations-des-etudiants-du-departement-des-sciences-de-leducation-qui-ont-effectue-un-echange-interculturel-ou-un-stage-en-europe\/","url":"https:\/\/www.uqac.ca\/uqactualites\/2015\/10\/02\/presentations-des-etudiants-du-departement-des-sciences-de-leducation-qui-ont-effectue-un-echange-interculturel-ou-un-stage-en-europe\/","name":"Pr\u00e9sentations des \u00e9tudiants du D\u00e9partement des sciences de l\u2019\u00e9ducation qui ont effectu\u00e9 un \u00e9change interculturel ou un stage en Europe - UQACtualit\u00e9s","isPartOf":{"@id":"https:\/\/www.uqac.ca\/uqactualites\/#website"},"primaryImageOfPage":{"@id":"https:\/\/www.uqac.ca\/uqactualites\/2015\/10\/02\/presentations-des-etudiants-du-departement-des-sciences-de-leducation-qui-ont-effectue-un-echange-interculturel-ou-un-stage-en-europe\/#primaryimage"},"image":{"@id":"https:\/\/www.uqac.ca\/uqactualites\/2015\/10\/02\/presentations-des-etudiants-du-departement-des-sciences-de-leducation-qui-ont-effectue-un-echange-interculturel-ou-un-stage-en-europe\/#primaryimage"},"thumbnailUrl":"https:\/\/www.uqac.ca\/uqactualites\/wp-content\/uploads\/2012\/05\/avis-laCommunaut-.jpg","datePublished":"2015-10-02T14:00:44+00:00","dateModified":"2015-10-02T14:00:44+00:00","author":{"@id":"https:\/\/www.uqac.ca\/uqactualites\/#\/schema\/person\/366c45a0c4f0e677b41b4af5886e2018"},"breadcrumb":{"@id":"https:\/\/www.uqac.ca\/uqactualites\/2015\/10\/02\/presentations-des-etudiants-du-departement-des-sciences-de-leducation-qui-ont-effectue-un-echange-interculturel-ou-un-stage-en-europe\/#breadcrumb"},"inLanguage":"fr-CA","potentialAction":[{"@type":"ReadAction","target":["https:\/\/www.uqac.ca\/uqactualites\/2015\/10\/02\/presentations-des-etudiants-du-departement-des-sciences-de-leducation-qui-ont-effectue-un-echange-interculturel-ou-un-stage-en-europe\/"]}]},{"@type":"ImageObject","inLanguage":"fr-CA","@id":"https:\/\/www.uqac.ca\/uqactualites\/2015\/10\/02\/presentations-des-etudiants-du-departement-des-sciences-de-leducation-qui-ont-effectue-un-echange-interculturel-ou-un-stage-en-europe\/#primaryimage","url":"https:\/\/www.uqac.ca\/uqactualites\/wp-content\/uploads\/2012\/05\/avis-laCommunaut-.jpg","contentUrl":"https:\/\/www.uqac.ca\/uqactualites\/wp-content\/uploads\/2012\/05\/avis-laCommunaut-.jpg","width":620,"height":300},{"@type":"BreadcrumbList","@id":"https:\/\/www.uqac.ca\/uqactualites\/2015\/10\/02\/presentations-des-etudiants-du-departement-des-sciences-de-leducation-qui-ont-effectue-un-echange-interculturel-ou-un-stage-en-europe\/#breadcrumb","itemListElement":[{"@type":"ListItem","position":1,"name":"Home","item":"https:\/\/www.uqac.ca\/uqactualites\/"},{"@type":"ListItem","position":2,"name":"Pr\u00e9sentations des \u00e9tudiants du D\u00e9partement des sciences de l\u2019\u00e9ducation qui ont effectu\u00e9 un \u00e9change interculturel ou un stage en Europe"}]},{"@type":"WebSite","@id":"https:\/\/www.uqac.ca\/uqactualites\/#website","url":"https:\/\/www.uqac.ca\/uqactualites\/","name":"UQACtualit\u00e9s","description":"Le portail des nouvelles de l&#039;UQAC","potentialAction":[{"@type":"SearchAction","target":{"@type":"EntryPoint","urlTemplate":"https:\/\/www.uqac.ca\/uqactualites\/?s={search_term_string}"},"query-input":{"@type":"PropertyValueSpecification","valueRequired":true,"valueName":"search_term_string"}}],"inLanguage":"fr-CA"},{"@type":"Person","@id":"https:\/\/www.uqac.ca\/uqactualites\/#\/schema\/person\/366c45a0c4f0e677b41b4af5886e2018","name":"Service des communications et des relations publiques","image":{"@type":"ImageObject","inLanguage":"fr-CA","@id":"https:\/\/www.uqac.ca\/uqactualites\/#\/schema\/person\/image\/","url":"https:\/\/secure.gravatar.com\/avatar\/20fbbda8a292f59f2d3461a5b999c00b?s=96&d=mm&r=g","contentUrl":"https:\/\/secure.gravatar.com\/avatar\/20fbbda8a292f59f2d3461a5b999c00b?s=96&d=mm&r=g","caption":"Service des communications et des relations publiques"},"url":"https:\/\/www.uqac.ca\/uqactualites\/author\/bap\/"}]}},"_links":{"self":[{"href":"https:\/\/www.uqac.ca\/uqactualites\/wp-json\/wp\/v2\/posts\/30847"}],"collection":[{"href":"https:\/\/www.uqac.ca\/uqactualites\/wp-json\/wp\/v2\/posts"}],"about":[{"href":"https:\/\/www.uqac.ca\/uqactualites\/wp-json\/wp\/v2\/types\/post"}],"author":[{"embeddable":true,"href":"https:\/\/www.uqac.ca\/uqactualites\/wp-json\/wp\/v2\/users\/5"}],"replies":[{"embeddable":true,"href":"https:\/\/www.uqac.ca\/uqactualites\/wp-json\/wp\/v2\/comments?post=30847"}],"version-history":[{"count":0,"href":"https:\/\/www.uqac.ca\/uqactualites\/wp-json\/wp\/v2\/posts\/30847\/revisions"}],"wp:featuredmedia":[{"embeddable":true,"href":"https:\/\/www.uqac.ca\/uqactualites\/wp-json\/wp\/v2\/media\/20989"}],"wp:attachment":[{"href":"https:\/\/www.uqac.ca\/uqactualites\/wp-json\/wp\/v2\/media?parent=30847"}],"wp:term":[{"taxonomy":"category","embeddable":true,"href":"https:\/\/www.uqac.ca\/uqactualites\/wp-json\/wp\/v2\/categories?post=30847"},{"taxonomy":"post_tag","embeddable":true,"href":"https:\/\/www.uqac.ca\/uqactualites\/wp-json\/wp\/v2\/tags?post=30847"}],"curies":[{"name":"wp","href":"https:\/\/api.w.org\/{rel}","templated":true}]}}