{"id":30879,"date":"2015-10-07T15:25:56","date_gmt":"2015-10-07T19:25:56","guid":{"rendered":"http:\/\/uqactualite.odev.ca\/?p=30879"},"modified":"2015-10-07T15:25:56","modified_gmt":"2015-10-07T19:25:56","slug":"midi-conference-du-cee-uqac","status":"publish","type":"post","link":"https:\/\/www.uqac.ca\/uqactualites\/2015\/10\/07\/midi-conference-du-cee-uqac\/","title":{"rendered":"Midi-conf\u00e9rence du CEE-UQAC"},"content":{"rendered":"<p>La communaut\u00e9 universitaire est invit\u00e9e \u00e0 participer au 102<sup>e<\/sup> midi-conf\u00e9rence du CEE-UQAC\u00a0:<\/p>\n<p>Le mercredi 21 octobre 2015<br \/>\nDe 11 h 45 \u00e0 12 h 45<br \/>\nLocal P1-4270 du Pavillon Alphonse-Desjardins, UQAC<\/p>\n<p>Conf\u00e9rencier : Jessika Roussy, directrice marketing et acheteuse de MODE CHOC<\/p>\n<p><strong>Entr\u00e9e GRATUITE pour tous<\/strong>! Apportez votre d\u00eener!<\/p>\n<p>Jessika Roussy s\u2019appr\u00eate \u00e0 prendre la rel\u00e8ve de l\u2019entreprise familiale MODE CHOC. Elle partagera son parcours ainsi que les d\u00e9fis qui l\u2019attendent pour le futur. Elle dressera aussi un portrait de l\u2019entreprise dans le nid familial et de ses r\u00eaves versus son cheminement.<\/p>\n<p>Pour plus de d\u00e9tails, consultez le <a href=\"http:\/\/www.uqac.ca\/ceeuqac\/index\/chicoutimi\/midi_conference?iref=index%2Fchicoutimi%2Fmidi_conference&amp;id_lists_item5=175\">site Web du CEE-UQAC<\/a>.<\/p>\n<p><strong>Bienvenue \u00e0 toutes et \u00e0 tous!<\/strong><\/p>\n<p><strong>Renseignements :<br \/>\n<\/strong>Vanessa Gaudreault Frias, responsable des activit\u00e9s et des communications<br \/>\nCEE-UQAC<br \/>\n418\u00a0545-5011 poste 4653<br \/>\n<a href=\"mailto:cee_activites@uqac.ca\">cee_activites@uqac.ca<\/a><\/p>\n","protected":false},"excerpt":{"rendered":"<p>La communaut\u00e9 universitaire est invit\u00e9e \u00e0 participer au 102e midi-conf\u00e9rence du CEE-UQAC\u00a0: Le mercredi 21 octobre 2015 De 11 h 45 \u00e0 12 h 45 Local P1-4270 du Pavillon Alphonse-Desjardins, UQAC Conf\u00e9rencier : Jessika Roussy, directrice marketing et acheteuse de MODE CHOC Entr\u00e9e GRATUITE pour tous! Apportez votre d\u00eener! Jessika Roussy s\u2019appr\u00eate \u00e0 prendre la [&hellip;]<\/p>\n","protected":false},"author":5,"featured_media":20989,"comment_status":"open","ping_status":"open","sticky":false,"template":"","format":"standard","meta":{"footnotes":""},"categories":[2772],"tags":[],"yoast_head":"<!-- This site is optimized with the Yoast SEO plugin v24.2 - https:\/\/yoast.com\/wordpress\/plugins\/seo\/ -->\r\n<title>Midi-conf\u00e9rence du CEE-UQAC - UQACtualit\u00e9s<\/title>\r\n<meta name=\"robots\" content=\"index, follow, max-snippet:-1, max-image-preview:large, max-video-preview:-1\" \/>\r\n<link rel=\"canonical\" href=\"https:\/\/www.uqac.ca\/uqactualites\/2015\/10\/07\/midi-conference-du-cee-uqac\/\" \/>\r\n<meta property=\"og:locale\" content=\"fr_CA\" \/>\r\n<meta property=\"og:type\" content=\"article\" \/>\r\n<meta property=\"og:title\" content=\"Midi-conf\u00e9rence du CEE-UQAC - UQACtualit\u00e9s\" \/>\r\n<meta property=\"og:description\" content=\"La communaut\u00e9 universitaire est invit\u00e9e \u00e0 participer au 102e midi-conf\u00e9rence du CEE-UQAC\u00a0: Le mercredi 21 octobre 2015 De 11 h 45 \u00e0 12 h 45 Local P1-4270 du Pavillon Alphonse-Desjardins, UQAC Conf\u00e9rencier : Jessika Roussy, directrice marketing et acheteuse de MODE CHOC Entr\u00e9e GRATUITE pour tous! Apportez votre d\u00eener! Jessika Roussy s\u2019appr\u00eate \u00e0 prendre la [&hellip;]\" \/>\r\n<meta property=\"og:url\" content=\"https:\/\/www.uqac.ca\/uqactualites\/2015\/10\/07\/midi-conference-du-cee-uqac\/\" \/>\r\n<meta property=\"og:site_name\" content=\"UQACtualit\u00e9s\" \/>\r\n<meta property=\"article:published_time\" content=\"2015-10-07T19:25:56+00:00\" \/>\r\n<meta property=\"og:image\" content=\"https:\/\/www.uqac.ca\/uqactualites\/wp-content\/uploads\/2012\/05\/avis-laCommunaut-.jpg\" \/>\r\n\t<meta property=\"og:image:width\" content=\"620\" \/>\r\n\t<meta property=\"og:image:height\" content=\"300\" \/>\r\n\t<meta property=\"og:image:type\" content=\"image\/jpeg\" \/>\r\n<meta name=\"author\" content=\"Service des communications et des relations publiques\" \/>\r\n<meta name=\"twitter:card\" content=\"summary_large_image\" \/>\r\n<meta name=\"twitter:label1\" content=\"\u00c9crit par\" \/>\n\t<meta name=\"twitter:data1\" content=\"Service des communications et des relations publiques\" \/>\n\t<meta name=\"twitter:label2\" content=\"Estimation du temps de lecture\" \/>\n\t<meta name=\"twitter:data2\" content=\"1 minute\" \/>\r\n<script type=\"application\/ld+json\" class=\"yoast-schema-graph\">{\"@context\":\"https:\/\/schema.org\",\"@graph\":[{\"@type\":\"WebPage\",\"@id\":\"https:\/\/www.uqac.ca\/uqactualites\/2015\/10\/07\/midi-conference-du-cee-uqac\/\",\"url\":\"https:\/\/www.uqac.ca\/uqactualites\/2015\/10\/07\/midi-conference-du-cee-uqac\/\",\"name\":\"Midi-conf\u00e9rence du CEE-UQAC - UQACtualit\u00e9s\",\"isPartOf\":{\"@id\":\"https:\/\/www.uqac.ca\/uqactualites\/#website\"},\"primaryImageOfPage\":{\"@id\":\"https:\/\/www.uqac.ca\/uqactualites\/2015\/10\/07\/midi-conference-du-cee-uqac\/#primaryimage\"},\"image\":{\"@id\":\"https:\/\/www.uqac.ca\/uqactualites\/2015\/10\/07\/midi-conference-du-cee-uqac\/#primaryimage\"},\"thumbnailUrl\":\"https:\/\/www.uqac.ca\/uqactualites\/wp-content\/uploads\/2012\/05\/avis-laCommunaut-.jpg\",\"datePublished\":\"2015-10-07T19:25:56+00:00\",\"dateModified\":\"2015-10-07T19:25:56+00:00\",\"author\":{\"@id\":\"https:\/\/www.uqac.ca\/uqactualites\/#\/schema\/person\/366c45a0c4f0e677b41b4af5886e2018\"},\"breadcrumb\":{\"@id\":\"https:\/\/www.uqac.ca\/uqactualites\/2015\/10\/07\/midi-conference-du-cee-uqac\/#breadcrumb\"},\"inLanguage\":\"fr-CA\",\"potentialAction\":[{\"@type\":\"ReadAction\",\"target\":[\"https:\/\/www.uqac.ca\/uqactualites\/2015\/10\/07\/midi-conference-du-cee-uqac\/\"]}]},{\"@type\":\"ImageObject\",\"inLanguage\":\"fr-CA\",\"@id\":\"https:\/\/www.uqac.ca\/uqactualites\/2015\/10\/07\/midi-conference-du-cee-uqac\/#primaryimage\",\"url\":\"https:\/\/www.uqac.ca\/uqactualites\/wp-content\/uploads\/2012\/05\/avis-laCommunaut-.jpg\",\"contentUrl\":\"https:\/\/www.uqac.ca\/uqactualites\/wp-content\/uploads\/2012\/05\/avis-laCommunaut-.jpg\",\"width\":620,\"height\":300},{\"@type\":\"BreadcrumbList\",\"@id\":\"https:\/\/www.uqac.ca\/uqactualites\/2015\/10\/07\/midi-conference-du-cee-uqac\/#breadcrumb\",\"itemListElement\":[{\"@type\":\"ListItem\",\"position\":1,\"name\":\"Home\",\"item\":\"https:\/\/www.uqac.ca\/uqactualites\/\"},{\"@type\":\"ListItem\",\"position\":2,\"name\":\"Midi-conf\u00e9rence du CEE-UQAC\"}]},{\"@type\":\"WebSite\",\"@id\":\"https:\/\/www.uqac.ca\/uqactualites\/#website\",\"url\":\"https:\/\/www.uqac.ca\/uqactualites\/\",\"name\":\"UQACtualit\u00e9s\",\"description\":\"Le portail des nouvelles de l&#039;UQAC\",\"potentialAction\":[{\"@type\":\"SearchAction\",\"target\":{\"@type\":\"EntryPoint\",\"urlTemplate\":\"https:\/\/www.uqac.ca\/uqactualites\/?s={search_term_string}\"},\"query-input\":{\"@type\":\"PropertyValueSpecification\",\"valueRequired\":true,\"valueName\":\"search_term_string\"}}],\"inLanguage\":\"fr-CA\"},{\"@type\":\"Person\",\"@id\":\"https:\/\/www.uqac.ca\/uqactualites\/#\/schema\/person\/366c45a0c4f0e677b41b4af5886e2018\",\"name\":\"Service des communications et des relations publiques\",\"image\":{\"@type\":\"ImageObject\",\"inLanguage\":\"fr-CA\",\"@id\":\"https:\/\/www.uqac.ca\/uqactualites\/#\/schema\/person\/image\/\",\"url\":\"https:\/\/secure.gravatar.com\/avatar\/20fbbda8a292f59f2d3461a5b999c00b?s=96&d=mm&r=g\",\"contentUrl\":\"https:\/\/secure.gravatar.com\/avatar\/20fbbda8a292f59f2d3461a5b999c00b?s=96&d=mm&r=g\",\"caption\":\"Service des communications et des relations publiques\"},\"url\":\"https:\/\/www.uqac.ca\/uqactualites\/author\/bap\/\"}]}<\/script>\r\n<!-- \/ Yoast SEO plugin. -->","yoast_head_json":{"title":"Midi-conf\u00e9rence du CEE-UQAC - UQACtualit\u00e9s","robots":{"index":"index","follow":"follow","max-snippet":"max-snippet:-1","max-image-preview":"max-image-preview:large","max-video-preview":"max-video-preview:-1"},"canonical":"https:\/\/www.uqac.ca\/uqactualites\/2015\/10\/07\/midi-conference-du-cee-uqac\/","og_locale":"fr_CA","og_type":"article","og_title":"Midi-conf\u00e9rence du CEE-UQAC - UQACtualit\u00e9s","og_description":"La communaut\u00e9 universitaire est invit\u00e9e \u00e0 participer au 102e midi-conf\u00e9rence du CEE-UQAC\u00a0: Le mercredi 21 octobre 2015 De 11 h 45 \u00e0 12 h 45 Local P1-4270 du Pavillon Alphonse-Desjardins, UQAC Conf\u00e9rencier : Jessika Roussy, directrice marketing et acheteuse de MODE CHOC Entr\u00e9e GRATUITE pour tous! Apportez votre d\u00eener! Jessika Roussy s\u2019appr\u00eate \u00e0 prendre la [&hellip;]","og_url":"https:\/\/www.uqac.ca\/uqactualites\/2015\/10\/07\/midi-conference-du-cee-uqac\/","og_site_name":"UQACtualit\u00e9s","article_published_time":"2015-10-07T19:25:56+00:00","og_image":[{"width":620,"height":300,"url":"https:\/\/www.uqac.ca\/uqactualites\/wp-content\/uploads\/2012\/05\/avis-laCommunaut-.jpg","type":"image\/jpeg"}],"author":"Service des communications et des relations publiques","twitter_card":"summary_large_image","twitter_misc":{"\u00c9crit par":"Service des communications et des relations publiques","Estimation du temps de lecture":"1 minute"},"schema":{"@context":"https:\/\/schema.org","@graph":[{"@type":"WebPage","@id":"https:\/\/www.uqac.ca\/uqactualites\/2015\/10\/07\/midi-conference-du-cee-uqac\/","url":"https:\/\/www.uqac.ca\/uqactualites\/2015\/10\/07\/midi-conference-du-cee-uqac\/","name":"Midi-conf\u00e9rence du CEE-UQAC - UQACtualit\u00e9s","isPartOf":{"@id":"https:\/\/www.uqac.ca\/uqactualites\/#website"},"primaryImageOfPage":{"@id":"https:\/\/www.uqac.ca\/uqactualites\/2015\/10\/07\/midi-conference-du-cee-uqac\/#primaryimage"},"image":{"@id":"https:\/\/www.uqac.ca\/uqactualites\/2015\/10\/07\/midi-conference-du-cee-uqac\/#primaryimage"},"thumbnailUrl":"https:\/\/www.uqac.ca\/uqactualites\/wp-content\/uploads\/2012\/05\/avis-laCommunaut-.jpg","datePublished":"2015-10-07T19:25:56+00:00","dateModified":"2015-10-07T19:25:56+00:00","author":{"@id":"https:\/\/www.uqac.ca\/uqactualites\/#\/schema\/person\/366c45a0c4f0e677b41b4af5886e2018"},"breadcrumb":{"@id":"https:\/\/www.uqac.ca\/uqactualites\/2015\/10\/07\/midi-conference-du-cee-uqac\/#breadcrumb"},"inLanguage":"fr-CA","potentialAction":[{"@type":"ReadAction","target":["https:\/\/www.uqac.ca\/uqactualites\/2015\/10\/07\/midi-conference-du-cee-uqac\/"]}]},{"@type":"ImageObject","inLanguage":"fr-CA","@id":"https:\/\/www.uqac.ca\/uqactualites\/2015\/10\/07\/midi-conference-du-cee-uqac\/#primaryimage","url":"https:\/\/www.uqac.ca\/uqactualites\/wp-content\/uploads\/2012\/05\/avis-laCommunaut-.jpg","contentUrl":"https:\/\/www.uqac.ca\/uqactualites\/wp-content\/uploads\/2012\/05\/avis-laCommunaut-.jpg","width":620,"height":300},{"@type":"BreadcrumbList","@id":"https:\/\/www.uqac.ca\/uqactualites\/2015\/10\/07\/midi-conference-du-cee-uqac\/#breadcrumb","itemListElement":[{"@type":"ListItem","position":1,"name":"Home","item":"https:\/\/www.uqac.ca\/uqactualites\/"},{"@type":"ListItem","position":2,"name":"Midi-conf\u00e9rence du CEE-UQAC"}]},{"@type":"WebSite","@id":"https:\/\/www.uqac.ca\/uqactualites\/#website","url":"https:\/\/www.uqac.ca\/uqactualites\/","name":"UQACtualit\u00e9s","description":"Le portail des nouvelles de l&#039;UQAC","potentialAction":[{"@type":"SearchAction","target":{"@type":"EntryPoint","urlTemplate":"https:\/\/www.uqac.ca\/uqactualites\/?s={search_term_string}"},"query-input":{"@type":"PropertyValueSpecification","valueRequired":true,"valueName":"search_term_string"}}],"inLanguage":"fr-CA"},{"@type":"Person","@id":"https:\/\/www.uqac.ca\/uqactualites\/#\/schema\/person\/366c45a0c4f0e677b41b4af5886e2018","name":"Service des communications et des relations publiques","image":{"@type":"ImageObject","inLanguage":"fr-CA","@id":"https:\/\/www.uqac.ca\/uqactualites\/#\/schema\/person\/image\/","url":"https:\/\/secure.gravatar.com\/avatar\/20fbbda8a292f59f2d3461a5b999c00b?s=96&d=mm&r=g","contentUrl":"https:\/\/secure.gravatar.com\/avatar\/20fbbda8a292f59f2d3461a5b999c00b?s=96&d=mm&r=g","caption":"Service des communications et des relations publiques"},"url":"https:\/\/www.uqac.ca\/uqactualites\/author\/bap\/"}]}},"_links":{"self":[{"href":"https:\/\/www.uqac.ca\/uqactualites\/wp-json\/wp\/v2\/posts\/30879"}],"collection":[{"href":"https:\/\/www.uqac.ca\/uqactualites\/wp-json\/wp\/v2\/posts"}],"about":[{"href":"https:\/\/www.uqac.ca\/uqactualites\/wp-json\/wp\/v2\/types\/post"}],"author":[{"embeddable":true,"href":"https:\/\/www.uqac.ca\/uqactualites\/wp-json\/wp\/v2\/users\/5"}],"replies":[{"embeddable":true,"href":"https:\/\/www.uqac.ca\/uqactualites\/wp-json\/wp\/v2\/comments?post=30879"}],"version-history":[{"count":0,"href":"https:\/\/www.uqac.ca\/uqactualites\/wp-json\/wp\/v2\/posts\/30879\/revisions"}],"wp:featuredmedia":[{"embeddable":true,"href":"https:\/\/www.uqac.ca\/uqactualites\/wp-json\/wp\/v2\/media\/20989"}],"wp:attachment":[{"href":"https:\/\/www.uqac.ca\/uqactualites\/wp-json\/wp\/v2\/media?parent=30879"}],"wp:term":[{"taxonomy":"category","embeddable":true,"href":"https:\/\/www.uqac.ca\/uqactualites\/wp-json\/wp\/v2\/categories?post=30879"},{"taxonomy":"post_tag","embeddable":true,"href":"https:\/\/www.uqac.ca\/uqactualites\/wp-json\/wp\/v2\/tags?post=30879"}],"curies":[{"name":"wp","href":"https:\/\/api.w.org\/{rel}","templated":true}]}}