{"id":30886,"date":"2015-10-09T08:30:27","date_gmt":"2015-10-09T12:30:27","guid":{"rendered":"http:\/\/uqactualite.odev.ca\/?p=30886"},"modified":"2015-10-09T08:30:27","modified_gmt":"2015-10-09T12:30:27","slug":"windows10-et-microsoft-office-2016","status":"publish","type":"post","link":"https:\/\/www.uqac.ca\/uqactualites\/2015\/10\/09\/windows10-et-microsoft-office-2016\/","title":{"rendered":"Windows10 et Microsoft Office 2016"},"content":{"rendered":"<p><strong>Windows 10<br \/>\n<\/strong>Le Service des technologies de l\u2019information proc\u00e9dera \u00e0 des essais sur le tout dernier syst\u00e8me d\u2019exploitation Windows\u00a010, suite \u00e0 l\u2019annonce de la date de sortie officielle par Microsoft, le 29 juillet 2015.<\/p>\n<p>Bien qu\u2019il semble prometteur sur plusieurs volets, nous devons nous assurer de la stabilit\u00e9 et de la compatibilit\u00e9 de ce nouveau produit dans notre environnement de production (les syst\u00e8mes de gestion, les logiciels utilis\u00e9s pour l\u2019administration et l\u2019enseignement, l\u2019impression, l\u2019acc\u00e8s au r\u00e9seau sans fil, etc.).<\/p>\n<p>Veuillez prendre note que <strong>Windows\u00a07<\/strong> et <strong>Windows\u00a08<\/strong> demeurent les seuls syst\u00e8mes d\u2019exploitation support\u00e9s par nos \u00e9quipes jusqu\u2019\u00e0 ce que tous nos tests soient concluants.<\/p>\n<p><strong>Microsoft Office 2016<br \/>\n<\/strong>Nous proc\u00e9derons \u00e9galement \u00e0 des essais pour Microsoft Office 2016.\u00a0 Cette version n\u2019est pas support\u00e9e par nos \u00e9quipes pour le moment.\u00a0 Pour ceux qui seraient tent\u00e9s de l\u2019installer par eux-m\u00eames, ils rencontreront des probl\u00e8mes de compatibilit\u00e9 avec les serveurs de courriers de l\u2019UQAC et l\u2019application Outlook 2016. Nous vous prions d\u2019\u00eatre patient et d\u2019attendre l\u2019avis de support de notre part.<\/p>\n<p><strong>Renseignements :<\/strong><br \/>\nService des technologies de l\u2019information<br \/>\nUniversit\u00e9 du Qu\u00e9bec \u00e0 Chicoutimi<br \/>\n418 545-5011, poste\u00a06000 \u00a0\u25aa\u00a0 <span style=\"color: #5a7411\"><a href=\"mailto:support_sti@uqac.ca\"><span style=\"color: #5a7411\">support_sti@uqac.ca<\/span><\/a><\/span><\/p>\n","protected":false},"excerpt":{"rendered":"<p>Windows 10 Le Service des technologies de l\u2019information proc\u00e9dera \u00e0 des essais sur le tout dernier syst\u00e8me d\u2019exploitation Windows\u00a010, suite \u00e0 l\u2019annonce de la date de sortie officielle par Microsoft, le 29 juillet 2015. Bien qu\u2019il semble prometteur sur plusieurs volets, nous devons nous assurer de la stabilit\u00e9 et de la compatibilit\u00e9 de ce nouveau [&hellip;]<\/p>\n","protected":false},"author":5,"featured_media":20989,"comment_status":"open","ping_status":"open","sticky":false,"template":"","format":"standard","meta":{"footnotes":""},"categories":[2772],"tags":[],"yoast_head":"<!-- This site is optimized with the Yoast SEO plugin v24.2 - https:\/\/yoast.com\/wordpress\/plugins\/seo\/ -->\r\n<title>Windows10 et Microsoft Office 2016 - UQACtualit\u00e9s<\/title>\r\n<meta name=\"robots\" content=\"index, follow, max-snippet:-1, max-image-preview:large, max-video-preview:-1\" \/>\r\n<link rel=\"canonical\" href=\"https:\/\/www.uqac.ca\/uqactualites\/2015\/10\/09\/windows10-et-microsoft-office-2016\/\" \/>\r\n<meta property=\"og:locale\" content=\"fr_CA\" \/>\r\n<meta property=\"og:type\" content=\"article\" \/>\r\n<meta property=\"og:title\" content=\"Windows10 et Microsoft Office 2016 - UQACtualit\u00e9s\" \/>\r\n<meta property=\"og:description\" content=\"Windows 10 Le Service des technologies de l\u2019information proc\u00e9dera \u00e0 des essais sur le tout dernier syst\u00e8me d\u2019exploitation Windows\u00a010, suite \u00e0 l\u2019annonce de la date de sortie officielle par Microsoft, le 29 juillet 2015. Bien qu\u2019il semble prometteur sur plusieurs volets, nous devons nous assurer de la stabilit\u00e9 et de la compatibilit\u00e9 de ce nouveau [&hellip;]\" \/>\r\n<meta property=\"og:url\" content=\"https:\/\/www.uqac.ca\/uqactualites\/2015\/10\/09\/windows10-et-microsoft-office-2016\/\" \/>\r\n<meta property=\"og:site_name\" content=\"UQACtualit\u00e9s\" \/>\r\n<meta property=\"article:published_time\" content=\"2015-10-09T12:30:27+00:00\" \/>\r\n<meta property=\"og:image\" content=\"https:\/\/www.uqac.ca\/uqactualites\/wp-content\/uploads\/2012\/05\/avis-laCommunaut-.jpg\" \/>\r\n\t<meta property=\"og:image:width\" content=\"620\" \/>\r\n\t<meta property=\"og:image:height\" content=\"300\" \/>\r\n\t<meta property=\"og:image:type\" content=\"image\/jpeg\" \/>\r\n<meta name=\"author\" content=\"Service des communications et des relations publiques\" \/>\r\n<meta name=\"twitter:card\" content=\"summary_large_image\" \/>\r\n<meta name=\"twitter:label1\" content=\"\u00c9crit par\" \/>\n\t<meta name=\"twitter:data1\" content=\"Service des communications et des relations publiques\" \/>\n\t<meta name=\"twitter:label2\" content=\"Estimation du temps de lecture\" \/>\n\t<meta name=\"twitter:data2\" content=\"1 minute\" \/>\r\n<script type=\"application\/ld+json\" class=\"yoast-schema-graph\">{\"@context\":\"https:\/\/schema.org\",\"@graph\":[{\"@type\":\"WebPage\",\"@id\":\"https:\/\/www.uqac.ca\/uqactualites\/2015\/10\/09\/windows10-et-microsoft-office-2016\/\",\"url\":\"https:\/\/www.uqac.ca\/uqactualites\/2015\/10\/09\/windows10-et-microsoft-office-2016\/\",\"name\":\"Windows10 et Microsoft Office 2016 - UQACtualit\u00e9s\",\"isPartOf\":{\"@id\":\"https:\/\/www.uqac.ca\/uqactualites\/#website\"},\"primaryImageOfPage\":{\"@id\":\"https:\/\/www.uqac.ca\/uqactualites\/2015\/10\/09\/windows10-et-microsoft-office-2016\/#primaryimage\"},\"image\":{\"@id\":\"https:\/\/www.uqac.ca\/uqactualites\/2015\/10\/09\/windows10-et-microsoft-office-2016\/#primaryimage\"},\"thumbnailUrl\":\"https:\/\/www.uqac.ca\/uqactualites\/wp-content\/uploads\/2012\/05\/avis-laCommunaut-.jpg\",\"datePublished\":\"2015-10-09T12:30:27+00:00\",\"dateModified\":\"2015-10-09T12:30:27+00:00\",\"author\":{\"@id\":\"https:\/\/www.uqac.ca\/uqactualites\/#\/schema\/person\/366c45a0c4f0e677b41b4af5886e2018\"},\"breadcrumb\":{\"@id\":\"https:\/\/www.uqac.ca\/uqactualites\/2015\/10\/09\/windows10-et-microsoft-office-2016\/#breadcrumb\"},\"inLanguage\":\"fr-CA\",\"potentialAction\":[{\"@type\":\"ReadAction\",\"target\":[\"https:\/\/www.uqac.ca\/uqactualites\/2015\/10\/09\/windows10-et-microsoft-office-2016\/\"]}]},{\"@type\":\"ImageObject\",\"inLanguage\":\"fr-CA\",\"@id\":\"https:\/\/www.uqac.ca\/uqactualites\/2015\/10\/09\/windows10-et-microsoft-office-2016\/#primaryimage\",\"url\":\"https:\/\/www.uqac.ca\/uqactualites\/wp-content\/uploads\/2012\/05\/avis-laCommunaut-.jpg\",\"contentUrl\":\"https:\/\/www.uqac.ca\/uqactualites\/wp-content\/uploads\/2012\/05\/avis-laCommunaut-.jpg\",\"width\":620,\"height\":300},{\"@type\":\"BreadcrumbList\",\"@id\":\"https:\/\/www.uqac.ca\/uqactualites\/2015\/10\/09\/windows10-et-microsoft-office-2016\/#breadcrumb\",\"itemListElement\":[{\"@type\":\"ListItem\",\"position\":1,\"name\":\"Home\",\"item\":\"https:\/\/www.uqac.ca\/uqactualites\/\"},{\"@type\":\"ListItem\",\"position\":2,\"name\":\"Windows10 et Microsoft Office 2016\"}]},{\"@type\":\"WebSite\",\"@id\":\"https:\/\/www.uqac.ca\/uqactualites\/#website\",\"url\":\"https:\/\/www.uqac.ca\/uqactualites\/\",\"name\":\"UQACtualit\u00e9s\",\"description\":\"Le portail des nouvelles de l&#039;UQAC\",\"potentialAction\":[{\"@type\":\"SearchAction\",\"target\":{\"@type\":\"EntryPoint\",\"urlTemplate\":\"https:\/\/www.uqac.ca\/uqactualites\/?s={search_term_string}\"},\"query-input\":{\"@type\":\"PropertyValueSpecification\",\"valueRequired\":true,\"valueName\":\"search_term_string\"}}],\"inLanguage\":\"fr-CA\"},{\"@type\":\"Person\",\"@id\":\"https:\/\/www.uqac.ca\/uqactualites\/#\/schema\/person\/366c45a0c4f0e677b41b4af5886e2018\",\"name\":\"Service des communications et des relations publiques\",\"image\":{\"@type\":\"ImageObject\",\"inLanguage\":\"fr-CA\",\"@id\":\"https:\/\/www.uqac.ca\/uqactualites\/#\/schema\/person\/image\/\",\"url\":\"https:\/\/secure.gravatar.com\/avatar\/20fbbda8a292f59f2d3461a5b999c00b?s=96&d=mm&r=g\",\"contentUrl\":\"https:\/\/secure.gravatar.com\/avatar\/20fbbda8a292f59f2d3461a5b999c00b?s=96&d=mm&r=g\",\"caption\":\"Service des communications et des relations publiques\"},\"url\":\"https:\/\/www.uqac.ca\/uqactualites\/author\/bap\/\"}]}<\/script>\r\n<!-- \/ Yoast SEO plugin. -->","yoast_head_json":{"title":"Windows10 et Microsoft Office 2016 - UQACtualit\u00e9s","robots":{"index":"index","follow":"follow","max-snippet":"max-snippet:-1","max-image-preview":"max-image-preview:large","max-video-preview":"max-video-preview:-1"},"canonical":"https:\/\/www.uqac.ca\/uqactualites\/2015\/10\/09\/windows10-et-microsoft-office-2016\/","og_locale":"fr_CA","og_type":"article","og_title":"Windows10 et Microsoft Office 2016 - UQACtualit\u00e9s","og_description":"Windows 10 Le Service des technologies de l\u2019information proc\u00e9dera \u00e0 des essais sur le tout dernier syst\u00e8me d\u2019exploitation Windows\u00a010, suite \u00e0 l\u2019annonce de la date de sortie officielle par Microsoft, le 29 juillet 2015. Bien qu\u2019il semble prometteur sur plusieurs volets, nous devons nous assurer de la stabilit\u00e9 et de la compatibilit\u00e9 de ce nouveau [&hellip;]","og_url":"https:\/\/www.uqac.ca\/uqactualites\/2015\/10\/09\/windows10-et-microsoft-office-2016\/","og_site_name":"UQACtualit\u00e9s","article_published_time":"2015-10-09T12:30:27+00:00","og_image":[{"width":620,"height":300,"url":"https:\/\/www.uqac.ca\/uqactualites\/wp-content\/uploads\/2012\/05\/avis-laCommunaut-.jpg","type":"image\/jpeg"}],"author":"Service des communications et des relations publiques","twitter_card":"summary_large_image","twitter_misc":{"\u00c9crit par":"Service des communications et des relations publiques","Estimation du temps de lecture":"1 minute"},"schema":{"@context":"https:\/\/schema.org","@graph":[{"@type":"WebPage","@id":"https:\/\/www.uqac.ca\/uqactualites\/2015\/10\/09\/windows10-et-microsoft-office-2016\/","url":"https:\/\/www.uqac.ca\/uqactualites\/2015\/10\/09\/windows10-et-microsoft-office-2016\/","name":"Windows10 et Microsoft Office 2016 - UQACtualit\u00e9s","isPartOf":{"@id":"https:\/\/www.uqac.ca\/uqactualites\/#website"},"primaryImageOfPage":{"@id":"https:\/\/www.uqac.ca\/uqactualites\/2015\/10\/09\/windows10-et-microsoft-office-2016\/#primaryimage"},"image":{"@id":"https:\/\/www.uqac.ca\/uqactualites\/2015\/10\/09\/windows10-et-microsoft-office-2016\/#primaryimage"},"thumbnailUrl":"https:\/\/www.uqac.ca\/uqactualites\/wp-content\/uploads\/2012\/05\/avis-laCommunaut-.jpg","datePublished":"2015-10-09T12:30:27+00:00","dateModified":"2015-10-09T12:30:27+00:00","author":{"@id":"https:\/\/www.uqac.ca\/uqactualites\/#\/schema\/person\/366c45a0c4f0e677b41b4af5886e2018"},"breadcrumb":{"@id":"https:\/\/www.uqac.ca\/uqactualites\/2015\/10\/09\/windows10-et-microsoft-office-2016\/#breadcrumb"},"inLanguage":"fr-CA","potentialAction":[{"@type":"ReadAction","target":["https:\/\/www.uqac.ca\/uqactualites\/2015\/10\/09\/windows10-et-microsoft-office-2016\/"]}]},{"@type":"ImageObject","inLanguage":"fr-CA","@id":"https:\/\/www.uqac.ca\/uqactualites\/2015\/10\/09\/windows10-et-microsoft-office-2016\/#primaryimage","url":"https:\/\/www.uqac.ca\/uqactualites\/wp-content\/uploads\/2012\/05\/avis-laCommunaut-.jpg","contentUrl":"https:\/\/www.uqac.ca\/uqactualites\/wp-content\/uploads\/2012\/05\/avis-laCommunaut-.jpg","width":620,"height":300},{"@type":"BreadcrumbList","@id":"https:\/\/www.uqac.ca\/uqactualites\/2015\/10\/09\/windows10-et-microsoft-office-2016\/#breadcrumb","itemListElement":[{"@type":"ListItem","position":1,"name":"Home","item":"https:\/\/www.uqac.ca\/uqactualites\/"},{"@type":"ListItem","position":2,"name":"Windows10 et Microsoft Office 2016"}]},{"@type":"WebSite","@id":"https:\/\/www.uqac.ca\/uqactualites\/#website","url":"https:\/\/www.uqac.ca\/uqactualites\/","name":"UQACtualit\u00e9s","description":"Le portail des nouvelles de l&#039;UQAC","potentialAction":[{"@type":"SearchAction","target":{"@type":"EntryPoint","urlTemplate":"https:\/\/www.uqac.ca\/uqactualites\/?s={search_term_string}"},"query-input":{"@type":"PropertyValueSpecification","valueRequired":true,"valueName":"search_term_string"}}],"inLanguage":"fr-CA"},{"@type":"Person","@id":"https:\/\/www.uqac.ca\/uqactualites\/#\/schema\/person\/366c45a0c4f0e677b41b4af5886e2018","name":"Service des communications et des relations publiques","image":{"@type":"ImageObject","inLanguage":"fr-CA","@id":"https:\/\/www.uqac.ca\/uqactualites\/#\/schema\/person\/image\/","url":"https:\/\/secure.gravatar.com\/avatar\/20fbbda8a292f59f2d3461a5b999c00b?s=96&d=mm&r=g","contentUrl":"https:\/\/secure.gravatar.com\/avatar\/20fbbda8a292f59f2d3461a5b999c00b?s=96&d=mm&r=g","caption":"Service des communications et des relations publiques"},"url":"https:\/\/www.uqac.ca\/uqactualites\/author\/bap\/"}]}},"_links":{"self":[{"href":"https:\/\/www.uqac.ca\/uqactualites\/wp-json\/wp\/v2\/posts\/30886"}],"collection":[{"href":"https:\/\/www.uqac.ca\/uqactualites\/wp-json\/wp\/v2\/posts"}],"about":[{"href":"https:\/\/www.uqac.ca\/uqactualites\/wp-json\/wp\/v2\/types\/post"}],"author":[{"embeddable":true,"href":"https:\/\/www.uqac.ca\/uqactualites\/wp-json\/wp\/v2\/users\/5"}],"replies":[{"embeddable":true,"href":"https:\/\/www.uqac.ca\/uqactualites\/wp-json\/wp\/v2\/comments?post=30886"}],"version-history":[{"count":0,"href":"https:\/\/www.uqac.ca\/uqactualites\/wp-json\/wp\/v2\/posts\/30886\/revisions"}],"wp:featuredmedia":[{"embeddable":true,"href":"https:\/\/www.uqac.ca\/uqactualites\/wp-json\/wp\/v2\/media\/20989"}],"wp:attachment":[{"href":"https:\/\/www.uqac.ca\/uqactualites\/wp-json\/wp\/v2\/media?parent=30886"}],"wp:term":[{"taxonomy":"category","embeddable":true,"href":"https:\/\/www.uqac.ca\/uqactualites\/wp-json\/wp\/v2\/categories?post=30886"},{"taxonomy":"post_tag","embeddable":true,"href":"https:\/\/www.uqac.ca\/uqactualites\/wp-json\/wp\/v2\/tags?post=30886"}],"curies":[{"name":"wp","href":"https:\/\/api.w.org\/{rel}","templated":true}]}}