{"id":30889,"date":"2015-10-14T11:37:04","date_gmt":"2015-10-14T15:37:04","guid":{"rendered":"http:\/\/uqactualite.odev.ca\/?p=30889"},"modified":"2015-10-14T11:37:04","modified_gmt":"2015-10-14T15:37:04","slug":"deuxieme-edition-du-colloque-sur-la-perseverance-et-la-reussite-scolaires-chez-les-premiers-peuples","status":"publish","type":"post","link":"https:\/\/www.uqac.ca\/uqactualites\/2015\/10\/14\/deuxieme-edition-du-colloque-sur-la-perseverance-et-la-reussite-scolaires-chez-les-premiers-peuples\/","title":{"rendered":"Deuxi\u00e8me \u00e9dition du Colloque sur la pers\u00e9v\u00e9rance et la r\u00e9ussite scolaires chez les Premiers Peuples"},"content":{"rendered":"<p><strong>Saguenay, le 14 octobre 2015 <\/strong>\u2013 Le Centre des Premi\u00e8res Nations Nikanite de l\u2019UQAC en collaboration avec le minist\u00e8re de l\u2019\u00c9ducation, de l\u2019Enseignement sup\u00e9rieur et de la Recherche et Rio Tinto Alcan pr\u00e9sentent la deuxi\u00e8me \u00e9dition du Colloque sur la pers\u00e9v\u00e9rance et la r\u00e9ussite scolaires chez les Premiers Peuples, qui se d\u00e9roule du 14 au 16 octobre 2015 \u00e0 l\u2019h\u00f4tel Le Montagnais.<\/p>\n<p>\u00c0 l\u2019occasion de la c\u00e9r\u00e9monie d\u2019ouverture de l\u2019\u00e9v\u00e8nement, plusieurs personnalit\u00e9s ont pris la parole, dont Ghislain Picard, chef de l\u2019Assembl\u00e9e des Premi\u00e8res Nations du Qu\u00e9bec et du Labrador, Alexis S\u00e9gal, vice-pr\u00e9sident communications et relations externes chez Rio Tinto Aluminium, ainsi que Gilbert Dominique, chef de la communaut\u00e9 de Mashteuiatsh et pr\u00e9sident d\u2019honneur du colloque.<\/p>\n<p>Le th\u00e8me de cette \u00e9dition, \u00ab\u00a0ce qui se fait dans les \u00e9coles\u00a0\u00bb, se veut un effort pour conna\u00eetre et faire conna\u00eetre les pratiques d\u2019enseignement gagnantes et effectives sur le terrain. Pour l\u2019occasion, Marcelline Picard-Kanap\u00e9, personnalit\u00e9 bien en vue du monde de l\u2019\u00e9ducation et de la politique autochtone, Jasmin Roy, auteur et pr\u00e9sident d\u2019une fondation luttant contre l\u2019intimidation, et Carole L\u00e9vesque, chercheuse et chef de file en ce qui concerne l\u2019\u00e9ducation autochtone au Qu\u00e9bec et au Canada, entretiendront les participants sur des th\u00e8mes vari\u00e9s reli\u00e9s \u00e0 la pers\u00e9v\u00e9rance et \u00e0 la r\u00e9ussite scolaires. En plus de ces conf\u00e9renciers, ce sont plus d\u2019une centaine de pr\u00e9sentateurs, chercheurs, enseignants et intervenants qui gravitent autour de l\u2019\u00e9ducation des Premiers Peuples, qui offriront leur savoir aux participants du colloque.<\/p>\n<p>Pour le recteur de l\u2019UQAC, Martin Gauthier, le Centre des Premi\u00e8res Nations Nikanite et les projets qu\u2019il met de l\u2019avant permettent \u00e0 l\u2019\u00e9tablissement d\u2019\u00eatre un partenaire privil\u00e9gi\u00e9 dans la poursuite de r\u00eaves communs. \u00ab\u00a0Je souhaite que ce deuxi\u00e8me colloque soit un lieu de cr\u00e9ation et de changements et que les travaux qui en r\u00e9sulteront continuent de paver la route sur laquelle nos \u00e9tudiants et chercheurs chemineront vers l\u2019atteinte de leurs id\u00e9aux, et ce, dans le respect de leurs attentes, de leurs besoins et de leurs r\u00e9alit\u00e9s\u00a0\u00bb, ajoute le recteur.<\/p>\n<p>S\u2019il est vrai que la pers\u00e9v\u00e9rance et la r\u00e9ussite scolaires sont des enjeux de taille pour la soci\u00e9t\u00e9 actuelle, il appara\u00eet clairement qu\u2019elles le sont aussi pour toutes les communaut\u00e9s des Premiers Peuples. Comme l\u2019indique Marco Bacon, directeur du Centre des Premi\u00e8res Nations Nikanite de l\u2019UQAC\u00a0: \u00ab\u00a0offrir un espace d\u2019\u00e9change pour les acteurs du monde de l\u2019\u00e9ducation devient essentiel pour faire avancer la cause. La mobilisation de ces derniers est tout aussi importante pour la r\u00e9ussite \u00e9ducative des jeunes autochtones\u00a0\u00bb.<\/p>\n<p>&nbsp;<\/p>\n<p style=\"text-align: center\">&#8211; 30 &#8211;<\/p>\n<p><strong>\u00a0<\/strong><\/p>\n<p><strong>Source\u00a0:<br \/>\n<\/strong>Marie-France Audet, technicienne en information<br \/>\nBureau des affaires publiques<br \/>\nUniversit\u00e9 du Qu\u00e9bec \u00e0 Chicoutimi<br \/>\n418\u00a0545-5011, poste\u00a02350 \u25aa <a href=\"mailto:marie-france.audet@uqac.ca\">marie-france.audet@uqac.ca<\/a><\/p>\n<p><strong>Renseignements\u00a0:<br \/>\n<\/strong>Marco Bacon, directeur, Centre des Premi\u00e8res Nations Nikanite<br \/>\nUniversit\u00e9 du Qu\u00e9bec \u00e0 Chicoutimi<br \/>\n418\u00a0545-5011, poste 2324<\/p>\n","protected":false},"excerpt":{"rendered":"<p>Saguenay, le 14 octobre 2015 \u2013 Le Centre des Premi\u00e8res Nations Nikanite de l\u2019UQAC en collaboration avec le minist\u00e8re de l\u2019\u00c9ducation, de l\u2019Enseignement sup\u00e9rieur et de la Recherche et Rio Tinto Alcan pr\u00e9sentent la deuxi\u00e8me \u00e9dition du Colloque sur la pers\u00e9v\u00e9rance et la r\u00e9ussite scolaires chez les Premiers Peuples, qui se d\u00e9roule du 14 au [&hellip;]<\/p>\n","protected":false},"author":5,"featured_media":20745,"comment_status":"open","ping_status":"open","sticky":false,"template":"","format":"standard","meta":{"footnotes":""},"categories":[2772],"tags":[],"yoast_head":"<!-- This site is optimized with the Yoast SEO plugin v24.2 - https:\/\/yoast.com\/wordpress\/plugins\/seo\/ -->\r\n<title>Deuxi\u00e8me \u00e9dition du Colloque sur la pers\u00e9v\u00e9rance et la r\u00e9ussite scolaires chez les Premiers Peuples - UQACtualit\u00e9s<\/title>\r\n<meta name=\"robots\" content=\"index, follow, max-snippet:-1, max-image-preview:large, max-video-preview:-1\" \/>\r\n<link rel=\"canonical\" href=\"https:\/\/www.uqac.ca\/uqactualites\/2015\/10\/14\/deuxieme-edition-du-colloque-sur-la-perseverance-et-la-reussite-scolaires-chez-les-premiers-peuples\/\" \/>\r\n<meta property=\"og:locale\" content=\"fr_CA\" \/>\r\n<meta property=\"og:type\" content=\"article\" \/>\r\n<meta property=\"og:title\" content=\"Deuxi\u00e8me \u00e9dition du Colloque sur la pers\u00e9v\u00e9rance et la r\u00e9ussite scolaires chez les Premiers Peuples - UQACtualit\u00e9s\" \/>\r\n<meta property=\"og:description\" content=\"Saguenay, le 14 octobre 2015 \u2013 Le Centre des Premi\u00e8res Nations Nikanite de l\u2019UQAC en collaboration avec le minist\u00e8re de l\u2019\u00c9ducation, de l\u2019Enseignement sup\u00e9rieur et de la Recherche et Rio Tinto Alcan pr\u00e9sentent la deuxi\u00e8me \u00e9dition du Colloque sur la pers\u00e9v\u00e9rance et la r\u00e9ussite scolaires chez les Premiers Peuples, qui se d\u00e9roule du 14 au [&hellip;]\" \/>\r\n<meta property=\"og:url\" content=\"https:\/\/www.uqac.ca\/uqactualites\/2015\/10\/14\/deuxieme-edition-du-colloque-sur-la-perseverance-et-la-reussite-scolaires-chez-les-premiers-peuples\/\" \/>\r\n<meta property=\"og:site_name\" content=\"UQACtualit\u00e9s\" \/>\r\n<meta property=\"article:published_time\" content=\"2015-10-14T15:37:04+00:00\" \/>\r\n<meta property=\"og:image\" content=\"https:\/\/www.uqac.ca\/uqactualites\/wp-content\/uploads\/2012\/05\/communiqu-.jpg\" \/>\r\n\t<meta property=\"og:image:width\" content=\"620\" \/>\r\n\t<meta property=\"og:image:height\" content=\"300\" \/>\r\n\t<meta property=\"og:image:type\" content=\"image\/jpeg\" \/>\r\n<meta name=\"author\" content=\"Service des communications et des relations publiques\" \/>\r\n<meta name=\"twitter:card\" content=\"summary_large_image\" \/>\r\n<meta name=\"twitter:label1\" content=\"\u00c9crit par\" \/>\n\t<meta name=\"twitter:data1\" content=\"Service des communications et des relations publiques\" \/>\n\t<meta name=\"twitter:label2\" content=\"Estimation du temps de lecture\" \/>\n\t<meta name=\"twitter:data2\" content=\"3 minutes\" \/>\r\n<script type=\"application\/ld+json\" class=\"yoast-schema-graph\">{\"@context\":\"https:\/\/schema.org\",\"@graph\":[{\"@type\":\"WebPage\",\"@id\":\"https:\/\/www.uqac.ca\/uqactualites\/2015\/10\/14\/deuxieme-edition-du-colloque-sur-la-perseverance-et-la-reussite-scolaires-chez-les-premiers-peuples\/\",\"url\":\"https:\/\/www.uqac.ca\/uqactualites\/2015\/10\/14\/deuxieme-edition-du-colloque-sur-la-perseverance-et-la-reussite-scolaires-chez-les-premiers-peuples\/\",\"name\":\"Deuxi\u00e8me \u00e9dition du Colloque sur la pers\u00e9v\u00e9rance et la r\u00e9ussite scolaires chez les Premiers Peuples - UQACtualit\u00e9s\",\"isPartOf\":{\"@id\":\"https:\/\/www.uqac.ca\/uqactualites\/#website\"},\"primaryImageOfPage\":{\"@id\":\"https:\/\/www.uqac.ca\/uqactualites\/2015\/10\/14\/deuxieme-edition-du-colloque-sur-la-perseverance-et-la-reussite-scolaires-chez-les-premiers-peuples\/#primaryimage\"},\"image\":{\"@id\":\"https:\/\/www.uqac.ca\/uqactualites\/2015\/10\/14\/deuxieme-edition-du-colloque-sur-la-perseverance-et-la-reussite-scolaires-chez-les-premiers-peuples\/#primaryimage\"},\"thumbnailUrl\":\"https:\/\/www.uqac.ca\/uqactualites\/wp-content\/uploads\/2012\/05\/communiqu-.jpg\",\"datePublished\":\"2015-10-14T15:37:04+00:00\",\"dateModified\":\"2015-10-14T15:37:04+00:00\",\"author\":{\"@id\":\"https:\/\/www.uqac.ca\/uqactualites\/#\/schema\/person\/366c45a0c4f0e677b41b4af5886e2018\"},\"breadcrumb\":{\"@id\":\"https:\/\/www.uqac.ca\/uqactualites\/2015\/10\/14\/deuxieme-edition-du-colloque-sur-la-perseverance-et-la-reussite-scolaires-chez-les-premiers-peuples\/#breadcrumb\"},\"inLanguage\":\"fr-CA\",\"potentialAction\":[{\"@type\":\"ReadAction\",\"target\":[\"https:\/\/www.uqac.ca\/uqactualites\/2015\/10\/14\/deuxieme-edition-du-colloque-sur-la-perseverance-et-la-reussite-scolaires-chez-les-premiers-peuples\/\"]}]},{\"@type\":\"ImageObject\",\"inLanguage\":\"fr-CA\",\"@id\":\"https:\/\/www.uqac.ca\/uqactualites\/2015\/10\/14\/deuxieme-edition-du-colloque-sur-la-perseverance-et-la-reussite-scolaires-chez-les-premiers-peuples\/#primaryimage\",\"url\":\"https:\/\/www.uqac.ca\/uqactualites\/wp-content\/uploads\/2012\/05\/communiqu-.jpg\",\"contentUrl\":\"https:\/\/www.uqac.ca\/uqactualites\/wp-content\/uploads\/2012\/05\/communiqu-.jpg\",\"width\":620,\"height\":300},{\"@type\":\"BreadcrumbList\",\"@id\":\"https:\/\/www.uqac.ca\/uqactualites\/2015\/10\/14\/deuxieme-edition-du-colloque-sur-la-perseverance-et-la-reussite-scolaires-chez-les-premiers-peuples\/#breadcrumb\",\"itemListElement\":[{\"@type\":\"ListItem\",\"position\":1,\"name\":\"Home\",\"item\":\"https:\/\/www.uqac.ca\/uqactualites\/\"},{\"@type\":\"ListItem\",\"position\":2,\"name\":\"Deuxi\u00e8me \u00e9dition du Colloque sur la pers\u00e9v\u00e9rance et la r\u00e9ussite scolaires chez les Premiers Peuples\"}]},{\"@type\":\"WebSite\",\"@id\":\"https:\/\/www.uqac.ca\/uqactualites\/#website\",\"url\":\"https:\/\/www.uqac.ca\/uqactualites\/\",\"name\":\"UQACtualit\u00e9s\",\"description\":\"Le portail des nouvelles de l&#039;UQAC\",\"potentialAction\":[{\"@type\":\"SearchAction\",\"target\":{\"@type\":\"EntryPoint\",\"urlTemplate\":\"https:\/\/www.uqac.ca\/uqactualites\/?s={search_term_string}\"},\"query-input\":{\"@type\":\"PropertyValueSpecification\",\"valueRequired\":true,\"valueName\":\"search_term_string\"}}],\"inLanguage\":\"fr-CA\"},{\"@type\":\"Person\",\"@id\":\"https:\/\/www.uqac.ca\/uqactualites\/#\/schema\/person\/366c45a0c4f0e677b41b4af5886e2018\",\"name\":\"Service des communications et des relations publiques\",\"image\":{\"@type\":\"ImageObject\",\"inLanguage\":\"fr-CA\",\"@id\":\"https:\/\/www.uqac.ca\/uqactualites\/#\/schema\/person\/image\/\",\"url\":\"https:\/\/secure.gravatar.com\/avatar\/20fbbda8a292f59f2d3461a5b999c00b?s=96&d=mm&r=g\",\"contentUrl\":\"https:\/\/secure.gravatar.com\/avatar\/20fbbda8a292f59f2d3461a5b999c00b?s=96&d=mm&r=g\",\"caption\":\"Service des communications et des relations publiques\"},\"url\":\"https:\/\/www.uqac.ca\/uqactualites\/author\/bap\/\"}]}<\/script>\r\n<!-- \/ Yoast SEO plugin. -->","yoast_head_json":{"title":"Deuxi\u00e8me \u00e9dition du Colloque sur la pers\u00e9v\u00e9rance et la r\u00e9ussite scolaires chez les Premiers Peuples - UQACtualit\u00e9s","robots":{"index":"index","follow":"follow","max-snippet":"max-snippet:-1","max-image-preview":"max-image-preview:large","max-video-preview":"max-video-preview:-1"},"canonical":"https:\/\/www.uqac.ca\/uqactualites\/2015\/10\/14\/deuxieme-edition-du-colloque-sur-la-perseverance-et-la-reussite-scolaires-chez-les-premiers-peuples\/","og_locale":"fr_CA","og_type":"article","og_title":"Deuxi\u00e8me \u00e9dition du Colloque sur la pers\u00e9v\u00e9rance et la r\u00e9ussite scolaires chez les Premiers Peuples - UQACtualit\u00e9s","og_description":"Saguenay, le 14 octobre 2015 \u2013 Le Centre des Premi\u00e8res Nations Nikanite de l\u2019UQAC en collaboration avec le minist\u00e8re de l\u2019\u00c9ducation, de l\u2019Enseignement sup\u00e9rieur et de la Recherche et Rio Tinto Alcan pr\u00e9sentent la deuxi\u00e8me \u00e9dition du Colloque sur la pers\u00e9v\u00e9rance et la r\u00e9ussite scolaires chez les Premiers Peuples, qui se d\u00e9roule du 14 au [&hellip;]","og_url":"https:\/\/www.uqac.ca\/uqactualites\/2015\/10\/14\/deuxieme-edition-du-colloque-sur-la-perseverance-et-la-reussite-scolaires-chez-les-premiers-peuples\/","og_site_name":"UQACtualit\u00e9s","article_published_time":"2015-10-14T15:37:04+00:00","og_image":[{"width":620,"height":300,"url":"https:\/\/www.uqac.ca\/uqactualites\/wp-content\/uploads\/2012\/05\/communiqu-.jpg","type":"image\/jpeg"}],"author":"Service des communications et des relations publiques","twitter_card":"summary_large_image","twitter_misc":{"\u00c9crit par":"Service des communications et des relations publiques","Estimation du temps de lecture":"3 minutes"},"schema":{"@context":"https:\/\/schema.org","@graph":[{"@type":"WebPage","@id":"https:\/\/www.uqac.ca\/uqactualites\/2015\/10\/14\/deuxieme-edition-du-colloque-sur-la-perseverance-et-la-reussite-scolaires-chez-les-premiers-peuples\/","url":"https:\/\/www.uqac.ca\/uqactualites\/2015\/10\/14\/deuxieme-edition-du-colloque-sur-la-perseverance-et-la-reussite-scolaires-chez-les-premiers-peuples\/","name":"Deuxi\u00e8me \u00e9dition du Colloque sur la pers\u00e9v\u00e9rance et la r\u00e9ussite scolaires chez les Premiers Peuples - UQACtualit\u00e9s","isPartOf":{"@id":"https:\/\/www.uqac.ca\/uqactualites\/#website"},"primaryImageOfPage":{"@id":"https:\/\/www.uqac.ca\/uqactualites\/2015\/10\/14\/deuxieme-edition-du-colloque-sur-la-perseverance-et-la-reussite-scolaires-chez-les-premiers-peuples\/#primaryimage"},"image":{"@id":"https:\/\/www.uqac.ca\/uqactualites\/2015\/10\/14\/deuxieme-edition-du-colloque-sur-la-perseverance-et-la-reussite-scolaires-chez-les-premiers-peuples\/#primaryimage"},"thumbnailUrl":"https:\/\/www.uqac.ca\/uqactualites\/wp-content\/uploads\/2012\/05\/communiqu-.jpg","datePublished":"2015-10-14T15:37:04+00:00","dateModified":"2015-10-14T15:37:04+00:00","author":{"@id":"https:\/\/www.uqac.ca\/uqactualites\/#\/schema\/person\/366c45a0c4f0e677b41b4af5886e2018"},"breadcrumb":{"@id":"https:\/\/www.uqac.ca\/uqactualites\/2015\/10\/14\/deuxieme-edition-du-colloque-sur-la-perseverance-et-la-reussite-scolaires-chez-les-premiers-peuples\/#breadcrumb"},"inLanguage":"fr-CA","potentialAction":[{"@type":"ReadAction","target":["https:\/\/www.uqac.ca\/uqactualites\/2015\/10\/14\/deuxieme-edition-du-colloque-sur-la-perseverance-et-la-reussite-scolaires-chez-les-premiers-peuples\/"]}]},{"@type":"ImageObject","inLanguage":"fr-CA","@id":"https:\/\/www.uqac.ca\/uqactualites\/2015\/10\/14\/deuxieme-edition-du-colloque-sur-la-perseverance-et-la-reussite-scolaires-chez-les-premiers-peuples\/#primaryimage","url":"https:\/\/www.uqac.ca\/uqactualites\/wp-content\/uploads\/2012\/05\/communiqu-.jpg","contentUrl":"https:\/\/www.uqac.ca\/uqactualites\/wp-content\/uploads\/2012\/05\/communiqu-.jpg","width":620,"height":300},{"@type":"BreadcrumbList","@id":"https:\/\/www.uqac.ca\/uqactualites\/2015\/10\/14\/deuxieme-edition-du-colloque-sur-la-perseverance-et-la-reussite-scolaires-chez-les-premiers-peuples\/#breadcrumb","itemListElement":[{"@type":"ListItem","position":1,"name":"Home","item":"https:\/\/www.uqac.ca\/uqactualites\/"},{"@type":"ListItem","position":2,"name":"Deuxi\u00e8me \u00e9dition du Colloque sur la pers\u00e9v\u00e9rance et la r\u00e9ussite scolaires chez les Premiers Peuples"}]},{"@type":"WebSite","@id":"https:\/\/www.uqac.ca\/uqactualites\/#website","url":"https:\/\/www.uqac.ca\/uqactualites\/","name":"UQACtualit\u00e9s","description":"Le portail des nouvelles de l&#039;UQAC","potentialAction":[{"@type":"SearchAction","target":{"@type":"EntryPoint","urlTemplate":"https:\/\/www.uqac.ca\/uqactualites\/?s={search_term_string}"},"query-input":{"@type":"PropertyValueSpecification","valueRequired":true,"valueName":"search_term_string"}}],"inLanguage":"fr-CA"},{"@type":"Person","@id":"https:\/\/www.uqac.ca\/uqactualites\/#\/schema\/person\/366c45a0c4f0e677b41b4af5886e2018","name":"Service des communications et des relations publiques","image":{"@type":"ImageObject","inLanguage":"fr-CA","@id":"https:\/\/www.uqac.ca\/uqactualites\/#\/schema\/person\/image\/","url":"https:\/\/secure.gravatar.com\/avatar\/20fbbda8a292f59f2d3461a5b999c00b?s=96&d=mm&r=g","contentUrl":"https:\/\/secure.gravatar.com\/avatar\/20fbbda8a292f59f2d3461a5b999c00b?s=96&d=mm&r=g","caption":"Service des communications et des relations publiques"},"url":"https:\/\/www.uqac.ca\/uqactualites\/author\/bap\/"}]}},"_links":{"self":[{"href":"https:\/\/www.uqac.ca\/uqactualites\/wp-json\/wp\/v2\/posts\/30889"}],"collection":[{"href":"https:\/\/www.uqac.ca\/uqactualites\/wp-json\/wp\/v2\/posts"}],"about":[{"href":"https:\/\/www.uqac.ca\/uqactualites\/wp-json\/wp\/v2\/types\/post"}],"author":[{"embeddable":true,"href":"https:\/\/www.uqac.ca\/uqactualites\/wp-json\/wp\/v2\/users\/5"}],"replies":[{"embeddable":true,"href":"https:\/\/www.uqac.ca\/uqactualites\/wp-json\/wp\/v2\/comments?post=30889"}],"version-history":[{"count":0,"href":"https:\/\/www.uqac.ca\/uqactualites\/wp-json\/wp\/v2\/posts\/30889\/revisions"}],"wp:featuredmedia":[{"embeddable":true,"href":"https:\/\/www.uqac.ca\/uqactualites\/wp-json\/wp\/v2\/media\/20745"}],"wp:attachment":[{"href":"https:\/\/www.uqac.ca\/uqactualites\/wp-json\/wp\/v2\/media?parent=30889"}],"wp:term":[{"taxonomy":"category","embeddable":true,"href":"https:\/\/www.uqac.ca\/uqactualites\/wp-json\/wp\/v2\/categories?post=30889"},{"taxonomy":"post_tag","embeddable":true,"href":"https:\/\/www.uqac.ca\/uqactualites\/wp-json\/wp\/v2\/tags?post=30889"}],"curies":[{"name":"wp","href":"https:\/\/api.w.org\/{rel}","templated":true}]}}