{"id":30979,"date":"2015-10-26T09:07:31","date_gmt":"2015-10-26T13:07:31","guid":{"rendered":"http:\/\/uqactualite.odev.ca\/?p=30979"},"modified":"2015-10-26T09:07:31","modified_gmt":"2015-10-26T13:07:31","slug":"35-enseignants-associes-formateurs-de-stagiaires-recompenses","status":"publish","type":"post","link":"https:\/\/www.uqac.ca\/uqactualites\/2015\/10\/26\/35-enseignants-associes-formateurs-de-stagiaires-recompenses\/","title":{"rendered":"35 enseignants associ\u00e9s formateurs de stagiaires r\u00e9compens\u00e9s"},"content":{"rendered":"<p>Trente-cinq enseignants des quatre commissions scolaires de la r\u00e9gion ont \u00e9t\u00e9 honor\u00e9s le 15 octobre dernier pour leur participation au Programme de formation pratique en enseignement concernant l\u2019accompagnement des stagiaires en milieu scolaire. Il s\u2019agissait de la huiti\u00e8me \u00e9dition de cet \u00e9v\u00e9nement, qui soulignait par le fait m\u00eame un bel exemple de collaboration entre l\u2019UQAC et ses partenaires r\u00e9gionaux du milieu scolaire.<\/p>\n<p>On d\u00e9nombre jusqu\u2019\u00e0 pr\u00e9sent plus de 400 finissants en provenance des commissions scolaires r\u00e9gionales. Quatre cent, c\u2019est aussi le nombre de dossiers actifs d\u2019enseignants de la r\u00e9gion qui sont pr\u00e9sentement engag\u00e9s dans l\u2019une ou l\u2019autre des formations offertes qui visent \u00e0 mieux comprendre et s\u2019approprier son r\u00f4le de formateur de stagiaires, \u00e0 conna\u00eetre des pratiques d\u2019accompagnement et identifier certains obstacles susceptibles de survenir, \u00e0 d\u00e9couvrir et exp\u00e9rimenter diff\u00e9rentes m\u00e9thodes et outils de formation et \u00e0 \u00e9valuer efficacement les comp\u00e9tences professionnelles en cours et en fin de stage.<\/p>\n<p><strong>Source :<\/strong><br \/>\nBureau des affaires publiques<br \/>\nUniversit\u00e9 du Qu\u00e9bec \u00e0 Chicoutimi<br \/>\n418\u00a0545-5011, poste 2350 \u25aa <a href=\"mailto:affaires_publiques@uqac.ca\">affaires_publiques@uqac.ca<\/a><\/p>\n<p><strong>Renseignements :<br \/>\n<\/strong>Denis Claveau, agent de stage<br \/>\nBureau de la formation pratique en enseignement<br \/>\nUniversit\u00e9 du Qu\u00e9bec \u00e0 Chicoutimi<br \/>\n418 545-5011, poste 4212\u25aa <a href=\"mailto:denis.claveau@uqac.ca\">denis.claveau@uqac.ca<\/a><\/p>\n<p>&nbsp;<\/p>\n<hr \/>\n<p>&nbsp;<\/p>\n<p><strong><span style=\"color: #808080\">PHOTO (courtoisie)<br \/>\n<\/span><\/strong><span style=\"color: #808080\">Entour\u00e9 du doyen des \u00e9tudes de l\u2019UQAC, monsieur \u00c9tienne H\u00e9bert, et de la coordonnatrice \u00e0 la p\u00e9dagogie au Bureau de la formation pratique en enseignement, madame Constance Lavoie, on retrouve quelques finissants 2015 de la Commission scolaire du Lac-Saint-Jean.<\/span><\/p>\n<hr \/>\n<p>&nbsp;<\/p>\n","protected":false},"excerpt":{"rendered":"<p>Trente-cinq enseignants des quatre commissions scolaires de la r\u00e9gion ont \u00e9t\u00e9 honor\u00e9s le 15 octobre dernier pour leur participation au Programme de formation pratique en enseignement concernant l\u2019accompagnement des stagiaires en milieu scolaire. Il s\u2019agissait de la huiti\u00e8me \u00e9dition de cet \u00e9v\u00e9nement, qui soulignait par le fait m\u00eame un bel exemple de collaboration entre l\u2019UQAC [&hellip;]<\/p>\n","protected":false},"author":5,"featured_media":30980,"comment_status":"open","ping_status":"open","sticky":false,"template":"","format":"standard","meta":{"footnotes":""},"categories":[2],"tags":[],"yoast_head":"<!-- This site is optimized with the Yoast SEO plugin v24.2 - https:\/\/yoast.com\/wordpress\/plugins\/seo\/ -->\r\n<title>35 enseignants associ\u00e9s formateurs de stagiaires r\u00e9compens\u00e9s - UQACtualit\u00e9s<\/title>\r\n<meta name=\"robots\" content=\"index, follow, max-snippet:-1, max-image-preview:large, max-video-preview:-1\" \/>\r\n<link rel=\"canonical\" href=\"https:\/\/www.uqac.ca\/uqactualites\/2015\/10\/26\/35-enseignants-associes-formateurs-de-stagiaires-recompenses\/\" \/>\r\n<meta property=\"og:locale\" content=\"fr_CA\" \/>\r\n<meta property=\"og:type\" content=\"article\" \/>\r\n<meta property=\"og:title\" content=\"35 enseignants associ\u00e9s formateurs de stagiaires r\u00e9compens\u00e9s - UQACtualit\u00e9s\" \/>\r\n<meta property=\"og:description\" content=\"Trente-cinq enseignants des quatre commissions scolaires de la r\u00e9gion ont \u00e9t\u00e9 honor\u00e9s le 15 octobre dernier pour leur participation au Programme de formation pratique en enseignement concernant l\u2019accompagnement des stagiaires en milieu scolaire. Il s\u2019agissait de la huiti\u00e8me \u00e9dition de cet \u00e9v\u00e9nement, qui soulignait par le fait m\u00eame un bel exemple de collaboration entre l\u2019UQAC [&hellip;]\" \/>\r\n<meta property=\"og:url\" content=\"https:\/\/www.uqac.ca\/uqactualites\/2015\/10\/26\/35-enseignants-associes-formateurs-de-stagiaires-recompenses\/\" \/>\r\n<meta property=\"og:site_name\" content=\"UQACtualit\u00e9s\" \/>\r\n<meta property=\"article:published_time\" content=\"2015-10-26T13:07:31+00:00\" \/>\r\n<meta property=\"og:image\" content=\"https:\/\/www.uqac.ca\/uqactualites\/wp-content\/uploads\/2015\/10\/IMG_3195-DSE-scaled.jpg\" \/>\r\n\t<meta property=\"og:image:width\" content=\"2560\" \/>\r\n\t<meta property=\"og:image:height\" content=\"1707\" \/>\r\n\t<meta property=\"og:image:type\" content=\"image\/jpeg\" \/>\r\n<meta name=\"author\" content=\"Service des communications et des relations publiques\" \/>\r\n<meta name=\"twitter:card\" content=\"summary_large_image\" \/>\r\n<meta name=\"twitter:label1\" content=\"\u00c9crit par\" \/>\n\t<meta name=\"twitter:data1\" content=\"Service des communications et des relations publiques\" \/>\n\t<meta name=\"twitter:label2\" content=\"Estimation du temps de lecture\" \/>\n\t<meta name=\"twitter:data2\" content=\"1 minute\" \/>\r\n<script type=\"application\/ld+json\" class=\"yoast-schema-graph\">{\"@context\":\"https:\/\/schema.org\",\"@graph\":[{\"@type\":\"WebPage\",\"@id\":\"https:\/\/www.uqac.ca\/uqactualites\/2015\/10\/26\/35-enseignants-associes-formateurs-de-stagiaires-recompenses\/\",\"url\":\"https:\/\/www.uqac.ca\/uqactualites\/2015\/10\/26\/35-enseignants-associes-formateurs-de-stagiaires-recompenses\/\",\"name\":\"35 enseignants associ\u00e9s formateurs de stagiaires r\u00e9compens\u00e9s - UQACtualit\u00e9s\",\"isPartOf\":{\"@id\":\"https:\/\/www.uqac.ca\/uqactualites\/#website\"},\"primaryImageOfPage\":{\"@id\":\"https:\/\/www.uqac.ca\/uqactualites\/2015\/10\/26\/35-enseignants-associes-formateurs-de-stagiaires-recompenses\/#primaryimage\"},\"image\":{\"@id\":\"https:\/\/www.uqac.ca\/uqactualites\/2015\/10\/26\/35-enseignants-associes-formateurs-de-stagiaires-recompenses\/#primaryimage\"},\"thumbnailUrl\":\"https:\/\/www.uqac.ca\/uqactualites\/wp-content\/uploads\/2015\/10\/IMG_3195-DSE-scaled.jpg\",\"datePublished\":\"2015-10-26T13:07:31+00:00\",\"dateModified\":\"2015-10-26T13:07:31+00:00\",\"author\":{\"@id\":\"https:\/\/www.uqac.ca\/uqactualites\/#\/schema\/person\/366c45a0c4f0e677b41b4af5886e2018\"},\"breadcrumb\":{\"@id\":\"https:\/\/www.uqac.ca\/uqactualites\/2015\/10\/26\/35-enseignants-associes-formateurs-de-stagiaires-recompenses\/#breadcrumb\"},\"inLanguage\":\"fr-CA\",\"potentialAction\":[{\"@type\":\"ReadAction\",\"target\":[\"https:\/\/www.uqac.ca\/uqactualites\/2015\/10\/26\/35-enseignants-associes-formateurs-de-stagiaires-recompenses\/\"]}]},{\"@type\":\"ImageObject\",\"inLanguage\":\"fr-CA\",\"@id\":\"https:\/\/www.uqac.ca\/uqactualites\/2015\/10\/26\/35-enseignants-associes-formateurs-de-stagiaires-recompenses\/#primaryimage\",\"url\":\"https:\/\/www.uqac.ca\/uqactualites\/wp-content\/uploads\/2015\/10\/IMG_3195-DSE-scaled.jpg\",\"contentUrl\":\"https:\/\/www.uqac.ca\/uqactualites\/wp-content\/uploads\/2015\/10\/IMG_3195-DSE-scaled.jpg\",\"width\":2560,\"height\":1707},{\"@type\":\"BreadcrumbList\",\"@id\":\"https:\/\/www.uqac.ca\/uqactualites\/2015\/10\/26\/35-enseignants-associes-formateurs-de-stagiaires-recompenses\/#breadcrumb\",\"itemListElement\":[{\"@type\":\"ListItem\",\"position\":1,\"name\":\"Home\",\"item\":\"https:\/\/www.uqac.ca\/uqactualites\/\"},{\"@type\":\"ListItem\",\"position\":2,\"name\":\"35 enseignants associ\u00e9s formateurs de stagiaires r\u00e9compens\u00e9s\"}]},{\"@type\":\"WebSite\",\"@id\":\"https:\/\/www.uqac.ca\/uqactualites\/#website\",\"url\":\"https:\/\/www.uqac.ca\/uqactualites\/\",\"name\":\"UQACtualit\u00e9s\",\"description\":\"Le portail des nouvelles de l&#039;UQAC\",\"potentialAction\":[{\"@type\":\"SearchAction\",\"target\":{\"@type\":\"EntryPoint\",\"urlTemplate\":\"https:\/\/www.uqac.ca\/uqactualites\/?s={search_term_string}\"},\"query-input\":{\"@type\":\"PropertyValueSpecification\",\"valueRequired\":true,\"valueName\":\"search_term_string\"}}],\"inLanguage\":\"fr-CA\"},{\"@type\":\"Person\",\"@id\":\"https:\/\/www.uqac.ca\/uqactualites\/#\/schema\/person\/366c45a0c4f0e677b41b4af5886e2018\",\"name\":\"Service des communications et des relations publiques\",\"image\":{\"@type\":\"ImageObject\",\"inLanguage\":\"fr-CA\",\"@id\":\"https:\/\/www.uqac.ca\/uqactualites\/#\/schema\/person\/image\/\",\"url\":\"https:\/\/secure.gravatar.com\/avatar\/20fbbda8a292f59f2d3461a5b999c00b?s=96&d=mm&r=g\",\"contentUrl\":\"https:\/\/secure.gravatar.com\/avatar\/20fbbda8a292f59f2d3461a5b999c00b?s=96&d=mm&r=g\",\"caption\":\"Service des communications et des relations publiques\"},\"url\":\"https:\/\/www.uqac.ca\/uqactualites\/author\/bap\/\"}]}<\/script>\r\n<!-- \/ Yoast SEO plugin. -->","yoast_head_json":{"title":"35 enseignants associ\u00e9s formateurs de stagiaires r\u00e9compens\u00e9s - UQACtualit\u00e9s","robots":{"index":"index","follow":"follow","max-snippet":"max-snippet:-1","max-image-preview":"max-image-preview:large","max-video-preview":"max-video-preview:-1"},"canonical":"https:\/\/www.uqac.ca\/uqactualites\/2015\/10\/26\/35-enseignants-associes-formateurs-de-stagiaires-recompenses\/","og_locale":"fr_CA","og_type":"article","og_title":"35 enseignants associ\u00e9s formateurs de stagiaires r\u00e9compens\u00e9s - UQACtualit\u00e9s","og_description":"Trente-cinq enseignants des quatre commissions scolaires de la r\u00e9gion ont \u00e9t\u00e9 honor\u00e9s le 15 octobre dernier pour leur participation au Programme de formation pratique en enseignement concernant l\u2019accompagnement des stagiaires en milieu scolaire. Il s\u2019agissait de la huiti\u00e8me \u00e9dition de cet \u00e9v\u00e9nement, qui soulignait par le fait m\u00eame un bel exemple de collaboration entre l\u2019UQAC [&hellip;]","og_url":"https:\/\/www.uqac.ca\/uqactualites\/2015\/10\/26\/35-enseignants-associes-formateurs-de-stagiaires-recompenses\/","og_site_name":"UQACtualit\u00e9s","article_published_time":"2015-10-26T13:07:31+00:00","og_image":[{"width":2560,"height":1707,"url":"https:\/\/www.uqac.ca\/uqactualites\/wp-content\/uploads\/2015\/10\/IMG_3195-DSE-scaled.jpg","type":"image\/jpeg"}],"author":"Service des communications et des relations publiques","twitter_card":"summary_large_image","twitter_misc":{"\u00c9crit par":"Service des communications et des relations publiques","Estimation du temps de lecture":"1 minute"},"schema":{"@context":"https:\/\/schema.org","@graph":[{"@type":"WebPage","@id":"https:\/\/www.uqac.ca\/uqactualites\/2015\/10\/26\/35-enseignants-associes-formateurs-de-stagiaires-recompenses\/","url":"https:\/\/www.uqac.ca\/uqactualites\/2015\/10\/26\/35-enseignants-associes-formateurs-de-stagiaires-recompenses\/","name":"35 enseignants associ\u00e9s formateurs de stagiaires r\u00e9compens\u00e9s - UQACtualit\u00e9s","isPartOf":{"@id":"https:\/\/www.uqac.ca\/uqactualites\/#website"},"primaryImageOfPage":{"@id":"https:\/\/www.uqac.ca\/uqactualites\/2015\/10\/26\/35-enseignants-associes-formateurs-de-stagiaires-recompenses\/#primaryimage"},"image":{"@id":"https:\/\/www.uqac.ca\/uqactualites\/2015\/10\/26\/35-enseignants-associes-formateurs-de-stagiaires-recompenses\/#primaryimage"},"thumbnailUrl":"https:\/\/www.uqac.ca\/uqactualites\/wp-content\/uploads\/2015\/10\/IMG_3195-DSE-scaled.jpg","datePublished":"2015-10-26T13:07:31+00:00","dateModified":"2015-10-26T13:07:31+00:00","author":{"@id":"https:\/\/www.uqac.ca\/uqactualites\/#\/schema\/person\/366c45a0c4f0e677b41b4af5886e2018"},"breadcrumb":{"@id":"https:\/\/www.uqac.ca\/uqactualites\/2015\/10\/26\/35-enseignants-associes-formateurs-de-stagiaires-recompenses\/#breadcrumb"},"inLanguage":"fr-CA","potentialAction":[{"@type":"ReadAction","target":["https:\/\/www.uqac.ca\/uqactualites\/2015\/10\/26\/35-enseignants-associes-formateurs-de-stagiaires-recompenses\/"]}]},{"@type":"ImageObject","inLanguage":"fr-CA","@id":"https:\/\/www.uqac.ca\/uqactualites\/2015\/10\/26\/35-enseignants-associes-formateurs-de-stagiaires-recompenses\/#primaryimage","url":"https:\/\/www.uqac.ca\/uqactualites\/wp-content\/uploads\/2015\/10\/IMG_3195-DSE-scaled.jpg","contentUrl":"https:\/\/www.uqac.ca\/uqactualites\/wp-content\/uploads\/2015\/10\/IMG_3195-DSE-scaled.jpg","width":2560,"height":1707},{"@type":"BreadcrumbList","@id":"https:\/\/www.uqac.ca\/uqactualites\/2015\/10\/26\/35-enseignants-associes-formateurs-de-stagiaires-recompenses\/#breadcrumb","itemListElement":[{"@type":"ListItem","position":1,"name":"Home","item":"https:\/\/www.uqac.ca\/uqactualites\/"},{"@type":"ListItem","position":2,"name":"35 enseignants associ\u00e9s formateurs de stagiaires r\u00e9compens\u00e9s"}]},{"@type":"WebSite","@id":"https:\/\/www.uqac.ca\/uqactualites\/#website","url":"https:\/\/www.uqac.ca\/uqactualites\/","name":"UQACtualit\u00e9s","description":"Le portail des nouvelles de l&#039;UQAC","potentialAction":[{"@type":"SearchAction","target":{"@type":"EntryPoint","urlTemplate":"https:\/\/www.uqac.ca\/uqactualites\/?s={search_term_string}"},"query-input":{"@type":"PropertyValueSpecification","valueRequired":true,"valueName":"search_term_string"}}],"inLanguage":"fr-CA"},{"@type":"Person","@id":"https:\/\/www.uqac.ca\/uqactualites\/#\/schema\/person\/366c45a0c4f0e677b41b4af5886e2018","name":"Service des communications et des relations publiques","image":{"@type":"ImageObject","inLanguage":"fr-CA","@id":"https:\/\/www.uqac.ca\/uqactualites\/#\/schema\/person\/image\/","url":"https:\/\/secure.gravatar.com\/avatar\/20fbbda8a292f59f2d3461a5b999c00b?s=96&d=mm&r=g","contentUrl":"https:\/\/secure.gravatar.com\/avatar\/20fbbda8a292f59f2d3461a5b999c00b?s=96&d=mm&r=g","caption":"Service des communications et des relations publiques"},"url":"https:\/\/www.uqac.ca\/uqactualites\/author\/bap\/"}]}},"_links":{"self":[{"href":"https:\/\/www.uqac.ca\/uqactualites\/wp-json\/wp\/v2\/posts\/30979"}],"collection":[{"href":"https:\/\/www.uqac.ca\/uqactualites\/wp-json\/wp\/v2\/posts"}],"about":[{"href":"https:\/\/www.uqac.ca\/uqactualites\/wp-json\/wp\/v2\/types\/post"}],"author":[{"embeddable":true,"href":"https:\/\/www.uqac.ca\/uqactualites\/wp-json\/wp\/v2\/users\/5"}],"replies":[{"embeddable":true,"href":"https:\/\/www.uqac.ca\/uqactualites\/wp-json\/wp\/v2\/comments?post=30979"}],"version-history":[{"count":0,"href":"https:\/\/www.uqac.ca\/uqactualites\/wp-json\/wp\/v2\/posts\/30979\/revisions"}],"wp:featuredmedia":[{"embeddable":true,"href":"https:\/\/www.uqac.ca\/uqactualites\/wp-json\/wp\/v2\/media\/30980"}],"wp:attachment":[{"href":"https:\/\/www.uqac.ca\/uqactualites\/wp-json\/wp\/v2\/media?parent=30979"}],"wp:term":[{"taxonomy":"category","embeddable":true,"href":"https:\/\/www.uqac.ca\/uqactualites\/wp-json\/wp\/v2\/categories?post=30979"},{"taxonomy":"post_tag","embeddable":true,"href":"https:\/\/www.uqac.ca\/uqactualites\/wp-json\/wp\/v2\/tags?post=30979"}],"curies":[{"name":"wp","href":"https:\/\/api.w.org\/{rel}","templated":true}]}}