{"id":30996,"date":"2015-10-27T11:00:28","date_gmt":"2015-10-27T15:00:28","guid":{"rendered":"http:\/\/uqactualite.odev.ca\/?p=30996"},"modified":"2015-10-27T11:00:28","modified_gmt":"2015-10-27T15:00:28","slug":"elisabeth-kaine-cercle-dexcellence","status":"publish","type":"post","link":"https:\/\/www.uqac.ca\/uqactualites\/2015\/10\/27\/elisabeth-kaine-cercle-dexcellence\/","title":{"rendered":"\u00c9lisabeth Kaine nomm\u00e9e au Cercle d\u2019excellence de l\u2019Universit\u00e9 du Qu\u00e9bec"},"content":{"rendered":"<p>\u00c9lisabeth Kaine, professeure-chercheuse en design et transmission culturelle au D\u00e9partement des arts et lettres de l\u2019UQAC, a \u00e9t\u00e9 nomm\u00e9e, en septembre dernier, au Cercle d\u2019excellence de l\u2019Universit\u00e9 du Qu\u00e9bec.<\/p>\n<p>\u00c9lisabeth Kaine est l\u2019une des rares chercheuses universitaires d\u2019origine autochtone (Huronne-Wendate). Elle poss\u00e8de une longue exp\u00e9rience de direction de projets en partenariat avec les Premi\u00e8res Nations au Qu\u00e9bec et au Br\u00e9sil. Elle d\u00e9tient une expertise originale en p\u00e9dagogie cr\u00e9ative, elle travaille \u00e0 l\u2019int\u00e9gration des savoir-faire traditionnels, \u00e0 la r\u00e9alit\u00e9 contemporaine par le d\u00e9veloppement d\u2019approches participatives en conception et design autochtones, et ce, selon la m\u00e9thodologie de recherche-action-cr\u00e9ation. La question de l\u2019expression et de la transmission culturelle est sous-jacente \u00e0 l\u2019ensemble de ses projets.<\/p>\n<p>Ses recherches universitaires portent, entre autres, sur l\u2019\u00e9laboration d\u2019un mod\u00e8le applicable \u00e0 l\u2019enseignement, bas\u00e9 sur la compl\u00e9mentarit\u00e9 plut\u00f4t que sur l\u2019opposition des approches artistiques et m\u00e9canistes.<\/p>\n<p>\u00c9lisabeth Kaine est \u00e9galement fondatrice et directrice g\u00e9n\u00e9rale de <a href=\"http:\/\/laboiterougevif.com\/\"><em>La Bo\u00eete Rouge vif<\/em><\/a>, depuis 1997. L\u2019organisme sans but lucratif affili\u00e9 \u00e0 l\u2019UQAC est vou\u00e9 \u00e0 la valorisation des individus, des communaut\u00e9s et des cultures autochtones par le biais de la cr\u00e9ation en art et de la concertation communautaire. Ses actions visent l\u2019<em>empowerment<\/em> par le d\u00e9veloppement et l\u2019affirmation culturels, en d\u00e9veloppant les habilet\u00e9s des cr\u00e9ateurs autochtones pour qu\u2019ils puissent d\u00e9terminer eux-m\u00eames des \u00e9l\u00e9ments de leur repr\u00e9sentation.<\/p>\n<p>Soulignons que l\u2019une des expositions pour laquelle \u00c9lisabeth Kaine a dirig\u00e9 la d\u00e9marche de concertation avec les 11 Nations autochtones et inuit du Qu\u00e9bec, (<em>C\u2019est notre histoire. Premi\u00e8res Nations et Inuit du XXI<sup>e<\/sup> si\u00e8cle<\/em>) r\u00e9alis\u00e9e en collaboration avec le Mus\u00e9e de la Civilisation, a remport\u00e9 le prestigieux Prix du Gouverneur g\u00e9n\u00e9ral du Canada, volet Histoire pour l\u2019excellence dans les mus\u00e9es. Le jury a alors qualifi\u00e9 de r\u00e9volutionnaire la d\u00e9marche collaborative appliqu\u00e9e.<\/p>\n<p>Actuellement, \u00c9lisabeth m\u00e8ne un grand projet qui permettra aux communaut\u00e9s autochtones de se r\u00e9approprier des connaissances acquises depuis plus de 20 ans en recherche collaborative avec elles, les outils d\u00e9velopp\u00e9s, autant p\u00e9dagogiques que les \u0153uvres et produits de transmission, soit l\u2019ensemble des extrants relatifs aux diff\u00e9rents projets de sa carri\u00e8re feront l\u2019objet d\u2019un important dispositif de diffusion au sein des communaut\u00e9s autochtones participantes (plus de 22 communaut\u00e9s repr\u00e9sentant les 11 Nations du Qu\u00e9bec) et plus largement, dans un objectif de valorisation culturelle, vers les allochtones. Concr\u00e8tement, ce projet prendra la forme d\u2019une exposition itin\u00e9rante mettant en parall\u00e8le des ateliers d\u2019appropriation du mat\u00e9riel et des outils d\u00e9velopp\u00e9s qui devraient \u00eatre pr\u00e9sent\u00e9s \u00e0 partir de l\u2019automne 2016 dans le cadre d\u2019une tourn\u00e9e des communaut\u00e9s.<\/p>\n<p>Chaque ann\u00e9e, dix membres du r\u00e9seau sont nomm\u00e9s au Cercle d\u2019excellence de l\u2019Universit\u00e9 du Qu\u00e9bec par les dirigeants des \u00e9tablissements du r\u00e9seau. Cette reconnaissance annuelle vise \u00e0 souligner l\u2019apport exceptionnel d\u2019un de leurs membres qu\u2019il soit professeur, chercheur, gestionnaire ou un autre membre du personnel.<\/p>\n<p><strong>Source :<\/strong><br \/>\nBureau des affaires publiques<br \/>\nUniversit\u00e9 du Qu\u00e9bec \u00e0 Chicoutimi<br \/>\n418\u00a0545-5011, poste 2350 \u25aa <a href=\"mailto:affaires_publiques@uqac.ca\">affaires_publiques@uqac.ca<\/a><\/p>\n","protected":false},"excerpt":{"rendered":"<p>\u00c9lisabeth Kaine, professeure-chercheuse en design et transmission culturelle au D\u00e9partement des arts et lettres de l\u2019UQAC, a \u00e9t\u00e9 nomm\u00e9e, en septembre dernier, au Cercle d\u2019excellence de l\u2019Universit\u00e9 du Qu\u00e9bec. \u00c9lisabeth Kaine est l\u2019une des rares chercheuses universitaires d\u2019origine autochtone (Huronne-Wendate). Elle poss\u00e8de une longue exp\u00e9rience de direction de projets en partenariat avec les Premi\u00e8res Nations [&hellip;]<\/p>\n","protected":false},"author":5,"featured_media":31001,"comment_status":"open","ping_status":"open","sticky":false,"template":"","format":"standard","meta":{"footnotes":""},"categories":[9],"tags":[],"yoast_head":"<!-- This site is optimized with the Yoast SEO plugin v24.2 - https:\/\/yoast.com\/wordpress\/plugins\/seo\/ -->\r\n<title>\u00c9lisabeth Kaine nomm\u00e9e au Cercle d\u2019excellence de l\u2019Universit\u00e9 du Qu\u00e9bec - UQACtualit\u00e9s<\/title>\r\n<meta name=\"robots\" content=\"index, follow, max-snippet:-1, max-image-preview:large, max-video-preview:-1\" \/>\r\n<link rel=\"canonical\" href=\"https:\/\/www.uqac.ca\/uqactualites\/2015\/10\/27\/elisabeth-kaine-cercle-dexcellence\/\" \/>\r\n<meta property=\"og:locale\" content=\"fr_CA\" \/>\r\n<meta property=\"og:type\" content=\"article\" \/>\r\n<meta property=\"og:title\" content=\"\u00c9lisabeth Kaine nomm\u00e9e au Cercle d\u2019excellence de l\u2019Universit\u00e9 du Qu\u00e9bec - UQACtualit\u00e9s\" \/>\r\n<meta property=\"og:description\" content=\"\u00c9lisabeth Kaine, professeure-chercheuse en design et transmission culturelle au D\u00e9partement des arts et lettres de l\u2019UQAC, a \u00e9t\u00e9 nomm\u00e9e, en septembre dernier, au Cercle d\u2019excellence de l\u2019Universit\u00e9 du Qu\u00e9bec. \u00c9lisabeth Kaine est l\u2019une des rares chercheuses universitaires d\u2019origine autochtone (Huronne-Wendate). Elle poss\u00e8de une longue exp\u00e9rience de direction de projets en partenariat avec les Premi\u00e8res Nations [&hellip;]\" \/>\r\n<meta property=\"og:url\" content=\"https:\/\/www.uqac.ca\/uqactualites\/2015\/10\/27\/elisabeth-kaine-cercle-dexcellence\/\" \/>\r\n<meta property=\"og:site_name\" content=\"UQACtualit\u00e9s\" \/>\r\n<meta property=\"article:published_time\" content=\"2015-10-27T15:00:28+00:00\" \/>\r\n<meta property=\"og:image\" content=\"https:\/\/www.uqac.ca\/uqactualites\/wp-content\/uploads\/2015\/10\/Elizabeth_kaine2.jpg\" \/>\r\n\t<meta property=\"og:image:width\" content=\"1152\" \/>\r\n\t<meta property=\"og:image:height\" content=\"557\" \/>\r\n\t<meta property=\"og:image:type\" content=\"image\/jpeg\" \/>\r\n<meta name=\"author\" content=\"Service des communications et des relations publiques\" \/>\r\n<meta name=\"twitter:card\" content=\"summary_large_image\" \/>\r\n<meta name=\"twitter:label1\" content=\"\u00c9crit par\" \/>\n\t<meta name=\"twitter:data1\" content=\"Service des communications et des relations publiques\" \/>\n\t<meta name=\"twitter:label2\" content=\"Estimation du temps de lecture\" \/>\n\t<meta name=\"twitter:data2\" content=\"3 minutes\" \/>\r\n<script type=\"application\/ld+json\" class=\"yoast-schema-graph\">{\"@context\":\"https:\/\/schema.org\",\"@graph\":[{\"@type\":\"WebPage\",\"@id\":\"https:\/\/www.uqac.ca\/uqactualites\/2015\/10\/27\/elisabeth-kaine-cercle-dexcellence\/\",\"url\":\"https:\/\/www.uqac.ca\/uqactualites\/2015\/10\/27\/elisabeth-kaine-cercle-dexcellence\/\",\"name\":\"\u00c9lisabeth Kaine nomm\u00e9e au Cercle d\u2019excellence de l\u2019Universit\u00e9 du Qu\u00e9bec - UQACtualit\u00e9s\",\"isPartOf\":{\"@id\":\"https:\/\/www.uqac.ca\/uqactualites\/#website\"},\"primaryImageOfPage\":{\"@id\":\"https:\/\/www.uqac.ca\/uqactualites\/2015\/10\/27\/elisabeth-kaine-cercle-dexcellence\/#primaryimage\"},\"image\":{\"@id\":\"https:\/\/www.uqac.ca\/uqactualites\/2015\/10\/27\/elisabeth-kaine-cercle-dexcellence\/#primaryimage\"},\"thumbnailUrl\":\"https:\/\/www.uqac.ca\/uqactualites\/wp-content\/uploads\/2015\/10\/Elizabeth_kaine2.jpg\",\"datePublished\":\"2015-10-27T15:00:28+00:00\",\"dateModified\":\"2015-10-27T15:00:28+00:00\",\"author\":{\"@id\":\"https:\/\/www.uqac.ca\/uqactualites\/#\/schema\/person\/366c45a0c4f0e677b41b4af5886e2018\"},\"breadcrumb\":{\"@id\":\"https:\/\/www.uqac.ca\/uqactualites\/2015\/10\/27\/elisabeth-kaine-cercle-dexcellence\/#breadcrumb\"},\"inLanguage\":\"fr-CA\",\"potentialAction\":[{\"@type\":\"ReadAction\",\"target\":[\"https:\/\/www.uqac.ca\/uqactualites\/2015\/10\/27\/elisabeth-kaine-cercle-dexcellence\/\"]}]},{\"@type\":\"ImageObject\",\"inLanguage\":\"fr-CA\",\"@id\":\"https:\/\/www.uqac.ca\/uqactualites\/2015\/10\/27\/elisabeth-kaine-cercle-dexcellence\/#primaryimage\",\"url\":\"https:\/\/www.uqac.ca\/uqactualites\/wp-content\/uploads\/2015\/10\/Elizabeth_kaine2.jpg\",\"contentUrl\":\"https:\/\/www.uqac.ca\/uqactualites\/wp-content\/uploads\/2015\/10\/Elizabeth_kaine2.jpg\",\"width\":1152,\"height\":557},{\"@type\":\"BreadcrumbList\",\"@id\":\"https:\/\/www.uqac.ca\/uqactualites\/2015\/10\/27\/elisabeth-kaine-cercle-dexcellence\/#breadcrumb\",\"itemListElement\":[{\"@type\":\"ListItem\",\"position\":1,\"name\":\"Home\",\"item\":\"https:\/\/www.uqac.ca\/uqactualites\/\"},{\"@type\":\"ListItem\",\"position\":2,\"name\":\"\u00c9lisabeth Kaine nomm\u00e9e au Cercle d\u2019excellence de l\u2019Universit\u00e9 du Qu\u00e9bec\"}]},{\"@type\":\"WebSite\",\"@id\":\"https:\/\/www.uqac.ca\/uqactualites\/#website\",\"url\":\"https:\/\/www.uqac.ca\/uqactualites\/\",\"name\":\"UQACtualit\u00e9s\",\"description\":\"Le portail des nouvelles de l&#039;UQAC\",\"potentialAction\":[{\"@type\":\"SearchAction\",\"target\":{\"@type\":\"EntryPoint\",\"urlTemplate\":\"https:\/\/www.uqac.ca\/uqactualites\/?s={search_term_string}\"},\"query-input\":{\"@type\":\"PropertyValueSpecification\",\"valueRequired\":true,\"valueName\":\"search_term_string\"}}],\"inLanguage\":\"fr-CA\"},{\"@type\":\"Person\",\"@id\":\"https:\/\/www.uqac.ca\/uqactualites\/#\/schema\/person\/366c45a0c4f0e677b41b4af5886e2018\",\"name\":\"Service des communications et des relations publiques\",\"image\":{\"@type\":\"ImageObject\",\"inLanguage\":\"fr-CA\",\"@id\":\"https:\/\/www.uqac.ca\/uqactualites\/#\/schema\/person\/image\/\",\"url\":\"https:\/\/secure.gravatar.com\/avatar\/20fbbda8a292f59f2d3461a5b999c00b?s=96&d=mm&r=g\",\"contentUrl\":\"https:\/\/secure.gravatar.com\/avatar\/20fbbda8a292f59f2d3461a5b999c00b?s=96&d=mm&r=g\",\"caption\":\"Service des communications et des relations publiques\"},\"url\":\"https:\/\/www.uqac.ca\/uqactualites\/author\/bap\/\"}]}<\/script>\r\n<!-- \/ Yoast SEO plugin. -->","yoast_head_json":{"title":"\u00c9lisabeth Kaine nomm\u00e9e au Cercle d\u2019excellence de l\u2019Universit\u00e9 du Qu\u00e9bec - UQACtualit\u00e9s","robots":{"index":"index","follow":"follow","max-snippet":"max-snippet:-1","max-image-preview":"max-image-preview:large","max-video-preview":"max-video-preview:-1"},"canonical":"https:\/\/www.uqac.ca\/uqactualites\/2015\/10\/27\/elisabeth-kaine-cercle-dexcellence\/","og_locale":"fr_CA","og_type":"article","og_title":"\u00c9lisabeth Kaine nomm\u00e9e au Cercle d\u2019excellence de l\u2019Universit\u00e9 du Qu\u00e9bec - UQACtualit\u00e9s","og_description":"\u00c9lisabeth Kaine, professeure-chercheuse en design et transmission culturelle au D\u00e9partement des arts et lettres de l\u2019UQAC, a \u00e9t\u00e9 nomm\u00e9e, en septembre dernier, au Cercle d\u2019excellence de l\u2019Universit\u00e9 du Qu\u00e9bec. \u00c9lisabeth Kaine est l\u2019une des rares chercheuses universitaires d\u2019origine autochtone (Huronne-Wendate). Elle poss\u00e8de une longue exp\u00e9rience de direction de projets en partenariat avec les Premi\u00e8res Nations [&hellip;]","og_url":"https:\/\/www.uqac.ca\/uqactualites\/2015\/10\/27\/elisabeth-kaine-cercle-dexcellence\/","og_site_name":"UQACtualit\u00e9s","article_published_time":"2015-10-27T15:00:28+00:00","og_image":[{"width":1152,"height":557,"url":"https:\/\/www.uqac.ca\/uqactualites\/wp-content\/uploads\/2015\/10\/Elizabeth_kaine2.jpg","type":"image\/jpeg"}],"author":"Service des communications et des relations publiques","twitter_card":"summary_large_image","twitter_misc":{"\u00c9crit par":"Service des communications et des relations publiques","Estimation du temps de lecture":"3 minutes"},"schema":{"@context":"https:\/\/schema.org","@graph":[{"@type":"WebPage","@id":"https:\/\/www.uqac.ca\/uqactualites\/2015\/10\/27\/elisabeth-kaine-cercle-dexcellence\/","url":"https:\/\/www.uqac.ca\/uqactualites\/2015\/10\/27\/elisabeth-kaine-cercle-dexcellence\/","name":"\u00c9lisabeth Kaine nomm\u00e9e au Cercle d\u2019excellence de l\u2019Universit\u00e9 du Qu\u00e9bec - UQACtualit\u00e9s","isPartOf":{"@id":"https:\/\/www.uqac.ca\/uqactualites\/#website"},"primaryImageOfPage":{"@id":"https:\/\/www.uqac.ca\/uqactualites\/2015\/10\/27\/elisabeth-kaine-cercle-dexcellence\/#primaryimage"},"image":{"@id":"https:\/\/www.uqac.ca\/uqactualites\/2015\/10\/27\/elisabeth-kaine-cercle-dexcellence\/#primaryimage"},"thumbnailUrl":"https:\/\/www.uqac.ca\/uqactualites\/wp-content\/uploads\/2015\/10\/Elizabeth_kaine2.jpg","datePublished":"2015-10-27T15:00:28+00:00","dateModified":"2015-10-27T15:00:28+00:00","author":{"@id":"https:\/\/www.uqac.ca\/uqactualites\/#\/schema\/person\/366c45a0c4f0e677b41b4af5886e2018"},"breadcrumb":{"@id":"https:\/\/www.uqac.ca\/uqactualites\/2015\/10\/27\/elisabeth-kaine-cercle-dexcellence\/#breadcrumb"},"inLanguage":"fr-CA","potentialAction":[{"@type":"ReadAction","target":["https:\/\/www.uqac.ca\/uqactualites\/2015\/10\/27\/elisabeth-kaine-cercle-dexcellence\/"]}]},{"@type":"ImageObject","inLanguage":"fr-CA","@id":"https:\/\/www.uqac.ca\/uqactualites\/2015\/10\/27\/elisabeth-kaine-cercle-dexcellence\/#primaryimage","url":"https:\/\/www.uqac.ca\/uqactualites\/wp-content\/uploads\/2015\/10\/Elizabeth_kaine2.jpg","contentUrl":"https:\/\/www.uqac.ca\/uqactualites\/wp-content\/uploads\/2015\/10\/Elizabeth_kaine2.jpg","width":1152,"height":557},{"@type":"BreadcrumbList","@id":"https:\/\/www.uqac.ca\/uqactualites\/2015\/10\/27\/elisabeth-kaine-cercle-dexcellence\/#breadcrumb","itemListElement":[{"@type":"ListItem","position":1,"name":"Home","item":"https:\/\/www.uqac.ca\/uqactualites\/"},{"@type":"ListItem","position":2,"name":"\u00c9lisabeth Kaine nomm\u00e9e au Cercle d\u2019excellence de l\u2019Universit\u00e9 du Qu\u00e9bec"}]},{"@type":"WebSite","@id":"https:\/\/www.uqac.ca\/uqactualites\/#website","url":"https:\/\/www.uqac.ca\/uqactualites\/","name":"UQACtualit\u00e9s","description":"Le portail des nouvelles de l&#039;UQAC","potentialAction":[{"@type":"SearchAction","target":{"@type":"EntryPoint","urlTemplate":"https:\/\/www.uqac.ca\/uqactualites\/?s={search_term_string}"},"query-input":{"@type":"PropertyValueSpecification","valueRequired":true,"valueName":"search_term_string"}}],"inLanguage":"fr-CA"},{"@type":"Person","@id":"https:\/\/www.uqac.ca\/uqactualites\/#\/schema\/person\/366c45a0c4f0e677b41b4af5886e2018","name":"Service des communications et des relations publiques","image":{"@type":"ImageObject","inLanguage":"fr-CA","@id":"https:\/\/www.uqac.ca\/uqactualites\/#\/schema\/person\/image\/","url":"https:\/\/secure.gravatar.com\/avatar\/20fbbda8a292f59f2d3461a5b999c00b?s=96&d=mm&r=g","contentUrl":"https:\/\/secure.gravatar.com\/avatar\/20fbbda8a292f59f2d3461a5b999c00b?s=96&d=mm&r=g","caption":"Service des communications et des relations publiques"},"url":"https:\/\/www.uqac.ca\/uqactualites\/author\/bap\/"}]}},"_links":{"self":[{"href":"https:\/\/www.uqac.ca\/uqactualites\/wp-json\/wp\/v2\/posts\/30996"}],"collection":[{"href":"https:\/\/www.uqac.ca\/uqactualites\/wp-json\/wp\/v2\/posts"}],"about":[{"href":"https:\/\/www.uqac.ca\/uqactualites\/wp-json\/wp\/v2\/types\/post"}],"author":[{"embeddable":true,"href":"https:\/\/www.uqac.ca\/uqactualites\/wp-json\/wp\/v2\/users\/5"}],"replies":[{"embeddable":true,"href":"https:\/\/www.uqac.ca\/uqactualites\/wp-json\/wp\/v2\/comments?post=30996"}],"version-history":[{"count":0,"href":"https:\/\/www.uqac.ca\/uqactualites\/wp-json\/wp\/v2\/posts\/30996\/revisions"}],"wp:featuredmedia":[{"embeddable":true,"href":"https:\/\/www.uqac.ca\/uqactualites\/wp-json\/wp\/v2\/media\/31001"}],"wp:attachment":[{"href":"https:\/\/www.uqac.ca\/uqactualites\/wp-json\/wp\/v2\/media?parent=30996"}],"wp:term":[{"taxonomy":"category","embeddable":true,"href":"https:\/\/www.uqac.ca\/uqactualites\/wp-json\/wp\/v2\/categories?post=30996"},{"taxonomy":"post_tag","embeddable":true,"href":"https:\/\/www.uqac.ca\/uqactualites\/wp-json\/wp\/v2\/tags?post=30996"}],"curies":[{"name":"wp","href":"https:\/\/api.w.org\/{rel}","templated":true}]}}