{"id":30998,"date":"2015-10-27T11:03:54","date_gmt":"2015-10-27T15:03:54","guid":{"rendered":"http:\/\/uqactualite.odev.ca\/?p=30998"},"modified":"2015-10-27T11:03:54","modified_gmt":"2015-10-27T15:03:54","slug":"lukas-dion-doctorant-en-ingenierie-de-luqac-nomme-membre-dun-comite-international","status":"publish","type":"post","link":"https:\/\/www.uqac.ca\/uqactualites\/2015\/10\/27\/lukas-dion-doctorant-en-ingenierie-de-luqac-nomme-membre-dun-comite-international\/","title":{"rendered":"Lukas Dion, doctorant en ing\u00e9nierie de l\u2019UQAC nomm\u00e9 membre d\u2019un comit\u00e9 international"},"content":{"rendered":"<p style=\"text-align: justify\">L\u2019Institut International de l\u2019Aluminium a cr\u00e9\u00e9 un groupe de travail sur l\u2019\u00e9mission des gaz \u00e0 effet de serre. Notre \u00e9tudiant au doctorat, Lukas Dion, boursier BMP de la compagnie Aluminerie Alouette, a \u00e9t\u00e9 \u00e9lu membre de ce comit\u00e9 qui regroupe une dizaine de chercheurs et chercheuses renomm\u00e9s \u00e0 travers l\u2019industrie de production d\u2019aluminium primaire. Au cours des prochaines ann\u00e9es, les membres de ce groupe se r\u00e9uniront \u00e0 plusieurs reprises et travailleront conjointement de fa\u00e7on \u00e0 red\u00e9finir une m\u00e9thodologie ad\u00e9quate pour la quantification des perfluorocarbures issus de la production de l\u2019aluminium valide pour l\u2019ensemble des alumineries de la plan\u00e8te.<\/p>\n<p style=\"text-align: justify\">L\u2019Universit\u00e9 du Qu\u00e9bec \u00e0 Chicoutimi tient \u00e0 f\u00e9liciter monsieur Lukas Dion!<\/p>\n<p>Photo\u00a0: les membres du comit\u00e9 durant leur r\u00e9union \u00e0 Londres au d\u00e9but du mois d\u2019octobre. Lukas Dion est le 3<sup>e<\/sup> \u00e0 partir de la gauche.<\/p>\n<p>&nbsp;<\/p>\n<address>Source:<\/address>\n<address>Bureau des affaires publiques de l&rsquo;UQAC<\/address>\n<p style=\"text-align: justify\">\n","protected":false},"excerpt":{"rendered":"<p>L\u2019Institut International de l\u2019Aluminium a cr\u00e9\u00e9 un groupe de travail sur l\u2019\u00e9mission des gaz \u00e0 effet de serre. Notre \u00e9tudiant au doctorat, Lukas Dion, boursier BMP de la compagnie Aluminerie Alouette, a \u00e9t\u00e9 \u00e9lu membre de ce comit\u00e9 qui regroupe une dizaine de chercheurs et chercheuses renomm\u00e9s \u00e0 travers l\u2019industrie de production d\u2019aluminium primaire. Au [&hellip;]<\/p>\n","protected":false},"author":5,"featured_media":31000,"comment_status":"open","ping_status":"open","sticky":false,"template":"","format":"standard","meta":{"footnotes":""},"categories":[2],"tags":[],"yoast_head":"<!-- This site is optimized with the Yoast SEO plugin v24.2 - https:\/\/yoast.com\/wordpress\/plugins\/seo\/ -->\r\n<title>Lukas Dion, doctorant en ing\u00e9nierie de l\u2019UQAC nomm\u00e9 membre d\u2019un comit\u00e9 international - UQACtualit\u00e9s<\/title>\r\n<meta name=\"robots\" content=\"index, follow, max-snippet:-1, max-image-preview:large, max-video-preview:-1\" \/>\r\n<link rel=\"canonical\" href=\"https:\/\/www.uqac.ca\/uqactualites\/2015\/10\/27\/lukas-dion-doctorant-en-ingenierie-de-luqac-nomme-membre-dun-comite-international\/\" \/>\r\n<meta property=\"og:locale\" content=\"fr_CA\" \/>\r\n<meta property=\"og:type\" content=\"article\" \/>\r\n<meta property=\"og:title\" content=\"Lukas Dion, doctorant en ing\u00e9nierie de l\u2019UQAC nomm\u00e9 membre d\u2019un comit\u00e9 international - UQACtualit\u00e9s\" \/>\r\n<meta property=\"og:description\" content=\"L\u2019Institut International de l\u2019Aluminium a cr\u00e9\u00e9 un groupe de travail sur l\u2019\u00e9mission des gaz \u00e0 effet de serre. Notre \u00e9tudiant au doctorat, Lukas Dion, boursier BMP de la compagnie Aluminerie Alouette, a \u00e9t\u00e9 \u00e9lu membre de ce comit\u00e9 qui regroupe une dizaine de chercheurs et chercheuses renomm\u00e9s \u00e0 travers l\u2019industrie de production d\u2019aluminium primaire. Au [&hellip;]\" \/>\r\n<meta property=\"og:url\" content=\"https:\/\/www.uqac.ca\/uqactualites\/2015\/10\/27\/lukas-dion-doctorant-en-ingenierie-de-luqac-nomme-membre-dun-comite-international\/\" \/>\r\n<meta property=\"og:site_name\" content=\"UQACtualit\u00e9s\" \/>\r\n<meta property=\"article:published_time\" content=\"2015-10-27T15:03:54+00:00\" \/>\r\n<meta property=\"og:image\" content=\"https:\/\/www.uqac.ca\/uqactualites\/wp-content\/uploads\/2015\/10\/GRAF_UqactualiteComit\u00e9-IAIA15.jpg\" \/>\r\n\t<meta property=\"og:image:width\" content=\"620\" \/>\r\n\t<meta property=\"og:image:height\" content=\"300\" \/>\r\n\t<meta property=\"og:image:type\" content=\"image\/jpeg\" \/>\r\n<meta name=\"author\" content=\"Service des communications et des relations publiques\" \/>\r\n<meta name=\"twitter:card\" content=\"summary_large_image\" \/>\r\n<meta name=\"twitter:label1\" content=\"\u00c9crit par\" \/>\n\t<meta name=\"twitter:data1\" content=\"Service des communications et des relations publiques\" \/>\n\t<meta name=\"twitter:label2\" content=\"Estimation du temps de lecture\" \/>\n\t<meta name=\"twitter:data2\" content=\"1 minute\" \/>\r\n<script type=\"application\/ld+json\" class=\"yoast-schema-graph\">{\"@context\":\"https:\/\/schema.org\",\"@graph\":[{\"@type\":\"WebPage\",\"@id\":\"https:\/\/www.uqac.ca\/uqactualites\/2015\/10\/27\/lukas-dion-doctorant-en-ingenierie-de-luqac-nomme-membre-dun-comite-international\/\",\"url\":\"https:\/\/www.uqac.ca\/uqactualites\/2015\/10\/27\/lukas-dion-doctorant-en-ingenierie-de-luqac-nomme-membre-dun-comite-international\/\",\"name\":\"Lukas Dion, doctorant en ing\u00e9nierie de l\u2019UQAC nomm\u00e9 membre d\u2019un comit\u00e9 international - UQACtualit\u00e9s\",\"isPartOf\":{\"@id\":\"https:\/\/www.uqac.ca\/uqactualites\/#website\"},\"primaryImageOfPage\":{\"@id\":\"https:\/\/www.uqac.ca\/uqactualites\/2015\/10\/27\/lukas-dion-doctorant-en-ingenierie-de-luqac-nomme-membre-dun-comite-international\/#primaryimage\"},\"image\":{\"@id\":\"https:\/\/www.uqac.ca\/uqactualites\/2015\/10\/27\/lukas-dion-doctorant-en-ingenierie-de-luqac-nomme-membre-dun-comite-international\/#primaryimage\"},\"thumbnailUrl\":\"https:\/\/www.uqac.ca\/uqactualites\/wp-content\/uploads\/2015\/10\/GRAF_UqactualiteComit\u00e9-IAIA15.jpg\",\"datePublished\":\"2015-10-27T15:03:54+00:00\",\"dateModified\":\"2015-10-27T15:03:54+00:00\",\"author\":{\"@id\":\"https:\/\/www.uqac.ca\/uqactualites\/#\/schema\/person\/366c45a0c4f0e677b41b4af5886e2018\"},\"breadcrumb\":{\"@id\":\"https:\/\/www.uqac.ca\/uqactualites\/2015\/10\/27\/lukas-dion-doctorant-en-ingenierie-de-luqac-nomme-membre-dun-comite-international\/#breadcrumb\"},\"inLanguage\":\"fr-CA\",\"potentialAction\":[{\"@type\":\"ReadAction\",\"target\":[\"https:\/\/www.uqac.ca\/uqactualites\/2015\/10\/27\/lukas-dion-doctorant-en-ingenierie-de-luqac-nomme-membre-dun-comite-international\/\"]}]},{\"@type\":\"ImageObject\",\"inLanguage\":\"fr-CA\",\"@id\":\"https:\/\/www.uqac.ca\/uqactualites\/2015\/10\/27\/lukas-dion-doctorant-en-ingenierie-de-luqac-nomme-membre-dun-comite-international\/#primaryimage\",\"url\":\"https:\/\/www.uqac.ca\/uqactualites\/wp-content\/uploads\/2015\/10\/GRAF_UqactualiteComit\u00e9-IAIA15.jpg\",\"contentUrl\":\"https:\/\/www.uqac.ca\/uqactualites\/wp-content\/uploads\/2015\/10\/GRAF_UqactualiteComit\u00e9-IAIA15.jpg\",\"width\":620,\"height\":300},{\"@type\":\"BreadcrumbList\",\"@id\":\"https:\/\/www.uqac.ca\/uqactualites\/2015\/10\/27\/lukas-dion-doctorant-en-ingenierie-de-luqac-nomme-membre-dun-comite-international\/#breadcrumb\",\"itemListElement\":[{\"@type\":\"ListItem\",\"position\":1,\"name\":\"Home\",\"item\":\"https:\/\/www.uqac.ca\/uqactualites\/\"},{\"@type\":\"ListItem\",\"position\":2,\"name\":\"Lukas Dion, doctorant en ing\u00e9nierie de l\u2019UQAC nomm\u00e9 membre d\u2019un comit\u00e9 international\"}]},{\"@type\":\"WebSite\",\"@id\":\"https:\/\/www.uqac.ca\/uqactualites\/#website\",\"url\":\"https:\/\/www.uqac.ca\/uqactualites\/\",\"name\":\"UQACtualit\u00e9s\",\"description\":\"Le portail des nouvelles de l&#039;UQAC\",\"potentialAction\":[{\"@type\":\"SearchAction\",\"target\":{\"@type\":\"EntryPoint\",\"urlTemplate\":\"https:\/\/www.uqac.ca\/uqactualites\/?s={search_term_string}\"},\"query-input\":{\"@type\":\"PropertyValueSpecification\",\"valueRequired\":true,\"valueName\":\"search_term_string\"}}],\"inLanguage\":\"fr-CA\"},{\"@type\":\"Person\",\"@id\":\"https:\/\/www.uqac.ca\/uqactualites\/#\/schema\/person\/366c45a0c4f0e677b41b4af5886e2018\",\"name\":\"Service des communications et des relations publiques\",\"image\":{\"@type\":\"ImageObject\",\"inLanguage\":\"fr-CA\",\"@id\":\"https:\/\/www.uqac.ca\/uqactualites\/#\/schema\/person\/image\/\",\"url\":\"https:\/\/secure.gravatar.com\/avatar\/20fbbda8a292f59f2d3461a5b999c00b?s=96&d=mm&r=g\",\"contentUrl\":\"https:\/\/secure.gravatar.com\/avatar\/20fbbda8a292f59f2d3461a5b999c00b?s=96&d=mm&r=g\",\"caption\":\"Service des communications et des relations publiques\"},\"url\":\"https:\/\/www.uqac.ca\/uqactualites\/author\/bap\/\"}]}<\/script>\r\n<!-- \/ Yoast SEO plugin. -->","yoast_head_json":{"title":"Lukas Dion, doctorant en ing\u00e9nierie de l\u2019UQAC nomm\u00e9 membre d\u2019un comit\u00e9 international - UQACtualit\u00e9s","robots":{"index":"index","follow":"follow","max-snippet":"max-snippet:-1","max-image-preview":"max-image-preview:large","max-video-preview":"max-video-preview:-1"},"canonical":"https:\/\/www.uqac.ca\/uqactualites\/2015\/10\/27\/lukas-dion-doctorant-en-ingenierie-de-luqac-nomme-membre-dun-comite-international\/","og_locale":"fr_CA","og_type":"article","og_title":"Lukas Dion, doctorant en ing\u00e9nierie de l\u2019UQAC nomm\u00e9 membre d\u2019un comit\u00e9 international - UQACtualit\u00e9s","og_description":"L\u2019Institut International de l\u2019Aluminium a cr\u00e9\u00e9 un groupe de travail sur l\u2019\u00e9mission des gaz \u00e0 effet de serre. Notre \u00e9tudiant au doctorat, Lukas Dion, boursier BMP de la compagnie Aluminerie Alouette, a \u00e9t\u00e9 \u00e9lu membre de ce comit\u00e9 qui regroupe une dizaine de chercheurs et chercheuses renomm\u00e9s \u00e0 travers l\u2019industrie de production d\u2019aluminium primaire. Au [&hellip;]","og_url":"https:\/\/www.uqac.ca\/uqactualites\/2015\/10\/27\/lukas-dion-doctorant-en-ingenierie-de-luqac-nomme-membre-dun-comite-international\/","og_site_name":"UQACtualit\u00e9s","article_published_time":"2015-10-27T15:03:54+00:00","og_image":[{"width":620,"height":300,"url":"https:\/\/www.uqac.ca\/uqactualites\/wp-content\/uploads\/2015\/10\/GRAF_UqactualiteComit\u00e9-IAIA15.jpg","type":"image\/jpeg"}],"author":"Service des communications et des relations publiques","twitter_card":"summary_large_image","twitter_misc":{"\u00c9crit par":"Service des communications et des relations publiques","Estimation du temps de lecture":"1 minute"},"schema":{"@context":"https:\/\/schema.org","@graph":[{"@type":"WebPage","@id":"https:\/\/www.uqac.ca\/uqactualites\/2015\/10\/27\/lukas-dion-doctorant-en-ingenierie-de-luqac-nomme-membre-dun-comite-international\/","url":"https:\/\/www.uqac.ca\/uqactualites\/2015\/10\/27\/lukas-dion-doctorant-en-ingenierie-de-luqac-nomme-membre-dun-comite-international\/","name":"Lukas Dion, doctorant en ing\u00e9nierie de l\u2019UQAC nomm\u00e9 membre d\u2019un comit\u00e9 international - UQACtualit\u00e9s","isPartOf":{"@id":"https:\/\/www.uqac.ca\/uqactualites\/#website"},"primaryImageOfPage":{"@id":"https:\/\/www.uqac.ca\/uqactualites\/2015\/10\/27\/lukas-dion-doctorant-en-ingenierie-de-luqac-nomme-membre-dun-comite-international\/#primaryimage"},"image":{"@id":"https:\/\/www.uqac.ca\/uqactualites\/2015\/10\/27\/lukas-dion-doctorant-en-ingenierie-de-luqac-nomme-membre-dun-comite-international\/#primaryimage"},"thumbnailUrl":"https:\/\/www.uqac.ca\/uqactualites\/wp-content\/uploads\/2015\/10\/GRAF_UqactualiteComit\u00e9-IAIA15.jpg","datePublished":"2015-10-27T15:03:54+00:00","dateModified":"2015-10-27T15:03:54+00:00","author":{"@id":"https:\/\/www.uqac.ca\/uqactualites\/#\/schema\/person\/366c45a0c4f0e677b41b4af5886e2018"},"breadcrumb":{"@id":"https:\/\/www.uqac.ca\/uqactualites\/2015\/10\/27\/lukas-dion-doctorant-en-ingenierie-de-luqac-nomme-membre-dun-comite-international\/#breadcrumb"},"inLanguage":"fr-CA","potentialAction":[{"@type":"ReadAction","target":["https:\/\/www.uqac.ca\/uqactualites\/2015\/10\/27\/lukas-dion-doctorant-en-ingenierie-de-luqac-nomme-membre-dun-comite-international\/"]}]},{"@type":"ImageObject","inLanguage":"fr-CA","@id":"https:\/\/www.uqac.ca\/uqactualites\/2015\/10\/27\/lukas-dion-doctorant-en-ingenierie-de-luqac-nomme-membre-dun-comite-international\/#primaryimage","url":"https:\/\/www.uqac.ca\/uqactualites\/wp-content\/uploads\/2015\/10\/GRAF_UqactualiteComit\u00e9-IAIA15.jpg","contentUrl":"https:\/\/www.uqac.ca\/uqactualites\/wp-content\/uploads\/2015\/10\/GRAF_UqactualiteComit\u00e9-IAIA15.jpg","width":620,"height":300},{"@type":"BreadcrumbList","@id":"https:\/\/www.uqac.ca\/uqactualites\/2015\/10\/27\/lukas-dion-doctorant-en-ingenierie-de-luqac-nomme-membre-dun-comite-international\/#breadcrumb","itemListElement":[{"@type":"ListItem","position":1,"name":"Home","item":"https:\/\/www.uqac.ca\/uqactualites\/"},{"@type":"ListItem","position":2,"name":"Lukas Dion, doctorant en ing\u00e9nierie de l\u2019UQAC nomm\u00e9 membre d\u2019un comit\u00e9 international"}]},{"@type":"WebSite","@id":"https:\/\/www.uqac.ca\/uqactualites\/#website","url":"https:\/\/www.uqac.ca\/uqactualites\/","name":"UQACtualit\u00e9s","description":"Le portail des nouvelles de l&#039;UQAC","potentialAction":[{"@type":"SearchAction","target":{"@type":"EntryPoint","urlTemplate":"https:\/\/www.uqac.ca\/uqactualites\/?s={search_term_string}"},"query-input":{"@type":"PropertyValueSpecification","valueRequired":true,"valueName":"search_term_string"}}],"inLanguage":"fr-CA"},{"@type":"Person","@id":"https:\/\/www.uqac.ca\/uqactualites\/#\/schema\/person\/366c45a0c4f0e677b41b4af5886e2018","name":"Service des communications et des relations publiques","image":{"@type":"ImageObject","inLanguage":"fr-CA","@id":"https:\/\/www.uqac.ca\/uqactualites\/#\/schema\/person\/image\/","url":"https:\/\/secure.gravatar.com\/avatar\/20fbbda8a292f59f2d3461a5b999c00b?s=96&d=mm&r=g","contentUrl":"https:\/\/secure.gravatar.com\/avatar\/20fbbda8a292f59f2d3461a5b999c00b?s=96&d=mm&r=g","caption":"Service des communications et des relations publiques"},"url":"https:\/\/www.uqac.ca\/uqactualites\/author\/bap\/"}]}},"_links":{"self":[{"href":"https:\/\/www.uqac.ca\/uqactualites\/wp-json\/wp\/v2\/posts\/30998"}],"collection":[{"href":"https:\/\/www.uqac.ca\/uqactualites\/wp-json\/wp\/v2\/posts"}],"about":[{"href":"https:\/\/www.uqac.ca\/uqactualites\/wp-json\/wp\/v2\/types\/post"}],"author":[{"embeddable":true,"href":"https:\/\/www.uqac.ca\/uqactualites\/wp-json\/wp\/v2\/users\/5"}],"replies":[{"embeddable":true,"href":"https:\/\/www.uqac.ca\/uqactualites\/wp-json\/wp\/v2\/comments?post=30998"}],"version-history":[{"count":0,"href":"https:\/\/www.uqac.ca\/uqactualites\/wp-json\/wp\/v2\/posts\/30998\/revisions"}],"wp:featuredmedia":[{"embeddable":true,"href":"https:\/\/www.uqac.ca\/uqactualites\/wp-json\/wp\/v2\/media\/31000"}],"wp:attachment":[{"href":"https:\/\/www.uqac.ca\/uqactualites\/wp-json\/wp\/v2\/media?parent=30998"}],"wp:term":[{"taxonomy":"category","embeddable":true,"href":"https:\/\/www.uqac.ca\/uqactualites\/wp-json\/wp\/v2\/categories?post=30998"},{"taxonomy":"post_tag","embeddable":true,"href":"https:\/\/www.uqac.ca\/uqactualites\/wp-json\/wp\/v2\/tags?post=30998"}],"curies":[{"name":"wp","href":"https:\/\/api.w.org\/{rel}","templated":true}]}}