{"id":310,"date":"2023-05-02T12:34:46","date_gmt":"2023-05-02T12:34:46","guid":{"rendered":"https:\/\/www.uqac.ca\/blogue-recteur\/?p=310"},"modified":"2024-08-07T11:58:50","modified_gmt":"2024-08-07T15:58:50","slug":"un-mois-de-mai-effervescent-a-luqac","status":"publish","type":"post","link":"https:\/\/www.uqac.ca\/uqactualites\/2023\/05\/02\/un-mois-de-mai-effervescent-a-luqac\/","title":{"rendered":"Une semaine effervescente \u00e0 l&rsquo;UQAC"},"content":{"rendered":"<p>D\u00e9cid\u00e9ment, un \u00e9v\u00e9nement n\u2019attend pas l\u2019autre \u00e0 l\u2019UQAC ces jours-ci. Apr\u00e8s une collation des grades r\u00e9ussie o\u00f9 on peut se dire \u00ab mission accomplie \u00bb, les pr\u00e9paratifs pour la toute premi\u00e8re \u00e9dition de la Journ\u00e9e de la recherche et de la cr\u00e9ation battent leur plein et plusieurs d\u2019entre vous y sont mobilis\u00e9s pour accueillir bon nombre de visiteurs et de partenaires. Cette journ\u00e9e est l\u2019occasion d\u2019ouvrir les portes de notre campus universitaire et de faire d\u00e9couvrir les projets de recherche et de cr\u00e9ation qui animent la communaut\u00e9 universitaire, les infrastructures et les nombreuses expertises de nos professeurs-chercheurs et des professeures-chercheuses. Pour le personnel employ\u00e9, prenez cette invitation comme une occasion de mieux conna\u00eetre votre universit\u00e9 et de d\u00e9couvrir plusieurs projets de recherche \u00e9tonnants. Je serai tr\u00e8s heureux de vous y rencontrer!<\/p>\n<p>L\u2019UQAC joue sans fronti\u00e8res, un r\u00f4le de premier plan non seulement pour la formation de personnes dans toutes les sph\u00e8res de la soci\u00e9t\u00e9, mais est devenu un acteur de premier plan pour des projets de recherche et de cr\u00e9ation touchant la r\u00e9alit\u00e9 des communaut\u00e9s et des organisations en constante mutation, les innovations technologiques et sociales, la culture, l\u2019\u00e9ducation, la sant\u00e9 et l\u2019environnement. En recherche et cr\u00e9ation, notre universit\u00e9 mise sur la proximit\u00e9, l\u2019interdisciplinarit\u00e9 et le partenariat. D\u2019ailleurs, ce jeudi 4 mai, nous aurons l\u2019occasion de lancer <a href=\"https:\/\/www.uqac.ca\/uqactualites\/2023\/05\/04\/lumr-inrs-uqac-lance-sa-programmation-scientifique\/\" target=\"_blank\" rel=\"noopener\">la programmation scientifique de l\u2019Unit\u00e9 mixte de recherche INRS-UQAC<\/a> en <a href=\"https:\/\/cisd.uqac.ca\/\" target=\"_blank\" rel=\"noopener\">sant\u00e9 durable<\/a> ayant pour th\u00e8me \u00ab du g\u00e8ne au m\u00e9dicament \u00bb. Concr\u00e8tement, cette UMR permet de faire face aux grands enjeux de soci\u00e9t\u00e9, principalement dans les domaines des d\u00e9terminants g\u00e9n\u00e9tiques et \u00e9pig\u00e9n\u00e9tiques, ainsi que de la chimie th\u00e9rapeutique. La r\u00e9gion du Saguenay\u2013Lac-Saint-Jean \u00e9tant d\u00e9j\u00e0 reconnue comme p\u00f4le national de recherche en sant\u00e9 durable, je suis convaincu que l\u2019\u00e9quipe professorale consolidera et bonifiera le leadership du Qu\u00e9bec dans ce domaine.<\/p>\n","protected":false},"excerpt":{"rendered":"<p>D\u00e9cid\u00e9ment, un \u00e9v\u00e9nement n\u2019attend pas l\u2019autre \u00e0 l\u2019UQAC ces jours-ci. Apr\u00e8s une collation des grades r\u00e9ussie o\u00f9 on peut se dire \u00ab mission accomplie \u00bb, les pr\u00e9paratifs pour la toute premi\u00e8re \u00e9dition de la Journ\u00e9e de la recherche et de la cr\u00e9ation battent leur plein et plusieurs d\u2019entre vous y sont mobilis\u00e9s pour accueillir bon [&hellip;]<\/p>\n","protected":false},"author":10,"featured_media":311,"comment_status":"closed","ping_status":"closed","sticky":false,"template":"","format":"standard","meta":{"footnotes":""},"categories":[2792,1,2793],"tags":[],"yoast_head":"<!-- This site is optimized with the Yoast SEO plugin v24.2 - https:\/\/yoast.com\/wordpress\/plugins\/seo\/ -->\r\n<title>Une semaine effervescente \u00e0 l&#039;UQAC - UQACtualit\u00e9s<\/title>\r\n<meta name=\"description\" content=\"Les pr\u00e9paratifs pour la toute premi\u00e8re \u00e9dition de la Journ\u00e9e de la recherche et de la cr\u00e9ation battent leur plein cette semaine.\" \/>\r\n<meta name=\"robots\" content=\"index, follow, max-snippet:-1, max-image-preview:large, max-video-preview:-1\" \/>\r\n<link rel=\"canonical\" href=\"https:\/\/www.uqac.ca\/uqactualites\/2023\/05\/02\/un-mois-de-mai-effervescent-a-luqac\/\" \/>\r\n<meta property=\"og:locale\" content=\"fr_CA\" \/>\r\n<meta property=\"og:type\" content=\"article\" \/>\r\n<meta property=\"og:title\" content=\"Une semaine effervescente \u00e0 l&#039;UQAC - UQACtualit\u00e9s\" \/>\r\n<meta property=\"og:description\" content=\"Les pr\u00e9paratifs pour la toute premi\u00e8re \u00e9dition de la Journ\u00e9e de la recherche et de la cr\u00e9ation battent leur plein cette semaine.\" \/>\r\n<meta property=\"og:url\" content=\"https:\/\/www.uqac.ca\/uqactualites\/2023\/05\/02\/un-mois-de-mai-effervescent-a-luqac\/\" \/>\r\n<meta property=\"og:site_name\" content=\"UQACtualit\u00e9s\" \/>\r\n<meta property=\"article:published_time\" content=\"2023-05-02T12:34:46+00:00\" \/>\r\n<meta property=\"article:modified_time\" content=\"2024-08-07T15:58:50+00:00\" \/>\r\n<meta property=\"og:image\" content=\"https:\/\/www.uqac.ca\/uqactualites\/wp-content\/uploads\/2023\/05\/NUM_Uqac_FbkCouv851x315-02.jpg\" \/>\r\n\t<meta property=\"og:image:width\" content=\"852\" \/>\r\n\t<meta property=\"og:image:height\" content=\"361\" \/>\r\n\t<meta property=\"og:image:type\" content=\"image\/jpeg\" \/>\r\n<meta name=\"author\" content=\"Ghislain Samson\" \/>\r\n<meta name=\"twitter:card\" content=\"summary_large_image\" \/>\r\n<meta name=\"twitter:label1\" content=\"\u00c9crit par\" \/>\n\t<meta name=\"twitter:data1\" content=\"Ghislain Samson\" \/>\n\t<meta name=\"twitter:label2\" content=\"Estimation du temps de lecture\" \/>\n\t<meta name=\"twitter:data2\" content=\"2 minutes\" \/>\r\n<script type=\"application\/ld+json\" class=\"yoast-schema-graph\">{\"@context\":\"https:\/\/schema.org\",\"@graph\":[{\"@type\":\"WebPage\",\"@id\":\"https:\/\/www.uqac.ca\/uqactualites\/2023\/05\/02\/un-mois-de-mai-effervescent-a-luqac\/\",\"url\":\"https:\/\/www.uqac.ca\/uqactualites\/2023\/05\/02\/un-mois-de-mai-effervescent-a-luqac\/\",\"name\":\"Une semaine effervescente \u00e0 l'UQAC - UQACtualit\u00e9s\",\"isPartOf\":{\"@id\":\"https:\/\/www.uqac.ca\/uqactualites\/#website\"},\"primaryImageOfPage\":{\"@id\":\"https:\/\/www.uqac.ca\/uqactualites\/2023\/05\/02\/un-mois-de-mai-effervescent-a-luqac\/#primaryimage\"},\"image\":{\"@id\":\"https:\/\/www.uqac.ca\/uqactualites\/2023\/05\/02\/un-mois-de-mai-effervescent-a-luqac\/#primaryimage\"},\"thumbnailUrl\":\"https:\/\/www.uqac.ca\/uqactualites\/wp-content\/uploads\/2023\/05\/NUM_Uqac_FbkCouv851x315-02.jpg\",\"datePublished\":\"2023-05-02T12:34:46+00:00\",\"dateModified\":\"2024-08-07T15:58:50+00:00\",\"author\":{\"@id\":\"https:\/\/www.uqac.ca\/uqactualites\/#\/schema\/person\/ae2225f9f23eebff67a6e899225952fb\"},\"description\":\"Les pr\u00e9paratifs pour la toute premi\u00e8re \u00e9dition de la Journ\u00e9e de la recherche et de la cr\u00e9ation battent leur plein cette semaine.\",\"breadcrumb\":{\"@id\":\"https:\/\/www.uqac.ca\/uqactualites\/2023\/05\/02\/un-mois-de-mai-effervescent-a-luqac\/#breadcrumb\"},\"inLanguage\":\"fr-CA\",\"potentialAction\":[{\"@type\":\"ReadAction\",\"target\":[\"https:\/\/www.uqac.ca\/uqactualites\/2023\/05\/02\/un-mois-de-mai-effervescent-a-luqac\/\"]}]},{\"@type\":\"ImageObject\",\"inLanguage\":\"fr-CA\",\"@id\":\"https:\/\/www.uqac.ca\/uqactualites\/2023\/05\/02\/un-mois-de-mai-effervescent-a-luqac\/#primaryimage\",\"url\":\"https:\/\/www.uqac.ca\/uqactualites\/wp-content\/uploads\/2023\/05\/NUM_Uqac_FbkCouv851x315-02.jpg\",\"contentUrl\":\"https:\/\/www.uqac.ca\/uqactualites\/wp-content\/uploads\/2023\/05\/NUM_Uqac_FbkCouv851x315-02.jpg\",\"width\":852,\"height\":361,\"caption\":\"Journ\u00e9e de la recherche et de la cr\u00e9ation\"},{\"@type\":\"BreadcrumbList\",\"@id\":\"https:\/\/www.uqac.ca\/uqactualites\/2023\/05\/02\/un-mois-de-mai-effervescent-a-luqac\/#breadcrumb\",\"itemListElement\":[{\"@type\":\"ListItem\",\"position\":1,\"name\":\"Home\",\"item\":\"https:\/\/www.uqac.ca\/uqactualites\/\"},{\"@type\":\"ListItem\",\"position\":2,\"name\":\"Une semaine effervescente \u00e0 l&rsquo;UQAC\"}]},{\"@type\":\"WebSite\",\"@id\":\"https:\/\/www.uqac.ca\/uqactualites\/#website\",\"url\":\"https:\/\/www.uqac.ca\/uqactualites\/\",\"name\":\"UQACtualit\u00e9s\",\"description\":\"Le portail des nouvelles de l&#039;UQAC\",\"potentialAction\":[{\"@type\":\"SearchAction\",\"target\":{\"@type\":\"EntryPoint\",\"urlTemplate\":\"https:\/\/www.uqac.ca\/uqactualites\/?s={search_term_string}\"},\"query-input\":{\"@type\":\"PropertyValueSpecification\",\"valueRequired\":true,\"valueName\":\"search_term_string\"}}],\"inLanguage\":\"fr-CA\"},{\"@type\":\"Person\",\"@id\":\"https:\/\/www.uqac.ca\/uqactualites\/#\/schema\/person\/ae2225f9f23eebff67a6e899225952fb\",\"name\":\"Ghislain Samson\",\"image\":{\"@type\":\"ImageObject\",\"inLanguage\":\"fr-CA\",\"@id\":\"https:\/\/www.uqac.ca\/uqactualites\/#\/schema\/person\/image\/\",\"url\":\"https:\/\/secure.gravatar.com\/avatar\/61ad9756d7707fefb25ed321388b2105?s=96&d=mm&r=g\",\"contentUrl\":\"https:\/\/secure.gravatar.com\/avatar\/61ad9756d7707fefb25ed321388b2105?s=96&d=mm&r=g\",\"caption\":\"Ghislain Samson\"},\"url\":\"https:\/\/www.uqac.ca\/uqactualites\/author\/gsamson\/\"}]}<\/script>\r\n<!-- \/ Yoast SEO plugin. -->","yoast_head_json":{"title":"Une semaine effervescente \u00e0 l'UQAC - UQACtualit\u00e9s","description":"Les pr\u00e9paratifs pour la toute premi\u00e8re \u00e9dition de la Journ\u00e9e de la recherche et de la cr\u00e9ation battent leur plein cette semaine.","robots":{"index":"index","follow":"follow","max-snippet":"max-snippet:-1","max-image-preview":"max-image-preview:large","max-video-preview":"max-video-preview:-1"},"canonical":"https:\/\/www.uqac.ca\/uqactualites\/2023\/05\/02\/un-mois-de-mai-effervescent-a-luqac\/","og_locale":"fr_CA","og_type":"article","og_title":"Une semaine effervescente \u00e0 l'UQAC - UQACtualit\u00e9s","og_description":"Les pr\u00e9paratifs pour la toute premi\u00e8re \u00e9dition de la Journ\u00e9e de la recherche et de la cr\u00e9ation battent leur plein cette semaine.","og_url":"https:\/\/www.uqac.ca\/uqactualites\/2023\/05\/02\/un-mois-de-mai-effervescent-a-luqac\/","og_site_name":"UQACtualit\u00e9s","article_published_time":"2023-05-02T12:34:46+00:00","article_modified_time":"2024-08-07T15:58:50+00:00","og_image":[{"width":852,"height":361,"url":"https:\/\/www.uqac.ca\/uqactualites\/wp-content\/uploads\/2023\/05\/NUM_Uqac_FbkCouv851x315-02.jpg","type":"image\/jpeg"}],"author":"Ghislain Samson","twitter_card":"summary_large_image","twitter_misc":{"\u00c9crit par":"Ghislain Samson","Estimation du temps de lecture":"2 minutes"},"schema":{"@context":"https:\/\/schema.org","@graph":[{"@type":"WebPage","@id":"https:\/\/www.uqac.ca\/uqactualites\/2023\/05\/02\/un-mois-de-mai-effervescent-a-luqac\/","url":"https:\/\/www.uqac.ca\/uqactualites\/2023\/05\/02\/un-mois-de-mai-effervescent-a-luqac\/","name":"Une semaine effervescente \u00e0 l'UQAC - UQACtualit\u00e9s","isPartOf":{"@id":"https:\/\/www.uqac.ca\/uqactualites\/#website"},"primaryImageOfPage":{"@id":"https:\/\/www.uqac.ca\/uqactualites\/2023\/05\/02\/un-mois-de-mai-effervescent-a-luqac\/#primaryimage"},"image":{"@id":"https:\/\/www.uqac.ca\/uqactualites\/2023\/05\/02\/un-mois-de-mai-effervescent-a-luqac\/#primaryimage"},"thumbnailUrl":"https:\/\/www.uqac.ca\/uqactualites\/wp-content\/uploads\/2023\/05\/NUM_Uqac_FbkCouv851x315-02.jpg","datePublished":"2023-05-02T12:34:46+00:00","dateModified":"2024-08-07T15:58:50+00:00","author":{"@id":"https:\/\/www.uqac.ca\/uqactualites\/#\/schema\/person\/ae2225f9f23eebff67a6e899225952fb"},"description":"Les pr\u00e9paratifs pour la toute premi\u00e8re \u00e9dition de la Journ\u00e9e de la recherche et de la cr\u00e9ation battent leur plein cette semaine.","breadcrumb":{"@id":"https:\/\/www.uqac.ca\/uqactualites\/2023\/05\/02\/un-mois-de-mai-effervescent-a-luqac\/#breadcrumb"},"inLanguage":"fr-CA","potentialAction":[{"@type":"ReadAction","target":["https:\/\/www.uqac.ca\/uqactualites\/2023\/05\/02\/un-mois-de-mai-effervescent-a-luqac\/"]}]},{"@type":"ImageObject","inLanguage":"fr-CA","@id":"https:\/\/www.uqac.ca\/uqactualites\/2023\/05\/02\/un-mois-de-mai-effervescent-a-luqac\/#primaryimage","url":"https:\/\/www.uqac.ca\/uqactualites\/wp-content\/uploads\/2023\/05\/NUM_Uqac_FbkCouv851x315-02.jpg","contentUrl":"https:\/\/www.uqac.ca\/uqactualites\/wp-content\/uploads\/2023\/05\/NUM_Uqac_FbkCouv851x315-02.jpg","width":852,"height":361,"caption":"Journ\u00e9e de la recherche et de la cr\u00e9ation"},{"@type":"BreadcrumbList","@id":"https:\/\/www.uqac.ca\/uqactualites\/2023\/05\/02\/un-mois-de-mai-effervescent-a-luqac\/#breadcrumb","itemListElement":[{"@type":"ListItem","position":1,"name":"Home","item":"https:\/\/www.uqac.ca\/uqactualites\/"},{"@type":"ListItem","position":2,"name":"Une semaine effervescente \u00e0 l&rsquo;UQAC"}]},{"@type":"WebSite","@id":"https:\/\/www.uqac.ca\/uqactualites\/#website","url":"https:\/\/www.uqac.ca\/uqactualites\/","name":"UQACtualit\u00e9s","description":"Le portail des nouvelles de l&#039;UQAC","potentialAction":[{"@type":"SearchAction","target":{"@type":"EntryPoint","urlTemplate":"https:\/\/www.uqac.ca\/uqactualites\/?s={search_term_string}"},"query-input":{"@type":"PropertyValueSpecification","valueRequired":true,"valueName":"search_term_string"}}],"inLanguage":"fr-CA"},{"@type":"Person","@id":"https:\/\/www.uqac.ca\/uqactualites\/#\/schema\/person\/ae2225f9f23eebff67a6e899225952fb","name":"Ghislain Samson","image":{"@type":"ImageObject","inLanguage":"fr-CA","@id":"https:\/\/www.uqac.ca\/uqactualites\/#\/schema\/person\/image\/","url":"https:\/\/secure.gravatar.com\/avatar\/61ad9756d7707fefb25ed321388b2105?s=96&d=mm&r=g","contentUrl":"https:\/\/secure.gravatar.com\/avatar\/61ad9756d7707fefb25ed321388b2105?s=96&d=mm&r=g","caption":"Ghislain Samson"},"url":"https:\/\/www.uqac.ca\/uqactualites\/author\/gsamson\/"}]}},"_links":{"self":[{"href":"https:\/\/www.uqac.ca\/uqactualites\/wp-json\/wp\/v2\/posts\/310"}],"collection":[{"href":"https:\/\/www.uqac.ca\/uqactualites\/wp-json\/wp\/v2\/posts"}],"about":[{"href":"https:\/\/www.uqac.ca\/uqactualites\/wp-json\/wp\/v2\/types\/post"}],"author":[{"embeddable":true,"href":"https:\/\/www.uqac.ca\/uqactualites\/wp-json\/wp\/v2\/users\/10"}],"replies":[{"embeddable":true,"href":"https:\/\/www.uqac.ca\/uqactualites\/wp-json\/wp\/v2\/comments?post=310"}],"version-history":[{"count":5,"href":"https:\/\/www.uqac.ca\/uqactualites\/wp-json\/wp\/v2\/posts\/310\/revisions"}],"predecessor-version":[{"id":48419,"href":"https:\/\/www.uqac.ca\/uqactualites\/wp-json\/wp\/v2\/posts\/310\/revisions\/48419"}],"wp:featuredmedia":[{"embeddable":true,"href":"https:\/\/www.uqac.ca\/uqactualites\/wp-json\/wp\/v2\/media\/311"}],"wp:attachment":[{"href":"https:\/\/www.uqac.ca\/uqactualites\/wp-json\/wp\/v2\/media?parent=310"}],"wp:term":[{"taxonomy":"category","embeddable":true,"href":"https:\/\/www.uqac.ca\/uqactualites\/wp-json\/wp\/v2\/categories?post=310"},{"taxonomy":"post_tag","embeddable":true,"href":"https:\/\/www.uqac.ca\/uqactualites\/wp-json\/wp\/v2\/tags?post=310"}],"curies":[{"name":"wp","href":"https:\/\/api.w.org\/{rel}","templated":true}]}}