{"id":31004,"date":"2015-10-27T14:39:55","date_gmt":"2015-10-27T18:39:55","guid":{"rendered":"http:\/\/uqactualite.odev.ca\/?p=31004"},"modified":"2015-10-27T14:39:55","modified_gmt":"2015-10-27T18:39:55","slug":"salon-de-lemploi-2015","status":"publish","type":"post","link":"https:\/\/www.uqac.ca\/uqactualites\/2015\/10\/27\/salon-de-lemploi-2015\/","title":{"rendered":"Lancement du Salon de l\u2019emploi 2015 | \u00ab Prenez votre avenir en main \u00bb"},"content":{"rendered":"<p>L\u2019Association des dipl\u00f4m\u00e9s de l\u2019UQAC pr\u00e9sente la nouvelle \u00e9dition du Salon de l\u2019emploi <strong>\u00ab\u00a0<\/strong>Prenez votre avenir en main<strong>\u00a0\u00bb.<\/strong> Cet \u00e9v\u00e9nement attendu par les futurs dipl\u00f4m\u00e9s aura lieu le mercredi 18 novembre prochain au Centre social de l\u2019Universit\u00e9 \u00e0 partir de 9\u00a0h.<\/p>\n<p>Cette journ\u00e9e sera l\u2019occasion id\u00e9ale pour les participants de se familiariser avec les entreprises r\u00e9gionales et nationales qui seront pr\u00e9sentes. Cette ann\u00e9e, un grand nombre des exposants pr\u00e9senteront des offres d\u2019emploi, ainsi que des stages. Des locaux de <em>speed dating<\/em> seront mis \u00e0 disposition pour faciliter les \u00e9changes entre employeurs et dipl\u00f4m\u00e9s au besoin.<\/p>\n<p>Les participants pourront, non seulement, d\u00e9poser leur curriculum vitae et se faire conna\u00eetre, mais \u00e9galement, ils pourront valider leurs perceptions du march\u00e9 du travail aupr\u00e8s des acteurs qui composent le monde des affaires pr\u00e9sents lors de l\u2019\u00e9v\u00e9nement. Un guide de pr\u00e9paration con\u00e7u par l\u2019\u00e9quipe de l\u2019ADUQAC sera remis aux visiteurs afin de maximiser leur visite au Salon. Parall\u00e8lement, monsieur Beaudoin Bergeron de la firme RHR Expert pr\u00e9sentera une conf\u00e9rence sur comment \u00ab\u00a0D\u00e9marrer sa carri\u00e8re\u00a0\u00bb qui aura lieu \u00e0 11\u00a0h \u00e0 l\u2019Auditorium de l\u2019UQAC (local\u00a0: P0-5000).<\/p>\n<p>Pour ceux qui sont du type entrepreneur et qui caressent un projet d\u2019affaires, une seconde conf\u00e9rence sur l\u2019heure du midi propos\u00e9e en collaboration avec le Centre d&rsquo;entrepreneuriat et d&rsquo;essaimage de l&rsquo;UQAC se tiendra \u00e0 l\u2019Auditorium.<\/p>\n<p>Pour finir cette journ\u00e9e enrichissante, les \u00e9tudiants en administration et en sciences comptables organiseront un 4 \u00e0 6 \u2013 Salon de th\u00e9 des affaires, une activit\u00e9 de r\u00e9seautage, au salon Andr\u00e9-Desgagn\u00e9 (local H1-1110).<\/p>\n<p>Quant aux entreprises, si vous \u00eates \u00e0 la recherche d\u2019une main-d\u2019\u0153uvre qualifi\u00e9e, il est encore temps de r\u00e9server votre espace kiosque au Salon de l\u2019emploi afin de rencontrer les dipl\u00f4m\u00e9s et pr\u00e9senter votre organisation.<\/p>\n<p>Pour tout savoir du Salon de l\u2019emploi, visitez le site Web\u00a0: <a href=\"http:\/\/www.aduqac.ca\/salondelemploi\">www.aduqac.ca\/salondelemploi<\/a>. Vous pouvez aussi suivre l\u2019\u00e9v\u00e9nement Facebook.<\/p>\n<p><strong><strong>Source :<\/strong><br \/>\n<\/strong>Bureau des affaires publiques<br \/>\nUniversit\u00e9 du Qu\u00e9bec \u00e0 Chicoutimi<br \/>\n418\u00a0545-5011, poste 2350 \u25aa <a href=\"mailto:affaires_publiques@uqac.ca\">affaires_publiques@uqac.ca<\/a><\/p>\n<p><strong>Renseignements\u00a0:<br \/>\n<\/strong>Association des dipl\u00f4m\u00e9s de l\u2019UQAC (ADUQAC)<br \/>\n418 545-5011, poste 4124<br \/>\n<a href=\"mailto:aduqac@uqac.ca\">aduqac@uqac.ca<br \/>\n<\/a><a href=\"http:\/\/www.aduqac.ca\/salondelemploi\">www.aduqac.ca\/salondelemploi<\/a><\/p>\n","protected":false},"excerpt":{"rendered":"<p>L\u2019Association des dipl\u00f4m\u00e9s de l\u2019UQAC pr\u00e9sente la nouvelle \u00e9dition du Salon de l\u2019emploi \u00ab\u00a0Prenez votre avenir en main\u00a0\u00bb. Cet \u00e9v\u00e9nement attendu par les futurs dipl\u00f4m\u00e9s aura lieu le mercredi 18 novembre prochain au Centre social de l\u2019Universit\u00e9 \u00e0 partir de 9\u00a0h. Cette journ\u00e9e sera l\u2019occasion id\u00e9ale pour les participants de se familiariser avec les entreprises [&hellip;]<\/p>\n","protected":false},"author":5,"featured_media":31005,"comment_status":"open","ping_status":"open","sticky":false,"template":"","format":"standard","meta":{"footnotes":""},"categories":[2,61],"tags":[],"yoast_head":"<!-- This site is optimized with the Yoast SEO plugin v24.2 - https:\/\/yoast.com\/wordpress\/plugins\/seo\/ -->\r\n<title>Lancement du Salon de l\u2019emploi 2015 | \u00ab Prenez votre avenir en main \u00bb - UQACtualit\u00e9s<\/title>\r\n<meta name=\"robots\" content=\"index, follow, max-snippet:-1, max-image-preview:large, max-video-preview:-1\" \/>\r\n<link rel=\"canonical\" href=\"https:\/\/www.uqac.ca\/uqactualites\/2015\/10\/27\/salon-de-lemploi-2015\/\" \/>\r\n<meta property=\"og:locale\" content=\"fr_CA\" \/>\r\n<meta property=\"og:type\" content=\"article\" \/>\r\n<meta property=\"og:title\" content=\"Lancement du Salon de l\u2019emploi 2015 | \u00ab Prenez votre avenir en main \u00bb - UQACtualit\u00e9s\" \/>\r\n<meta property=\"og:description\" content=\"L\u2019Association des dipl\u00f4m\u00e9s de l\u2019UQAC pr\u00e9sente la nouvelle \u00e9dition du Salon de l\u2019emploi \u00ab\u00a0Prenez votre avenir en main\u00a0\u00bb. Cet \u00e9v\u00e9nement attendu par les futurs dipl\u00f4m\u00e9s aura lieu le mercredi 18 novembre prochain au Centre social de l\u2019Universit\u00e9 \u00e0 partir de 9\u00a0h. Cette journ\u00e9e sera l\u2019occasion id\u00e9ale pour les participants de se familiariser avec les entreprises [&hellip;]\" \/>\r\n<meta property=\"og:url\" content=\"https:\/\/www.uqac.ca\/uqactualites\/2015\/10\/27\/salon-de-lemploi-2015\/\" \/>\r\n<meta property=\"og:site_name\" content=\"UQACtualit\u00e9s\" \/>\r\n<meta property=\"article:published_time\" content=\"2015-10-27T18:39:55+00:00\" \/>\r\n<meta property=\"og:image\" content=\"https:\/\/www.uqac.ca\/uqactualites\/wp-content\/uploads\/2015\/10\/GRAF_UqactualiteSalonEmploiA15.jpg\" \/>\r\n\t<meta property=\"og:image:width\" content=\"620\" \/>\r\n\t<meta property=\"og:image:height\" content=\"300\" \/>\r\n\t<meta property=\"og:image:type\" content=\"image\/jpeg\" \/>\r\n<meta name=\"author\" content=\"Service des communications et des relations publiques\" \/>\r\n<meta name=\"twitter:card\" content=\"summary_large_image\" \/>\r\n<meta name=\"twitter:label1\" content=\"\u00c9crit par\" \/>\n\t<meta name=\"twitter:data1\" content=\"Service des communications et des relations publiques\" \/>\n\t<meta name=\"twitter:label2\" content=\"Estimation du temps de lecture\" \/>\n\t<meta name=\"twitter:data2\" content=\"2 minutes\" \/>\r\n<script type=\"application\/ld+json\" class=\"yoast-schema-graph\">{\"@context\":\"https:\/\/schema.org\",\"@graph\":[{\"@type\":\"WebPage\",\"@id\":\"https:\/\/www.uqac.ca\/uqactualites\/2015\/10\/27\/salon-de-lemploi-2015\/\",\"url\":\"https:\/\/www.uqac.ca\/uqactualites\/2015\/10\/27\/salon-de-lemploi-2015\/\",\"name\":\"Lancement du Salon de l\u2019emploi 2015 | \u00ab Prenez votre avenir en main \u00bb - UQACtualit\u00e9s\",\"isPartOf\":{\"@id\":\"https:\/\/www.uqac.ca\/uqactualites\/#website\"},\"primaryImageOfPage\":{\"@id\":\"https:\/\/www.uqac.ca\/uqactualites\/2015\/10\/27\/salon-de-lemploi-2015\/#primaryimage\"},\"image\":{\"@id\":\"https:\/\/www.uqac.ca\/uqactualites\/2015\/10\/27\/salon-de-lemploi-2015\/#primaryimage\"},\"thumbnailUrl\":\"https:\/\/www.uqac.ca\/uqactualites\/wp-content\/uploads\/2015\/10\/GRAF_UqactualiteSalonEmploiA15.jpg\",\"datePublished\":\"2015-10-27T18:39:55+00:00\",\"dateModified\":\"2015-10-27T18:39:55+00:00\",\"author\":{\"@id\":\"https:\/\/www.uqac.ca\/uqactualites\/#\/schema\/person\/366c45a0c4f0e677b41b4af5886e2018\"},\"breadcrumb\":{\"@id\":\"https:\/\/www.uqac.ca\/uqactualites\/2015\/10\/27\/salon-de-lemploi-2015\/#breadcrumb\"},\"inLanguage\":\"fr-CA\",\"potentialAction\":[{\"@type\":\"ReadAction\",\"target\":[\"https:\/\/www.uqac.ca\/uqactualites\/2015\/10\/27\/salon-de-lemploi-2015\/\"]}]},{\"@type\":\"ImageObject\",\"inLanguage\":\"fr-CA\",\"@id\":\"https:\/\/www.uqac.ca\/uqactualites\/2015\/10\/27\/salon-de-lemploi-2015\/#primaryimage\",\"url\":\"https:\/\/www.uqac.ca\/uqactualites\/wp-content\/uploads\/2015\/10\/GRAF_UqactualiteSalonEmploiA15.jpg\",\"contentUrl\":\"https:\/\/www.uqac.ca\/uqactualites\/wp-content\/uploads\/2015\/10\/GRAF_UqactualiteSalonEmploiA15.jpg\",\"width\":620,\"height\":300},{\"@type\":\"BreadcrumbList\",\"@id\":\"https:\/\/www.uqac.ca\/uqactualites\/2015\/10\/27\/salon-de-lemploi-2015\/#breadcrumb\",\"itemListElement\":[{\"@type\":\"ListItem\",\"position\":1,\"name\":\"Home\",\"item\":\"https:\/\/www.uqac.ca\/uqactualites\/\"},{\"@type\":\"ListItem\",\"position\":2,\"name\":\"Lancement du Salon de l\u2019emploi 2015 | \u00ab Prenez votre avenir en main \u00bb\"}]},{\"@type\":\"WebSite\",\"@id\":\"https:\/\/www.uqac.ca\/uqactualites\/#website\",\"url\":\"https:\/\/www.uqac.ca\/uqactualites\/\",\"name\":\"UQACtualit\u00e9s\",\"description\":\"Le portail des nouvelles de l&#039;UQAC\",\"potentialAction\":[{\"@type\":\"SearchAction\",\"target\":{\"@type\":\"EntryPoint\",\"urlTemplate\":\"https:\/\/www.uqac.ca\/uqactualites\/?s={search_term_string}\"},\"query-input\":{\"@type\":\"PropertyValueSpecification\",\"valueRequired\":true,\"valueName\":\"search_term_string\"}}],\"inLanguage\":\"fr-CA\"},{\"@type\":\"Person\",\"@id\":\"https:\/\/www.uqac.ca\/uqactualites\/#\/schema\/person\/366c45a0c4f0e677b41b4af5886e2018\",\"name\":\"Service des communications et des relations publiques\",\"image\":{\"@type\":\"ImageObject\",\"inLanguage\":\"fr-CA\",\"@id\":\"https:\/\/www.uqac.ca\/uqactualites\/#\/schema\/person\/image\/\",\"url\":\"https:\/\/secure.gravatar.com\/avatar\/20fbbda8a292f59f2d3461a5b999c00b?s=96&d=mm&r=g\",\"contentUrl\":\"https:\/\/secure.gravatar.com\/avatar\/20fbbda8a292f59f2d3461a5b999c00b?s=96&d=mm&r=g\",\"caption\":\"Service des communications et des relations publiques\"},\"url\":\"https:\/\/www.uqac.ca\/uqactualites\/author\/bap\/\"}]}<\/script>\r\n<!-- \/ Yoast SEO plugin. -->","yoast_head_json":{"title":"Lancement du Salon de l\u2019emploi 2015 | \u00ab Prenez votre avenir en main \u00bb - UQACtualit\u00e9s","robots":{"index":"index","follow":"follow","max-snippet":"max-snippet:-1","max-image-preview":"max-image-preview:large","max-video-preview":"max-video-preview:-1"},"canonical":"https:\/\/www.uqac.ca\/uqactualites\/2015\/10\/27\/salon-de-lemploi-2015\/","og_locale":"fr_CA","og_type":"article","og_title":"Lancement du Salon de l\u2019emploi 2015 | \u00ab Prenez votre avenir en main \u00bb - UQACtualit\u00e9s","og_description":"L\u2019Association des dipl\u00f4m\u00e9s de l\u2019UQAC pr\u00e9sente la nouvelle \u00e9dition du Salon de l\u2019emploi \u00ab\u00a0Prenez votre avenir en main\u00a0\u00bb. Cet \u00e9v\u00e9nement attendu par les futurs dipl\u00f4m\u00e9s aura lieu le mercredi 18 novembre prochain au Centre social de l\u2019Universit\u00e9 \u00e0 partir de 9\u00a0h. Cette journ\u00e9e sera l\u2019occasion id\u00e9ale pour les participants de se familiariser avec les entreprises [&hellip;]","og_url":"https:\/\/www.uqac.ca\/uqactualites\/2015\/10\/27\/salon-de-lemploi-2015\/","og_site_name":"UQACtualit\u00e9s","article_published_time":"2015-10-27T18:39:55+00:00","og_image":[{"width":620,"height":300,"url":"https:\/\/www.uqac.ca\/uqactualites\/wp-content\/uploads\/2015\/10\/GRAF_UqactualiteSalonEmploiA15.jpg","type":"image\/jpeg"}],"author":"Service des communications et des relations publiques","twitter_card":"summary_large_image","twitter_misc":{"\u00c9crit par":"Service des communications et des relations publiques","Estimation du temps de lecture":"2 minutes"},"schema":{"@context":"https:\/\/schema.org","@graph":[{"@type":"WebPage","@id":"https:\/\/www.uqac.ca\/uqactualites\/2015\/10\/27\/salon-de-lemploi-2015\/","url":"https:\/\/www.uqac.ca\/uqactualites\/2015\/10\/27\/salon-de-lemploi-2015\/","name":"Lancement du Salon de l\u2019emploi 2015 | \u00ab Prenez votre avenir en main \u00bb - UQACtualit\u00e9s","isPartOf":{"@id":"https:\/\/www.uqac.ca\/uqactualites\/#website"},"primaryImageOfPage":{"@id":"https:\/\/www.uqac.ca\/uqactualites\/2015\/10\/27\/salon-de-lemploi-2015\/#primaryimage"},"image":{"@id":"https:\/\/www.uqac.ca\/uqactualites\/2015\/10\/27\/salon-de-lemploi-2015\/#primaryimage"},"thumbnailUrl":"https:\/\/www.uqac.ca\/uqactualites\/wp-content\/uploads\/2015\/10\/GRAF_UqactualiteSalonEmploiA15.jpg","datePublished":"2015-10-27T18:39:55+00:00","dateModified":"2015-10-27T18:39:55+00:00","author":{"@id":"https:\/\/www.uqac.ca\/uqactualites\/#\/schema\/person\/366c45a0c4f0e677b41b4af5886e2018"},"breadcrumb":{"@id":"https:\/\/www.uqac.ca\/uqactualites\/2015\/10\/27\/salon-de-lemploi-2015\/#breadcrumb"},"inLanguage":"fr-CA","potentialAction":[{"@type":"ReadAction","target":["https:\/\/www.uqac.ca\/uqactualites\/2015\/10\/27\/salon-de-lemploi-2015\/"]}]},{"@type":"ImageObject","inLanguage":"fr-CA","@id":"https:\/\/www.uqac.ca\/uqactualites\/2015\/10\/27\/salon-de-lemploi-2015\/#primaryimage","url":"https:\/\/www.uqac.ca\/uqactualites\/wp-content\/uploads\/2015\/10\/GRAF_UqactualiteSalonEmploiA15.jpg","contentUrl":"https:\/\/www.uqac.ca\/uqactualites\/wp-content\/uploads\/2015\/10\/GRAF_UqactualiteSalonEmploiA15.jpg","width":620,"height":300},{"@type":"BreadcrumbList","@id":"https:\/\/www.uqac.ca\/uqactualites\/2015\/10\/27\/salon-de-lemploi-2015\/#breadcrumb","itemListElement":[{"@type":"ListItem","position":1,"name":"Home","item":"https:\/\/www.uqac.ca\/uqactualites\/"},{"@type":"ListItem","position":2,"name":"Lancement du Salon de l\u2019emploi 2015 | \u00ab Prenez votre avenir en main \u00bb"}]},{"@type":"WebSite","@id":"https:\/\/www.uqac.ca\/uqactualites\/#website","url":"https:\/\/www.uqac.ca\/uqactualites\/","name":"UQACtualit\u00e9s","description":"Le portail des nouvelles de l&#039;UQAC","potentialAction":[{"@type":"SearchAction","target":{"@type":"EntryPoint","urlTemplate":"https:\/\/www.uqac.ca\/uqactualites\/?s={search_term_string}"},"query-input":{"@type":"PropertyValueSpecification","valueRequired":true,"valueName":"search_term_string"}}],"inLanguage":"fr-CA"},{"@type":"Person","@id":"https:\/\/www.uqac.ca\/uqactualites\/#\/schema\/person\/366c45a0c4f0e677b41b4af5886e2018","name":"Service des communications et des relations publiques","image":{"@type":"ImageObject","inLanguage":"fr-CA","@id":"https:\/\/www.uqac.ca\/uqactualites\/#\/schema\/person\/image\/","url":"https:\/\/secure.gravatar.com\/avatar\/20fbbda8a292f59f2d3461a5b999c00b?s=96&d=mm&r=g","contentUrl":"https:\/\/secure.gravatar.com\/avatar\/20fbbda8a292f59f2d3461a5b999c00b?s=96&d=mm&r=g","caption":"Service des communications et des relations publiques"},"url":"https:\/\/www.uqac.ca\/uqactualites\/author\/bap\/"}]}},"_links":{"self":[{"href":"https:\/\/www.uqac.ca\/uqactualites\/wp-json\/wp\/v2\/posts\/31004"}],"collection":[{"href":"https:\/\/www.uqac.ca\/uqactualites\/wp-json\/wp\/v2\/posts"}],"about":[{"href":"https:\/\/www.uqac.ca\/uqactualites\/wp-json\/wp\/v2\/types\/post"}],"author":[{"embeddable":true,"href":"https:\/\/www.uqac.ca\/uqactualites\/wp-json\/wp\/v2\/users\/5"}],"replies":[{"embeddable":true,"href":"https:\/\/www.uqac.ca\/uqactualites\/wp-json\/wp\/v2\/comments?post=31004"}],"version-history":[{"count":0,"href":"https:\/\/www.uqac.ca\/uqactualites\/wp-json\/wp\/v2\/posts\/31004\/revisions"}],"wp:featuredmedia":[{"embeddable":true,"href":"https:\/\/www.uqac.ca\/uqactualites\/wp-json\/wp\/v2\/media\/31005"}],"wp:attachment":[{"href":"https:\/\/www.uqac.ca\/uqactualites\/wp-json\/wp\/v2\/media?parent=31004"}],"wp:term":[{"taxonomy":"category","embeddable":true,"href":"https:\/\/www.uqac.ca\/uqactualites\/wp-json\/wp\/v2\/categories?post=31004"},{"taxonomy":"post_tag","embeddable":true,"href":"https:\/\/www.uqac.ca\/uqactualites\/wp-json\/wp\/v2\/tags?post=31004"}],"curies":[{"name":"wp","href":"https:\/\/api.w.org\/{rel}","templated":true}]}}