{"id":31018,"date":"2015-10-30T13:43:34","date_gmt":"2015-10-30T17:43:34","guid":{"rendered":"http:\/\/uqactualite.odev.ca\/?p=31018"},"modified":"2015-10-30T13:43:34","modified_gmt":"2015-10-30T17:43:34","slug":"perfectionnements-a-venir-au-cesam","status":"publish","type":"post","link":"https:\/\/www.uqac.ca\/uqactualites\/2015\/10\/30\/perfectionnements-a-venir-au-cesam\/","title":{"rendered":"Perfectionnements \u00e0 venir au CESAM"},"content":{"rendered":"<p>Inscrivez-vous d\u00e8s maintenant!<\/p>\n<p>&nbsp;<\/p>\n<p><strong>Sensibilisation aux troubles du spectre de l\u2019autisme (TSA)<\/strong><\/p>\n<p><strong><em>\u00a0<\/em><\/strong><\/p>\n<p>D\u00e9finir le trouble du spectre de l&rsquo;autisme (TSA) et approfondir ses caract\u00e9ristiques diagnostiques (atteintes de la communication et de l&rsquo;interaction sociale, comportements restreints, ou r\u00e9p\u00e9titifs).<\/p>\n<p><strong>5 novembre de 18 h 30 \u00e0 20 h 30<\/strong><\/p>\n<p>&nbsp;<\/p>\n<p>&nbsp;<\/p>\n<p><strong>D\u00e9terminez la rentabilit\u00e9 financi\u00e8re dans les projets d\u2019investissement<\/strong><\/p>\n<p>&nbsp;<\/p>\n<p>La formation vise \u00e0 approfondir les connaissances des apprenants en mati\u00e8re d\u2019\u00e9valuation de la rentabilit\u00e9 des projets d\u2019investissement en leur offrant l\u2019occasion de mettre en pratique dans leur propre milieu les mod\u00e8les de d\u00e9cisions pr\u00e9sent\u00e9s.<\/p>\n<p><strong>6 et 20 novembre de 8 h \u00e0 16 h 30<\/strong><\/p>\n<p><a href=\"http:\/\/cesam.uqac.ca\/inscription-en-ligne\/?lieu=122\">http:\/\/cesam.uqac.ca\/inscription-en-ligne\/?lieu=122<\/a><\/p>\n<p>&nbsp;<\/p>\n<p>&nbsp;<\/p>\n<p>&nbsp;<\/p>\n<p>&nbsp;<\/p>\n","protected":false},"excerpt":{"rendered":"<p>Inscrivez-vous d\u00e8s maintenant! &nbsp; Sensibilisation aux troubles du spectre de l\u2019autisme (TSA) \u00a0 D\u00e9finir le trouble du spectre de l&rsquo;autisme (TSA) et approfondir ses caract\u00e9ristiques diagnostiques (atteintes de la communication et de l&rsquo;interaction sociale, comportements restreints, ou r\u00e9p\u00e9titifs). 5 novembre de 18 h 30 \u00e0 20 h 30 &nbsp; &nbsp; D\u00e9terminez la rentabilit\u00e9 financi\u00e8re dans [&hellip;]<\/p>\n","protected":false},"author":5,"featured_media":30991,"comment_status":"open","ping_status":"open","sticky":false,"template":"","format":"standard","meta":{"footnotes":""},"categories":[2],"tags":[],"yoast_head":"<!-- This site is optimized with the Yoast SEO plugin v24.2 - https:\/\/yoast.com\/wordpress\/plugins\/seo\/ -->\r\n<title>Perfectionnements \u00e0 venir au CESAM - UQACtualit\u00e9s<\/title>\r\n<meta name=\"robots\" content=\"index, follow, max-snippet:-1, max-image-preview:large, max-video-preview:-1\" \/>\r\n<link rel=\"canonical\" href=\"https:\/\/www.uqac.ca\/uqactualites\/2015\/10\/30\/perfectionnements-a-venir-au-cesam\/\" \/>\r\n<meta property=\"og:locale\" content=\"fr_CA\" \/>\r\n<meta property=\"og:type\" content=\"article\" \/>\r\n<meta property=\"og:title\" content=\"Perfectionnements \u00e0 venir au CESAM - UQACtualit\u00e9s\" \/>\r\n<meta property=\"og:description\" content=\"Inscrivez-vous d\u00e8s maintenant! &nbsp; Sensibilisation aux troubles du spectre de l\u2019autisme (TSA) \u00a0 D\u00e9finir le trouble du spectre de l&rsquo;autisme (TSA) et approfondir ses caract\u00e9ristiques diagnostiques (atteintes de la communication et de l&rsquo;interaction sociale, comportements restreints, ou r\u00e9p\u00e9titifs). 5 novembre de 18 h 30 \u00e0 20 h 30 &nbsp; &nbsp; D\u00e9terminez la rentabilit\u00e9 financi\u00e8re dans [&hellip;]\" \/>\r\n<meta property=\"og:url\" content=\"https:\/\/www.uqac.ca\/uqactualites\/2015\/10\/30\/perfectionnements-a-venir-au-cesam\/\" \/>\r\n<meta property=\"og:site_name\" content=\"UQACtualit\u00e9s\" \/>\r\n<meta property=\"article:published_time\" content=\"2015-10-30T17:43:34+00:00\" \/>\r\n<meta property=\"og:image\" content=\"https:\/\/www.uqac.ca\/uqactualites\/wp-content\/uploads\/2015\/10\/cesam.jpg\" \/>\r\n\t<meta property=\"og:image:width\" content=\"620\" \/>\r\n\t<meta property=\"og:image:height\" content=\"300\" \/>\r\n\t<meta property=\"og:image:type\" content=\"image\/jpeg\" \/>\r\n<meta name=\"author\" content=\"Service des communications et des relations publiques\" \/>\r\n<meta name=\"twitter:card\" content=\"summary_large_image\" \/>\r\n<meta name=\"twitter:label1\" content=\"\u00c9crit par\" \/>\n\t<meta name=\"twitter:data1\" content=\"Service des communications et des relations publiques\" \/>\n\t<meta name=\"twitter:label2\" content=\"Estimation du temps de lecture\" \/>\n\t<meta name=\"twitter:data2\" content=\"1 minute\" \/>\r\n<script type=\"application\/ld+json\" class=\"yoast-schema-graph\">{\"@context\":\"https:\/\/schema.org\",\"@graph\":[{\"@type\":\"WebPage\",\"@id\":\"https:\/\/www.uqac.ca\/uqactualites\/2015\/10\/30\/perfectionnements-a-venir-au-cesam\/\",\"url\":\"https:\/\/www.uqac.ca\/uqactualites\/2015\/10\/30\/perfectionnements-a-venir-au-cesam\/\",\"name\":\"Perfectionnements \u00e0 venir au CESAM - UQACtualit\u00e9s\",\"isPartOf\":{\"@id\":\"https:\/\/www.uqac.ca\/uqactualites\/#website\"},\"primaryImageOfPage\":{\"@id\":\"https:\/\/www.uqac.ca\/uqactualites\/2015\/10\/30\/perfectionnements-a-venir-au-cesam\/#primaryimage\"},\"image\":{\"@id\":\"https:\/\/www.uqac.ca\/uqactualites\/2015\/10\/30\/perfectionnements-a-venir-au-cesam\/#primaryimage\"},\"thumbnailUrl\":\"https:\/\/www.uqac.ca\/uqactualites\/wp-content\/uploads\/2015\/10\/cesam.jpg\",\"datePublished\":\"2015-10-30T17:43:34+00:00\",\"dateModified\":\"2015-10-30T17:43:34+00:00\",\"author\":{\"@id\":\"https:\/\/www.uqac.ca\/uqactualites\/#\/schema\/person\/366c45a0c4f0e677b41b4af5886e2018\"},\"breadcrumb\":{\"@id\":\"https:\/\/www.uqac.ca\/uqactualites\/2015\/10\/30\/perfectionnements-a-venir-au-cesam\/#breadcrumb\"},\"inLanguage\":\"fr-CA\",\"potentialAction\":[{\"@type\":\"ReadAction\",\"target\":[\"https:\/\/www.uqac.ca\/uqactualites\/2015\/10\/30\/perfectionnements-a-venir-au-cesam\/\"]}]},{\"@type\":\"ImageObject\",\"inLanguage\":\"fr-CA\",\"@id\":\"https:\/\/www.uqac.ca\/uqactualites\/2015\/10\/30\/perfectionnements-a-venir-au-cesam\/#primaryimage\",\"url\":\"https:\/\/www.uqac.ca\/uqactualites\/wp-content\/uploads\/2015\/10\/cesam.jpg\",\"contentUrl\":\"https:\/\/www.uqac.ca\/uqactualites\/wp-content\/uploads\/2015\/10\/cesam.jpg\",\"width\":620,\"height\":300},{\"@type\":\"BreadcrumbList\",\"@id\":\"https:\/\/www.uqac.ca\/uqactualites\/2015\/10\/30\/perfectionnements-a-venir-au-cesam\/#breadcrumb\",\"itemListElement\":[{\"@type\":\"ListItem\",\"position\":1,\"name\":\"Home\",\"item\":\"https:\/\/www.uqac.ca\/uqactualites\/\"},{\"@type\":\"ListItem\",\"position\":2,\"name\":\"Perfectionnements \u00e0 venir au CESAM\"}]},{\"@type\":\"WebSite\",\"@id\":\"https:\/\/www.uqac.ca\/uqactualites\/#website\",\"url\":\"https:\/\/www.uqac.ca\/uqactualites\/\",\"name\":\"UQACtualit\u00e9s\",\"description\":\"Le portail des nouvelles de l&#039;UQAC\",\"potentialAction\":[{\"@type\":\"SearchAction\",\"target\":{\"@type\":\"EntryPoint\",\"urlTemplate\":\"https:\/\/www.uqac.ca\/uqactualites\/?s={search_term_string}\"},\"query-input\":{\"@type\":\"PropertyValueSpecification\",\"valueRequired\":true,\"valueName\":\"search_term_string\"}}],\"inLanguage\":\"fr-CA\"},{\"@type\":\"Person\",\"@id\":\"https:\/\/www.uqac.ca\/uqactualites\/#\/schema\/person\/366c45a0c4f0e677b41b4af5886e2018\",\"name\":\"Service des communications et des relations publiques\",\"image\":{\"@type\":\"ImageObject\",\"inLanguage\":\"fr-CA\",\"@id\":\"https:\/\/www.uqac.ca\/uqactualites\/#\/schema\/person\/image\/\",\"url\":\"https:\/\/secure.gravatar.com\/avatar\/20fbbda8a292f59f2d3461a5b999c00b?s=96&d=mm&r=g\",\"contentUrl\":\"https:\/\/secure.gravatar.com\/avatar\/20fbbda8a292f59f2d3461a5b999c00b?s=96&d=mm&r=g\",\"caption\":\"Service des communications et des relations publiques\"},\"url\":\"https:\/\/www.uqac.ca\/uqactualites\/author\/bap\/\"}]}<\/script>\r\n<!-- \/ Yoast SEO plugin. -->","yoast_head_json":{"title":"Perfectionnements \u00e0 venir au CESAM - UQACtualit\u00e9s","robots":{"index":"index","follow":"follow","max-snippet":"max-snippet:-1","max-image-preview":"max-image-preview:large","max-video-preview":"max-video-preview:-1"},"canonical":"https:\/\/www.uqac.ca\/uqactualites\/2015\/10\/30\/perfectionnements-a-venir-au-cesam\/","og_locale":"fr_CA","og_type":"article","og_title":"Perfectionnements \u00e0 venir au CESAM - UQACtualit\u00e9s","og_description":"Inscrivez-vous d\u00e8s maintenant! &nbsp; Sensibilisation aux troubles du spectre de l\u2019autisme (TSA) \u00a0 D\u00e9finir le trouble du spectre de l&rsquo;autisme (TSA) et approfondir ses caract\u00e9ristiques diagnostiques (atteintes de la communication et de l&rsquo;interaction sociale, comportements restreints, ou r\u00e9p\u00e9titifs). 5 novembre de 18 h 30 \u00e0 20 h 30 &nbsp; &nbsp; D\u00e9terminez la rentabilit\u00e9 financi\u00e8re dans [&hellip;]","og_url":"https:\/\/www.uqac.ca\/uqactualites\/2015\/10\/30\/perfectionnements-a-venir-au-cesam\/","og_site_name":"UQACtualit\u00e9s","article_published_time":"2015-10-30T17:43:34+00:00","og_image":[{"width":620,"height":300,"url":"https:\/\/www.uqac.ca\/uqactualites\/wp-content\/uploads\/2015\/10\/cesam.jpg","type":"image\/jpeg"}],"author":"Service des communications et des relations publiques","twitter_card":"summary_large_image","twitter_misc":{"\u00c9crit par":"Service des communications et des relations publiques","Estimation du temps de lecture":"1 minute"},"schema":{"@context":"https:\/\/schema.org","@graph":[{"@type":"WebPage","@id":"https:\/\/www.uqac.ca\/uqactualites\/2015\/10\/30\/perfectionnements-a-venir-au-cesam\/","url":"https:\/\/www.uqac.ca\/uqactualites\/2015\/10\/30\/perfectionnements-a-venir-au-cesam\/","name":"Perfectionnements \u00e0 venir au CESAM - UQACtualit\u00e9s","isPartOf":{"@id":"https:\/\/www.uqac.ca\/uqactualites\/#website"},"primaryImageOfPage":{"@id":"https:\/\/www.uqac.ca\/uqactualites\/2015\/10\/30\/perfectionnements-a-venir-au-cesam\/#primaryimage"},"image":{"@id":"https:\/\/www.uqac.ca\/uqactualites\/2015\/10\/30\/perfectionnements-a-venir-au-cesam\/#primaryimage"},"thumbnailUrl":"https:\/\/www.uqac.ca\/uqactualites\/wp-content\/uploads\/2015\/10\/cesam.jpg","datePublished":"2015-10-30T17:43:34+00:00","dateModified":"2015-10-30T17:43:34+00:00","author":{"@id":"https:\/\/www.uqac.ca\/uqactualites\/#\/schema\/person\/366c45a0c4f0e677b41b4af5886e2018"},"breadcrumb":{"@id":"https:\/\/www.uqac.ca\/uqactualites\/2015\/10\/30\/perfectionnements-a-venir-au-cesam\/#breadcrumb"},"inLanguage":"fr-CA","potentialAction":[{"@type":"ReadAction","target":["https:\/\/www.uqac.ca\/uqactualites\/2015\/10\/30\/perfectionnements-a-venir-au-cesam\/"]}]},{"@type":"ImageObject","inLanguage":"fr-CA","@id":"https:\/\/www.uqac.ca\/uqactualites\/2015\/10\/30\/perfectionnements-a-venir-au-cesam\/#primaryimage","url":"https:\/\/www.uqac.ca\/uqactualites\/wp-content\/uploads\/2015\/10\/cesam.jpg","contentUrl":"https:\/\/www.uqac.ca\/uqactualites\/wp-content\/uploads\/2015\/10\/cesam.jpg","width":620,"height":300},{"@type":"BreadcrumbList","@id":"https:\/\/www.uqac.ca\/uqactualites\/2015\/10\/30\/perfectionnements-a-venir-au-cesam\/#breadcrumb","itemListElement":[{"@type":"ListItem","position":1,"name":"Home","item":"https:\/\/www.uqac.ca\/uqactualites\/"},{"@type":"ListItem","position":2,"name":"Perfectionnements \u00e0 venir au CESAM"}]},{"@type":"WebSite","@id":"https:\/\/www.uqac.ca\/uqactualites\/#website","url":"https:\/\/www.uqac.ca\/uqactualites\/","name":"UQACtualit\u00e9s","description":"Le portail des nouvelles de l&#039;UQAC","potentialAction":[{"@type":"SearchAction","target":{"@type":"EntryPoint","urlTemplate":"https:\/\/www.uqac.ca\/uqactualites\/?s={search_term_string}"},"query-input":{"@type":"PropertyValueSpecification","valueRequired":true,"valueName":"search_term_string"}}],"inLanguage":"fr-CA"},{"@type":"Person","@id":"https:\/\/www.uqac.ca\/uqactualites\/#\/schema\/person\/366c45a0c4f0e677b41b4af5886e2018","name":"Service des communications et des relations publiques","image":{"@type":"ImageObject","inLanguage":"fr-CA","@id":"https:\/\/www.uqac.ca\/uqactualites\/#\/schema\/person\/image\/","url":"https:\/\/secure.gravatar.com\/avatar\/20fbbda8a292f59f2d3461a5b999c00b?s=96&d=mm&r=g","contentUrl":"https:\/\/secure.gravatar.com\/avatar\/20fbbda8a292f59f2d3461a5b999c00b?s=96&d=mm&r=g","caption":"Service des communications et des relations publiques"},"url":"https:\/\/www.uqac.ca\/uqactualites\/author\/bap\/"}]}},"_links":{"self":[{"href":"https:\/\/www.uqac.ca\/uqactualites\/wp-json\/wp\/v2\/posts\/31018"}],"collection":[{"href":"https:\/\/www.uqac.ca\/uqactualites\/wp-json\/wp\/v2\/posts"}],"about":[{"href":"https:\/\/www.uqac.ca\/uqactualites\/wp-json\/wp\/v2\/types\/post"}],"author":[{"embeddable":true,"href":"https:\/\/www.uqac.ca\/uqactualites\/wp-json\/wp\/v2\/users\/5"}],"replies":[{"embeddable":true,"href":"https:\/\/www.uqac.ca\/uqactualites\/wp-json\/wp\/v2\/comments?post=31018"}],"version-history":[{"count":0,"href":"https:\/\/www.uqac.ca\/uqactualites\/wp-json\/wp\/v2\/posts\/31018\/revisions"}],"wp:featuredmedia":[{"embeddable":true,"href":"https:\/\/www.uqac.ca\/uqactualites\/wp-json\/wp\/v2\/media\/30991"}],"wp:attachment":[{"href":"https:\/\/www.uqac.ca\/uqactualites\/wp-json\/wp\/v2\/media?parent=31018"}],"wp:term":[{"taxonomy":"category","embeddable":true,"href":"https:\/\/www.uqac.ca\/uqactualites\/wp-json\/wp\/v2\/categories?post=31018"},{"taxonomy":"post_tag","embeddable":true,"href":"https:\/\/www.uqac.ca\/uqactualites\/wp-json\/wp\/v2\/tags?post=31018"}],"curies":[{"name":"wp","href":"https:\/\/api.w.org\/{rel}","templated":true}]}}