{"id":31021,"date":"2015-11-02T09:36:24","date_gmt":"2015-11-02T14:36:24","guid":{"rendered":"http:\/\/uqactualite.odev.ca\/?p=31021"},"modified":"2015-11-02T09:36:24","modified_gmt":"2015-11-02T14:36:24","slug":"exposition-de-photos-et-midi-conference-sur-le-stage-en-cooperation-internationale-au-senegal-2","status":"publish","type":"post","link":"https:\/\/www.uqac.ca\/uqactualites\/2015\/11\/02\/exposition-de-photos-et-midi-conference-sur-le-stage-en-cooperation-internationale-au-senegal-2\/","title":{"rendered":"Exposition de photos et midi-conf\u00e9rence sur le stage en coop\u00e9ration internationale au S\u00e9n\u00e9gal"},"content":{"rendered":"<p>Dans le cadre de la programmation r\u00e9gionale des Journ\u00e9es qu\u00e9b\u00e9coises de la solidarit\u00e9 internationale, le programme de coop\u00e9ration internationale organise une exposition des photos et un midi-conf\u00e9rence.<\/p>\n<p><strong>EXPOSITION DE PHOTOS<\/strong><br \/>\nDu 4 au 14 novembre 2015, une exposition des photos r\u00e9alis\u00e9es par les \u00e9tudiants en stage au S\u00e9n\u00e9gal \u00e0 l\u2019\u00e9t\u00e9 2015 se tiendra dans le corridor situ\u00e9 au rez-de-chauss\u00e9e du Pavillon principal, face \u00e0 la s\u00e9curit\u00e9 (Boulv\u2019art).<\/p>\n<p><strong>MIDI-CONF\u00c9RENCE<\/strong><br \/>\nLe lundi 9 novembre 2015, un midi-conf\u00e9rence sur le stage au S\u00e9n\u00e9gal sera organis\u00e9. Il s\u2019agit de pr\u00e9senter le partenaire, les objectifs et les mandats du stage en plus de donner des informations g\u00e9n\u00e9rales sur l\u2019organisation du stage, le financement et les formations pr\u00e9-d\u00e9part.<\/p>\n<p>Pour plus de renseignements sur les Journ\u00e9es qu\u00e9b\u00e9coises de la solidarit\u00e9 internationale : <a href=\"http:\/\/www.jqsi.qc.ca\/spip.php?rubrique49\">http:\/\/www.jqsi.qc.ca\/spip.php?rubrique49<\/a><\/p>\n<p><strong>Renseignements<\/strong> :<strong><strong><br \/>\n<\/strong><\/strong>Fran\u00e7ois Gu\u00e9rard, professeur, directeur du Module des sciences humaines et sociales<br \/>\nD\u00e9partement des sciences humaines et sociale<br \/>\nUniversit\u00e9 du Qu\u00e9bec \u00e0 Chicoutimi<br \/>\n418 545-5011, poste\u00a05095\u00a0 \u25aa <a href=\"mailto:francois_guerard@uqac.ca\">francois_guerard@uqac.ca<\/a><\/p>\n","protected":false},"excerpt":{"rendered":"<p>Dans le cadre de la programmation r\u00e9gionale des Journ\u00e9es qu\u00e9b\u00e9coises de la solidarit\u00e9 internationale, le programme de coop\u00e9ration internationale organise une exposition des photos et un midi-conf\u00e9rence. EXPOSITION DE PHOTOS Du 4 au 14 novembre 2015, une exposition des photos r\u00e9alis\u00e9es par les \u00e9tudiants en stage au S\u00e9n\u00e9gal \u00e0 l\u2019\u00e9t\u00e9 2015 se tiendra dans le [&hellip;]<\/p>\n","protected":false},"author":5,"featured_media":20989,"comment_status":"open","ping_status":"open","sticky":false,"template":"","format":"standard","meta":{"footnotes":""},"categories":[2772],"tags":[],"yoast_head":"<!-- This site is optimized with the Yoast SEO plugin v24.2 - https:\/\/yoast.com\/wordpress\/plugins\/seo\/ -->\r\n<title>Exposition de photos et midi-conf\u00e9rence sur le stage en coop\u00e9ration internationale au S\u00e9n\u00e9gal - UQACtualit\u00e9s<\/title>\r\n<meta name=\"robots\" content=\"index, follow, max-snippet:-1, max-image-preview:large, max-video-preview:-1\" \/>\r\n<link rel=\"canonical\" href=\"https:\/\/www.uqac.ca\/uqactualites\/2015\/11\/02\/exposition-de-photos-et-midi-conference-sur-le-stage-en-cooperation-internationale-au-senegal-2\/\" \/>\r\n<meta property=\"og:locale\" content=\"fr_CA\" \/>\r\n<meta property=\"og:type\" content=\"article\" \/>\r\n<meta property=\"og:title\" content=\"Exposition de photos et midi-conf\u00e9rence sur le stage en coop\u00e9ration internationale au S\u00e9n\u00e9gal - UQACtualit\u00e9s\" \/>\r\n<meta property=\"og:description\" content=\"Dans le cadre de la programmation r\u00e9gionale des Journ\u00e9es qu\u00e9b\u00e9coises de la solidarit\u00e9 internationale, le programme de coop\u00e9ration internationale organise une exposition des photos et un midi-conf\u00e9rence. EXPOSITION DE PHOTOS Du 4 au 14 novembre 2015, une exposition des photos r\u00e9alis\u00e9es par les \u00e9tudiants en stage au S\u00e9n\u00e9gal \u00e0 l\u2019\u00e9t\u00e9 2015 se tiendra dans le [&hellip;]\" \/>\r\n<meta property=\"og:url\" content=\"https:\/\/www.uqac.ca\/uqactualites\/2015\/11\/02\/exposition-de-photos-et-midi-conference-sur-le-stage-en-cooperation-internationale-au-senegal-2\/\" \/>\r\n<meta property=\"og:site_name\" content=\"UQACtualit\u00e9s\" \/>\r\n<meta property=\"article:published_time\" content=\"2015-11-02T14:36:24+00:00\" \/>\r\n<meta property=\"og:image\" content=\"https:\/\/www.uqac.ca\/uqactualites\/wp-content\/uploads\/2012\/05\/avis-laCommunaut-.jpg\" \/>\r\n\t<meta property=\"og:image:width\" content=\"620\" \/>\r\n\t<meta property=\"og:image:height\" content=\"300\" \/>\r\n\t<meta property=\"og:image:type\" content=\"image\/jpeg\" \/>\r\n<meta name=\"author\" content=\"Service des communications et des relations publiques\" \/>\r\n<meta name=\"twitter:card\" content=\"summary_large_image\" \/>\r\n<meta name=\"twitter:label1\" content=\"\u00c9crit par\" \/>\n\t<meta name=\"twitter:data1\" content=\"Service des communications et des relations publiques\" \/>\n\t<meta name=\"twitter:label2\" content=\"Estimation du temps de lecture\" \/>\n\t<meta name=\"twitter:data2\" content=\"1 minute\" \/>\r\n<script type=\"application\/ld+json\" class=\"yoast-schema-graph\">{\"@context\":\"https:\/\/schema.org\",\"@graph\":[{\"@type\":\"WebPage\",\"@id\":\"https:\/\/www.uqac.ca\/uqactualites\/2015\/11\/02\/exposition-de-photos-et-midi-conference-sur-le-stage-en-cooperation-internationale-au-senegal-2\/\",\"url\":\"https:\/\/www.uqac.ca\/uqactualites\/2015\/11\/02\/exposition-de-photos-et-midi-conference-sur-le-stage-en-cooperation-internationale-au-senegal-2\/\",\"name\":\"Exposition de photos et midi-conf\u00e9rence sur le stage en coop\u00e9ration internationale au S\u00e9n\u00e9gal - UQACtualit\u00e9s\",\"isPartOf\":{\"@id\":\"https:\/\/www.uqac.ca\/uqactualites\/#website\"},\"primaryImageOfPage\":{\"@id\":\"https:\/\/www.uqac.ca\/uqactualites\/2015\/11\/02\/exposition-de-photos-et-midi-conference-sur-le-stage-en-cooperation-internationale-au-senegal-2\/#primaryimage\"},\"image\":{\"@id\":\"https:\/\/www.uqac.ca\/uqactualites\/2015\/11\/02\/exposition-de-photos-et-midi-conference-sur-le-stage-en-cooperation-internationale-au-senegal-2\/#primaryimage\"},\"thumbnailUrl\":\"https:\/\/www.uqac.ca\/uqactualites\/wp-content\/uploads\/2012\/05\/avis-laCommunaut-.jpg\",\"datePublished\":\"2015-11-02T14:36:24+00:00\",\"dateModified\":\"2015-11-02T14:36:24+00:00\",\"author\":{\"@id\":\"https:\/\/www.uqac.ca\/uqactualites\/#\/schema\/person\/366c45a0c4f0e677b41b4af5886e2018\"},\"breadcrumb\":{\"@id\":\"https:\/\/www.uqac.ca\/uqactualites\/2015\/11\/02\/exposition-de-photos-et-midi-conference-sur-le-stage-en-cooperation-internationale-au-senegal-2\/#breadcrumb\"},\"inLanguage\":\"fr-CA\",\"potentialAction\":[{\"@type\":\"ReadAction\",\"target\":[\"https:\/\/www.uqac.ca\/uqactualites\/2015\/11\/02\/exposition-de-photos-et-midi-conference-sur-le-stage-en-cooperation-internationale-au-senegal-2\/\"]}]},{\"@type\":\"ImageObject\",\"inLanguage\":\"fr-CA\",\"@id\":\"https:\/\/www.uqac.ca\/uqactualites\/2015\/11\/02\/exposition-de-photos-et-midi-conference-sur-le-stage-en-cooperation-internationale-au-senegal-2\/#primaryimage\",\"url\":\"https:\/\/www.uqac.ca\/uqactualites\/wp-content\/uploads\/2012\/05\/avis-laCommunaut-.jpg\",\"contentUrl\":\"https:\/\/www.uqac.ca\/uqactualites\/wp-content\/uploads\/2012\/05\/avis-laCommunaut-.jpg\",\"width\":620,\"height\":300},{\"@type\":\"BreadcrumbList\",\"@id\":\"https:\/\/www.uqac.ca\/uqactualites\/2015\/11\/02\/exposition-de-photos-et-midi-conference-sur-le-stage-en-cooperation-internationale-au-senegal-2\/#breadcrumb\",\"itemListElement\":[{\"@type\":\"ListItem\",\"position\":1,\"name\":\"Home\",\"item\":\"https:\/\/www.uqac.ca\/uqactualites\/\"},{\"@type\":\"ListItem\",\"position\":2,\"name\":\"Exposition de photos et midi-conf\u00e9rence sur le stage en coop\u00e9ration internationale au S\u00e9n\u00e9gal\"}]},{\"@type\":\"WebSite\",\"@id\":\"https:\/\/www.uqac.ca\/uqactualites\/#website\",\"url\":\"https:\/\/www.uqac.ca\/uqactualites\/\",\"name\":\"UQACtualit\u00e9s\",\"description\":\"Le portail des nouvelles de l&#039;UQAC\",\"potentialAction\":[{\"@type\":\"SearchAction\",\"target\":{\"@type\":\"EntryPoint\",\"urlTemplate\":\"https:\/\/www.uqac.ca\/uqactualites\/?s={search_term_string}\"},\"query-input\":{\"@type\":\"PropertyValueSpecification\",\"valueRequired\":true,\"valueName\":\"search_term_string\"}}],\"inLanguage\":\"fr-CA\"},{\"@type\":\"Person\",\"@id\":\"https:\/\/www.uqac.ca\/uqactualites\/#\/schema\/person\/366c45a0c4f0e677b41b4af5886e2018\",\"name\":\"Service des communications et des relations publiques\",\"image\":{\"@type\":\"ImageObject\",\"inLanguage\":\"fr-CA\",\"@id\":\"https:\/\/www.uqac.ca\/uqactualites\/#\/schema\/person\/image\/\",\"url\":\"https:\/\/secure.gravatar.com\/avatar\/20fbbda8a292f59f2d3461a5b999c00b?s=96&d=mm&r=g\",\"contentUrl\":\"https:\/\/secure.gravatar.com\/avatar\/20fbbda8a292f59f2d3461a5b999c00b?s=96&d=mm&r=g\",\"caption\":\"Service des communications et des relations publiques\"},\"url\":\"https:\/\/www.uqac.ca\/uqactualites\/author\/bap\/\"}]}<\/script>\r\n<!-- \/ Yoast SEO plugin. -->","yoast_head_json":{"title":"Exposition de photos et midi-conf\u00e9rence sur le stage en coop\u00e9ration internationale au S\u00e9n\u00e9gal - UQACtualit\u00e9s","robots":{"index":"index","follow":"follow","max-snippet":"max-snippet:-1","max-image-preview":"max-image-preview:large","max-video-preview":"max-video-preview:-1"},"canonical":"https:\/\/www.uqac.ca\/uqactualites\/2015\/11\/02\/exposition-de-photos-et-midi-conference-sur-le-stage-en-cooperation-internationale-au-senegal-2\/","og_locale":"fr_CA","og_type":"article","og_title":"Exposition de photos et midi-conf\u00e9rence sur le stage en coop\u00e9ration internationale au S\u00e9n\u00e9gal - UQACtualit\u00e9s","og_description":"Dans le cadre de la programmation r\u00e9gionale des Journ\u00e9es qu\u00e9b\u00e9coises de la solidarit\u00e9 internationale, le programme de coop\u00e9ration internationale organise une exposition des photos et un midi-conf\u00e9rence. EXPOSITION DE PHOTOS Du 4 au 14 novembre 2015, une exposition des photos r\u00e9alis\u00e9es par les \u00e9tudiants en stage au S\u00e9n\u00e9gal \u00e0 l\u2019\u00e9t\u00e9 2015 se tiendra dans le [&hellip;]","og_url":"https:\/\/www.uqac.ca\/uqactualites\/2015\/11\/02\/exposition-de-photos-et-midi-conference-sur-le-stage-en-cooperation-internationale-au-senegal-2\/","og_site_name":"UQACtualit\u00e9s","article_published_time":"2015-11-02T14:36:24+00:00","og_image":[{"width":620,"height":300,"url":"https:\/\/www.uqac.ca\/uqactualites\/wp-content\/uploads\/2012\/05\/avis-laCommunaut-.jpg","type":"image\/jpeg"}],"author":"Service des communications et des relations publiques","twitter_card":"summary_large_image","twitter_misc":{"\u00c9crit par":"Service des communications et des relations publiques","Estimation du temps de lecture":"1 minute"},"schema":{"@context":"https:\/\/schema.org","@graph":[{"@type":"WebPage","@id":"https:\/\/www.uqac.ca\/uqactualites\/2015\/11\/02\/exposition-de-photos-et-midi-conference-sur-le-stage-en-cooperation-internationale-au-senegal-2\/","url":"https:\/\/www.uqac.ca\/uqactualites\/2015\/11\/02\/exposition-de-photos-et-midi-conference-sur-le-stage-en-cooperation-internationale-au-senegal-2\/","name":"Exposition de photos et midi-conf\u00e9rence sur le stage en coop\u00e9ration internationale au S\u00e9n\u00e9gal - UQACtualit\u00e9s","isPartOf":{"@id":"https:\/\/www.uqac.ca\/uqactualites\/#website"},"primaryImageOfPage":{"@id":"https:\/\/www.uqac.ca\/uqactualites\/2015\/11\/02\/exposition-de-photos-et-midi-conference-sur-le-stage-en-cooperation-internationale-au-senegal-2\/#primaryimage"},"image":{"@id":"https:\/\/www.uqac.ca\/uqactualites\/2015\/11\/02\/exposition-de-photos-et-midi-conference-sur-le-stage-en-cooperation-internationale-au-senegal-2\/#primaryimage"},"thumbnailUrl":"https:\/\/www.uqac.ca\/uqactualites\/wp-content\/uploads\/2012\/05\/avis-laCommunaut-.jpg","datePublished":"2015-11-02T14:36:24+00:00","dateModified":"2015-11-02T14:36:24+00:00","author":{"@id":"https:\/\/www.uqac.ca\/uqactualites\/#\/schema\/person\/366c45a0c4f0e677b41b4af5886e2018"},"breadcrumb":{"@id":"https:\/\/www.uqac.ca\/uqactualites\/2015\/11\/02\/exposition-de-photos-et-midi-conference-sur-le-stage-en-cooperation-internationale-au-senegal-2\/#breadcrumb"},"inLanguage":"fr-CA","potentialAction":[{"@type":"ReadAction","target":["https:\/\/www.uqac.ca\/uqactualites\/2015\/11\/02\/exposition-de-photos-et-midi-conference-sur-le-stage-en-cooperation-internationale-au-senegal-2\/"]}]},{"@type":"ImageObject","inLanguage":"fr-CA","@id":"https:\/\/www.uqac.ca\/uqactualites\/2015\/11\/02\/exposition-de-photos-et-midi-conference-sur-le-stage-en-cooperation-internationale-au-senegal-2\/#primaryimage","url":"https:\/\/www.uqac.ca\/uqactualites\/wp-content\/uploads\/2012\/05\/avis-laCommunaut-.jpg","contentUrl":"https:\/\/www.uqac.ca\/uqactualites\/wp-content\/uploads\/2012\/05\/avis-laCommunaut-.jpg","width":620,"height":300},{"@type":"BreadcrumbList","@id":"https:\/\/www.uqac.ca\/uqactualites\/2015\/11\/02\/exposition-de-photos-et-midi-conference-sur-le-stage-en-cooperation-internationale-au-senegal-2\/#breadcrumb","itemListElement":[{"@type":"ListItem","position":1,"name":"Home","item":"https:\/\/www.uqac.ca\/uqactualites\/"},{"@type":"ListItem","position":2,"name":"Exposition de photos et midi-conf\u00e9rence sur le stage en coop\u00e9ration internationale au S\u00e9n\u00e9gal"}]},{"@type":"WebSite","@id":"https:\/\/www.uqac.ca\/uqactualites\/#website","url":"https:\/\/www.uqac.ca\/uqactualites\/","name":"UQACtualit\u00e9s","description":"Le portail des nouvelles de l&#039;UQAC","potentialAction":[{"@type":"SearchAction","target":{"@type":"EntryPoint","urlTemplate":"https:\/\/www.uqac.ca\/uqactualites\/?s={search_term_string}"},"query-input":{"@type":"PropertyValueSpecification","valueRequired":true,"valueName":"search_term_string"}}],"inLanguage":"fr-CA"},{"@type":"Person","@id":"https:\/\/www.uqac.ca\/uqactualites\/#\/schema\/person\/366c45a0c4f0e677b41b4af5886e2018","name":"Service des communications et des relations publiques","image":{"@type":"ImageObject","inLanguage":"fr-CA","@id":"https:\/\/www.uqac.ca\/uqactualites\/#\/schema\/person\/image\/","url":"https:\/\/secure.gravatar.com\/avatar\/20fbbda8a292f59f2d3461a5b999c00b?s=96&d=mm&r=g","contentUrl":"https:\/\/secure.gravatar.com\/avatar\/20fbbda8a292f59f2d3461a5b999c00b?s=96&d=mm&r=g","caption":"Service des communications et des relations publiques"},"url":"https:\/\/www.uqac.ca\/uqactualites\/author\/bap\/"}]}},"_links":{"self":[{"href":"https:\/\/www.uqac.ca\/uqactualites\/wp-json\/wp\/v2\/posts\/31021"}],"collection":[{"href":"https:\/\/www.uqac.ca\/uqactualites\/wp-json\/wp\/v2\/posts"}],"about":[{"href":"https:\/\/www.uqac.ca\/uqactualites\/wp-json\/wp\/v2\/types\/post"}],"author":[{"embeddable":true,"href":"https:\/\/www.uqac.ca\/uqactualites\/wp-json\/wp\/v2\/users\/5"}],"replies":[{"embeddable":true,"href":"https:\/\/www.uqac.ca\/uqactualites\/wp-json\/wp\/v2\/comments?post=31021"}],"version-history":[{"count":0,"href":"https:\/\/www.uqac.ca\/uqactualites\/wp-json\/wp\/v2\/posts\/31021\/revisions"}],"wp:featuredmedia":[{"embeddable":true,"href":"https:\/\/www.uqac.ca\/uqactualites\/wp-json\/wp\/v2\/media\/20989"}],"wp:attachment":[{"href":"https:\/\/www.uqac.ca\/uqactualites\/wp-json\/wp\/v2\/media?parent=31021"}],"wp:term":[{"taxonomy":"category","embeddable":true,"href":"https:\/\/www.uqac.ca\/uqactualites\/wp-json\/wp\/v2\/categories?post=31021"},{"taxonomy":"post_tag","embeddable":true,"href":"https:\/\/www.uqac.ca\/uqactualites\/wp-json\/wp\/v2\/tags?post=31021"}],"curies":[{"name":"wp","href":"https:\/\/api.w.org\/{rel}","templated":true}]}}