{"id":31024,"date":"2015-11-02T10:11:22","date_gmt":"2015-11-02T15:11:22","guid":{"rendered":"http:\/\/uqactualite.odev.ca\/?p=31024"},"modified":"2015-11-02T10:11:22","modified_gmt":"2015-11-02T15:11:22","slug":"atelier-dinformation-du-cee-uqac-les-rudiments-de-la-propriete-intellectuelle","status":"publish","type":"post","link":"https:\/\/www.uqac.ca\/uqactualites\/2015\/11\/02\/atelier-dinformation-du-cee-uqac-les-rudiments-de-la-propriete-intellectuelle\/","title":{"rendered":"Atelier d\u2019information du CEE-UQAC : \u00ab Les rudiments de la propri\u00e9t\u00e9 intellectuelle\u00bb"},"content":{"rendered":"<p>L\u2019atelier vise \u00e0 expliquer le r\u00f4le et la valeur de la propri\u00e9t\u00e9 intellectuelle (PI) comme actif commercial. Ce sera \u00e9galement le moment de d\u00e9mystifier les diff\u00e9rents types de PI et de faire conna\u00eetre les moyens de les acqu\u00e9rir et de les utiliser. L\u2019atelier fera un bref survol des diff\u00e9rents types de PI (marques de commerce, droits d\u2019auteur, dessins industriels, obtentions v\u00e9g\u00e9tales, etc.) en mettant l\u2019emphase sur les brevets.<\/p>\n<p>Animatrice\u00a0: Mme Julie Gauvreau, avocate, agente de brevets et de marques de commerce<br \/>\n<strong>Date : Le vendredi 6 novembre 2015, de 9 h \u00e0 12 h<\/strong><br \/>\nLocal : H1-1030<br \/>\nCo\u00fbt\u00a0: GRATUIT pour les \u00e9tudiants<br \/>\n40 $ admission g\u00e9n\u00e9rale<\/p>\n<p><em>Le mat\u00e9riel pour suivre l\u2019atelier vous sera remis.<br \/>\nCaf\u00e9 et galettes vous seront servis!<\/em><\/p>\n<p><strong>Attention\u00a0<\/strong>: Cet atelier vous int\u00e9resse? Faites vite, car les places sont limit\u00e9es!<\/p>\n<p><strong>Information et inscription\u00a0:<\/strong><br \/>\nVanessa Gaudreault Frias<br \/>\n418 545-5011, poste 4653<br \/>\n<a href=\"mailto:cee_activites@uqac.ca\">cee_activites@uqac.ca<\/a><\/p>\n","protected":false},"excerpt":{"rendered":"<p>L\u2019atelier vise \u00e0 expliquer le r\u00f4le et la valeur de la propri\u00e9t\u00e9 intellectuelle (PI) comme actif commercial. Ce sera \u00e9galement le moment de d\u00e9mystifier les diff\u00e9rents types de PI et de faire conna\u00eetre les moyens de les acqu\u00e9rir et de les utiliser. L\u2019atelier fera un bref survol des diff\u00e9rents types de PI (marques de commerce, [&hellip;]<\/p>\n","protected":false},"author":5,"featured_media":20989,"comment_status":"open","ping_status":"open","sticky":false,"template":"","format":"standard","meta":{"footnotes":""},"categories":[2772],"tags":[],"yoast_head":"<!-- This site is optimized with the Yoast SEO plugin v24.2 - https:\/\/yoast.com\/wordpress\/plugins\/seo\/ -->\r\n<title>Atelier d\u2019information du CEE-UQAC : \u00ab Les rudiments de la propri\u00e9t\u00e9 intellectuelle\u00bb - UQACtualit\u00e9s<\/title>\r\n<meta name=\"robots\" content=\"index, follow, max-snippet:-1, max-image-preview:large, max-video-preview:-1\" \/>\r\n<link rel=\"canonical\" href=\"https:\/\/www.uqac.ca\/uqactualites\/2015\/11\/02\/atelier-dinformation-du-cee-uqac-les-rudiments-de-la-propriete-intellectuelle\/\" \/>\r\n<meta property=\"og:locale\" content=\"fr_CA\" \/>\r\n<meta property=\"og:type\" content=\"article\" \/>\r\n<meta property=\"og:title\" content=\"Atelier d\u2019information du CEE-UQAC : \u00ab Les rudiments de la propri\u00e9t\u00e9 intellectuelle\u00bb - UQACtualit\u00e9s\" \/>\r\n<meta property=\"og:description\" content=\"L\u2019atelier vise \u00e0 expliquer le r\u00f4le et la valeur de la propri\u00e9t\u00e9 intellectuelle (PI) comme actif commercial. Ce sera \u00e9galement le moment de d\u00e9mystifier les diff\u00e9rents types de PI et de faire conna\u00eetre les moyens de les acqu\u00e9rir et de les utiliser. L\u2019atelier fera un bref survol des diff\u00e9rents types de PI (marques de commerce, [&hellip;]\" \/>\r\n<meta property=\"og:url\" content=\"https:\/\/www.uqac.ca\/uqactualites\/2015\/11\/02\/atelier-dinformation-du-cee-uqac-les-rudiments-de-la-propriete-intellectuelle\/\" \/>\r\n<meta property=\"og:site_name\" content=\"UQACtualit\u00e9s\" \/>\r\n<meta property=\"article:published_time\" content=\"2015-11-02T15:11:22+00:00\" \/>\r\n<meta property=\"og:image\" content=\"https:\/\/www.uqac.ca\/uqactualites\/wp-content\/uploads\/2012\/05\/avis-laCommunaut-.jpg\" \/>\r\n\t<meta property=\"og:image:width\" content=\"620\" \/>\r\n\t<meta property=\"og:image:height\" content=\"300\" \/>\r\n\t<meta property=\"og:image:type\" content=\"image\/jpeg\" \/>\r\n<meta name=\"author\" content=\"Service des communications et des relations publiques\" \/>\r\n<meta name=\"twitter:card\" content=\"summary_large_image\" \/>\r\n<meta name=\"twitter:label1\" content=\"\u00c9crit par\" \/>\n\t<meta name=\"twitter:data1\" content=\"Service des communications et des relations publiques\" \/>\n\t<meta name=\"twitter:label2\" content=\"Estimation du temps de lecture\" \/>\n\t<meta name=\"twitter:data2\" content=\"1 minute\" \/>\r\n<script type=\"application\/ld+json\" class=\"yoast-schema-graph\">{\"@context\":\"https:\/\/schema.org\",\"@graph\":[{\"@type\":\"WebPage\",\"@id\":\"https:\/\/www.uqac.ca\/uqactualites\/2015\/11\/02\/atelier-dinformation-du-cee-uqac-les-rudiments-de-la-propriete-intellectuelle\/\",\"url\":\"https:\/\/www.uqac.ca\/uqactualites\/2015\/11\/02\/atelier-dinformation-du-cee-uqac-les-rudiments-de-la-propriete-intellectuelle\/\",\"name\":\"Atelier d\u2019information du CEE-UQAC : \u00ab Les rudiments de la propri\u00e9t\u00e9 intellectuelle\u00bb - UQACtualit\u00e9s\",\"isPartOf\":{\"@id\":\"https:\/\/www.uqac.ca\/uqactualites\/#website\"},\"primaryImageOfPage\":{\"@id\":\"https:\/\/www.uqac.ca\/uqactualites\/2015\/11\/02\/atelier-dinformation-du-cee-uqac-les-rudiments-de-la-propriete-intellectuelle\/#primaryimage\"},\"image\":{\"@id\":\"https:\/\/www.uqac.ca\/uqactualites\/2015\/11\/02\/atelier-dinformation-du-cee-uqac-les-rudiments-de-la-propriete-intellectuelle\/#primaryimage\"},\"thumbnailUrl\":\"https:\/\/www.uqac.ca\/uqactualites\/wp-content\/uploads\/2012\/05\/avis-laCommunaut-.jpg\",\"datePublished\":\"2015-11-02T15:11:22+00:00\",\"dateModified\":\"2015-11-02T15:11:22+00:00\",\"author\":{\"@id\":\"https:\/\/www.uqac.ca\/uqactualites\/#\/schema\/person\/366c45a0c4f0e677b41b4af5886e2018\"},\"breadcrumb\":{\"@id\":\"https:\/\/www.uqac.ca\/uqactualites\/2015\/11\/02\/atelier-dinformation-du-cee-uqac-les-rudiments-de-la-propriete-intellectuelle\/#breadcrumb\"},\"inLanguage\":\"fr-CA\",\"potentialAction\":[{\"@type\":\"ReadAction\",\"target\":[\"https:\/\/www.uqac.ca\/uqactualites\/2015\/11\/02\/atelier-dinformation-du-cee-uqac-les-rudiments-de-la-propriete-intellectuelle\/\"]}]},{\"@type\":\"ImageObject\",\"inLanguage\":\"fr-CA\",\"@id\":\"https:\/\/www.uqac.ca\/uqactualites\/2015\/11\/02\/atelier-dinformation-du-cee-uqac-les-rudiments-de-la-propriete-intellectuelle\/#primaryimage\",\"url\":\"https:\/\/www.uqac.ca\/uqactualites\/wp-content\/uploads\/2012\/05\/avis-laCommunaut-.jpg\",\"contentUrl\":\"https:\/\/www.uqac.ca\/uqactualites\/wp-content\/uploads\/2012\/05\/avis-laCommunaut-.jpg\",\"width\":620,\"height\":300},{\"@type\":\"BreadcrumbList\",\"@id\":\"https:\/\/www.uqac.ca\/uqactualites\/2015\/11\/02\/atelier-dinformation-du-cee-uqac-les-rudiments-de-la-propriete-intellectuelle\/#breadcrumb\",\"itemListElement\":[{\"@type\":\"ListItem\",\"position\":1,\"name\":\"Home\",\"item\":\"https:\/\/www.uqac.ca\/uqactualites\/\"},{\"@type\":\"ListItem\",\"position\":2,\"name\":\"Atelier d\u2019information du CEE-UQAC : \u00ab Les rudiments de la propri\u00e9t\u00e9 intellectuelle\u00bb\"}]},{\"@type\":\"WebSite\",\"@id\":\"https:\/\/www.uqac.ca\/uqactualites\/#website\",\"url\":\"https:\/\/www.uqac.ca\/uqactualites\/\",\"name\":\"UQACtualit\u00e9s\",\"description\":\"Le portail des nouvelles de l&#039;UQAC\",\"potentialAction\":[{\"@type\":\"SearchAction\",\"target\":{\"@type\":\"EntryPoint\",\"urlTemplate\":\"https:\/\/www.uqac.ca\/uqactualites\/?s={search_term_string}\"},\"query-input\":{\"@type\":\"PropertyValueSpecification\",\"valueRequired\":true,\"valueName\":\"search_term_string\"}}],\"inLanguage\":\"fr-CA\"},{\"@type\":\"Person\",\"@id\":\"https:\/\/www.uqac.ca\/uqactualites\/#\/schema\/person\/366c45a0c4f0e677b41b4af5886e2018\",\"name\":\"Service des communications et des relations publiques\",\"image\":{\"@type\":\"ImageObject\",\"inLanguage\":\"fr-CA\",\"@id\":\"https:\/\/www.uqac.ca\/uqactualites\/#\/schema\/person\/image\/\",\"url\":\"https:\/\/secure.gravatar.com\/avatar\/20fbbda8a292f59f2d3461a5b999c00b?s=96&d=mm&r=g\",\"contentUrl\":\"https:\/\/secure.gravatar.com\/avatar\/20fbbda8a292f59f2d3461a5b999c00b?s=96&d=mm&r=g\",\"caption\":\"Service des communications et des relations publiques\"},\"url\":\"https:\/\/www.uqac.ca\/uqactualites\/author\/bap\/\"}]}<\/script>\r\n<!-- \/ Yoast SEO plugin. -->","yoast_head_json":{"title":"Atelier d\u2019information du CEE-UQAC : \u00ab Les rudiments de la propri\u00e9t\u00e9 intellectuelle\u00bb - UQACtualit\u00e9s","robots":{"index":"index","follow":"follow","max-snippet":"max-snippet:-1","max-image-preview":"max-image-preview:large","max-video-preview":"max-video-preview:-1"},"canonical":"https:\/\/www.uqac.ca\/uqactualites\/2015\/11\/02\/atelier-dinformation-du-cee-uqac-les-rudiments-de-la-propriete-intellectuelle\/","og_locale":"fr_CA","og_type":"article","og_title":"Atelier d\u2019information du CEE-UQAC : \u00ab Les rudiments de la propri\u00e9t\u00e9 intellectuelle\u00bb - UQACtualit\u00e9s","og_description":"L\u2019atelier vise \u00e0 expliquer le r\u00f4le et la valeur de la propri\u00e9t\u00e9 intellectuelle (PI) comme actif commercial. Ce sera \u00e9galement le moment de d\u00e9mystifier les diff\u00e9rents types de PI et de faire conna\u00eetre les moyens de les acqu\u00e9rir et de les utiliser. L\u2019atelier fera un bref survol des diff\u00e9rents types de PI (marques de commerce, [&hellip;]","og_url":"https:\/\/www.uqac.ca\/uqactualites\/2015\/11\/02\/atelier-dinformation-du-cee-uqac-les-rudiments-de-la-propriete-intellectuelle\/","og_site_name":"UQACtualit\u00e9s","article_published_time":"2015-11-02T15:11:22+00:00","og_image":[{"width":620,"height":300,"url":"https:\/\/www.uqac.ca\/uqactualites\/wp-content\/uploads\/2012\/05\/avis-laCommunaut-.jpg","type":"image\/jpeg"}],"author":"Service des communications et des relations publiques","twitter_card":"summary_large_image","twitter_misc":{"\u00c9crit par":"Service des communications et des relations publiques","Estimation du temps de lecture":"1 minute"},"schema":{"@context":"https:\/\/schema.org","@graph":[{"@type":"WebPage","@id":"https:\/\/www.uqac.ca\/uqactualites\/2015\/11\/02\/atelier-dinformation-du-cee-uqac-les-rudiments-de-la-propriete-intellectuelle\/","url":"https:\/\/www.uqac.ca\/uqactualites\/2015\/11\/02\/atelier-dinformation-du-cee-uqac-les-rudiments-de-la-propriete-intellectuelle\/","name":"Atelier d\u2019information du CEE-UQAC : \u00ab Les rudiments de la propri\u00e9t\u00e9 intellectuelle\u00bb - UQACtualit\u00e9s","isPartOf":{"@id":"https:\/\/www.uqac.ca\/uqactualites\/#website"},"primaryImageOfPage":{"@id":"https:\/\/www.uqac.ca\/uqactualites\/2015\/11\/02\/atelier-dinformation-du-cee-uqac-les-rudiments-de-la-propriete-intellectuelle\/#primaryimage"},"image":{"@id":"https:\/\/www.uqac.ca\/uqactualites\/2015\/11\/02\/atelier-dinformation-du-cee-uqac-les-rudiments-de-la-propriete-intellectuelle\/#primaryimage"},"thumbnailUrl":"https:\/\/www.uqac.ca\/uqactualites\/wp-content\/uploads\/2012\/05\/avis-laCommunaut-.jpg","datePublished":"2015-11-02T15:11:22+00:00","dateModified":"2015-11-02T15:11:22+00:00","author":{"@id":"https:\/\/www.uqac.ca\/uqactualites\/#\/schema\/person\/366c45a0c4f0e677b41b4af5886e2018"},"breadcrumb":{"@id":"https:\/\/www.uqac.ca\/uqactualites\/2015\/11\/02\/atelier-dinformation-du-cee-uqac-les-rudiments-de-la-propriete-intellectuelle\/#breadcrumb"},"inLanguage":"fr-CA","potentialAction":[{"@type":"ReadAction","target":["https:\/\/www.uqac.ca\/uqactualites\/2015\/11\/02\/atelier-dinformation-du-cee-uqac-les-rudiments-de-la-propriete-intellectuelle\/"]}]},{"@type":"ImageObject","inLanguage":"fr-CA","@id":"https:\/\/www.uqac.ca\/uqactualites\/2015\/11\/02\/atelier-dinformation-du-cee-uqac-les-rudiments-de-la-propriete-intellectuelle\/#primaryimage","url":"https:\/\/www.uqac.ca\/uqactualites\/wp-content\/uploads\/2012\/05\/avis-laCommunaut-.jpg","contentUrl":"https:\/\/www.uqac.ca\/uqactualites\/wp-content\/uploads\/2012\/05\/avis-laCommunaut-.jpg","width":620,"height":300},{"@type":"BreadcrumbList","@id":"https:\/\/www.uqac.ca\/uqactualites\/2015\/11\/02\/atelier-dinformation-du-cee-uqac-les-rudiments-de-la-propriete-intellectuelle\/#breadcrumb","itemListElement":[{"@type":"ListItem","position":1,"name":"Home","item":"https:\/\/www.uqac.ca\/uqactualites\/"},{"@type":"ListItem","position":2,"name":"Atelier d\u2019information du CEE-UQAC : \u00ab Les rudiments de la propri\u00e9t\u00e9 intellectuelle\u00bb"}]},{"@type":"WebSite","@id":"https:\/\/www.uqac.ca\/uqactualites\/#website","url":"https:\/\/www.uqac.ca\/uqactualites\/","name":"UQACtualit\u00e9s","description":"Le portail des nouvelles de l&#039;UQAC","potentialAction":[{"@type":"SearchAction","target":{"@type":"EntryPoint","urlTemplate":"https:\/\/www.uqac.ca\/uqactualites\/?s={search_term_string}"},"query-input":{"@type":"PropertyValueSpecification","valueRequired":true,"valueName":"search_term_string"}}],"inLanguage":"fr-CA"},{"@type":"Person","@id":"https:\/\/www.uqac.ca\/uqactualites\/#\/schema\/person\/366c45a0c4f0e677b41b4af5886e2018","name":"Service des communications et des relations publiques","image":{"@type":"ImageObject","inLanguage":"fr-CA","@id":"https:\/\/www.uqac.ca\/uqactualites\/#\/schema\/person\/image\/","url":"https:\/\/secure.gravatar.com\/avatar\/20fbbda8a292f59f2d3461a5b999c00b?s=96&d=mm&r=g","contentUrl":"https:\/\/secure.gravatar.com\/avatar\/20fbbda8a292f59f2d3461a5b999c00b?s=96&d=mm&r=g","caption":"Service des communications et des relations publiques"},"url":"https:\/\/www.uqac.ca\/uqactualites\/author\/bap\/"}]}},"_links":{"self":[{"href":"https:\/\/www.uqac.ca\/uqactualites\/wp-json\/wp\/v2\/posts\/31024"}],"collection":[{"href":"https:\/\/www.uqac.ca\/uqactualites\/wp-json\/wp\/v2\/posts"}],"about":[{"href":"https:\/\/www.uqac.ca\/uqactualites\/wp-json\/wp\/v2\/types\/post"}],"author":[{"embeddable":true,"href":"https:\/\/www.uqac.ca\/uqactualites\/wp-json\/wp\/v2\/users\/5"}],"replies":[{"embeddable":true,"href":"https:\/\/www.uqac.ca\/uqactualites\/wp-json\/wp\/v2\/comments?post=31024"}],"version-history":[{"count":0,"href":"https:\/\/www.uqac.ca\/uqactualites\/wp-json\/wp\/v2\/posts\/31024\/revisions"}],"wp:featuredmedia":[{"embeddable":true,"href":"https:\/\/www.uqac.ca\/uqactualites\/wp-json\/wp\/v2\/media\/20989"}],"wp:attachment":[{"href":"https:\/\/www.uqac.ca\/uqactualites\/wp-json\/wp\/v2\/media?parent=31024"}],"wp:term":[{"taxonomy":"category","embeddable":true,"href":"https:\/\/www.uqac.ca\/uqactualites\/wp-json\/wp\/v2\/categories?post=31024"},{"taxonomy":"post_tag","embeddable":true,"href":"https:\/\/www.uqac.ca\/uqactualites\/wp-json\/wp\/v2\/tags?post=31024"}],"curies":[{"name":"wp","href":"https:\/\/api.w.org\/{rel}","templated":true}]}}