{"id":31031,"date":"2015-11-02T11:53:51","date_gmt":"2015-11-02T16:53:51","guid":{"rendered":"http:\/\/uqactualite.odev.ca\/?p=31031"},"modified":"2015-11-02T11:53:51","modified_gmt":"2015-11-02T16:53:51","slug":"productivite-forestiere-et-sequestration-du-carbone-des-chercheurs-de-luqac-publient-dans-la-revue-nature-plants","status":"publish","type":"post","link":"https:\/\/www.uqac.ca\/uqactualites\/2015\/11\/02\/productivite-forestiere-et-sequestration-du-carbone-des-chercheurs-de-luqac-publient-dans-la-revue-nature-plants\/","title":{"rendered":"Productivit\u00e9 foresti\u00e8re et s\u00e9questration du carbone : des chercheurs de l\u2019UQAC publient dans la revue Nature Plants"},"content":{"rendered":"<p><strong>Saguenay, le 26 octobre 2015 <\/strong>\u2013 La revue Nature Plants publie aujourd\u2019hui, le 26 octobre, le r\u00e9sultat du travail d\u2019un groupe de 33 chercheurs de 11 pays, dont quatre chercheurs de l\u2019UQAC\u00a0: Sergio Rossi, Hubert Morin, Corn\u00e9lia Krause et Annie Deslauriers. Le projet visait \u00e0 l\u2019impact de la dynamique saisonni\u00e8re sur la croissance et la capacit\u00e9 des arbres \u00e0 s\u00e9questrer (encapsuler) du carbone dans leur bois. Cette compr\u00e9hension est importante, car le bois joue un r\u00f4le central dans le cycle du carbone terrestre\u00a0: il permet de capter environ 15\u00a0% des \u00e9missions humaines de CO<sub>2<\/sub> par ann\u00e9e. Le bois est donc l\u2019un des principaux r\u00e9servoirs permettant de retenir le carbone \u00e0 long terme, et ainsi en diminuer la quantit\u00e9 dans l\u2019atmosph\u00e8re. Les travaux r\u00e9alis\u00e9s par ce groupe de chercheurs ont permis de d\u00e9terminer \u00e0 quelle p\u00e9riode de la croissance des arbres et \u00e0 quel moment de la saison de croissance le carbone est fix\u00e9 dans le bois, mais \u00e9galement les \u00e9l\u00e9ments cl\u00e9s qui influencent la fixation du carbone.<\/p>\n<p>Ils ont ainsi d\u00e9termin\u00e9 que la croissance radiale (augmentation du volume de l\u2019arbre) se produit en premier et est influenc\u00e9e par la quantit\u00e9 de lumi\u00e8re (la photop\u00e9riode) re\u00e7ue par l\u2019arbre, alors que l\u2019augmentation de la masse (qui d\u00e9coule de la fixation du carbone) survient plus tard, et est influenc\u00e9e par la temp\u00e9rature. Le d\u00e9lai mesur\u00e9 entre les deux ph\u00e9nom\u00e8nes varie entre 25 et 50 jours selon les diff\u00e9rentes zones g\u00e9ographiques \u00e9tudi\u00e9es dans l\u2019h\u00e9misph\u00e8re nord (la for\u00eat bor\u00e9ale canadienne et scandinave ainsi que les for\u00eats des zones temp\u00e9r\u00e9es, alpines et m\u00e9diterran\u00e9ennes de l\u2019Europe).<\/p>\n<p>Ainsi, pour la for\u00eat bor\u00e9ale, un d\u00e9calage de presque un mois a \u00e9t\u00e9 constat\u00e9 entre la croissance en volume et celle en biomasse (laquelle permet de fixer le carbone). Cette nouvelle d\u00e9couverte change la perspective des scientifiques en ce qui a trait \u00e0 la croissance des arbres\u00a0: avant cette d\u00e9couverte, on pensait que tous les processus de la formation du bois se produisaient dans la m\u00eame p\u00e9riode, alors que maintenant, il est clair que le carbone est principalement fix\u00e9 plus tard durant la saison de croissance. Les diff\u00e9rences dans le d\u00e9lai entre les zones g\u00e9ographiques, mais \u00e9galement \u00e0 l\u2019int\u00e9rieur de la m\u00eame zone, indiquent l\u2019importance des facteurs environnementaux au niveau local et global dans la croissance des arbres.<\/p>\n<p>L\u2019\u00e9tude fournit de nouvelles connaissances qui donneront aux scientifiques un outil suppl\u00e9mentaire pour suivre l\u2019\u00e9volution et l\u2019impact des changements climatiques. Cette nouvelle approche permettra \u00e9galement de mieux comprendre l\u2019\u00e9cosyst\u00e8me forestier \u00e0 une \u00e9chelle plus globale, tout en permettant une finesse d\u2019analyse au niveau local. Avec les donn\u00e9es sur la formation du bois compil\u00e9es depuis 15 ans au Laboratoire d\u2019\u00e9cologie v\u00e9g\u00e9tale de l\u2019UQAC, il sera possible de quantifier la fixation \u00e0 long terme du carbone le long de toute la distribution latitudinale de la for\u00eat bor\u00e9ale, du Saguenay jusqu\u2019\u00e0 la Grande-Rivi\u00e8re (Baie-James), et de mieux comprendre les facteurs climatiques et les m\u00e9canismes biologiques qui influencent la fixation du carbone.<\/p>\n<p>Les chercheurs du Laboratoire d\u2019\u00e9cologie v\u00e9g\u00e9tale de l\u2019UQAC collaborent activement depuis de nombreuses ann\u00e9es au sein d\u2019une \u00e9quipe internationale. La qualit\u00e9 de leur travail se concr\u00e9tise aujourd\u2019hui par la publication de cet article dans la revue de prestige Nature Plants.<\/p>\n<p style=\"text-align: center\">\u00a0&#8211; 30 &#8211;<\/p>\n<p><strong>Source\u00a0:<br \/>\n<\/strong>Jos\u00e9e Bourassa<br \/>\nBureau des affaires publiques<br \/>\nUniversit\u00e9 du Qu\u00e9bec \u00e0 Chicoutimi<br \/>\n418\u00a0545-5011, poste\u00a02274 \u25aa <a href=\"mailto:josee_bourassa@uqac.ca\">josee_bourassa@uqac.ca<\/a><\/p>\n","protected":false},"excerpt":{"rendered":"<p>Saguenay, le 26 octobre 2015 \u2013 La revue Nature Plants publie aujourd\u2019hui, le 26 octobre, le r\u00e9sultat du travail d\u2019un groupe de 33 chercheurs de 11 pays, dont quatre chercheurs de l\u2019UQAC\u00a0: Sergio Rossi, Hubert Morin, Corn\u00e9lia Krause et Annie Deslauriers. Le projet visait \u00e0 l\u2019impact de la dynamique saisonni\u00e8re sur la croissance et la [&hellip;]<\/p>\n","protected":false},"author":5,"featured_media":20745,"comment_status":"open","ping_status":"open","sticky":false,"template":"","format":"standard","meta":{"footnotes":""},"categories":[2772],"tags":[],"yoast_head":"<!-- This site is optimized with the Yoast SEO plugin v24.2 - https:\/\/yoast.com\/wordpress\/plugins\/seo\/ -->\r\n<title>Productivit\u00e9 foresti\u00e8re et s\u00e9questration du carbone : des chercheurs de l\u2019UQAC publient dans la revue Nature Plants - UQACtualit\u00e9s<\/title>\r\n<meta name=\"robots\" content=\"index, follow, max-snippet:-1, max-image-preview:large, max-video-preview:-1\" \/>\r\n<link rel=\"canonical\" href=\"https:\/\/www.uqac.ca\/uqactualites\/2015\/11\/02\/productivite-forestiere-et-sequestration-du-carbone-des-chercheurs-de-luqac-publient-dans-la-revue-nature-plants\/\" \/>\r\n<meta property=\"og:locale\" content=\"fr_CA\" \/>\r\n<meta property=\"og:type\" content=\"article\" \/>\r\n<meta property=\"og:title\" content=\"Productivit\u00e9 foresti\u00e8re et s\u00e9questration du carbone : des chercheurs de l\u2019UQAC publient dans la revue Nature Plants - UQACtualit\u00e9s\" \/>\r\n<meta property=\"og:description\" content=\"Saguenay, le 26 octobre 2015 \u2013 La revue Nature Plants publie aujourd\u2019hui, le 26 octobre, le r\u00e9sultat du travail d\u2019un groupe de 33 chercheurs de 11 pays, dont quatre chercheurs de l\u2019UQAC\u00a0: Sergio Rossi, Hubert Morin, Corn\u00e9lia Krause et Annie Deslauriers. Le projet visait \u00e0 l\u2019impact de la dynamique saisonni\u00e8re sur la croissance et la [&hellip;]\" \/>\r\n<meta property=\"og:url\" content=\"https:\/\/www.uqac.ca\/uqactualites\/2015\/11\/02\/productivite-forestiere-et-sequestration-du-carbone-des-chercheurs-de-luqac-publient-dans-la-revue-nature-plants\/\" \/>\r\n<meta property=\"og:site_name\" content=\"UQACtualit\u00e9s\" \/>\r\n<meta property=\"article:published_time\" content=\"2015-11-02T16:53:51+00:00\" \/>\r\n<meta property=\"og:image\" content=\"https:\/\/www.uqac.ca\/uqactualites\/wp-content\/uploads\/2012\/05\/communiqu-.jpg\" \/>\r\n\t<meta property=\"og:image:width\" content=\"620\" \/>\r\n\t<meta property=\"og:image:height\" content=\"300\" \/>\r\n\t<meta property=\"og:image:type\" content=\"image\/jpeg\" \/>\r\n<meta name=\"author\" content=\"Service des communications et des relations publiques\" \/>\r\n<meta name=\"twitter:card\" content=\"summary_large_image\" \/>\r\n<meta name=\"twitter:label1\" content=\"\u00c9crit par\" \/>\n\t<meta name=\"twitter:data1\" content=\"Service des communications et des relations publiques\" \/>\n\t<meta name=\"twitter:label2\" content=\"Estimation du temps de lecture\" \/>\n\t<meta name=\"twitter:data2\" content=\"3 minutes\" \/>\r\n<script type=\"application\/ld+json\" class=\"yoast-schema-graph\">{\"@context\":\"https:\/\/schema.org\",\"@graph\":[{\"@type\":\"WebPage\",\"@id\":\"https:\/\/www.uqac.ca\/uqactualites\/2015\/11\/02\/productivite-forestiere-et-sequestration-du-carbone-des-chercheurs-de-luqac-publient-dans-la-revue-nature-plants\/\",\"url\":\"https:\/\/www.uqac.ca\/uqactualites\/2015\/11\/02\/productivite-forestiere-et-sequestration-du-carbone-des-chercheurs-de-luqac-publient-dans-la-revue-nature-plants\/\",\"name\":\"Productivit\u00e9 foresti\u00e8re et s\u00e9questration du carbone : des chercheurs de l\u2019UQAC publient dans la revue Nature Plants - UQACtualit\u00e9s\",\"isPartOf\":{\"@id\":\"https:\/\/www.uqac.ca\/uqactualites\/#website\"},\"primaryImageOfPage\":{\"@id\":\"https:\/\/www.uqac.ca\/uqactualites\/2015\/11\/02\/productivite-forestiere-et-sequestration-du-carbone-des-chercheurs-de-luqac-publient-dans-la-revue-nature-plants\/#primaryimage\"},\"image\":{\"@id\":\"https:\/\/www.uqac.ca\/uqactualites\/2015\/11\/02\/productivite-forestiere-et-sequestration-du-carbone-des-chercheurs-de-luqac-publient-dans-la-revue-nature-plants\/#primaryimage\"},\"thumbnailUrl\":\"https:\/\/www.uqac.ca\/uqactualites\/wp-content\/uploads\/2012\/05\/communiqu-.jpg\",\"datePublished\":\"2015-11-02T16:53:51+00:00\",\"dateModified\":\"2015-11-02T16:53:51+00:00\",\"author\":{\"@id\":\"https:\/\/www.uqac.ca\/uqactualites\/#\/schema\/person\/366c45a0c4f0e677b41b4af5886e2018\"},\"breadcrumb\":{\"@id\":\"https:\/\/www.uqac.ca\/uqactualites\/2015\/11\/02\/productivite-forestiere-et-sequestration-du-carbone-des-chercheurs-de-luqac-publient-dans-la-revue-nature-plants\/#breadcrumb\"},\"inLanguage\":\"fr-CA\",\"potentialAction\":[{\"@type\":\"ReadAction\",\"target\":[\"https:\/\/www.uqac.ca\/uqactualites\/2015\/11\/02\/productivite-forestiere-et-sequestration-du-carbone-des-chercheurs-de-luqac-publient-dans-la-revue-nature-plants\/\"]}]},{\"@type\":\"ImageObject\",\"inLanguage\":\"fr-CA\",\"@id\":\"https:\/\/www.uqac.ca\/uqactualites\/2015\/11\/02\/productivite-forestiere-et-sequestration-du-carbone-des-chercheurs-de-luqac-publient-dans-la-revue-nature-plants\/#primaryimage\",\"url\":\"https:\/\/www.uqac.ca\/uqactualites\/wp-content\/uploads\/2012\/05\/communiqu-.jpg\",\"contentUrl\":\"https:\/\/www.uqac.ca\/uqactualites\/wp-content\/uploads\/2012\/05\/communiqu-.jpg\",\"width\":620,\"height\":300},{\"@type\":\"BreadcrumbList\",\"@id\":\"https:\/\/www.uqac.ca\/uqactualites\/2015\/11\/02\/productivite-forestiere-et-sequestration-du-carbone-des-chercheurs-de-luqac-publient-dans-la-revue-nature-plants\/#breadcrumb\",\"itemListElement\":[{\"@type\":\"ListItem\",\"position\":1,\"name\":\"Home\",\"item\":\"https:\/\/www.uqac.ca\/uqactualites\/\"},{\"@type\":\"ListItem\",\"position\":2,\"name\":\"Productivit\u00e9 foresti\u00e8re et s\u00e9questration du carbone : des chercheurs de l\u2019UQAC publient dans la revue Nature Plants\"}]},{\"@type\":\"WebSite\",\"@id\":\"https:\/\/www.uqac.ca\/uqactualites\/#website\",\"url\":\"https:\/\/www.uqac.ca\/uqactualites\/\",\"name\":\"UQACtualit\u00e9s\",\"description\":\"Le portail des nouvelles de l&#039;UQAC\",\"potentialAction\":[{\"@type\":\"SearchAction\",\"target\":{\"@type\":\"EntryPoint\",\"urlTemplate\":\"https:\/\/www.uqac.ca\/uqactualites\/?s={search_term_string}\"},\"query-input\":{\"@type\":\"PropertyValueSpecification\",\"valueRequired\":true,\"valueName\":\"search_term_string\"}}],\"inLanguage\":\"fr-CA\"},{\"@type\":\"Person\",\"@id\":\"https:\/\/www.uqac.ca\/uqactualites\/#\/schema\/person\/366c45a0c4f0e677b41b4af5886e2018\",\"name\":\"Service des communications et des relations publiques\",\"image\":{\"@type\":\"ImageObject\",\"inLanguage\":\"fr-CA\",\"@id\":\"https:\/\/www.uqac.ca\/uqactualites\/#\/schema\/person\/image\/\",\"url\":\"https:\/\/secure.gravatar.com\/avatar\/20fbbda8a292f59f2d3461a5b999c00b?s=96&d=mm&r=g\",\"contentUrl\":\"https:\/\/secure.gravatar.com\/avatar\/20fbbda8a292f59f2d3461a5b999c00b?s=96&d=mm&r=g\",\"caption\":\"Service des communications et des relations publiques\"},\"url\":\"https:\/\/www.uqac.ca\/uqactualites\/author\/bap\/\"}]}<\/script>\r\n<!-- \/ Yoast SEO plugin. -->","yoast_head_json":{"title":"Productivit\u00e9 foresti\u00e8re et s\u00e9questration du carbone : des chercheurs de l\u2019UQAC publient dans la revue Nature Plants - UQACtualit\u00e9s","robots":{"index":"index","follow":"follow","max-snippet":"max-snippet:-1","max-image-preview":"max-image-preview:large","max-video-preview":"max-video-preview:-1"},"canonical":"https:\/\/www.uqac.ca\/uqactualites\/2015\/11\/02\/productivite-forestiere-et-sequestration-du-carbone-des-chercheurs-de-luqac-publient-dans-la-revue-nature-plants\/","og_locale":"fr_CA","og_type":"article","og_title":"Productivit\u00e9 foresti\u00e8re et s\u00e9questration du carbone : des chercheurs de l\u2019UQAC publient dans la revue Nature Plants - UQACtualit\u00e9s","og_description":"Saguenay, le 26 octobre 2015 \u2013 La revue Nature Plants publie aujourd\u2019hui, le 26 octobre, le r\u00e9sultat du travail d\u2019un groupe de 33 chercheurs de 11 pays, dont quatre chercheurs de l\u2019UQAC\u00a0: Sergio Rossi, Hubert Morin, Corn\u00e9lia Krause et Annie Deslauriers. Le projet visait \u00e0 l\u2019impact de la dynamique saisonni\u00e8re sur la croissance et la [&hellip;]","og_url":"https:\/\/www.uqac.ca\/uqactualites\/2015\/11\/02\/productivite-forestiere-et-sequestration-du-carbone-des-chercheurs-de-luqac-publient-dans-la-revue-nature-plants\/","og_site_name":"UQACtualit\u00e9s","article_published_time":"2015-11-02T16:53:51+00:00","og_image":[{"width":620,"height":300,"url":"https:\/\/www.uqac.ca\/uqactualites\/wp-content\/uploads\/2012\/05\/communiqu-.jpg","type":"image\/jpeg"}],"author":"Service des communications et des relations publiques","twitter_card":"summary_large_image","twitter_misc":{"\u00c9crit par":"Service des communications et des relations publiques","Estimation du temps de lecture":"3 minutes"},"schema":{"@context":"https:\/\/schema.org","@graph":[{"@type":"WebPage","@id":"https:\/\/www.uqac.ca\/uqactualites\/2015\/11\/02\/productivite-forestiere-et-sequestration-du-carbone-des-chercheurs-de-luqac-publient-dans-la-revue-nature-plants\/","url":"https:\/\/www.uqac.ca\/uqactualites\/2015\/11\/02\/productivite-forestiere-et-sequestration-du-carbone-des-chercheurs-de-luqac-publient-dans-la-revue-nature-plants\/","name":"Productivit\u00e9 foresti\u00e8re et s\u00e9questration du carbone : des chercheurs de l\u2019UQAC publient dans la revue Nature Plants - UQACtualit\u00e9s","isPartOf":{"@id":"https:\/\/www.uqac.ca\/uqactualites\/#website"},"primaryImageOfPage":{"@id":"https:\/\/www.uqac.ca\/uqactualites\/2015\/11\/02\/productivite-forestiere-et-sequestration-du-carbone-des-chercheurs-de-luqac-publient-dans-la-revue-nature-plants\/#primaryimage"},"image":{"@id":"https:\/\/www.uqac.ca\/uqactualites\/2015\/11\/02\/productivite-forestiere-et-sequestration-du-carbone-des-chercheurs-de-luqac-publient-dans-la-revue-nature-plants\/#primaryimage"},"thumbnailUrl":"https:\/\/www.uqac.ca\/uqactualites\/wp-content\/uploads\/2012\/05\/communiqu-.jpg","datePublished":"2015-11-02T16:53:51+00:00","dateModified":"2015-11-02T16:53:51+00:00","author":{"@id":"https:\/\/www.uqac.ca\/uqactualites\/#\/schema\/person\/366c45a0c4f0e677b41b4af5886e2018"},"breadcrumb":{"@id":"https:\/\/www.uqac.ca\/uqactualites\/2015\/11\/02\/productivite-forestiere-et-sequestration-du-carbone-des-chercheurs-de-luqac-publient-dans-la-revue-nature-plants\/#breadcrumb"},"inLanguage":"fr-CA","potentialAction":[{"@type":"ReadAction","target":["https:\/\/www.uqac.ca\/uqactualites\/2015\/11\/02\/productivite-forestiere-et-sequestration-du-carbone-des-chercheurs-de-luqac-publient-dans-la-revue-nature-plants\/"]}]},{"@type":"ImageObject","inLanguage":"fr-CA","@id":"https:\/\/www.uqac.ca\/uqactualites\/2015\/11\/02\/productivite-forestiere-et-sequestration-du-carbone-des-chercheurs-de-luqac-publient-dans-la-revue-nature-plants\/#primaryimage","url":"https:\/\/www.uqac.ca\/uqactualites\/wp-content\/uploads\/2012\/05\/communiqu-.jpg","contentUrl":"https:\/\/www.uqac.ca\/uqactualites\/wp-content\/uploads\/2012\/05\/communiqu-.jpg","width":620,"height":300},{"@type":"BreadcrumbList","@id":"https:\/\/www.uqac.ca\/uqactualites\/2015\/11\/02\/productivite-forestiere-et-sequestration-du-carbone-des-chercheurs-de-luqac-publient-dans-la-revue-nature-plants\/#breadcrumb","itemListElement":[{"@type":"ListItem","position":1,"name":"Home","item":"https:\/\/www.uqac.ca\/uqactualites\/"},{"@type":"ListItem","position":2,"name":"Productivit\u00e9 foresti\u00e8re et s\u00e9questration du carbone : des chercheurs de l\u2019UQAC publient dans la revue Nature Plants"}]},{"@type":"WebSite","@id":"https:\/\/www.uqac.ca\/uqactualites\/#website","url":"https:\/\/www.uqac.ca\/uqactualites\/","name":"UQACtualit\u00e9s","description":"Le portail des nouvelles de l&#039;UQAC","potentialAction":[{"@type":"SearchAction","target":{"@type":"EntryPoint","urlTemplate":"https:\/\/www.uqac.ca\/uqactualites\/?s={search_term_string}"},"query-input":{"@type":"PropertyValueSpecification","valueRequired":true,"valueName":"search_term_string"}}],"inLanguage":"fr-CA"},{"@type":"Person","@id":"https:\/\/www.uqac.ca\/uqactualites\/#\/schema\/person\/366c45a0c4f0e677b41b4af5886e2018","name":"Service des communications et des relations publiques","image":{"@type":"ImageObject","inLanguage":"fr-CA","@id":"https:\/\/www.uqac.ca\/uqactualites\/#\/schema\/person\/image\/","url":"https:\/\/secure.gravatar.com\/avatar\/20fbbda8a292f59f2d3461a5b999c00b?s=96&d=mm&r=g","contentUrl":"https:\/\/secure.gravatar.com\/avatar\/20fbbda8a292f59f2d3461a5b999c00b?s=96&d=mm&r=g","caption":"Service des communications et des relations publiques"},"url":"https:\/\/www.uqac.ca\/uqactualites\/author\/bap\/"}]}},"_links":{"self":[{"href":"https:\/\/www.uqac.ca\/uqactualites\/wp-json\/wp\/v2\/posts\/31031"}],"collection":[{"href":"https:\/\/www.uqac.ca\/uqactualites\/wp-json\/wp\/v2\/posts"}],"about":[{"href":"https:\/\/www.uqac.ca\/uqactualites\/wp-json\/wp\/v2\/types\/post"}],"author":[{"embeddable":true,"href":"https:\/\/www.uqac.ca\/uqactualites\/wp-json\/wp\/v2\/users\/5"}],"replies":[{"embeddable":true,"href":"https:\/\/www.uqac.ca\/uqactualites\/wp-json\/wp\/v2\/comments?post=31031"}],"version-history":[{"count":0,"href":"https:\/\/www.uqac.ca\/uqactualites\/wp-json\/wp\/v2\/posts\/31031\/revisions"}],"wp:featuredmedia":[{"embeddable":true,"href":"https:\/\/www.uqac.ca\/uqactualites\/wp-json\/wp\/v2\/media\/20745"}],"wp:attachment":[{"href":"https:\/\/www.uqac.ca\/uqactualites\/wp-json\/wp\/v2\/media?parent=31031"}],"wp:term":[{"taxonomy":"category","embeddable":true,"href":"https:\/\/www.uqac.ca\/uqactualites\/wp-json\/wp\/v2\/categories?post=31031"},{"taxonomy":"post_tag","embeddable":true,"href":"https:\/\/www.uqac.ca\/uqactualites\/wp-json\/wp\/v2\/tags?post=31031"}],"curies":[{"name":"wp","href":"https:\/\/api.w.org\/{rel}","templated":true}]}}