{"id":31038,"date":"2015-11-04T09:00:04","date_gmt":"2015-11-04T14:00:04","guid":{"rendered":"http:\/\/uqactualite.odev.ca\/?p=31038"},"modified":"2015-11-04T09:00:04","modified_gmt":"2015-11-04T14:00:04","slug":"journees-sportives-pour-les-enfants-de-5-a-12-ans-9-et-10-novembre-2015","status":"publish","type":"post","link":"https:\/\/www.uqac.ca\/uqactualites\/2015\/11\/04\/journees-sportives-pour-les-enfants-de-5-a-12-ans-9-et-10-novembre-2015\/","title":{"rendered":"Journ\u00e9es sportives pour les enfants de 5 \u00e0 12 ans : 9 et 10 novembre 2015"},"content":{"rendered":"<p>Les 9 et 10 novembre prochains, le Pavillon sportif propose des journ\u00e9es sportives pour les enfants de 5 \u00e0 12 ans. Faites bouger vos jeunes avec des activit\u00e9s sportives vari\u00e9es de 9\u00a0h \u00e0 16\u00a0h. Le service de garde est gratuit de 7\u00a0h\u00a030 \u00e0 9\u00a0h et de 16\u00a0h \u00e0 17 h\u00a030.<\/p>\n<p>Co\u00fbt\u00a0: 22\u00a0$\/jour\/enfant<\/p>\n<p>Inscription sur place ou par t\u00e9l\u00e9copieur<\/p>\n<p>Nombre de places limit\u00e9es.<\/p>\n<p><strong>Renseignements\u00a0:<br \/>\n<\/strong>Pavillon sportif<br \/>\nUniversit\u00e9 du Qu\u00e9bec \u00e0 Chicoutimi<br \/>\n418 545-5050<\/p>\n","protected":false},"excerpt":{"rendered":"<p>Les 9 et 10 novembre prochains, le Pavillon sportif propose des journ\u00e9es sportives pour les enfants de 5 \u00e0 12 ans. Faites bouger vos jeunes avec des activit\u00e9s sportives vari\u00e9es de 9\u00a0h \u00e0 16\u00a0h. Le service de garde est gratuit de 7\u00a0h\u00a030 \u00e0 9\u00a0h et de 16\u00a0h \u00e0 17 h\u00a030. Co\u00fbt\u00a0: 22\u00a0$\/jour\/enfant Inscription sur place [&hellip;]<\/p>\n","protected":false},"author":5,"featured_media":20989,"comment_status":"open","ping_status":"open","sticky":false,"template":"","format":"standard","meta":{"footnotes":""},"categories":[2772],"tags":[],"yoast_head":"<!-- This site is optimized with the Yoast SEO plugin v24.2 - https:\/\/yoast.com\/wordpress\/plugins\/seo\/ -->\r\n<title>Journ\u00e9es sportives pour les enfants de 5 \u00e0 12 ans : 9 et 10 novembre 2015 - UQACtualit\u00e9s<\/title>\r\n<meta name=\"robots\" content=\"index, follow, max-snippet:-1, max-image-preview:large, max-video-preview:-1\" \/>\r\n<link rel=\"canonical\" href=\"https:\/\/www.uqac.ca\/uqactualites\/2015\/11\/04\/journees-sportives-pour-les-enfants-de-5-a-12-ans-9-et-10-novembre-2015\/\" \/>\r\n<meta property=\"og:locale\" content=\"fr_CA\" \/>\r\n<meta property=\"og:type\" content=\"article\" \/>\r\n<meta property=\"og:title\" content=\"Journ\u00e9es sportives pour les enfants de 5 \u00e0 12 ans : 9 et 10 novembre 2015 - UQACtualit\u00e9s\" \/>\r\n<meta property=\"og:description\" content=\"Les 9 et 10 novembre prochains, le Pavillon sportif propose des journ\u00e9es sportives pour les enfants de 5 \u00e0 12 ans. Faites bouger vos jeunes avec des activit\u00e9s sportives vari\u00e9es de 9\u00a0h \u00e0 16\u00a0h. Le service de garde est gratuit de 7\u00a0h\u00a030 \u00e0 9\u00a0h et de 16\u00a0h \u00e0 17 h\u00a030. Co\u00fbt\u00a0: 22\u00a0$\/jour\/enfant Inscription sur place [&hellip;]\" \/>\r\n<meta property=\"og:url\" content=\"https:\/\/www.uqac.ca\/uqactualites\/2015\/11\/04\/journees-sportives-pour-les-enfants-de-5-a-12-ans-9-et-10-novembre-2015\/\" \/>\r\n<meta property=\"og:site_name\" content=\"UQACtualit\u00e9s\" \/>\r\n<meta property=\"article:published_time\" content=\"2015-11-04T14:00:04+00:00\" \/>\r\n<meta property=\"og:image\" content=\"https:\/\/www.uqac.ca\/uqactualites\/wp-content\/uploads\/2012\/05\/avis-laCommunaut-.jpg\" \/>\r\n\t<meta property=\"og:image:width\" content=\"620\" \/>\r\n\t<meta property=\"og:image:height\" content=\"300\" \/>\r\n\t<meta property=\"og:image:type\" content=\"image\/jpeg\" \/>\r\n<meta name=\"author\" content=\"Service des communications et des relations publiques\" \/>\r\n<meta name=\"twitter:card\" content=\"summary_large_image\" \/>\r\n<meta name=\"twitter:label1\" content=\"\u00c9crit par\" \/>\n\t<meta name=\"twitter:data1\" content=\"Service des communications et des relations publiques\" \/>\r\n<script type=\"application\/ld+json\" class=\"yoast-schema-graph\">{\"@context\":\"https:\/\/schema.org\",\"@graph\":[{\"@type\":\"WebPage\",\"@id\":\"https:\/\/www.uqac.ca\/uqactualites\/2015\/11\/04\/journees-sportives-pour-les-enfants-de-5-a-12-ans-9-et-10-novembre-2015\/\",\"url\":\"https:\/\/www.uqac.ca\/uqactualites\/2015\/11\/04\/journees-sportives-pour-les-enfants-de-5-a-12-ans-9-et-10-novembre-2015\/\",\"name\":\"Journ\u00e9es sportives pour les enfants de 5 \u00e0 12 ans : 9 et 10 novembre 2015 - UQACtualit\u00e9s\",\"isPartOf\":{\"@id\":\"https:\/\/www.uqac.ca\/uqactualites\/#website\"},\"primaryImageOfPage\":{\"@id\":\"https:\/\/www.uqac.ca\/uqactualites\/2015\/11\/04\/journees-sportives-pour-les-enfants-de-5-a-12-ans-9-et-10-novembre-2015\/#primaryimage\"},\"image\":{\"@id\":\"https:\/\/www.uqac.ca\/uqactualites\/2015\/11\/04\/journees-sportives-pour-les-enfants-de-5-a-12-ans-9-et-10-novembre-2015\/#primaryimage\"},\"thumbnailUrl\":\"https:\/\/www.uqac.ca\/uqactualites\/wp-content\/uploads\/2012\/05\/avis-laCommunaut-.jpg\",\"datePublished\":\"2015-11-04T14:00:04+00:00\",\"dateModified\":\"2015-11-04T14:00:04+00:00\",\"author\":{\"@id\":\"https:\/\/www.uqac.ca\/uqactualites\/#\/schema\/person\/366c45a0c4f0e677b41b4af5886e2018\"},\"breadcrumb\":{\"@id\":\"https:\/\/www.uqac.ca\/uqactualites\/2015\/11\/04\/journees-sportives-pour-les-enfants-de-5-a-12-ans-9-et-10-novembre-2015\/#breadcrumb\"},\"inLanguage\":\"fr-CA\",\"potentialAction\":[{\"@type\":\"ReadAction\",\"target\":[\"https:\/\/www.uqac.ca\/uqactualites\/2015\/11\/04\/journees-sportives-pour-les-enfants-de-5-a-12-ans-9-et-10-novembre-2015\/\"]}]},{\"@type\":\"ImageObject\",\"inLanguage\":\"fr-CA\",\"@id\":\"https:\/\/www.uqac.ca\/uqactualites\/2015\/11\/04\/journees-sportives-pour-les-enfants-de-5-a-12-ans-9-et-10-novembre-2015\/#primaryimage\",\"url\":\"https:\/\/www.uqac.ca\/uqactualites\/wp-content\/uploads\/2012\/05\/avis-laCommunaut-.jpg\",\"contentUrl\":\"https:\/\/www.uqac.ca\/uqactualites\/wp-content\/uploads\/2012\/05\/avis-laCommunaut-.jpg\",\"width\":620,\"height\":300},{\"@type\":\"BreadcrumbList\",\"@id\":\"https:\/\/www.uqac.ca\/uqactualites\/2015\/11\/04\/journees-sportives-pour-les-enfants-de-5-a-12-ans-9-et-10-novembre-2015\/#breadcrumb\",\"itemListElement\":[{\"@type\":\"ListItem\",\"position\":1,\"name\":\"Home\",\"item\":\"https:\/\/www.uqac.ca\/uqactualites\/\"},{\"@type\":\"ListItem\",\"position\":2,\"name\":\"Journ\u00e9es sportives pour les enfants de 5 \u00e0 12 ans : 9 et 10 novembre 2015\"}]},{\"@type\":\"WebSite\",\"@id\":\"https:\/\/www.uqac.ca\/uqactualites\/#website\",\"url\":\"https:\/\/www.uqac.ca\/uqactualites\/\",\"name\":\"UQACtualit\u00e9s\",\"description\":\"Le portail des nouvelles de l&#039;UQAC\",\"potentialAction\":[{\"@type\":\"SearchAction\",\"target\":{\"@type\":\"EntryPoint\",\"urlTemplate\":\"https:\/\/www.uqac.ca\/uqactualites\/?s={search_term_string}\"},\"query-input\":{\"@type\":\"PropertyValueSpecification\",\"valueRequired\":true,\"valueName\":\"search_term_string\"}}],\"inLanguage\":\"fr-CA\"},{\"@type\":\"Person\",\"@id\":\"https:\/\/www.uqac.ca\/uqactualites\/#\/schema\/person\/366c45a0c4f0e677b41b4af5886e2018\",\"name\":\"Service des communications et des relations publiques\",\"image\":{\"@type\":\"ImageObject\",\"inLanguage\":\"fr-CA\",\"@id\":\"https:\/\/www.uqac.ca\/uqactualites\/#\/schema\/person\/image\/\",\"url\":\"https:\/\/secure.gravatar.com\/avatar\/20fbbda8a292f59f2d3461a5b999c00b?s=96&d=mm&r=g\",\"contentUrl\":\"https:\/\/secure.gravatar.com\/avatar\/20fbbda8a292f59f2d3461a5b999c00b?s=96&d=mm&r=g\",\"caption\":\"Service des communications et des relations publiques\"},\"url\":\"https:\/\/www.uqac.ca\/uqactualites\/author\/bap\/\"}]}<\/script>\r\n<!-- \/ Yoast SEO plugin. -->","yoast_head_json":{"title":"Journ\u00e9es sportives pour les enfants de 5 \u00e0 12 ans : 9 et 10 novembre 2015 - UQACtualit\u00e9s","robots":{"index":"index","follow":"follow","max-snippet":"max-snippet:-1","max-image-preview":"max-image-preview:large","max-video-preview":"max-video-preview:-1"},"canonical":"https:\/\/www.uqac.ca\/uqactualites\/2015\/11\/04\/journees-sportives-pour-les-enfants-de-5-a-12-ans-9-et-10-novembre-2015\/","og_locale":"fr_CA","og_type":"article","og_title":"Journ\u00e9es sportives pour les enfants de 5 \u00e0 12 ans : 9 et 10 novembre 2015 - UQACtualit\u00e9s","og_description":"Les 9 et 10 novembre prochains, le Pavillon sportif propose des journ\u00e9es sportives pour les enfants de 5 \u00e0 12 ans. Faites bouger vos jeunes avec des activit\u00e9s sportives vari\u00e9es de 9\u00a0h \u00e0 16\u00a0h. Le service de garde est gratuit de 7\u00a0h\u00a030 \u00e0 9\u00a0h et de 16\u00a0h \u00e0 17 h\u00a030. Co\u00fbt\u00a0: 22\u00a0$\/jour\/enfant Inscription sur place [&hellip;]","og_url":"https:\/\/www.uqac.ca\/uqactualites\/2015\/11\/04\/journees-sportives-pour-les-enfants-de-5-a-12-ans-9-et-10-novembre-2015\/","og_site_name":"UQACtualit\u00e9s","article_published_time":"2015-11-04T14:00:04+00:00","og_image":[{"width":620,"height":300,"url":"https:\/\/www.uqac.ca\/uqactualites\/wp-content\/uploads\/2012\/05\/avis-laCommunaut-.jpg","type":"image\/jpeg"}],"author":"Service des communications et des relations publiques","twitter_card":"summary_large_image","twitter_misc":{"\u00c9crit par":"Service des communications et des relations publiques"},"schema":{"@context":"https:\/\/schema.org","@graph":[{"@type":"WebPage","@id":"https:\/\/www.uqac.ca\/uqactualites\/2015\/11\/04\/journees-sportives-pour-les-enfants-de-5-a-12-ans-9-et-10-novembre-2015\/","url":"https:\/\/www.uqac.ca\/uqactualites\/2015\/11\/04\/journees-sportives-pour-les-enfants-de-5-a-12-ans-9-et-10-novembre-2015\/","name":"Journ\u00e9es sportives pour les enfants de 5 \u00e0 12 ans : 9 et 10 novembre 2015 - UQACtualit\u00e9s","isPartOf":{"@id":"https:\/\/www.uqac.ca\/uqactualites\/#website"},"primaryImageOfPage":{"@id":"https:\/\/www.uqac.ca\/uqactualites\/2015\/11\/04\/journees-sportives-pour-les-enfants-de-5-a-12-ans-9-et-10-novembre-2015\/#primaryimage"},"image":{"@id":"https:\/\/www.uqac.ca\/uqactualites\/2015\/11\/04\/journees-sportives-pour-les-enfants-de-5-a-12-ans-9-et-10-novembre-2015\/#primaryimage"},"thumbnailUrl":"https:\/\/www.uqac.ca\/uqactualites\/wp-content\/uploads\/2012\/05\/avis-laCommunaut-.jpg","datePublished":"2015-11-04T14:00:04+00:00","dateModified":"2015-11-04T14:00:04+00:00","author":{"@id":"https:\/\/www.uqac.ca\/uqactualites\/#\/schema\/person\/366c45a0c4f0e677b41b4af5886e2018"},"breadcrumb":{"@id":"https:\/\/www.uqac.ca\/uqactualites\/2015\/11\/04\/journees-sportives-pour-les-enfants-de-5-a-12-ans-9-et-10-novembre-2015\/#breadcrumb"},"inLanguage":"fr-CA","potentialAction":[{"@type":"ReadAction","target":["https:\/\/www.uqac.ca\/uqactualites\/2015\/11\/04\/journees-sportives-pour-les-enfants-de-5-a-12-ans-9-et-10-novembre-2015\/"]}]},{"@type":"ImageObject","inLanguage":"fr-CA","@id":"https:\/\/www.uqac.ca\/uqactualites\/2015\/11\/04\/journees-sportives-pour-les-enfants-de-5-a-12-ans-9-et-10-novembre-2015\/#primaryimage","url":"https:\/\/www.uqac.ca\/uqactualites\/wp-content\/uploads\/2012\/05\/avis-laCommunaut-.jpg","contentUrl":"https:\/\/www.uqac.ca\/uqactualites\/wp-content\/uploads\/2012\/05\/avis-laCommunaut-.jpg","width":620,"height":300},{"@type":"BreadcrumbList","@id":"https:\/\/www.uqac.ca\/uqactualites\/2015\/11\/04\/journees-sportives-pour-les-enfants-de-5-a-12-ans-9-et-10-novembre-2015\/#breadcrumb","itemListElement":[{"@type":"ListItem","position":1,"name":"Home","item":"https:\/\/www.uqac.ca\/uqactualites\/"},{"@type":"ListItem","position":2,"name":"Journ\u00e9es sportives pour les enfants de 5 \u00e0 12 ans : 9 et 10 novembre 2015"}]},{"@type":"WebSite","@id":"https:\/\/www.uqac.ca\/uqactualites\/#website","url":"https:\/\/www.uqac.ca\/uqactualites\/","name":"UQACtualit\u00e9s","description":"Le portail des nouvelles de l&#039;UQAC","potentialAction":[{"@type":"SearchAction","target":{"@type":"EntryPoint","urlTemplate":"https:\/\/www.uqac.ca\/uqactualites\/?s={search_term_string}"},"query-input":{"@type":"PropertyValueSpecification","valueRequired":true,"valueName":"search_term_string"}}],"inLanguage":"fr-CA"},{"@type":"Person","@id":"https:\/\/www.uqac.ca\/uqactualites\/#\/schema\/person\/366c45a0c4f0e677b41b4af5886e2018","name":"Service des communications et des relations publiques","image":{"@type":"ImageObject","inLanguage":"fr-CA","@id":"https:\/\/www.uqac.ca\/uqactualites\/#\/schema\/person\/image\/","url":"https:\/\/secure.gravatar.com\/avatar\/20fbbda8a292f59f2d3461a5b999c00b?s=96&d=mm&r=g","contentUrl":"https:\/\/secure.gravatar.com\/avatar\/20fbbda8a292f59f2d3461a5b999c00b?s=96&d=mm&r=g","caption":"Service des communications et des relations publiques"},"url":"https:\/\/www.uqac.ca\/uqactualites\/author\/bap\/"}]}},"_links":{"self":[{"href":"https:\/\/www.uqac.ca\/uqactualites\/wp-json\/wp\/v2\/posts\/31038"}],"collection":[{"href":"https:\/\/www.uqac.ca\/uqactualites\/wp-json\/wp\/v2\/posts"}],"about":[{"href":"https:\/\/www.uqac.ca\/uqactualites\/wp-json\/wp\/v2\/types\/post"}],"author":[{"embeddable":true,"href":"https:\/\/www.uqac.ca\/uqactualites\/wp-json\/wp\/v2\/users\/5"}],"replies":[{"embeddable":true,"href":"https:\/\/www.uqac.ca\/uqactualites\/wp-json\/wp\/v2\/comments?post=31038"}],"version-history":[{"count":0,"href":"https:\/\/www.uqac.ca\/uqactualites\/wp-json\/wp\/v2\/posts\/31038\/revisions"}],"wp:featuredmedia":[{"embeddable":true,"href":"https:\/\/www.uqac.ca\/uqactualites\/wp-json\/wp\/v2\/media\/20989"}],"wp:attachment":[{"href":"https:\/\/www.uqac.ca\/uqactualites\/wp-json\/wp\/v2\/media?parent=31038"}],"wp:term":[{"taxonomy":"category","embeddable":true,"href":"https:\/\/www.uqac.ca\/uqactualites\/wp-json\/wp\/v2\/categories?post=31038"},{"taxonomy":"post_tag","embeddable":true,"href":"https:\/\/www.uqac.ca\/uqactualites\/wp-json\/wp\/v2\/tags?post=31038"}],"curies":[{"name":"wp","href":"https:\/\/api.w.org\/{rel}","templated":true}]}}