{"id":31048,"date":"2015-11-04T14:42:29","date_gmt":"2015-11-04T19:42:29","guid":{"rendered":"http:\/\/uqactualite.odev.ca\/?p=31048"},"modified":"2015-11-04T14:42:29","modified_gmt":"2015-11-04T19:42:29","slug":"nomination-de-monsieur-frederic-desgagne","status":"publish","type":"post","link":"https:\/\/www.uqac.ca\/uqactualites\/2015\/11\/04\/nomination-de-monsieur-frederic-desgagne\/","title":{"rendered":"Nomination de monsieur Fr\u00e9d\u00e9ric Desgagn\u00e9"},"content":{"rendered":"<p style=\"text-align: justify\">L\u2019Universit\u00e9 du Qu\u00e9bec \u00e0 Chicoutimi annonce la nomination de monsieur Fr\u00e9d\u00e9ric Desgagn\u00e9 \u00e0 titre de directeur du Service des immeubles et \u00e9quipements.<\/p>\n<p style=\"text-align: justify\">D\u00e9tenteur d\u2019un baccalaur\u00e9at en administration des affaires, option Gestion des op\u00e9rations et de la production, de l\u2019\u00c9cole des hautes \u00e9tudes commerciales de Montr\u00e9al, monsieur Desgagn\u00e9 poss\u00e8de une solide exp\u00e9rience en gestion des ressources humaines, budg\u00e9taires et op\u00e9rationnelles dans des contextes d\u2019approvisionnement et de logistique de production au sein de grandes entreprises.<\/p>\n<p style=\"text-align: justify\">Responsable de la logistique pour le Service des immeubles et \u00e9quipements de l\u2019UQAC depuis 2010, monsieur Desgagn\u00e9 a \u00e9galement occup\u00e9 le poste de directeur g\u00e9n\u00e9ral du Centre r\u00e9gional des achats en groupe de 2008 \u00e0 2009. De 1998 \u00e0 2007, il a travaill\u00e9 en planification et coordination de production chez Molson Canada \u00e0 Montr\u00e9al o\u00f9 le dernier poste qu\u2019il a occup\u00e9 \u00e9tait chef des op\u00e9rations classe mondiale.<\/p>\n<p style=\"text-align: justify\">Monsieur Desgagn\u00e9 compl\u00e8te actuellement un DESS en gestion de projets \u00e0 l\u2019UQAC. Il est actuellement en poste comme directeur du Service des immeubles et \u00e9quipements depuis le lundi\u00a02 novembre 2015.<\/p>\n<p style=\"text-align: justify\">Nous lui souhaitons tout le succ\u00e8s d\u00e9sir\u00e9.<\/p>\n<p>&nbsp;<\/p>\n<address><strong>Source\u00a0:<\/strong><\/address>\n<address>Jos\u00e9e Bourassa, agente d\u2019information<\/address>\n<address>Bureau des affaires publiques Universit\u00e9 du Qu\u00e9bec \u00e0 Chicoutimi<\/address>\n<address>418\u00a0545-5011, poste\u00a05006 \u25aa\u00a0josee.bourassa@uqac.ca<\/address>\n<address>\u00a0<\/address>\n<address>cr\u00e9dit photo: Denis Blackburn<\/address>\n","protected":false},"excerpt":{"rendered":"<p>L\u2019Universit\u00e9 du Qu\u00e9bec \u00e0 Chicoutimi annonce la nomination de monsieur Fr\u00e9d\u00e9ric Desgagn\u00e9 \u00e0 titre de directeur du Service des immeubles et \u00e9quipements. D\u00e9tenteur d\u2019un baccalaur\u00e9at en administration des affaires, option Gestion des op\u00e9rations et de la production, de l\u2019\u00c9cole des hautes \u00e9tudes commerciales de Montr\u00e9al, monsieur Desgagn\u00e9 poss\u00e8de une solide exp\u00e9rience en gestion des ressources [&hellip;]<\/p>\n","protected":false},"author":5,"featured_media":31049,"comment_status":"open","ping_status":"open","sticky":false,"template":"","format":"standard","meta":{"footnotes":""},"categories":[15],"tags":[],"yoast_head":"<!-- This site is optimized with the Yoast SEO plugin v24.2 - https:\/\/yoast.com\/wordpress\/plugins\/seo\/ -->\r\n<title>Nomination de monsieur Fr\u00e9d\u00e9ric Desgagn\u00e9 - UQACtualit\u00e9s<\/title>\r\n<meta name=\"robots\" content=\"index, follow, max-snippet:-1, max-image-preview:large, max-video-preview:-1\" \/>\r\n<link rel=\"canonical\" href=\"https:\/\/www.uqac.ca\/uqactualites\/2015\/11\/04\/nomination-de-monsieur-frederic-desgagne\/\" \/>\r\n<meta property=\"og:locale\" content=\"fr_CA\" \/>\r\n<meta property=\"og:type\" content=\"article\" \/>\r\n<meta property=\"og:title\" content=\"Nomination de monsieur Fr\u00e9d\u00e9ric Desgagn\u00e9 - UQACtualit\u00e9s\" \/>\r\n<meta property=\"og:description\" content=\"L\u2019Universit\u00e9 du Qu\u00e9bec \u00e0 Chicoutimi annonce la nomination de monsieur Fr\u00e9d\u00e9ric Desgagn\u00e9 \u00e0 titre de directeur du Service des immeubles et \u00e9quipements. D\u00e9tenteur d\u2019un baccalaur\u00e9at en administration des affaires, option Gestion des op\u00e9rations et de la production, de l\u2019\u00c9cole des hautes \u00e9tudes commerciales de Montr\u00e9al, monsieur Desgagn\u00e9 poss\u00e8de une solide exp\u00e9rience en gestion des ressources [&hellip;]\" \/>\r\n<meta property=\"og:url\" content=\"https:\/\/www.uqac.ca\/uqactualites\/2015\/11\/04\/nomination-de-monsieur-frederic-desgagne\/\" \/>\r\n<meta property=\"og:site_name\" content=\"UQACtualit\u00e9s\" \/>\r\n<meta property=\"article:published_time\" content=\"2015-11-04T19:42:29+00:00\" \/>\r\n<meta property=\"og:image\" content=\"https:\/\/www.uqac.ca\/uqactualites\/wp-content\/uploads\/2015\/11\/GRAF_FrederiqueA15-01.jpg\" \/>\r\n\t<meta property=\"og:image:width\" content=\"620\" \/>\r\n\t<meta property=\"og:image:height\" content=\"300\" \/>\r\n\t<meta property=\"og:image:type\" content=\"image\/jpeg\" \/>\r\n<meta name=\"author\" content=\"Service des communications et des relations publiques\" \/>\r\n<meta name=\"twitter:card\" content=\"summary_large_image\" \/>\r\n<meta name=\"twitter:label1\" content=\"\u00c9crit par\" \/>\n\t<meta name=\"twitter:data1\" content=\"Service des communications et des relations publiques\" \/>\n\t<meta name=\"twitter:label2\" content=\"Estimation du temps de lecture\" \/>\n\t<meta name=\"twitter:data2\" content=\"1 minute\" \/>\r\n<script type=\"application\/ld+json\" class=\"yoast-schema-graph\">{\"@context\":\"https:\/\/schema.org\",\"@graph\":[{\"@type\":\"WebPage\",\"@id\":\"https:\/\/www.uqac.ca\/uqactualites\/2015\/11\/04\/nomination-de-monsieur-frederic-desgagne\/\",\"url\":\"https:\/\/www.uqac.ca\/uqactualites\/2015\/11\/04\/nomination-de-monsieur-frederic-desgagne\/\",\"name\":\"Nomination de monsieur Fr\u00e9d\u00e9ric Desgagn\u00e9 - UQACtualit\u00e9s\",\"isPartOf\":{\"@id\":\"https:\/\/www.uqac.ca\/uqactualites\/#website\"},\"primaryImageOfPage\":{\"@id\":\"https:\/\/www.uqac.ca\/uqactualites\/2015\/11\/04\/nomination-de-monsieur-frederic-desgagne\/#primaryimage\"},\"image\":{\"@id\":\"https:\/\/www.uqac.ca\/uqactualites\/2015\/11\/04\/nomination-de-monsieur-frederic-desgagne\/#primaryimage\"},\"thumbnailUrl\":\"https:\/\/www.uqac.ca\/uqactualites\/wp-content\/uploads\/2015\/11\/GRAF_FrederiqueA15-01.jpg\",\"datePublished\":\"2015-11-04T19:42:29+00:00\",\"dateModified\":\"2015-11-04T19:42:29+00:00\",\"author\":{\"@id\":\"https:\/\/www.uqac.ca\/uqactualites\/#\/schema\/person\/366c45a0c4f0e677b41b4af5886e2018\"},\"breadcrumb\":{\"@id\":\"https:\/\/www.uqac.ca\/uqactualites\/2015\/11\/04\/nomination-de-monsieur-frederic-desgagne\/#breadcrumb\"},\"inLanguage\":\"fr-CA\",\"potentialAction\":[{\"@type\":\"ReadAction\",\"target\":[\"https:\/\/www.uqac.ca\/uqactualites\/2015\/11\/04\/nomination-de-monsieur-frederic-desgagne\/\"]}]},{\"@type\":\"ImageObject\",\"inLanguage\":\"fr-CA\",\"@id\":\"https:\/\/www.uqac.ca\/uqactualites\/2015\/11\/04\/nomination-de-monsieur-frederic-desgagne\/#primaryimage\",\"url\":\"https:\/\/www.uqac.ca\/uqactualites\/wp-content\/uploads\/2015\/11\/GRAF_FrederiqueA15-01.jpg\",\"contentUrl\":\"https:\/\/www.uqac.ca\/uqactualites\/wp-content\/uploads\/2015\/11\/GRAF_FrederiqueA15-01.jpg\",\"width\":620,\"height\":300},{\"@type\":\"BreadcrumbList\",\"@id\":\"https:\/\/www.uqac.ca\/uqactualites\/2015\/11\/04\/nomination-de-monsieur-frederic-desgagne\/#breadcrumb\",\"itemListElement\":[{\"@type\":\"ListItem\",\"position\":1,\"name\":\"Home\",\"item\":\"https:\/\/www.uqac.ca\/uqactualites\/\"},{\"@type\":\"ListItem\",\"position\":2,\"name\":\"Nomination de monsieur Fr\u00e9d\u00e9ric Desgagn\u00e9\"}]},{\"@type\":\"WebSite\",\"@id\":\"https:\/\/www.uqac.ca\/uqactualites\/#website\",\"url\":\"https:\/\/www.uqac.ca\/uqactualites\/\",\"name\":\"UQACtualit\u00e9s\",\"description\":\"Le portail des nouvelles de l&#039;UQAC\",\"potentialAction\":[{\"@type\":\"SearchAction\",\"target\":{\"@type\":\"EntryPoint\",\"urlTemplate\":\"https:\/\/www.uqac.ca\/uqactualites\/?s={search_term_string}\"},\"query-input\":{\"@type\":\"PropertyValueSpecification\",\"valueRequired\":true,\"valueName\":\"search_term_string\"}}],\"inLanguage\":\"fr-CA\"},{\"@type\":\"Person\",\"@id\":\"https:\/\/www.uqac.ca\/uqactualites\/#\/schema\/person\/366c45a0c4f0e677b41b4af5886e2018\",\"name\":\"Service des communications et des relations publiques\",\"image\":{\"@type\":\"ImageObject\",\"inLanguage\":\"fr-CA\",\"@id\":\"https:\/\/www.uqac.ca\/uqactualites\/#\/schema\/person\/image\/\",\"url\":\"https:\/\/secure.gravatar.com\/avatar\/20fbbda8a292f59f2d3461a5b999c00b?s=96&d=mm&r=g\",\"contentUrl\":\"https:\/\/secure.gravatar.com\/avatar\/20fbbda8a292f59f2d3461a5b999c00b?s=96&d=mm&r=g\",\"caption\":\"Service des communications et des relations publiques\"},\"url\":\"https:\/\/www.uqac.ca\/uqactualites\/author\/bap\/\"}]}<\/script>\r\n<!-- \/ Yoast SEO plugin. -->","yoast_head_json":{"title":"Nomination de monsieur Fr\u00e9d\u00e9ric Desgagn\u00e9 - UQACtualit\u00e9s","robots":{"index":"index","follow":"follow","max-snippet":"max-snippet:-1","max-image-preview":"max-image-preview:large","max-video-preview":"max-video-preview:-1"},"canonical":"https:\/\/www.uqac.ca\/uqactualites\/2015\/11\/04\/nomination-de-monsieur-frederic-desgagne\/","og_locale":"fr_CA","og_type":"article","og_title":"Nomination de monsieur Fr\u00e9d\u00e9ric Desgagn\u00e9 - UQACtualit\u00e9s","og_description":"L\u2019Universit\u00e9 du Qu\u00e9bec \u00e0 Chicoutimi annonce la nomination de monsieur Fr\u00e9d\u00e9ric Desgagn\u00e9 \u00e0 titre de directeur du Service des immeubles et \u00e9quipements. D\u00e9tenteur d\u2019un baccalaur\u00e9at en administration des affaires, option Gestion des op\u00e9rations et de la production, de l\u2019\u00c9cole des hautes \u00e9tudes commerciales de Montr\u00e9al, monsieur Desgagn\u00e9 poss\u00e8de une solide exp\u00e9rience en gestion des ressources [&hellip;]","og_url":"https:\/\/www.uqac.ca\/uqactualites\/2015\/11\/04\/nomination-de-monsieur-frederic-desgagne\/","og_site_name":"UQACtualit\u00e9s","article_published_time":"2015-11-04T19:42:29+00:00","og_image":[{"width":620,"height":300,"url":"https:\/\/www.uqac.ca\/uqactualites\/wp-content\/uploads\/2015\/11\/GRAF_FrederiqueA15-01.jpg","type":"image\/jpeg"}],"author":"Service des communications et des relations publiques","twitter_card":"summary_large_image","twitter_misc":{"\u00c9crit par":"Service des communications et des relations publiques","Estimation du temps de lecture":"1 minute"},"schema":{"@context":"https:\/\/schema.org","@graph":[{"@type":"WebPage","@id":"https:\/\/www.uqac.ca\/uqactualites\/2015\/11\/04\/nomination-de-monsieur-frederic-desgagne\/","url":"https:\/\/www.uqac.ca\/uqactualites\/2015\/11\/04\/nomination-de-monsieur-frederic-desgagne\/","name":"Nomination de monsieur Fr\u00e9d\u00e9ric Desgagn\u00e9 - UQACtualit\u00e9s","isPartOf":{"@id":"https:\/\/www.uqac.ca\/uqactualites\/#website"},"primaryImageOfPage":{"@id":"https:\/\/www.uqac.ca\/uqactualites\/2015\/11\/04\/nomination-de-monsieur-frederic-desgagne\/#primaryimage"},"image":{"@id":"https:\/\/www.uqac.ca\/uqactualites\/2015\/11\/04\/nomination-de-monsieur-frederic-desgagne\/#primaryimage"},"thumbnailUrl":"https:\/\/www.uqac.ca\/uqactualites\/wp-content\/uploads\/2015\/11\/GRAF_FrederiqueA15-01.jpg","datePublished":"2015-11-04T19:42:29+00:00","dateModified":"2015-11-04T19:42:29+00:00","author":{"@id":"https:\/\/www.uqac.ca\/uqactualites\/#\/schema\/person\/366c45a0c4f0e677b41b4af5886e2018"},"breadcrumb":{"@id":"https:\/\/www.uqac.ca\/uqactualites\/2015\/11\/04\/nomination-de-monsieur-frederic-desgagne\/#breadcrumb"},"inLanguage":"fr-CA","potentialAction":[{"@type":"ReadAction","target":["https:\/\/www.uqac.ca\/uqactualites\/2015\/11\/04\/nomination-de-monsieur-frederic-desgagne\/"]}]},{"@type":"ImageObject","inLanguage":"fr-CA","@id":"https:\/\/www.uqac.ca\/uqactualites\/2015\/11\/04\/nomination-de-monsieur-frederic-desgagne\/#primaryimage","url":"https:\/\/www.uqac.ca\/uqactualites\/wp-content\/uploads\/2015\/11\/GRAF_FrederiqueA15-01.jpg","contentUrl":"https:\/\/www.uqac.ca\/uqactualites\/wp-content\/uploads\/2015\/11\/GRAF_FrederiqueA15-01.jpg","width":620,"height":300},{"@type":"BreadcrumbList","@id":"https:\/\/www.uqac.ca\/uqactualites\/2015\/11\/04\/nomination-de-monsieur-frederic-desgagne\/#breadcrumb","itemListElement":[{"@type":"ListItem","position":1,"name":"Home","item":"https:\/\/www.uqac.ca\/uqactualites\/"},{"@type":"ListItem","position":2,"name":"Nomination de monsieur Fr\u00e9d\u00e9ric Desgagn\u00e9"}]},{"@type":"WebSite","@id":"https:\/\/www.uqac.ca\/uqactualites\/#website","url":"https:\/\/www.uqac.ca\/uqactualites\/","name":"UQACtualit\u00e9s","description":"Le portail des nouvelles de l&#039;UQAC","potentialAction":[{"@type":"SearchAction","target":{"@type":"EntryPoint","urlTemplate":"https:\/\/www.uqac.ca\/uqactualites\/?s={search_term_string}"},"query-input":{"@type":"PropertyValueSpecification","valueRequired":true,"valueName":"search_term_string"}}],"inLanguage":"fr-CA"},{"@type":"Person","@id":"https:\/\/www.uqac.ca\/uqactualites\/#\/schema\/person\/366c45a0c4f0e677b41b4af5886e2018","name":"Service des communications et des relations publiques","image":{"@type":"ImageObject","inLanguage":"fr-CA","@id":"https:\/\/www.uqac.ca\/uqactualites\/#\/schema\/person\/image\/","url":"https:\/\/secure.gravatar.com\/avatar\/20fbbda8a292f59f2d3461a5b999c00b?s=96&d=mm&r=g","contentUrl":"https:\/\/secure.gravatar.com\/avatar\/20fbbda8a292f59f2d3461a5b999c00b?s=96&d=mm&r=g","caption":"Service des communications et des relations publiques"},"url":"https:\/\/www.uqac.ca\/uqactualites\/author\/bap\/"}]}},"_links":{"self":[{"href":"https:\/\/www.uqac.ca\/uqactualites\/wp-json\/wp\/v2\/posts\/31048"}],"collection":[{"href":"https:\/\/www.uqac.ca\/uqactualites\/wp-json\/wp\/v2\/posts"}],"about":[{"href":"https:\/\/www.uqac.ca\/uqactualites\/wp-json\/wp\/v2\/types\/post"}],"author":[{"embeddable":true,"href":"https:\/\/www.uqac.ca\/uqactualites\/wp-json\/wp\/v2\/users\/5"}],"replies":[{"embeddable":true,"href":"https:\/\/www.uqac.ca\/uqactualites\/wp-json\/wp\/v2\/comments?post=31048"}],"version-history":[{"count":0,"href":"https:\/\/www.uqac.ca\/uqactualites\/wp-json\/wp\/v2\/posts\/31048\/revisions"}],"wp:featuredmedia":[{"embeddable":true,"href":"https:\/\/www.uqac.ca\/uqactualites\/wp-json\/wp\/v2\/media\/31049"}],"wp:attachment":[{"href":"https:\/\/www.uqac.ca\/uqactualites\/wp-json\/wp\/v2\/media?parent=31048"}],"wp:term":[{"taxonomy":"category","embeddable":true,"href":"https:\/\/www.uqac.ca\/uqactualites\/wp-json\/wp\/v2\/categories?post=31048"},{"taxonomy":"post_tag","embeddable":true,"href":"https:\/\/www.uqac.ca\/uqactualites\/wp-json\/wp\/v2\/tags?post=31048"}],"curies":[{"name":"wp","href":"https:\/\/api.w.org\/{rel}","templated":true}]}}