{"id":31131,"date":"2015-11-18T09:32:49","date_gmt":"2015-11-18T14:32:49","guid":{"rendered":"http:\/\/uqactualite.odev.ca\/?p=31131"},"modified":"2015-11-18T09:32:49","modified_gmt":"2015-11-18T14:32:49","slug":"une-occasion-pour-les-futurs-etudiants-de-concretiser-leur-projet-detudes-a-luqac","status":"publish","type":"post","link":"https:\/\/www.uqac.ca\/uqactualites\/2015\/11\/18\/une-occasion-pour-les-futurs-etudiants-de-concretiser-leur-projet-detudes-a-luqac\/","title":{"rendered":"Une occasion pour les futurs \u00e9tudiants de concr\u00e9tiser leur projet d\u2019\u00e9tudes \u00e0 l\u2019UQAC"},"content":{"rendered":"<p><strong>Saguenay, le 18 novembre 2015<\/strong> \u2013 Le samedi 21 novembre prochain, l\u2019Universit\u00e9 du Qu\u00e9bec \u00e0 Chicoutimi ouvre ses portes aux futurs \u00e9tudiants. De 12\u00a0h \u00e0 16\u00a0h, une s\u00e9rie d\u2019ateliers sont propos\u00e9s afin de permettre aux participants, particuli\u00e8rement aux \u00e9tudiants du secondaire et du coll\u00e9gial, de concr\u00e9tiser leur projet d\u2019\u00e9tudes \u00e0 l\u2019UQAC.<\/p>\n<p>Au cours de l\u2019apr\u00e8s-midi, plus d\u2019une vingtaine d\u2019ateliers d\u2019information seront pr\u00e9sent\u00e9s par les professeurs responsables de programmes accompagn\u00e9s d\u2019\u00e9tudiants-ambassadeurs qui t\u00e9moigneront de leur exp\u00e9rience \u00e0 l\u2019UQAC. Il sera alors question de l\u2019ensemble des programmes d\u2019\u00e9tudes de premier cycle offerts. Les participants pourront alors s\u2019informer sur les conditions d\u2019admission et les perspectives professionnelles en plus d\u2019en apprendre davantage sur les cours offerts et la vie \u00e9tudiante. Des visites du campus sont aussi pr\u00e9vues.<\/p>\n<p>Une bourse couvrant les droits de scolarit\u00e9 pour une premi\u00e8re ann\u00e9e d\u2019\u00e9tudes \u00e0 l\u2019UQAC sera tir\u00e9e parmi les participants de la journ\u00e9e.<\/p>\n<p>Pour consulter l\u2019horaire des ateliers offerts et pour s\u2019inscrire, les personnes int\u00e9ress\u00e9es peuvent visiter le site Web de l\u2019\u00e9v\u00e9nement\u00a0: <a href=\"http:\/\/www.uqac.ca\/portesouvertes\">www.uqac.ca\/portesouvertes<\/a><\/p>\n<p>&nbsp;<\/p>\n<p style=\"text-align: center\">&#8211; 30 &#8211;<\/p>\n<p><strong>Source\u00a0:<br \/>\n<\/strong>Marie-France Audet<br \/>\nBureau des affaires publiques<br \/>\nUniversit\u00e9 du Qu\u00e9bec \u00e0 Chicoutimi<br \/>\n418\u00a0545-5011, poste 2350 \u25aa<a href=\"mailto:marie-france.audet@uqac.ca\">marie-france.audet@uqac.ca<\/a><\/p>\n","protected":false},"excerpt":{"rendered":"<p>Saguenay, le 18 novembre 2015 \u2013 Le samedi 21 novembre prochain, l\u2019Universit\u00e9 du Qu\u00e9bec \u00e0 Chicoutimi ouvre ses portes aux futurs \u00e9tudiants. De 12\u00a0h \u00e0 16\u00a0h, une s\u00e9rie d\u2019ateliers sont propos\u00e9s afin de permettre aux participants, particuli\u00e8rement aux \u00e9tudiants du secondaire et du coll\u00e9gial, de concr\u00e9tiser leur projet d\u2019\u00e9tudes \u00e0 l\u2019UQAC. Au cours de l\u2019apr\u00e8s-midi, [&hellip;]<\/p>\n","protected":false},"author":5,"featured_media":20745,"comment_status":"open","ping_status":"open","sticky":false,"template":"","format":"standard","meta":{"footnotes":""},"categories":[2772],"tags":[],"yoast_head":"<!-- This site is optimized with the Yoast SEO plugin v24.2 - https:\/\/yoast.com\/wordpress\/plugins\/seo\/ -->\r\n<title>Une occasion pour les futurs \u00e9tudiants de concr\u00e9tiser leur projet d\u2019\u00e9tudes \u00e0 l\u2019UQAC - UQACtualit\u00e9s<\/title>\r\n<meta name=\"robots\" content=\"index, follow, max-snippet:-1, max-image-preview:large, max-video-preview:-1\" \/>\r\n<link rel=\"canonical\" href=\"https:\/\/www.uqac.ca\/uqactualites\/2015\/11\/18\/une-occasion-pour-les-futurs-etudiants-de-concretiser-leur-projet-detudes-a-luqac\/\" \/>\r\n<meta property=\"og:locale\" content=\"fr_CA\" \/>\r\n<meta property=\"og:type\" content=\"article\" \/>\r\n<meta property=\"og:title\" content=\"Une occasion pour les futurs \u00e9tudiants de concr\u00e9tiser leur projet d\u2019\u00e9tudes \u00e0 l\u2019UQAC - UQACtualit\u00e9s\" \/>\r\n<meta property=\"og:description\" content=\"Saguenay, le 18 novembre 2015 \u2013 Le samedi 21 novembre prochain, l\u2019Universit\u00e9 du Qu\u00e9bec \u00e0 Chicoutimi ouvre ses portes aux futurs \u00e9tudiants. De 12\u00a0h \u00e0 16\u00a0h, une s\u00e9rie d\u2019ateliers sont propos\u00e9s afin de permettre aux participants, particuli\u00e8rement aux \u00e9tudiants du secondaire et du coll\u00e9gial, de concr\u00e9tiser leur projet d\u2019\u00e9tudes \u00e0 l\u2019UQAC. Au cours de l\u2019apr\u00e8s-midi, [&hellip;]\" \/>\r\n<meta property=\"og:url\" content=\"https:\/\/www.uqac.ca\/uqactualites\/2015\/11\/18\/une-occasion-pour-les-futurs-etudiants-de-concretiser-leur-projet-detudes-a-luqac\/\" \/>\r\n<meta property=\"og:site_name\" content=\"UQACtualit\u00e9s\" \/>\r\n<meta property=\"article:published_time\" content=\"2015-11-18T14:32:49+00:00\" \/>\r\n<meta property=\"og:image\" content=\"https:\/\/www.uqac.ca\/uqactualites\/wp-content\/uploads\/2012\/05\/communiqu-.jpg\" \/>\r\n\t<meta property=\"og:image:width\" content=\"620\" \/>\r\n\t<meta property=\"og:image:height\" content=\"300\" \/>\r\n\t<meta property=\"og:image:type\" content=\"image\/jpeg\" \/>\r\n<meta name=\"author\" content=\"Service des communications et des relations publiques\" \/>\r\n<meta name=\"twitter:card\" content=\"summary_large_image\" \/>\r\n<meta name=\"twitter:label1\" content=\"\u00c9crit par\" \/>\n\t<meta name=\"twitter:data1\" content=\"Service des communications et des relations publiques\" \/>\n\t<meta name=\"twitter:label2\" content=\"Estimation du temps de lecture\" \/>\n\t<meta name=\"twitter:data2\" content=\"1 minute\" \/>\r\n<script type=\"application\/ld+json\" class=\"yoast-schema-graph\">{\"@context\":\"https:\/\/schema.org\",\"@graph\":[{\"@type\":\"WebPage\",\"@id\":\"https:\/\/www.uqac.ca\/uqactualites\/2015\/11\/18\/une-occasion-pour-les-futurs-etudiants-de-concretiser-leur-projet-detudes-a-luqac\/\",\"url\":\"https:\/\/www.uqac.ca\/uqactualites\/2015\/11\/18\/une-occasion-pour-les-futurs-etudiants-de-concretiser-leur-projet-detudes-a-luqac\/\",\"name\":\"Une occasion pour les futurs \u00e9tudiants de concr\u00e9tiser leur projet d\u2019\u00e9tudes \u00e0 l\u2019UQAC - UQACtualit\u00e9s\",\"isPartOf\":{\"@id\":\"https:\/\/www.uqac.ca\/uqactualites\/#website\"},\"primaryImageOfPage\":{\"@id\":\"https:\/\/www.uqac.ca\/uqactualites\/2015\/11\/18\/une-occasion-pour-les-futurs-etudiants-de-concretiser-leur-projet-detudes-a-luqac\/#primaryimage\"},\"image\":{\"@id\":\"https:\/\/www.uqac.ca\/uqactualites\/2015\/11\/18\/une-occasion-pour-les-futurs-etudiants-de-concretiser-leur-projet-detudes-a-luqac\/#primaryimage\"},\"thumbnailUrl\":\"https:\/\/www.uqac.ca\/uqactualites\/wp-content\/uploads\/2012\/05\/communiqu-.jpg\",\"datePublished\":\"2015-11-18T14:32:49+00:00\",\"dateModified\":\"2015-11-18T14:32:49+00:00\",\"author\":{\"@id\":\"https:\/\/www.uqac.ca\/uqactualites\/#\/schema\/person\/366c45a0c4f0e677b41b4af5886e2018\"},\"breadcrumb\":{\"@id\":\"https:\/\/www.uqac.ca\/uqactualites\/2015\/11\/18\/une-occasion-pour-les-futurs-etudiants-de-concretiser-leur-projet-detudes-a-luqac\/#breadcrumb\"},\"inLanguage\":\"fr-CA\",\"potentialAction\":[{\"@type\":\"ReadAction\",\"target\":[\"https:\/\/www.uqac.ca\/uqactualites\/2015\/11\/18\/une-occasion-pour-les-futurs-etudiants-de-concretiser-leur-projet-detudes-a-luqac\/\"]}]},{\"@type\":\"ImageObject\",\"inLanguage\":\"fr-CA\",\"@id\":\"https:\/\/www.uqac.ca\/uqactualites\/2015\/11\/18\/une-occasion-pour-les-futurs-etudiants-de-concretiser-leur-projet-detudes-a-luqac\/#primaryimage\",\"url\":\"https:\/\/www.uqac.ca\/uqactualites\/wp-content\/uploads\/2012\/05\/communiqu-.jpg\",\"contentUrl\":\"https:\/\/www.uqac.ca\/uqactualites\/wp-content\/uploads\/2012\/05\/communiqu-.jpg\",\"width\":620,\"height\":300},{\"@type\":\"BreadcrumbList\",\"@id\":\"https:\/\/www.uqac.ca\/uqactualites\/2015\/11\/18\/une-occasion-pour-les-futurs-etudiants-de-concretiser-leur-projet-detudes-a-luqac\/#breadcrumb\",\"itemListElement\":[{\"@type\":\"ListItem\",\"position\":1,\"name\":\"Home\",\"item\":\"https:\/\/www.uqac.ca\/uqactualites\/\"},{\"@type\":\"ListItem\",\"position\":2,\"name\":\"Une occasion pour les futurs \u00e9tudiants de concr\u00e9tiser leur projet d\u2019\u00e9tudes \u00e0 l\u2019UQAC\"}]},{\"@type\":\"WebSite\",\"@id\":\"https:\/\/www.uqac.ca\/uqactualites\/#website\",\"url\":\"https:\/\/www.uqac.ca\/uqactualites\/\",\"name\":\"UQACtualit\u00e9s\",\"description\":\"Le portail des nouvelles de l&#039;UQAC\",\"potentialAction\":[{\"@type\":\"SearchAction\",\"target\":{\"@type\":\"EntryPoint\",\"urlTemplate\":\"https:\/\/www.uqac.ca\/uqactualites\/?s={search_term_string}\"},\"query-input\":{\"@type\":\"PropertyValueSpecification\",\"valueRequired\":true,\"valueName\":\"search_term_string\"}}],\"inLanguage\":\"fr-CA\"},{\"@type\":\"Person\",\"@id\":\"https:\/\/www.uqac.ca\/uqactualites\/#\/schema\/person\/366c45a0c4f0e677b41b4af5886e2018\",\"name\":\"Service des communications et des relations publiques\",\"image\":{\"@type\":\"ImageObject\",\"inLanguage\":\"fr-CA\",\"@id\":\"https:\/\/www.uqac.ca\/uqactualites\/#\/schema\/person\/image\/\",\"url\":\"https:\/\/secure.gravatar.com\/avatar\/20fbbda8a292f59f2d3461a5b999c00b?s=96&d=mm&r=g\",\"contentUrl\":\"https:\/\/secure.gravatar.com\/avatar\/20fbbda8a292f59f2d3461a5b999c00b?s=96&d=mm&r=g\",\"caption\":\"Service des communications et des relations publiques\"},\"url\":\"https:\/\/www.uqac.ca\/uqactualites\/author\/bap\/\"}]}<\/script>\r\n<!-- \/ Yoast SEO plugin. -->","yoast_head_json":{"title":"Une occasion pour les futurs \u00e9tudiants de concr\u00e9tiser leur projet d\u2019\u00e9tudes \u00e0 l\u2019UQAC - UQACtualit\u00e9s","robots":{"index":"index","follow":"follow","max-snippet":"max-snippet:-1","max-image-preview":"max-image-preview:large","max-video-preview":"max-video-preview:-1"},"canonical":"https:\/\/www.uqac.ca\/uqactualites\/2015\/11\/18\/une-occasion-pour-les-futurs-etudiants-de-concretiser-leur-projet-detudes-a-luqac\/","og_locale":"fr_CA","og_type":"article","og_title":"Une occasion pour les futurs \u00e9tudiants de concr\u00e9tiser leur projet d\u2019\u00e9tudes \u00e0 l\u2019UQAC - UQACtualit\u00e9s","og_description":"Saguenay, le 18 novembre 2015 \u2013 Le samedi 21 novembre prochain, l\u2019Universit\u00e9 du Qu\u00e9bec \u00e0 Chicoutimi ouvre ses portes aux futurs \u00e9tudiants. De 12\u00a0h \u00e0 16\u00a0h, une s\u00e9rie d\u2019ateliers sont propos\u00e9s afin de permettre aux participants, particuli\u00e8rement aux \u00e9tudiants du secondaire et du coll\u00e9gial, de concr\u00e9tiser leur projet d\u2019\u00e9tudes \u00e0 l\u2019UQAC. Au cours de l\u2019apr\u00e8s-midi, [&hellip;]","og_url":"https:\/\/www.uqac.ca\/uqactualites\/2015\/11\/18\/une-occasion-pour-les-futurs-etudiants-de-concretiser-leur-projet-detudes-a-luqac\/","og_site_name":"UQACtualit\u00e9s","article_published_time":"2015-11-18T14:32:49+00:00","og_image":[{"width":620,"height":300,"url":"https:\/\/www.uqac.ca\/uqactualites\/wp-content\/uploads\/2012\/05\/communiqu-.jpg","type":"image\/jpeg"}],"author":"Service des communications et des relations publiques","twitter_card":"summary_large_image","twitter_misc":{"\u00c9crit par":"Service des communications et des relations publiques","Estimation du temps de lecture":"1 minute"},"schema":{"@context":"https:\/\/schema.org","@graph":[{"@type":"WebPage","@id":"https:\/\/www.uqac.ca\/uqactualites\/2015\/11\/18\/une-occasion-pour-les-futurs-etudiants-de-concretiser-leur-projet-detudes-a-luqac\/","url":"https:\/\/www.uqac.ca\/uqactualites\/2015\/11\/18\/une-occasion-pour-les-futurs-etudiants-de-concretiser-leur-projet-detudes-a-luqac\/","name":"Une occasion pour les futurs \u00e9tudiants de concr\u00e9tiser leur projet d\u2019\u00e9tudes \u00e0 l\u2019UQAC - UQACtualit\u00e9s","isPartOf":{"@id":"https:\/\/www.uqac.ca\/uqactualites\/#website"},"primaryImageOfPage":{"@id":"https:\/\/www.uqac.ca\/uqactualites\/2015\/11\/18\/une-occasion-pour-les-futurs-etudiants-de-concretiser-leur-projet-detudes-a-luqac\/#primaryimage"},"image":{"@id":"https:\/\/www.uqac.ca\/uqactualites\/2015\/11\/18\/une-occasion-pour-les-futurs-etudiants-de-concretiser-leur-projet-detudes-a-luqac\/#primaryimage"},"thumbnailUrl":"https:\/\/www.uqac.ca\/uqactualites\/wp-content\/uploads\/2012\/05\/communiqu-.jpg","datePublished":"2015-11-18T14:32:49+00:00","dateModified":"2015-11-18T14:32:49+00:00","author":{"@id":"https:\/\/www.uqac.ca\/uqactualites\/#\/schema\/person\/366c45a0c4f0e677b41b4af5886e2018"},"breadcrumb":{"@id":"https:\/\/www.uqac.ca\/uqactualites\/2015\/11\/18\/une-occasion-pour-les-futurs-etudiants-de-concretiser-leur-projet-detudes-a-luqac\/#breadcrumb"},"inLanguage":"fr-CA","potentialAction":[{"@type":"ReadAction","target":["https:\/\/www.uqac.ca\/uqactualites\/2015\/11\/18\/une-occasion-pour-les-futurs-etudiants-de-concretiser-leur-projet-detudes-a-luqac\/"]}]},{"@type":"ImageObject","inLanguage":"fr-CA","@id":"https:\/\/www.uqac.ca\/uqactualites\/2015\/11\/18\/une-occasion-pour-les-futurs-etudiants-de-concretiser-leur-projet-detudes-a-luqac\/#primaryimage","url":"https:\/\/www.uqac.ca\/uqactualites\/wp-content\/uploads\/2012\/05\/communiqu-.jpg","contentUrl":"https:\/\/www.uqac.ca\/uqactualites\/wp-content\/uploads\/2012\/05\/communiqu-.jpg","width":620,"height":300},{"@type":"BreadcrumbList","@id":"https:\/\/www.uqac.ca\/uqactualites\/2015\/11\/18\/une-occasion-pour-les-futurs-etudiants-de-concretiser-leur-projet-detudes-a-luqac\/#breadcrumb","itemListElement":[{"@type":"ListItem","position":1,"name":"Home","item":"https:\/\/www.uqac.ca\/uqactualites\/"},{"@type":"ListItem","position":2,"name":"Une occasion pour les futurs \u00e9tudiants de concr\u00e9tiser leur projet d\u2019\u00e9tudes \u00e0 l\u2019UQAC"}]},{"@type":"WebSite","@id":"https:\/\/www.uqac.ca\/uqactualites\/#website","url":"https:\/\/www.uqac.ca\/uqactualites\/","name":"UQACtualit\u00e9s","description":"Le portail des nouvelles de l&#039;UQAC","potentialAction":[{"@type":"SearchAction","target":{"@type":"EntryPoint","urlTemplate":"https:\/\/www.uqac.ca\/uqactualites\/?s={search_term_string}"},"query-input":{"@type":"PropertyValueSpecification","valueRequired":true,"valueName":"search_term_string"}}],"inLanguage":"fr-CA"},{"@type":"Person","@id":"https:\/\/www.uqac.ca\/uqactualites\/#\/schema\/person\/366c45a0c4f0e677b41b4af5886e2018","name":"Service des communications et des relations publiques","image":{"@type":"ImageObject","inLanguage":"fr-CA","@id":"https:\/\/www.uqac.ca\/uqactualites\/#\/schema\/person\/image\/","url":"https:\/\/secure.gravatar.com\/avatar\/20fbbda8a292f59f2d3461a5b999c00b?s=96&d=mm&r=g","contentUrl":"https:\/\/secure.gravatar.com\/avatar\/20fbbda8a292f59f2d3461a5b999c00b?s=96&d=mm&r=g","caption":"Service des communications et des relations publiques"},"url":"https:\/\/www.uqac.ca\/uqactualites\/author\/bap\/"}]}},"_links":{"self":[{"href":"https:\/\/www.uqac.ca\/uqactualites\/wp-json\/wp\/v2\/posts\/31131"}],"collection":[{"href":"https:\/\/www.uqac.ca\/uqactualites\/wp-json\/wp\/v2\/posts"}],"about":[{"href":"https:\/\/www.uqac.ca\/uqactualites\/wp-json\/wp\/v2\/types\/post"}],"author":[{"embeddable":true,"href":"https:\/\/www.uqac.ca\/uqactualites\/wp-json\/wp\/v2\/users\/5"}],"replies":[{"embeddable":true,"href":"https:\/\/www.uqac.ca\/uqactualites\/wp-json\/wp\/v2\/comments?post=31131"}],"version-history":[{"count":0,"href":"https:\/\/www.uqac.ca\/uqactualites\/wp-json\/wp\/v2\/posts\/31131\/revisions"}],"wp:featuredmedia":[{"embeddable":true,"href":"https:\/\/www.uqac.ca\/uqactualites\/wp-json\/wp\/v2\/media\/20745"}],"wp:attachment":[{"href":"https:\/\/www.uqac.ca\/uqactualites\/wp-json\/wp\/v2\/media?parent=31131"}],"wp:term":[{"taxonomy":"category","embeddable":true,"href":"https:\/\/www.uqac.ca\/uqactualites\/wp-json\/wp\/v2\/categories?post=31131"},{"taxonomy":"post_tag","embeddable":true,"href":"https:\/\/www.uqac.ca\/uqactualites\/wp-json\/wp\/v2\/tags?post=31131"}],"curies":[{"name":"wp","href":"https:\/\/api.w.org\/{rel}","templated":true}]}}