{"id":31138,"date":"2015-11-18T09:58:13","date_gmt":"2015-11-18T14:58:13","guid":{"rendered":"http:\/\/uqactualite.odev.ca\/?p=31138"},"modified":"2015-11-18T09:58:13","modified_gmt":"2015-11-18T14:58:13","slug":"collecte-pour-le-fonds-humanitaire-de-luqac","status":"publish","type":"post","link":"https:\/\/www.uqac.ca\/uqactualites\/2015\/11\/18\/collecte-pour-le-fonds-humanitaire-de-luqac\/","title":{"rendered":"Collecte pour le Fonds humanitaire de l\u2019UQAC"},"content":{"rendered":"<p>Dans le but de soutenir le Fonds humanitaire de l&rsquo;UQAC qui permet d\u2019aider plusieurs \u00e9tudiants \u00e0 traverser des moments difficiles en contribuant \u00e0 att\u00e9nuer leurs soucis financiers, leur permettant ainsi de mieux se concentrer sur leurs \u00e9tudes, la communaut\u00e9 universitaire est invit\u00e9e \u00e0 participer \u00e0 ces \u00e9v\u00e9nements organis\u00e9s par les Services aux \u00e9tudiants :<\/p>\n<p><strong>Quatuor Alcan<br \/>\n<\/strong>Mardi 1<sup>er<\/sup> d\u00e9cembre, 12 h, Petit th\u00e9\u00e2tre de l\u2019UQAC<br \/>\nContribution volontaire<\/p>\n<p><strong>Chorale des retrait\u00e9s de l\u2019UQAC<br \/>\n<\/strong>Lundi 7 d\u00e9cembre, d\u00e8s 11\u00a0h\u00a030<\/p>\n<ul>\n<li>1<sup>er<\/sup> concert\u00a0: 11\u00a0h\u00a030 -12 h, hall d\u2019entr\u00e9e du Pavillon principal<\/li>\n<li>2<sup>e<\/sup>\u00a0concert\u00a0: 12\u00a0h\u00a020 -12 h 50, Caf\u00e9t\u00e9ria<\/li>\n<li>3<sup>e<\/sup>\u00a0concert\u00a0: 13\u00a0h\u00a015 -13 h 45, hall d&rsquo;entr\u00e9e du Pavillon Alphonse-Desjardins.<\/li>\n<\/ul>\n<p>Ouvert \u00e0 tous.<br \/>\nUne bo\u00eete sera mise \u00e0 votre disposition afin d\u2019y glisser vos dons.<\/p>\n<p><strong>Renseignements :<\/strong><br \/>\nServices aux \u00e9tudiants<br \/>\n418 545-5011, poste 5617<br \/>\n<a title=\"Invitation midi-conf\u00e9rence sur la r\u00e9silience et les rites li\u00e9s au deuil\" href=\"mailto:vie.etudiante@uqac.ca\">vie.etudiante@uqac.ca <\/a><\/p>\n","protected":false},"excerpt":{"rendered":"<p>Dans le but de soutenir le Fonds humanitaire de l&rsquo;UQAC qui permet d\u2019aider plusieurs \u00e9tudiants \u00e0 traverser des moments difficiles en contribuant \u00e0 att\u00e9nuer leurs soucis financiers, leur permettant ainsi de mieux se concentrer sur leurs \u00e9tudes, la communaut\u00e9 universitaire est invit\u00e9e \u00e0 participer \u00e0 ces \u00e9v\u00e9nements organis\u00e9s par les Services aux \u00e9tudiants : Quatuor [&hellip;]<\/p>\n","protected":false},"author":5,"featured_media":20989,"comment_status":"open","ping_status":"open","sticky":false,"template":"","format":"standard","meta":{"footnotes":""},"categories":[2772],"tags":[],"yoast_head":"<!-- This site is optimized with the Yoast SEO plugin v24.2 - https:\/\/yoast.com\/wordpress\/plugins\/seo\/ -->\r\n<title>Collecte pour le Fonds humanitaire de l\u2019UQAC - UQACtualit\u00e9s<\/title>\r\n<meta name=\"robots\" content=\"index, follow, max-snippet:-1, max-image-preview:large, max-video-preview:-1\" \/>\r\n<link rel=\"canonical\" href=\"https:\/\/www.uqac.ca\/uqactualites\/2015\/11\/18\/collecte-pour-le-fonds-humanitaire-de-luqac\/\" \/>\r\n<meta property=\"og:locale\" content=\"fr_CA\" \/>\r\n<meta property=\"og:type\" content=\"article\" \/>\r\n<meta property=\"og:title\" content=\"Collecte pour le Fonds humanitaire de l\u2019UQAC - UQACtualit\u00e9s\" \/>\r\n<meta property=\"og:description\" content=\"Dans le but de soutenir le Fonds humanitaire de l&rsquo;UQAC qui permet d\u2019aider plusieurs \u00e9tudiants \u00e0 traverser des moments difficiles en contribuant \u00e0 att\u00e9nuer leurs soucis financiers, leur permettant ainsi de mieux se concentrer sur leurs \u00e9tudes, la communaut\u00e9 universitaire est invit\u00e9e \u00e0 participer \u00e0 ces \u00e9v\u00e9nements organis\u00e9s par les Services aux \u00e9tudiants : Quatuor [&hellip;]\" \/>\r\n<meta property=\"og:url\" content=\"https:\/\/www.uqac.ca\/uqactualites\/2015\/11\/18\/collecte-pour-le-fonds-humanitaire-de-luqac\/\" \/>\r\n<meta property=\"og:site_name\" content=\"UQACtualit\u00e9s\" \/>\r\n<meta property=\"article:published_time\" content=\"2015-11-18T14:58:13+00:00\" \/>\r\n<meta property=\"og:image\" content=\"https:\/\/www.uqac.ca\/uqactualites\/wp-content\/uploads\/2012\/05\/avis-laCommunaut-.jpg\" \/>\r\n\t<meta property=\"og:image:width\" content=\"620\" \/>\r\n\t<meta property=\"og:image:height\" content=\"300\" \/>\r\n\t<meta property=\"og:image:type\" content=\"image\/jpeg\" \/>\r\n<meta name=\"author\" content=\"Service des communications et des relations publiques\" \/>\r\n<meta name=\"twitter:card\" content=\"summary_large_image\" \/>\r\n<meta name=\"twitter:label1\" content=\"\u00c9crit par\" \/>\n\t<meta name=\"twitter:data1\" content=\"Service des communications et des relations publiques\" \/>\n\t<meta name=\"twitter:label2\" content=\"Estimation du temps de lecture\" \/>\n\t<meta name=\"twitter:data2\" content=\"1 minute\" \/>\r\n<script type=\"application\/ld+json\" class=\"yoast-schema-graph\">{\"@context\":\"https:\/\/schema.org\",\"@graph\":[{\"@type\":\"WebPage\",\"@id\":\"https:\/\/www.uqac.ca\/uqactualites\/2015\/11\/18\/collecte-pour-le-fonds-humanitaire-de-luqac\/\",\"url\":\"https:\/\/www.uqac.ca\/uqactualites\/2015\/11\/18\/collecte-pour-le-fonds-humanitaire-de-luqac\/\",\"name\":\"Collecte pour le Fonds humanitaire de l\u2019UQAC - UQACtualit\u00e9s\",\"isPartOf\":{\"@id\":\"https:\/\/www.uqac.ca\/uqactualites\/#website\"},\"primaryImageOfPage\":{\"@id\":\"https:\/\/www.uqac.ca\/uqactualites\/2015\/11\/18\/collecte-pour-le-fonds-humanitaire-de-luqac\/#primaryimage\"},\"image\":{\"@id\":\"https:\/\/www.uqac.ca\/uqactualites\/2015\/11\/18\/collecte-pour-le-fonds-humanitaire-de-luqac\/#primaryimage\"},\"thumbnailUrl\":\"https:\/\/www.uqac.ca\/uqactualites\/wp-content\/uploads\/2012\/05\/avis-laCommunaut-.jpg\",\"datePublished\":\"2015-11-18T14:58:13+00:00\",\"dateModified\":\"2015-11-18T14:58:13+00:00\",\"author\":{\"@id\":\"https:\/\/www.uqac.ca\/uqactualites\/#\/schema\/person\/366c45a0c4f0e677b41b4af5886e2018\"},\"breadcrumb\":{\"@id\":\"https:\/\/www.uqac.ca\/uqactualites\/2015\/11\/18\/collecte-pour-le-fonds-humanitaire-de-luqac\/#breadcrumb\"},\"inLanguage\":\"fr-CA\",\"potentialAction\":[{\"@type\":\"ReadAction\",\"target\":[\"https:\/\/www.uqac.ca\/uqactualites\/2015\/11\/18\/collecte-pour-le-fonds-humanitaire-de-luqac\/\"]}]},{\"@type\":\"ImageObject\",\"inLanguage\":\"fr-CA\",\"@id\":\"https:\/\/www.uqac.ca\/uqactualites\/2015\/11\/18\/collecte-pour-le-fonds-humanitaire-de-luqac\/#primaryimage\",\"url\":\"https:\/\/www.uqac.ca\/uqactualites\/wp-content\/uploads\/2012\/05\/avis-laCommunaut-.jpg\",\"contentUrl\":\"https:\/\/www.uqac.ca\/uqactualites\/wp-content\/uploads\/2012\/05\/avis-laCommunaut-.jpg\",\"width\":620,\"height\":300},{\"@type\":\"BreadcrumbList\",\"@id\":\"https:\/\/www.uqac.ca\/uqactualites\/2015\/11\/18\/collecte-pour-le-fonds-humanitaire-de-luqac\/#breadcrumb\",\"itemListElement\":[{\"@type\":\"ListItem\",\"position\":1,\"name\":\"Home\",\"item\":\"https:\/\/www.uqac.ca\/uqactualites\/\"},{\"@type\":\"ListItem\",\"position\":2,\"name\":\"Collecte pour le Fonds humanitaire de l\u2019UQAC\"}]},{\"@type\":\"WebSite\",\"@id\":\"https:\/\/www.uqac.ca\/uqactualites\/#website\",\"url\":\"https:\/\/www.uqac.ca\/uqactualites\/\",\"name\":\"UQACtualit\u00e9s\",\"description\":\"Le portail des nouvelles de l&#039;UQAC\",\"potentialAction\":[{\"@type\":\"SearchAction\",\"target\":{\"@type\":\"EntryPoint\",\"urlTemplate\":\"https:\/\/www.uqac.ca\/uqactualites\/?s={search_term_string}\"},\"query-input\":{\"@type\":\"PropertyValueSpecification\",\"valueRequired\":true,\"valueName\":\"search_term_string\"}}],\"inLanguage\":\"fr-CA\"},{\"@type\":\"Person\",\"@id\":\"https:\/\/www.uqac.ca\/uqactualites\/#\/schema\/person\/366c45a0c4f0e677b41b4af5886e2018\",\"name\":\"Service des communications et des relations publiques\",\"image\":{\"@type\":\"ImageObject\",\"inLanguage\":\"fr-CA\",\"@id\":\"https:\/\/www.uqac.ca\/uqactualites\/#\/schema\/person\/image\/\",\"url\":\"https:\/\/secure.gravatar.com\/avatar\/20fbbda8a292f59f2d3461a5b999c00b?s=96&d=mm&r=g\",\"contentUrl\":\"https:\/\/secure.gravatar.com\/avatar\/20fbbda8a292f59f2d3461a5b999c00b?s=96&d=mm&r=g\",\"caption\":\"Service des communications et des relations publiques\"},\"url\":\"https:\/\/www.uqac.ca\/uqactualites\/author\/bap\/\"}]}<\/script>\r\n<!-- \/ Yoast SEO plugin. -->","yoast_head_json":{"title":"Collecte pour le Fonds humanitaire de l\u2019UQAC - UQACtualit\u00e9s","robots":{"index":"index","follow":"follow","max-snippet":"max-snippet:-1","max-image-preview":"max-image-preview:large","max-video-preview":"max-video-preview:-1"},"canonical":"https:\/\/www.uqac.ca\/uqactualites\/2015\/11\/18\/collecte-pour-le-fonds-humanitaire-de-luqac\/","og_locale":"fr_CA","og_type":"article","og_title":"Collecte pour le Fonds humanitaire de l\u2019UQAC - UQACtualit\u00e9s","og_description":"Dans le but de soutenir le Fonds humanitaire de l&rsquo;UQAC qui permet d\u2019aider plusieurs \u00e9tudiants \u00e0 traverser des moments difficiles en contribuant \u00e0 att\u00e9nuer leurs soucis financiers, leur permettant ainsi de mieux se concentrer sur leurs \u00e9tudes, la communaut\u00e9 universitaire est invit\u00e9e \u00e0 participer \u00e0 ces \u00e9v\u00e9nements organis\u00e9s par les Services aux \u00e9tudiants : Quatuor [&hellip;]","og_url":"https:\/\/www.uqac.ca\/uqactualites\/2015\/11\/18\/collecte-pour-le-fonds-humanitaire-de-luqac\/","og_site_name":"UQACtualit\u00e9s","article_published_time":"2015-11-18T14:58:13+00:00","og_image":[{"width":620,"height":300,"url":"https:\/\/www.uqac.ca\/uqactualites\/wp-content\/uploads\/2012\/05\/avis-laCommunaut-.jpg","type":"image\/jpeg"}],"author":"Service des communications et des relations publiques","twitter_card":"summary_large_image","twitter_misc":{"\u00c9crit par":"Service des communications et des relations publiques","Estimation du temps de lecture":"1 minute"},"schema":{"@context":"https:\/\/schema.org","@graph":[{"@type":"WebPage","@id":"https:\/\/www.uqac.ca\/uqactualites\/2015\/11\/18\/collecte-pour-le-fonds-humanitaire-de-luqac\/","url":"https:\/\/www.uqac.ca\/uqactualites\/2015\/11\/18\/collecte-pour-le-fonds-humanitaire-de-luqac\/","name":"Collecte pour le Fonds humanitaire de l\u2019UQAC - UQACtualit\u00e9s","isPartOf":{"@id":"https:\/\/www.uqac.ca\/uqactualites\/#website"},"primaryImageOfPage":{"@id":"https:\/\/www.uqac.ca\/uqactualites\/2015\/11\/18\/collecte-pour-le-fonds-humanitaire-de-luqac\/#primaryimage"},"image":{"@id":"https:\/\/www.uqac.ca\/uqactualites\/2015\/11\/18\/collecte-pour-le-fonds-humanitaire-de-luqac\/#primaryimage"},"thumbnailUrl":"https:\/\/www.uqac.ca\/uqactualites\/wp-content\/uploads\/2012\/05\/avis-laCommunaut-.jpg","datePublished":"2015-11-18T14:58:13+00:00","dateModified":"2015-11-18T14:58:13+00:00","author":{"@id":"https:\/\/www.uqac.ca\/uqactualites\/#\/schema\/person\/366c45a0c4f0e677b41b4af5886e2018"},"breadcrumb":{"@id":"https:\/\/www.uqac.ca\/uqactualites\/2015\/11\/18\/collecte-pour-le-fonds-humanitaire-de-luqac\/#breadcrumb"},"inLanguage":"fr-CA","potentialAction":[{"@type":"ReadAction","target":["https:\/\/www.uqac.ca\/uqactualites\/2015\/11\/18\/collecte-pour-le-fonds-humanitaire-de-luqac\/"]}]},{"@type":"ImageObject","inLanguage":"fr-CA","@id":"https:\/\/www.uqac.ca\/uqactualites\/2015\/11\/18\/collecte-pour-le-fonds-humanitaire-de-luqac\/#primaryimage","url":"https:\/\/www.uqac.ca\/uqactualites\/wp-content\/uploads\/2012\/05\/avis-laCommunaut-.jpg","contentUrl":"https:\/\/www.uqac.ca\/uqactualites\/wp-content\/uploads\/2012\/05\/avis-laCommunaut-.jpg","width":620,"height":300},{"@type":"BreadcrumbList","@id":"https:\/\/www.uqac.ca\/uqactualites\/2015\/11\/18\/collecte-pour-le-fonds-humanitaire-de-luqac\/#breadcrumb","itemListElement":[{"@type":"ListItem","position":1,"name":"Home","item":"https:\/\/www.uqac.ca\/uqactualites\/"},{"@type":"ListItem","position":2,"name":"Collecte pour le Fonds humanitaire de l\u2019UQAC"}]},{"@type":"WebSite","@id":"https:\/\/www.uqac.ca\/uqactualites\/#website","url":"https:\/\/www.uqac.ca\/uqactualites\/","name":"UQACtualit\u00e9s","description":"Le portail des nouvelles de l&#039;UQAC","potentialAction":[{"@type":"SearchAction","target":{"@type":"EntryPoint","urlTemplate":"https:\/\/www.uqac.ca\/uqactualites\/?s={search_term_string}"},"query-input":{"@type":"PropertyValueSpecification","valueRequired":true,"valueName":"search_term_string"}}],"inLanguage":"fr-CA"},{"@type":"Person","@id":"https:\/\/www.uqac.ca\/uqactualites\/#\/schema\/person\/366c45a0c4f0e677b41b4af5886e2018","name":"Service des communications et des relations publiques","image":{"@type":"ImageObject","inLanguage":"fr-CA","@id":"https:\/\/www.uqac.ca\/uqactualites\/#\/schema\/person\/image\/","url":"https:\/\/secure.gravatar.com\/avatar\/20fbbda8a292f59f2d3461a5b999c00b?s=96&d=mm&r=g","contentUrl":"https:\/\/secure.gravatar.com\/avatar\/20fbbda8a292f59f2d3461a5b999c00b?s=96&d=mm&r=g","caption":"Service des communications et des relations publiques"},"url":"https:\/\/www.uqac.ca\/uqactualites\/author\/bap\/"}]}},"_links":{"self":[{"href":"https:\/\/www.uqac.ca\/uqactualites\/wp-json\/wp\/v2\/posts\/31138"}],"collection":[{"href":"https:\/\/www.uqac.ca\/uqactualites\/wp-json\/wp\/v2\/posts"}],"about":[{"href":"https:\/\/www.uqac.ca\/uqactualites\/wp-json\/wp\/v2\/types\/post"}],"author":[{"embeddable":true,"href":"https:\/\/www.uqac.ca\/uqactualites\/wp-json\/wp\/v2\/users\/5"}],"replies":[{"embeddable":true,"href":"https:\/\/www.uqac.ca\/uqactualites\/wp-json\/wp\/v2\/comments?post=31138"}],"version-history":[{"count":0,"href":"https:\/\/www.uqac.ca\/uqactualites\/wp-json\/wp\/v2\/posts\/31138\/revisions"}],"wp:featuredmedia":[{"embeddable":true,"href":"https:\/\/www.uqac.ca\/uqactualites\/wp-json\/wp\/v2\/media\/20989"}],"wp:attachment":[{"href":"https:\/\/www.uqac.ca\/uqactualites\/wp-json\/wp\/v2\/media?parent=31138"}],"wp:term":[{"taxonomy":"category","embeddable":true,"href":"https:\/\/www.uqac.ca\/uqactualites\/wp-json\/wp\/v2\/categories?post=31138"},{"taxonomy":"post_tag","embeddable":true,"href":"https:\/\/www.uqac.ca\/uqactualites\/wp-json\/wp\/v2\/tags?post=31138"}],"curies":[{"name":"wp","href":"https:\/\/api.w.org\/{rel}","templated":true}]}}