{"id":31140,"date":"2015-11-18T11:13:11","date_gmt":"2015-11-18T16:13:11","guid":{"rendered":"http:\/\/uqactualite.odev.ca\/?p=31140"},"modified":"2015-11-18T11:13:11","modified_gmt":"2015-11-18T16:13:11","slug":"conference-organisee-par-le-celat-et-la-cerii","status":"publish","type":"post","link":"https:\/\/www.uqac.ca\/uqactualites\/2015\/11\/18\/conference-organisee-par-le-celat-et-la-cerii\/","title":{"rendered":"Conf\u00e9rence organis\u00e9e par le C\u00c9LAT et la CERII"},"content":{"rendered":"<p>La communaut\u00e9 universitaire est invit\u00e9e \u00e0 participer \u00e0 une conf\u00e9rence organis\u00e9e par le Centre interuniversitaire d\u2019\u00e9tudes sur les lettres, les arts et les traditions (C\u00c9LAT) et la Chaire d&rsquo;enseignement et de recherche interethniques et interculturels (CERII) de l&rsquo;UQAC <strong>le jeudi 19 novembre 2015, de 12\u00a0h\u00a0 \u00e0 13\u00a0h\u00a030 au local P1-5070<\/strong> (Pavillon principal, UQAC)<\/p>\n<p>La conf\u00e9rence publique est pr\u00e9sent\u00e9e par le professeur Jean-Louis G\u00e9nard, directeur du Groupe de recherche sur l\u2019action publique (GRAP) de l\u2019Universit\u00e9 Libre de Bruxelles, Belgique, et titulaire 2015 de la Chaire C\u00c9LAT.<\/p>\n<p><strong>Titre de la conf\u00e9rence<\/strong>\u00a0: <strong>AUTONOMIE, CAPACIT\u00c9, COMP\u00c9TENCES, RESPONSABILIT\u00c9S\u00a0: LA NOUVELLE SIGNIFICATION DES POLITIQUES \u00c9DUCATIVES<\/strong><\/p>\n<p>Le conf\u00e9rencier entend parler de l\u2019\u00e9volution de ces concepts et ensuite clarifier les enjeux politiques qu\u2019ils soul\u00e8vent.<\/p>\n<p><strong>Renseignements\u00a0:<br \/>\n<\/strong>Soukeyna Sar<br \/>\nCERII\/C\u00c9LAT<br \/>\n418\u00a0545-5011, poste 5522<\/p>\n<p>&nbsp;<\/p>\n","protected":false},"excerpt":{"rendered":"<p>La communaut\u00e9 universitaire est invit\u00e9e \u00e0 participer \u00e0 une conf\u00e9rence organis\u00e9e par le Centre interuniversitaire d\u2019\u00e9tudes sur les lettres, les arts et les traditions (C\u00c9LAT) et la Chaire d&rsquo;enseignement et de recherche interethniques et interculturels (CERII) de l&rsquo;UQAC le jeudi 19 novembre 2015, de 12\u00a0h\u00a0 \u00e0 13\u00a0h\u00a030 au local P1-5070 (Pavillon principal, UQAC) La conf\u00e9rence [&hellip;]<\/p>\n","protected":false},"author":5,"featured_media":20989,"comment_status":"open","ping_status":"open","sticky":false,"template":"","format":"standard","meta":{"footnotes":""},"categories":[2772],"tags":[],"yoast_head":"<!-- This site is optimized with the Yoast SEO plugin v24.2 - https:\/\/yoast.com\/wordpress\/plugins\/seo\/ -->\r\n<title>Conf\u00e9rence organis\u00e9e par le C\u00c9LAT et la CERII - UQACtualit\u00e9s<\/title>\r\n<meta name=\"robots\" content=\"index, follow, max-snippet:-1, max-image-preview:large, max-video-preview:-1\" \/>\r\n<link rel=\"canonical\" href=\"https:\/\/www.uqac.ca\/uqactualites\/2015\/11\/18\/conference-organisee-par-le-celat-et-la-cerii\/\" \/>\r\n<meta property=\"og:locale\" content=\"fr_CA\" \/>\r\n<meta property=\"og:type\" content=\"article\" \/>\r\n<meta property=\"og:title\" content=\"Conf\u00e9rence organis\u00e9e par le C\u00c9LAT et la CERII - UQACtualit\u00e9s\" \/>\r\n<meta property=\"og:description\" content=\"La communaut\u00e9 universitaire est invit\u00e9e \u00e0 participer \u00e0 une conf\u00e9rence organis\u00e9e par le Centre interuniversitaire d\u2019\u00e9tudes sur les lettres, les arts et les traditions (C\u00c9LAT) et la Chaire d&rsquo;enseignement et de recherche interethniques et interculturels (CERII) de l&rsquo;UQAC le jeudi 19 novembre 2015, de 12\u00a0h\u00a0 \u00e0 13\u00a0h\u00a030 au local P1-5070 (Pavillon principal, UQAC) La conf\u00e9rence [&hellip;]\" \/>\r\n<meta property=\"og:url\" content=\"https:\/\/www.uqac.ca\/uqactualites\/2015\/11\/18\/conference-organisee-par-le-celat-et-la-cerii\/\" \/>\r\n<meta property=\"og:site_name\" content=\"UQACtualit\u00e9s\" \/>\r\n<meta property=\"article:published_time\" content=\"2015-11-18T16:13:11+00:00\" \/>\r\n<meta property=\"og:image\" content=\"https:\/\/www.uqac.ca\/uqactualites\/wp-content\/uploads\/2012\/05\/avis-laCommunaut-.jpg\" \/>\r\n\t<meta property=\"og:image:width\" content=\"620\" \/>\r\n\t<meta property=\"og:image:height\" content=\"300\" \/>\r\n\t<meta property=\"og:image:type\" content=\"image\/jpeg\" \/>\r\n<meta name=\"author\" content=\"Service des communications et des relations publiques\" \/>\r\n<meta name=\"twitter:card\" content=\"summary_large_image\" \/>\r\n<meta name=\"twitter:label1\" content=\"\u00c9crit par\" \/>\n\t<meta name=\"twitter:data1\" content=\"Service des communications et des relations publiques\" \/>\n\t<meta name=\"twitter:label2\" content=\"Estimation du temps de lecture\" \/>\n\t<meta name=\"twitter:data2\" content=\"1 minute\" \/>\r\n<script type=\"application\/ld+json\" class=\"yoast-schema-graph\">{\"@context\":\"https:\/\/schema.org\",\"@graph\":[{\"@type\":\"WebPage\",\"@id\":\"https:\/\/www.uqac.ca\/uqactualites\/2015\/11\/18\/conference-organisee-par-le-celat-et-la-cerii\/\",\"url\":\"https:\/\/www.uqac.ca\/uqactualites\/2015\/11\/18\/conference-organisee-par-le-celat-et-la-cerii\/\",\"name\":\"Conf\u00e9rence organis\u00e9e par le C\u00c9LAT et la CERII - UQACtualit\u00e9s\",\"isPartOf\":{\"@id\":\"https:\/\/www.uqac.ca\/uqactualites\/#website\"},\"primaryImageOfPage\":{\"@id\":\"https:\/\/www.uqac.ca\/uqactualites\/2015\/11\/18\/conference-organisee-par-le-celat-et-la-cerii\/#primaryimage\"},\"image\":{\"@id\":\"https:\/\/www.uqac.ca\/uqactualites\/2015\/11\/18\/conference-organisee-par-le-celat-et-la-cerii\/#primaryimage\"},\"thumbnailUrl\":\"https:\/\/www.uqac.ca\/uqactualites\/wp-content\/uploads\/2012\/05\/avis-laCommunaut-.jpg\",\"datePublished\":\"2015-11-18T16:13:11+00:00\",\"dateModified\":\"2015-11-18T16:13:11+00:00\",\"author\":{\"@id\":\"https:\/\/www.uqac.ca\/uqactualites\/#\/schema\/person\/366c45a0c4f0e677b41b4af5886e2018\"},\"breadcrumb\":{\"@id\":\"https:\/\/www.uqac.ca\/uqactualites\/2015\/11\/18\/conference-organisee-par-le-celat-et-la-cerii\/#breadcrumb\"},\"inLanguage\":\"fr-CA\",\"potentialAction\":[{\"@type\":\"ReadAction\",\"target\":[\"https:\/\/www.uqac.ca\/uqactualites\/2015\/11\/18\/conference-organisee-par-le-celat-et-la-cerii\/\"]}]},{\"@type\":\"ImageObject\",\"inLanguage\":\"fr-CA\",\"@id\":\"https:\/\/www.uqac.ca\/uqactualites\/2015\/11\/18\/conference-organisee-par-le-celat-et-la-cerii\/#primaryimage\",\"url\":\"https:\/\/www.uqac.ca\/uqactualites\/wp-content\/uploads\/2012\/05\/avis-laCommunaut-.jpg\",\"contentUrl\":\"https:\/\/www.uqac.ca\/uqactualites\/wp-content\/uploads\/2012\/05\/avis-laCommunaut-.jpg\",\"width\":620,\"height\":300},{\"@type\":\"BreadcrumbList\",\"@id\":\"https:\/\/www.uqac.ca\/uqactualites\/2015\/11\/18\/conference-organisee-par-le-celat-et-la-cerii\/#breadcrumb\",\"itemListElement\":[{\"@type\":\"ListItem\",\"position\":1,\"name\":\"Home\",\"item\":\"https:\/\/www.uqac.ca\/uqactualites\/\"},{\"@type\":\"ListItem\",\"position\":2,\"name\":\"Conf\u00e9rence organis\u00e9e par le C\u00c9LAT et la CERII\"}]},{\"@type\":\"WebSite\",\"@id\":\"https:\/\/www.uqac.ca\/uqactualites\/#website\",\"url\":\"https:\/\/www.uqac.ca\/uqactualites\/\",\"name\":\"UQACtualit\u00e9s\",\"description\":\"Le portail des nouvelles de l&#039;UQAC\",\"potentialAction\":[{\"@type\":\"SearchAction\",\"target\":{\"@type\":\"EntryPoint\",\"urlTemplate\":\"https:\/\/www.uqac.ca\/uqactualites\/?s={search_term_string}\"},\"query-input\":{\"@type\":\"PropertyValueSpecification\",\"valueRequired\":true,\"valueName\":\"search_term_string\"}}],\"inLanguage\":\"fr-CA\"},{\"@type\":\"Person\",\"@id\":\"https:\/\/www.uqac.ca\/uqactualites\/#\/schema\/person\/366c45a0c4f0e677b41b4af5886e2018\",\"name\":\"Service des communications et des relations publiques\",\"image\":{\"@type\":\"ImageObject\",\"inLanguage\":\"fr-CA\",\"@id\":\"https:\/\/www.uqac.ca\/uqactualites\/#\/schema\/person\/image\/\",\"url\":\"https:\/\/secure.gravatar.com\/avatar\/20fbbda8a292f59f2d3461a5b999c00b?s=96&d=mm&r=g\",\"contentUrl\":\"https:\/\/secure.gravatar.com\/avatar\/20fbbda8a292f59f2d3461a5b999c00b?s=96&d=mm&r=g\",\"caption\":\"Service des communications et des relations publiques\"},\"url\":\"https:\/\/www.uqac.ca\/uqactualites\/author\/bap\/\"}]}<\/script>\r\n<!-- \/ Yoast SEO plugin. -->","yoast_head_json":{"title":"Conf\u00e9rence organis\u00e9e par le C\u00c9LAT et la CERII - UQACtualit\u00e9s","robots":{"index":"index","follow":"follow","max-snippet":"max-snippet:-1","max-image-preview":"max-image-preview:large","max-video-preview":"max-video-preview:-1"},"canonical":"https:\/\/www.uqac.ca\/uqactualites\/2015\/11\/18\/conference-organisee-par-le-celat-et-la-cerii\/","og_locale":"fr_CA","og_type":"article","og_title":"Conf\u00e9rence organis\u00e9e par le C\u00c9LAT et la CERII - UQACtualit\u00e9s","og_description":"La communaut\u00e9 universitaire est invit\u00e9e \u00e0 participer \u00e0 une conf\u00e9rence organis\u00e9e par le Centre interuniversitaire d\u2019\u00e9tudes sur les lettres, les arts et les traditions (C\u00c9LAT) et la Chaire d&rsquo;enseignement et de recherche interethniques et interculturels (CERII) de l&rsquo;UQAC le jeudi 19 novembre 2015, de 12\u00a0h\u00a0 \u00e0 13\u00a0h\u00a030 au local P1-5070 (Pavillon principal, UQAC) La conf\u00e9rence [&hellip;]","og_url":"https:\/\/www.uqac.ca\/uqactualites\/2015\/11\/18\/conference-organisee-par-le-celat-et-la-cerii\/","og_site_name":"UQACtualit\u00e9s","article_published_time":"2015-11-18T16:13:11+00:00","og_image":[{"width":620,"height":300,"url":"https:\/\/www.uqac.ca\/uqactualites\/wp-content\/uploads\/2012\/05\/avis-laCommunaut-.jpg","type":"image\/jpeg"}],"author":"Service des communications et des relations publiques","twitter_card":"summary_large_image","twitter_misc":{"\u00c9crit par":"Service des communications et des relations publiques","Estimation du temps de lecture":"1 minute"},"schema":{"@context":"https:\/\/schema.org","@graph":[{"@type":"WebPage","@id":"https:\/\/www.uqac.ca\/uqactualites\/2015\/11\/18\/conference-organisee-par-le-celat-et-la-cerii\/","url":"https:\/\/www.uqac.ca\/uqactualites\/2015\/11\/18\/conference-organisee-par-le-celat-et-la-cerii\/","name":"Conf\u00e9rence organis\u00e9e par le C\u00c9LAT et la CERII - UQACtualit\u00e9s","isPartOf":{"@id":"https:\/\/www.uqac.ca\/uqactualites\/#website"},"primaryImageOfPage":{"@id":"https:\/\/www.uqac.ca\/uqactualites\/2015\/11\/18\/conference-organisee-par-le-celat-et-la-cerii\/#primaryimage"},"image":{"@id":"https:\/\/www.uqac.ca\/uqactualites\/2015\/11\/18\/conference-organisee-par-le-celat-et-la-cerii\/#primaryimage"},"thumbnailUrl":"https:\/\/www.uqac.ca\/uqactualites\/wp-content\/uploads\/2012\/05\/avis-laCommunaut-.jpg","datePublished":"2015-11-18T16:13:11+00:00","dateModified":"2015-11-18T16:13:11+00:00","author":{"@id":"https:\/\/www.uqac.ca\/uqactualites\/#\/schema\/person\/366c45a0c4f0e677b41b4af5886e2018"},"breadcrumb":{"@id":"https:\/\/www.uqac.ca\/uqactualites\/2015\/11\/18\/conference-organisee-par-le-celat-et-la-cerii\/#breadcrumb"},"inLanguage":"fr-CA","potentialAction":[{"@type":"ReadAction","target":["https:\/\/www.uqac.ca\/uqactualites\/2015\/11\/18\/conference-organisee-par-le-celat-et-la-cerii\/"]}]},{"@type":"ImageObject","inLanguage":"fr-CA","@id":"https:\/\/www.uqac.ca\/uqactualites\/2015\/11\/18\/conference-organisee-par-le-celat-et-la-cerii\/#primaryimage","url":"https:\/\/www.uqac.ca\/uqactualites\/wp-content\/uploads\/2012\/05\/avis-laCommunaut-.jpg","contentUrl":"https:\/\/www.uqac.ca\/uqactualites\/wp-content\/uploads\/2012\/05\/avis-laCommunaut-.jpg","width":620,"height":300},{"@type":"BreadcrumbList","@id":"https:\/\/www.uqac.ca\/uqactualites\/2015\/11\/18\/conference-organisee-par-le-celat-et-la-cerii\/#breadcrumb","itemListElement":[{"@type":"ListItem","position":1,"name":"Home","item":"https:\/\/www.uqac.ca\/uqactualites\/"},{"@type":"ListItem","position":2,"name":"Conf\u00e9rence organis\u00e9e par le C\u00c9LAT et la CERII"}]},{"@type":"WebSite","@id":"https:\/\/www.uqac.ca\/uqactualites\/#website","url":"https:\/\/www.uqac.ca\/uqactualites\/","name":"UQACtualit\u00e9s","description":"Le portail des nouvelles de l&#039;UQAC","potentialAction":[{"@type":"SearchAction","target":{"@type":"EntryPoint","urlTemplate":"https:\/\/www.uqac.ca\/uqactualites\/?s={search_term_string}"},"query-input":{"@type":"PropertyValueSpecification","valueRequired":true,"valueName":"search_term_string"}}],"inLanguage":"fr-CA"},{"@type":"Person","@id":"https:\/\/www.uqac.ca\/uqactualites\/#\/schema\/person\/366c45a0c4f0e677b41b4af5886e2018","name":"Service des communications et des relations publiques","image":{"@type":"ImageObject","inLanguage":"fr-CA","@id":"https:\/\/www.uqac.ca\/uqactualites\/#\/schema\/person\/image\/","url":"https:\/\/secure.gravatar.com\/avatar\/20fbbda8a292f59f2d3461a5b999c00b?s=96&d=mm&r=g","contentUrl":"https:\/\/secure.gravatar.com\/avatar\/20fbbda8a292f59f2d3461a5b999c00b?s=96&d=mm&r=g","caption":"Service des communications et des relations publiques"},"url":"https:\/\/www.uqac.ca\/uqactualites\/author\/bap\/"}]}},"_links":{"self":[{"href":"https:\/\/www.uqac.ca\/uqactualites\/wp-json\/wp\/v2\/posts\/31140"}],"collection":[{"href":"https:\/\/www.uqac.ca\/uqactualites\/wp-json\/wp\/v2\/posts"}],"about":[{"href":"https:\/\/www.uqac.ca\/uqactualites\/wp-json\/wp\/v2\/types\/post"}],"author":[{"embeddable":true,"href":"https:\/\/www.uqac.ca\/uqactualites\/wp-json\/wp\/v2\/users\/5"}],"replies":[{"embeddable":true,"href":"https:\/\/www.uqac.ca\/uqactualites\/wp-json\/wp\/v2\/comments?post=31140"}],"version-history":[{"count":0,"href":"https:\/\/www.uqac.ca\/uqactualites\/wp-json\/wp\/v2\/posts\/31140\/revisions"}],"wp:featuredmedia":[{"embeddable":true,"href":"https:\/\/www.uqac.ca\/uqactualites\/wp-json\/wp\/v2\/media\/20989"}],"wp:attachment":[{"href":"https:\/\/www.uqac.ca\/uqactualites\/wp-json\/wp\/v2\/media?parent=31140"}],"wp:term":[{"taxonomy":"category","embeddable":true,"href":"https:\/\/www.uqac.ca\/uqactualites\/wp-json\/wp\/v2\/categories?post=31140"},{"taxonomy":"post_tag","embeddable":true,"href":"https:\/\/www.uqac.ca\/uqactualites\/wp-json\/wp\/v2\/tags?post=31140"}],"curies":[{"name":"wp","href":"https:\/\/api.w.org\/{rel}","templated":true}]}}