{"id":31149,"date":"2015-11-19T08:46:28","date_gmt":"2015-11-19T13:46:28","guid":{"rendered":"http:\/\/uqactualite.odev.ca\/?p=31149"},"modified":"2015-11-19T08:46:28","modified_gmt":"2015-11-19T13:46:28","slug":"conference-publique-comprendre-lislam-et-la-revolution-arabe","status":"publish","type":"post","link":"https:\/\/www.uqac.ca\/uqactualites\/2015\/11\/19\/conference-publique-comprendre-lislam-et-la-revolution-arabe\/","title":{"rendered":"Conf\u00e9rence publique : Comprendre l\u2019islam et la r\u00e9volution arabe"},"content":{"rendered":"<p>La communaut\u00e9 universitaire est invit\u00e9e \u00e0 assister \u00e0 une conf\u00e9rence publique pr\u00e9sent\u00e9e par Rachida M\u2019Faddel qui a pour titre : Comprendre l\u2019islam et la r\u00e9volution arabe. L&rsquo;activit\u00e9 se d\u00e9roulera <strong>vendredi 20 novembre 2015 de 13\u00a0h \u00e0 14\u00a0h au P0-5000.<\/strong><\/p>\n<p>Depuis plusieurs d\u00e9cennies, l\u2019actualit\u00e9 offre l\u2019image d\u2019un monde arabo-musulman sombrant dans la violence et le fanatisme. L\u2019int\u00e9grisme musulman et ses cons\u00e9quences dans le monde suscitent de nombreuses interrogations dans la soci\u00e9t\u00e9 occidentale. Comment expliquer l\u2019essor du Jihadisme international et la force de mobilisation de ce courant? Quels sont ses dogmes? Comment le combattre?<\/p>\n<p><strong>\u00c0 propos de Rachida M\u2019Faddel<br \/>\n<\/strong>Au Qu\u00e9bec, depuis 15 ans, Rachida M\u2019Faddel est n\u00e9e au Maroc et a grandi en France ou ses parents ont immigr\u00e9 alors qu\u2019elle avait trois ans. Collaboratrice dans diff\u00e9rents journaux depuis plus de trente ans, elle a \u00e9galement enseign\u00e9 le fran\u00e7ais dans une \u00e9cole secondaire pendant une dizaine d\u2019ann\u00e9es. Dipl\u00f4m\u00e9e en journalisme et en litt\u00e9rature fran\u00e7aise, elle d\u00e9tient une ma\u00eetrise en litt\u00e9rature fran\u00e7aise.<\/p>\n<p>Membre du conseil d&rsquo;administration de l&rsquo;Association des femmes d&rsquo;affaires marocaines du Qu\u00e9bec et de l\u2019Association Averro\u00e8s de Paris, elle donne b\u00e9n\u00e9volement des cours d&rsquo;alphab\u00e9tisation et de citoyennet\u00e9 \u00e0 des nouveaux arrivants. Engag\u00e9e dans la lutte contre le racisme, l&rsquo;antis\u00e9mitisme, l&rsquo;homophobie et toute autre forme de discrimination, elle offre des conf\u00e9rences et intervient au sein de plusieurs mouvements.<\/p>\n<p><strong>\u00a0<\/strong><\/p>\n<p><strong>Renseignements\u00a0:<br \/>\n<\/strong>Centre du savoir sur mesure<br \/>\nUniversit\u00e9 du Qu\u00e9bec \u00e0 Chicoutimi<br \/>\n418 545-5011, poste 1212 \u25aa <a href=\"mailto:cesam@uqac.ca\">cesam@uqac.ca<\/a><\/p>\n","protected":false},"excerpt":{"rendered":"<p>La communaut\u00e9 universitaire est invit\u00e9e \u00e0 assister \u00e0 une conf\u00e9rence publique pr\u00e9sent\u00e9e par Rachida M\u2019Faddel qui a pour titre : Comprendre l\u2019islam et la r\u00e9volution arabe. L&rsquo;activit\u00e9 se d\u00e9roulera vendredi 20 novembre 2015 de 13\u00a0h \u00e0 14\u00a0h au P0-5000. Depuis plusieurs d\u00e9cennies, l\u2019actualit\u00e9 offre l\u2019image d\u2019un monde arabo-musulman sombrant dans la violence et le fanatisme. [&hellip;]<\/p>\n","protected":false},"author":5,"featured_media":20989,"comment_status":"open","ping_status":"open","sticky":false,"template":"","format":"standard","meta":{"footnotes":""},"categories":[2772],"tags":[],"yoast_head":"<!-- This site is optimized with the Yoast SEO plugin v24.2 - https:\/\/yoast.com\/wordpress\/plugins\/seo\/ -->\r\n<title>Conf\u00e9rence publique : Comprendre l\u2019islam et la r\u00e9volution arabe - UQACtualit\u00e9s<\/title>\r\n<meta name=\"robots\" content=\"index, follow, max-snippet:-1, max-image-preview:large, max-video-preview:-1\" \/>\r\n<link rel=\"canonical\" href=\"https:\/\/www.uqac.ca\/uqactualites\/2015\/11\/19\/conference-publique-comprendre-lislam-et-la-revolution-arabe\/\" \/>\r\n<meta property=\"og:locale\" content=\"fr_CA\" \/>\r\n<meta property=\"og:type\" content=\"article\" \/>\r\n<meta property=\"og:title\" content=\"Conf\u00e9rence publique : Comprendre l\u2019islam et la r\u00e9volution arabe - UQACtualit\u00e9s\" \/>\r\n<meta property=\"og:description\" content=\"La communaut\u00e9 universitaire est invit\u00e9e \u00e0 assister \u00e0 une conf\u00e9rence publique pr\u00e9sent\u00e9e par Rachida M\u2019Faddel qui a pour titre : Comprendre l\u2019islam et la r\u00e9volution arabe. L&rsquo;activit\u00e9 se d\u00e9roulera vendredi 20 novembre 2015 de 13\u00a0h \u00e0 14\u00a0h au P0-5000. Depuis plusieurs d\u00e9cennies, l\u2019actualit\u00e9 offre l\u2019image d\u2019un monde arabo-musulman sombrant dans la violence et le fanatisme. [&hellip;]\" \/>\r\n<meta property=\"og:url\" content=\"https:\/\/www.uqac.ca\/uqactualites\/2015\/11\/19\/conference-publique-comprendre-lislam-et-la-revolution-arabe\/\" \/>\r\n<meta property=\"og:site_name\" content=\"UQACtualit\u00e9s\" \/>\r\n<meta property=\"article:published_time\" content=\"2015-11-19T13:46:28+00:00\" \/>\r\n<meta property=\"og:image\" content=\"https:\/\/www.uqac.ca\/uqactualites\/wp-content\/uploads\/2012\/05\/avis-laCommunaut-.jpg\" \/>\r\n\t<meta property=\"og:image:width\" content=\"620\" \/>\r\n\t<meta property=\"og:image:height\" content=\"300\" \/>\r\n\t<meta property=\"og:image:type\" content=\"image\/jpeg\" \/>\r\n<meta name=\"author\" content=\"Service des communications et des relations publiques\" \/>\r\n<meta name=\"twitter:card\" content=\"summary_large_image\" \/>\r\n<meta name=\"twitter:label1\" content=\"\u00c9crit par\" \/>\n\t<meta name=\"twitter:data1\" content=\"Service des communications et des relations publiques\" \/>\n\t<meta name=\"twitter:label2\" content=\"Estimation du temps de lecture\" \/>\n\t<meta name=\"twitter:data2\" content=\"1 minute\" \/>\r\n<script type=\"application\/ld+json\" class=\"yoast-schema-graph\">{\"@context\":\"https:\/\/schema.org\",\"@graph\":[{\"@type\":\"WebPage\",\"@id\":\"https:\/\/www.uqac.ca\/uqactualites\/2015\/11\/19\/conference-publique-comprendre-lislam-et-la-revolution-arabe\/\",\"url\":\"https:\/\/www.uqac.ca\/uqactualites\/2015\/11\/19\/conference-publique-comprendre-lislam-et-la-revolution-arabe\/\",\"name\":\"Conf\u00e9rence publique : Comprendre l\u2019islam et la r\u00e9volution arabe - UQACtualit\u00e9s\",\"isPartOf\":{\"@id\":\"https:\/\/www.uqac.ca\/uqactualites\/#website\"},\"primaryImageOfPage\":{\"@id\":\"https:\/\/www.uqac.ca\/uqactualites\/2015\/11\/19\/conference-publique-comprendre-lislam-et-la-revolution-arabe\/#primaryimage\"},\"image\":{\"@id\":\"https:\/\/www.uqac.ca\/uqactualites\/2015\/11\/19\/conference-publique-comprendre-lislam-et-la-revolution-arabe\/#primaryimage\"},\"thumbnailUrl\":\"https:\/\/www.uqac.ca\/uqactualites\/wp-content\/uploads\/2012\/05\/avis-laCommunaut-.jpg\",\"datePublished\":\"2015-11-19T13:46:28+00:00\",\"dateModified\":\"2015-11-19T13:46:28+00:00\",\"author\":{\"@id\":\"https:\/\/www.uqac.ca\/uqactualites\/#\/schema\/person\/366c45a0c4f0e677b41b4af5886e2018\"},\"breadcrumb\":{\"@id\":\"https:\/\/www.uqac.ca\/uqactualites\/2015\/11\/19\/conference-publique-comprendre-lislam-et-la-revolution-arabe\/#breadcrumb\"},\"inLanguage\":\"fr-CA\",\"potentialAction\":[{\"@type\":\"ReadAction\",\"target\":[\"https:\/\/www.uqac.ca\/uqactualites\/2015\/11\/19\/conference-publique-comprendre-lislam-et-la-revolution-arabe\/\"]}]},{\"@type\":\"ImageObject\",\"inLanguage\":\"fr-CA\",\"@id\":\"https:\/\/www.uqac.ca\/uqactualites\/2015\/11\/19\/conference-publique-comprendre-lislam-et-la-revolution-arabe\/#primaryimage\",\"url\":\"https:\/\/www.uqac.ca\/uqactualites\/wp-content\/uploads\/2012\/05\/avis-laCommunaut-.jpg\",\"contentUrl\":\"https:\/\/www.uqac.ca\/uqactualites\/wp-content\/uploads\/2012\/05\/avis-laCommunaut-.jpg\",\"width\":620,\"height\":300},{\"@type\":\"BreadcrumbList\",\"@id\":\"https:\/\/www.uqac.ca\/uqactualites\/2015\/11\/19\/conference-publique-comprendre-lislam-et-la-revolution-arabe\/#breadcrumb\",\"itemListElement\":[{\"@type\":\"ListItem\",\"position\":1,\"name\":\"Home\",\"item\":\"https:\/\/www.uqac.ca\/uqactualites\/\"},{\"@type\":\"ListItem\",\"position\":2,\"name\":\"Conf\u00e9rence publique : Comprendre l\u2019islam et la r\u00e9volution arabe\"}]},{\"@type\":\"WebSite\",\"@id\":\"https:\/\/www.uqac.ca\/uqactualites\/#website\",\"url\":\"https:\/\/www.uqac.ca\/uqactualites\/\",\"name\":\"UQACtualit\u00e9s\",\"description\":\"Le portail des nouvelles de l&#039;UQAC\",\"potentialAction\":[{\"@type\":\"SearchAction\",\"target\":{\"@type\":\"EntryPoint\",\"urlTemplate\":\"https:\/\/www.uqac.ca\/uqactualites\/?s={search_term_string}\"},\"query-input\":{\"@type\":\"PropertyValueSpecification\",\"valueRequired\":true,\"valueName\":\"search_term_string\"}}],\"inLanguage\":\"fr-CA\"},{\"@type\":\"Person\",\"@id\":\"https:\/\/www.uqac.ca\/uqactualites\/#\/schema\/person\/366c45a0c4f0e677b41b4af5886e2018\",\"name\":\"Service des communications et des relations publiques\",\"image\":{\"@type\":\"ImageObject\",\"inLanguage\":\"fr-CA\",\"@id\":\"https:\/\/www.uqac.ca\/uqactualites\/#\/schema\/person\/image\/\",\"url\":\"https:\/\/secure.gravatar.com\/avatar\/20fbbda8a292f59f2d3461a5b999c00b?s=96&d=mm&r=g\",\"contentUrl\":\"https:\/\/secure.gravatar.com\/avatar\/20fbbda8a292f59f2d3461a5b999c00b?s=96&d=mm&r=g\",\"caption\":\"Service des communications et des relations publiques\"},\"url\":\"https:\/\/www.uqac.ca\/uqactualites\/author\/bap\/\"}]}<\/script>\r\n<!-- \/ Yoast SEO plugin. -->","yoast_head_json":{"title":"Conf\u00e9rence publique : Comprendre l\u2019islam et la r\u00e9volution arabe - UQACtualit\u00e9s","robots":{"index":"index","follow":"follow","max-snippet":"max-snippet:-1","max-image-preview":"max-image-preview:large","max-video-preview":"max-video-preview:-1"},"canonical":"https:\/\/www.uqac.ca\/uqactualites\/2015\/11\/19\/conference-publique-comprendre-lislam-et-la-revolution-arabe\/","og_locale":"fr_CA","og_type":"article","og_title":"Conf\u00e9rence publique : Comprendre l\u2019islam et la r\u00e9volution arabe - UQACtualit\u00e9s","og_description":"La communaut\u00e9 universitaire est invit\u00e9e \u00e0 assister \u00e0 une conf\u00e9rence publique pr\u00e9sent\u00e9e par Rachida M\u2019Faddel qui a pour titre : Comprendre l\u2019islam et la r\u00e9volution arabe. L&rsquo;activit\u00e9 se d\u00e9roulera vendredi 20 novembre 2015 de 13\u00a0h \u00e0 14\u00a0h au P0-5000. Depuis plusieurs d\u00e9cennies, l\u2019actualit\u00e9 offre l\u2019image d\u2019un monde arabo-musulman sombrant dans la violence et le fanatisme. [&hellip;]","og_url":"https:\/\/www.uqac.ca\/uqactualites\/2015\/11\/19\/conference-publique-comprendre-lislam-et-la-revolution-arabe\/","og_site_name":"UQACtualit\u00e9s","article_published_time":"2015-11-19T13:46:28+00:00","og_image":[{"width":620,"height":300,"url":"https:\/\/www.uqac.ca\/uqactualites\/wp-content\/uploads\/2012\/05\/avis-laCommunaut-.jpg","type":"image\/jpeg"}],"author":"Service des communications et des relations publiques","twitter_card":"summary_large_image","twitter_misc":{"\u00c9crit par":"Service des communications et des relations publiques","Estimation du temps de lecture":"1 minute"},"schema":{"@context":"https:\/\/schema.org","@graph":[{"@type":"WebPage","@id":"https:\/\/www.uqac.ca\/uqactualites\/2015\/11\/19\/conference-publique-comprendre-lislam-et-la-revolution-arabe\/","url":"https:\/\/www.uqac.ca\/uqactualites\/2015\/11\/19\/conference-publique-comprendre-lislam-et-la-revolution-arabe\/","name":"Conf\u00e9rence publique : Comprendre l\u2019islam et la r\u00e9volution arabe - UQACtualit\u00e9s","isPartOf":{"@id":"https:\/\/www.uqac.ca\/uqactualites\/#website"},"primaryImageOfPage":{"@id":"https:\/\/www.uqac.ca\/uqactualites\/2015\/11\/19\/conference-publique-comprendre-lislam-et-la-revolution-arabe\/#primaryimage"},"image":{"@id":"https:\/\/www.uqac.ca\/uqactualites\/2015\/11\/19\/conference-publique-comprendre-lislam-et-la-revolution-arabe\/#primaryimage"},"thumbnailUrl":"https:\/\/www.uqac.ca\/uqactualites\/wp-content\/uploads\/2012\/05\/avis-laCommunaut-.jpg","datePublished":"2015-11-19T13:46:28+00:00","dateModified":"2015-11-19T13:46:28+00:00","author":{"@id":"https:\/\/www.uqac.ca\/uqactualites\/#\/schema\/person\/366c45a0c4f0e677b41b4af5886e2018"},"breadcrumb":{"@id":"https:\/\/www.uqac.ca\/uqactualites\/2015\/11\/19\/conference-publique-comprendre-lislam-et-la-revolution-arabe\/#breadcrumb"},"inLanguage":"fr-CA","potentialAction":[{"@type":"ReadAction","target":["https:\/\/www.uqac.ca\/uqactualites\/2015\/11\/19\/conference-publique-comprendre-lislam-et-la-revolution-arabe\/"]}]},{"@type":"ImageObject","inLanguage":"fr-CA","@id":"https:\/\/www.uqac.ca\/uqactualites\/2015\/11\/19\/conference-publique-comprendre-lislam-et-la-revolution-arabe\/#primaryimage","url":"https:\/\/www.uqac.ca\/uqactualites\/wp-content\/uploads\/2012\/05\/avis-laCommunaut-.jpg","contentUrl":"https:\/\/www.uqac.ca\/uqactualites\/wp-content\/uploads\/2012\/05\/avis-laCommunaut-.jpg","width":620,"height":300},{"@type":"BreadcrumbList","@id":"https:\/\/www.uqac.ca\/uqactualites\/2015\/11\/19\/conference-publique-comprendre-lislam-et-la-revolution-arabe\/#breadcrumb","itemListElement":[{"@type":"ListItem","position":1,"name":"Home","item":"https:\/\/www.uqac.ca\/uqactualites\/"},{"@type":"ListItem","position":2,"name":"Conf\u00e9rence publique : Comprendre l\u2019islam et la r\u00e9volution arabe"}]},{"@type":"WebSite","@id":"https:\/\/www.uqac.ca\/uqactualites\/#website","url":"https:\/\/www.uqac.ca\/uqactualites\/","name":"UQACtualit\u00e9s","description":"Le portail des nouvelles de l&#039;UQAC","potentialAction":[{"@type":"SearchAction","target":{"@type":"EntryPoint","urlTemplate":"https:\/\/www.uqac.ca\/uqactualites\/?s={search_term_string}"},"query-input":{"@type":"PropertyValueSpecification","valueRequired":true,"valueName":"search_term_string"}}],"inLanguage":"fr-CA"},{"@type":"Person","@id":"https:\/\/www.uqac.ca\/uqactualites\/#\/schema\/person\/366c45a0c4f0e677b41b4af5886e2018","name":"Service des communications et des relations publiques","image":{"@type":"ImageObject","inLanguage":"fr-CA","@id":"https:\/\/www.uqac.ca\/uqactualites\/#\/schema\/person\/image\/","url":"https:\/\/secure.gravatar.com\/avatar\/20fbbda8a292f59f2d3461a5b999c00b?s=96&d=mm&r=g","contentUrl":"https:\/\/secure.gravatar.com\/avatar\/20fbbda8a292f59f2d3461a5b999c00b?s=96&d=mm&r=g","caption":"Service des communications et des relations publiques"},"url":"https:\/\/www.uqac.ca\/uqactualites\/author\/bap\/"}]}},"_links":{"self":[{"href":"https:\/\/www.uqac.ca\/uqactualites\/wp-json\/wp\/v2\/posts\/31149"}],"collection":[{"href":"https:\/\/www.uqac.ca\/uqactualites\/wp-json\/wp\/v2\/posts"}],"about":[{"href":"https:\/\/www.uqac.ca\/uqactualites\/wp-json\/wp\/v2\/types\/post"}],"author":[{"embeddable":true,"href":"https:\/\/www.uqac.ca\/uqactualites\/wp-json\/wp\/v2\/users\/5"}],"replies":[{"embeddable":true,"href":"https:\/\/www.uqac.ca\/uqactualites\/wp-json\/wp\/v2\/comments?post=31149"}],"version-history":[{"count":0,"href":"https:\/\/www.uqac.ca\/uqactualites\/wp-json\/wp\/v2\/posts\/31149\/revisions"}],"wp:featuredmedia":[{"embeddable":true,"href":"https:\/\/www.uqac.ca\/uqactualites\/wp-json\/wp\/v2\/media\/20989"}],"wp:attachment":[{"href":"https:\/\/www.uqac.ca\/uqactualites\/wp-json\/wp\/v2\/media?parent=31149"}],"wp:term":[{"taxonomy":"category","embeddable":true,"href":"https:\/\/www.uqac.ca\/uqactualites\/wp-json\/wp\/v2\/categories?post=31149"},{"taxonomy":"post_tag","embeddable":true,"href":"https:\/\/www.uqac.ca\/uqactualites\/wp-json\/wp\/v2\/tags?post=31149"}],"curies":[{"name":"wp","href":"https:\/\/api.w.org\/{rel}","templated":true}]}}