{"id":31322,"date":"2016-01-06T14:02:24","date_gmt":"2016-01-06T19:02:24","guid":{"rendered":"http:\/\/uqactualite.odev.ca\/?p=31322"},"modified":"2016-01-06T14:02:24","modified_gmt":"2016-01-06T19:02:24","slug":"pavillon-sportif-periode-officielle-dinscription","status":"publish","type":"post","link":"https:\/\/www.uqac.ca\/uqactualites\/2016\/01\/06\/pavillon-sportif-periode-officielle-dinscription\/","title":{"rendered":"Pavillon sportif : P\u00e9riode officielle d\u2019inscription"},"content":{"rendered":"<p style=\"text-align: justify\"><strong>Inscription<\/strong><br \/>\nLa p\u00e9riode officielle d\u2019inscription pour l\u2019ensemble des activit\u00e9s de l\u2019hiver 2016 du Pavillon sportif se d\u00e9roulera du 5 au 24 janvier 2016, entre 9 h et 18 h 30.\u00a0 Consultez le <span style=\"text-decoration: underline\"><strong><a href=\"http:\/\/sports.uqac.ca\" target=\"_blank\" rel=\"noopener\">site Web du Pavillon sportif<\/a><\/strong><\/span> pour obtenir des informations suppl\u00e9mentaires ou pour vous procurer le formulaire d\u2019inscription (onglet \u00ab inscription \u00bb)\u00a0: en remplissant le formulaire \u00e0 distance, vous pourrez \u00e9viter la file d\u2019attente!<\/p>\n<p style=\"text-align: justify\"><strong>Retenue \u00e0 la source pour les employ\u00e9s<br \/>\n<\/strong>Il est possible pour les employ\u00e9s de l\u2019UQAC de r\u00e9gler leurs droits d\u2019inscription en profitant de la retenue \u00e0 la source. Le formulaire, qui doit \u00eatre rempli pendant la p\u00e9riode officielle d\u2019inscription, est disponible au bureau d\u2019accueil du Pavillon sportif. Le premier pr\u00e9l\u00e8vement se fera le 28 janvier 2016.<\/p>\n<p style=\"text-align: justify\"><strong>Banque de remise de temps maladie<\/strong><br \/>\nNotez qu\u2019il est \u00e9galement possible pour les employ\u00e9s r\u00e9guliers (SPP, SCFP et APA) d\u2019utiliser leur banque de remise de temps maladie pour couvrir les frais reli\u00e9s \u00e0 leur inscription aux activit\u00e9s du Pavillon sportif. Communiquez avec Louise Fillion (2175) ou Dani\u00e8le Parent (5001) pour obtenir le formulaire.<\/p>\n<p style=\"text-align: justify\"><strong><br \/>\nRenseignements\u00a0:<br \/>\n<\/strong>Pavillon sportif<br \/>\nUniversit\u00e9 du Qu\u00e9bec \u00e0 Chicoutimi<br \/>\n418 545-5050 \u25aa <span style=\"text-decoration: underline\"><a href=\"http:\/\/sports.uqac.ca\" target=\"_blank\" rel=\"noopener\">sports.uqac.ca<\/a><\/span><\/p>\n","protected":false},"excerpt":{"rendered":"<p>Inscription La p\u00e9riode officielle d\u2019inscription pour l\u2019ensemble des activit\u00e9s de l\u2019hiver 2016 du Pavillon sportif se d\u00e9roulera du 5 au 24 janvier 2016, entre 9 h et 18 h 30.\u00a0 Consultez le site Web du Pavillon sportif pour obtenir des informations suppl\u00e9mentaires ou pour vous procurer le formulaire d\u2019inscription (onglet \u00ab inscription \u00bb)\u00a0: en remplissant [&hellip;]<\/p>\n","protected":false},"author":5,"featured_media":20989,"comment_status":"open","ping_status":"open","sticky":false,"template":"","format":"standard","meta":{"footnotes":""},"categories":[2772],"tags":[],"yoast_head":"<!-- This site is optimized with the Yoast SEO plugin v24.2 - https:\/\/yoast.com\/wordpress\/plugins\/seo\/ -->\r\n<title>Pavillon sportif : P\u00e9riode officielle d\u2019inscription - UQACtualit\u00e9s<\/title>\r\n<meta name=\"robots\" content=\"index, follow, max-snippet:-1, max-image-preview:large, max-video-preview:-1\" \/>\r\n<link rel=\"canonical\" href=\"https:\/\/www.uqac.ca\/uqactualites\/2016\/01\/06\/pavillon-sportif-periode-officielle-dinscription\/\" \/>\r\n<meta property=\"og:locale\" content=\"fr_CA\" \/>\r\n<meta property=\"og:type\" content=\"article\" \/>\r\n<meta property=\"og:title\" content=\"Pavillon sportif : P\u00e9riode officielle d\u2019inscription - UQACtualit\u00e9s\" \/>\r\n<meta property=\"og:description\" content=\"Inscription La p\u00e9riode officielle d\u2019inscription pour l\u2019ensemble des activit\u00e9s de l\u2019hiver 2016 du Pavillon sportif se d\u00e9roulera du 5 au 24 janvier 2016, entre 9 h et 18 h 30.\u00a0 Consultez le site Web du Pavillon sportif pour obtenir des informations suppl\u00e9mentaires ou pour vous procurer le formulaire d\u2019inscription (onglet \u00ab inscription \u00bb)\u00a0: en remplissant [&hellip;]\" \/>\r\n<meta property=\"og:url\" content=\"https:\/\/www.uqac.ca\/uqactualites\/2016\/01\/06\/pavillon-sportif-periode-officielle-dinscription\/\" \/>\r\n<meta property=\"og:site_name\" content=\"UQACtualit\u00e9s\" \/>\r\n<meta property=\"article:published_time\" content=\"2016-01-06T19:02:24+00:00\" \/>\r\n<meta property=\"og:image\" content=\"https:\/\/www.uqac.ca\/uqactualites\/wp-content\/uploads\/2012\/05\/avis-laCommunaut-.jpg\" \/>\r\n\t<meta property=\"og:image:width\" content=\"620\" \/>\r\n\t<meta property=\"og:image:height\" content=\"300\" \/>\r\n\t<meta property=\"og:image:type\" content=\"image\/jpeg\" \/>\r\n<meta name=\"author\" content=\"Service des communications et des relations publiques\" \/>\r\n<meta name=\"twitter:card\" content=\"summary_large_image\" \/>\r\n<meta name=\"twitter:label1\" content=\"\u00c9crit par\" \/>\n\t<meta name=\"twitter:data1\" content=\"Service des communications et des relations publiques\" \/>\n\t<meta name=\"twitter:label2\" content=\"Estimation du temps de lecture\" \/>\n\t<meta name=\"twitter:data2\" content=\"1 minute\" \/>\r\n<script type=\"application\/ld+json\" class=\"yoast-schema-graph\">{\"@context\":\"https:\/\/schema.org\",\"@graph\":[{\"@type\":\"WebPage\",\"@id\":\"https:\/\/www.uqac.ca\/uqactualites\/2016\/01\/06\/pavillon-sportif-periode-officielle-dinscription\/\",\"url\":\"https:\/\/www.uqac.ca\/uqactualites\/2016\/01\/06\/pavillon-sportif-periode-officielle-dinscription\/\",\"name\":\"Pavillon sportif : P\u00e9riode officielle d\u2019inscription - UQACtualit\u00e9s\",\"isPartOf\":{\"@id\":\"https:\/\/www.uqac.ca\/uqactualites\/#website\"},\"primaryImageOfPage\":{\"@id\":\"https:\/\/www.uqac.ca\/uqactualites\/2016\/01\/06\/pavillon-sportif-periode-officielle-dinscription\/#primaryimage\"},\"image\":{\"@id\":\"https:\/\/www.uqac.ca\/uqactualites\/2016\/01\/06\/pavillon-sportif-periode-officielle-dinscription\/#primaryimage\"},\"thumbnailUrl\":\"https:\/\/www.uqac.ca\/uqactualites\/wp-content\/uploads\/2012\/05\/avis-laCommunaut-.jpg\",\"datePublished\":\"2016-01-06T19:02:24+00:00\",\"dateModified\":\"2016-01-06T19:02:24+00:00\",\"author\":{\"@id\":\"https:\/\/www.uqac.ca\/uqactualites\/#\/schema\/person\/366c45a0c4f0e677b41b4af5886e2018\"},\"breadcrumb\":{\"@id\":\"https:\/\/www.uqac.ca\/uqactualites\/2016\/01\/06\/pavillon-sportif-periode-officielle-dinscription\/#breadcrumb\"},\"inLanguage\":\"fr-CA\",\"potentialAction\":[{\"@type\":\"ReadAction\",\"target\":[\"https:\/\/www.uqac.ca\/uqactualites\/2016\/01\/06\/pavillon-sportif-periode-officielle-dinscription\/\"]}]},{\"@type\":\"ImageObject\",\"inLanguage\":\"fr-CA\",\"@id\":\"https:\/\/www.uqac.ca\/uqactualites\/2016\/01\/06\/pavillon-sportif-periode-officielle-dinscription\/#primaryimage\",\"url\":\"https:\/\/www.uqac.ca\/uqactualites\/wp-content\/uploads\/2012\/05\/avis-laCommunaut-.jpg\",\"contentUrl\":\"https:\/\/www.uqac.ca\/uqactualites\/wp-content\/uploads\/2012\/05\/avis-laCommunaut-.jpg\",\"width\":620,\"height\":300},{\"@type\":\"BreadcrumbList\",\"@id\":\"https:\/\/www.uqac.ca\/uqactualites\/2016\/01\/06\/pavillon-sportif-periode-officielle-dinscription\/#breadcrumb\",\"itemListElement\":[{\"@type\":\"ListItem\",\"position\":1,\"name\":\"Home\",\"item\":\"https:\/\/www.uqac.ca\/uqactualites\/\"},{\"@type\":\"ListItem\",\"position\":2,\"name\":\"Pavillon sportif : P\u00e9riode officielle d\u2019inscription\"}]},{\"@type\":\"WebSite\",\"@id\":\"https:\/\/www.uqac.ca\/uqactualites\/#website\",\"url\":\"https:\/\/www.uqac.ca\/uqactualites\/\",\"name\":\"UQACtualit\u00e9s\",\"description\":\"Le portail des nouvelles de l&#039;UQAC\",\"potentialAction\":[{\"@type\":\"SearchAction\",\"target\":{\"@type\":\"EntryPoint\",\"urlTemplate\":\"https:\/\/www.uqac.ca\/uqactualites\/?s={search_term_string}\"},\"query-input\":{\"@type\":\"PropertyValueSpecification\",\"valueRequired\":true,\"valueName\":\"search_term_string\"}}],\"inLanguage\":\"fr-CA\"},{\"@type\":\"Person\",\"@id\":\"https:\/\/www.uqac.ca\/uqactualites\/#\/schema\/person\/366c45a0c4f0e677b41b4af5886e2018\",\"name\":\"Service des communications et des relations publiques\",\"image\":{\"@type\":\"ImageObject\",\"inLanguage\":\"fr-CA\",\"@id\":\"https:\/\/www.uqac.ca\/uqactualites\/#\/schema\/person\/image\/\",\"url\":\"https:\/\/secure.gravatar.com\/avatar\/20fbbda8a292f59f2d3461a5b999c00b?s=96&d=mm&r=g\",\"contentUrl\":\"https:\/\/secure.gravatar.com\/avatar\/20fbbda8a292f59f2d3461a5b999c00b?s=96&d=mm&r=g\",\"caption\":\"Service des communications et des relations publiques\"},\"url\":\"https:\/\/www.uqac.ca\/uqactualites\/author\/bap\/\"}]}<\/script>\r\n<!-- \/ Yoast SEO plugin. -->","yoast_head_json":{"title":"Pavillon sportif : P\u00e9riode officielle d\u2019inscription - UQACtualit\u00e9s","robots":{"index":"index","follow":"follow","max-snippet":"max-snippet:-1","max-image-preview":"max-image-preview:large","max-video-preview":"max-video-preview:-1"},"canonical":"https:\/\/www.uqac.ca\/uqactualites\/2016\/01\/06\/pavillon-sportif-periode-officielle-dinscription\/","og_locale":"fr_CA","og_type":"article","og_title":"Pavillon sportif : P\u00e9riode officielle d\u2019inscription - UQACtualit\u00e9s","og_description":"Inscription La p\u00e9riode officielle d\u2019inscription pour l\u2019ensemble des activit\u00e9s de l\u2019hiver 2016 du Pavillon sportif se d\u00e9roulera du 5 au 24 janvier 2016, entre 9 h et 18 h 30.\u00a0 Consultez le site Web du Pavillon sportif pour obtenir des informations suppl\u00e9mentaires ou pour vous procurer le formulaire d\u2019inscription (onglet \u00ab inscription \u00bb)\u00a0: en remplissant [&hellip;]","og_url":"https:\/\/www.uqac.ca\/uqactualites\/2016\/01\/06\/pavillon-sportif-periode-officielle-dinscription\/","og_site_name":"UQACtualit\u00e9s","article_published_time":"2016-01-06T19:02:24+00:00","og_image":[{"width":620,"height":300,"url":"https:\/\/www.uqac.ca\/uqactualites\/wp-content\/uploads\/2012\/05\/avis-laCommunaut-.jpg","type":"image\/jpeg"}],"author":"Service des communications et des relations publiques","twitter_card":"summary_large_image","twitter_misc":{"\u00c9crit par":"Service des communications et des relations publiques","Estimation du temps de lecture":"1 minute"},"schema":{"@context":"https:\/\/schema.org","@graph":[{"@type":"WebPage","@id":"https:\/\/www.uqac.ca\/uqactualites\/2016\/01\/06\/pavillon-sportif-periode-officielle-dinscription\/","url":"https:\/\/www.uqac.ca\/uqactualites\/2016\/01\/06\/pavillon-sportif-periode-officielle-dinscription\/","name":"Pavillon sportif : P\u00e9riode officielle d\u2019inscription - UQACtualit\u00e9s","isPartOf":{"@id":"https:\/\/www.uqac.ca\/uqactualites\/#website"},"primaryImageOfPage":{"@id":"https:\/\/www.uqac.ca\/uqactualites\/2016\/01\/06\/pavillon-sportif-periode-officielle-dinscription\/#primaryimage"},"image":{"@id":"https:\/\/www.uqac.ca\/uqactualites\/2016\/01\/06\/pavillon-sportif-periode-officielle-dinscription\/#primaryimage"},"thumbnailUrl":"https:\/\/www.uqac.ca\/uqactualites\/wp-content\/uploads\/2012\/05\/avis-laCommunaut-.jpg","datePublished":"2016-01-06T19:02:24+00:00","dateModified":"2016-01-06T19:02:24+00:00","author":{"@id":"https:\/\/www.uqac.ca\/uqactualites\/#\/schema\/person\/366c45a0c4f0e677b41b4af5886e2018"},"breadcrumb":{"@id":"https:\/\/www.uqac.ca\/uqactualites\/2016\/01\/06\/pavillon-sportif-periode-officielle-dinscription\/#breadcrumb"},"inLanguage":"fr-CA","potentialAction":[{"@type":"ReadAction","target":["https:\/\/www.uqac.ca\/uqactualites\/2016\/01\/06\/pavillon-sportif-periode-officielle-dinscription\/"]}]},{"@type":"ImageObject","inLanguage":"fr-CA","@id":"https:\/\/www.uqac.ca\/uqactualites\/2016\/01\/06\/pavillon-sportif-periode-officielle-dinscription\/#primaryimage","url":"https:\/\/www.uqac.ca\/uqactualites\/wp-content\/uploads\/2012\/05\/avis-laCommunaut-.jpg","contentUrl":"https:\/\/www.uqac.ca\/uqactualites\/wp-content\/uploads\/2012\/05\/avis-laCommunaut-.jpg","width":620,"height":300},{"@type":"BreadcrumbList","@id":"https:\/\/www.uqac.ca\/uqactualites\/2016\/01\/06\/pavillon-sportif-periode-officielle-dinscription\/#breadcrumb","itemListElement":[{"@type":"ListItem","position":1,"name":"Home","item":"https:\/\/www.uqac.ca\/uqactualites\/"},{"@type":"ListItem","position":2,"name":"Pavillon sportif : P\u00e9riode officielle d\u2019inscription"}]},{"@type":"WebSite","@id":"https:\/\/www.uqac.ca\/uqactualites\/#website","url":"https:\/\/www.uqac.ca\/uqactualites\/","name":"UQACtualit\u00e9s","description":"Le portail des nouvelles de l&#039;UQAC","potentialAction":[{"@type":"SearchAction","target":{"@type":"EntryPoint","urlTemplate":"https:\/\/www.uqac.ca\/uqactualites\/?s={search_term_string}"},"query-input":{"@type":"PropertyValueSpecification","valueRequired":true,"valueName":"search_term_string"}}],"inLanguage":"fr-CA"},{"@type":"Person","@id":"https:\/\/www.uqac.ca\/uqactualites\/#\/schema\/person\/366c45a0c4f0e677b41b4af5886e2018","name":"Service des communications et des relations publiques","image":{"@type":"ImageObject","inLanguage":"fr-CA","@id":"https:\/\/www.uqac.ca\/uqactualites\/#\/schema\/person\/image\/","url":"https:\/\/secure.gravatar.com\/avatar\/20fbbda8a292f59f2d3461a5b999c00b?s=96&d=mm&r=g","contentUrl":"https:\/\/secure.gravatar.com\/avatar\/20fbbda8a292f59f2d3461a5b999c00b?s=96&d=mm&r=g","caption":"Service des communications et des relations publiques"},"url":"https:\/\/www.uqac.ca\/uqactualites\/author\/bap\/"}]}},"_links":{"self":[{"href":"https:\/\/www.uqac.ca\/uqactualites\/wp-json\/wp\/v2\/posts\/31322"}],"collection":[{"href":"https:\/\/www.uqac.ca\/uqactualites\/wp-json\/wp\/v2\/posts"}],"about":[{"href":"https:\/\/www.uqac.ca\/uqactualites\/wp-json\/wp\/v2\/types\/post"}],"author":[{"embeddable":true,"href":"https:\/\/www.uqac.ca\/uqactualites\/wp-json\/wp\/v2\/users\/5"}],"replies":[{"embeddable":true,"href":"https:\/\/www.uqac.ca\/uqactualites\/wp-json\/wp\/v2\/comments?post=31322"}],"version-history":[{"count":0,"href":"https:\/\/www.uqac.ca\/uqactualites\/wp-json\/wp\/v2\/posts\/31322\/revisions"}],"wp:featuredmedia":[{"embeddable":true,"href":"https:\/\/www.uqac.ca\/uqactualites\/wp-json\/wp\/v2\/media\/20989"}],"wp:attachment":[{"href":"https:\/\/www.uqac.ca\/uqactualites\/wp-json\/wp\/v2\/media?parent=31322"}],"wp:term":[{"taxonomy":"category","embeddable":true,"href":"https:\/\/www.uqac.ca\/uqactualites\/wp-json\/wp\/v2\/categories?post=31322"},{"taxonomy":"post_tag","embeddable":true,"href":"https:\/\/www.uqac.ca\/uqactualites\/wp-json\/wp\/v2\/tags?post=31322"}],"curies":[{"name":"wp","href":"https:\/\/api.w.org\/{rel}","templated":true}]}}