{"id":31335,"date":"2016-01-07T11:54:55","date_gmt":"2016-01-07T16:54:55","guid":{"rendered":"http:\/\/uqactualite.odev.ca\/?p=31335"},"modified":"2016-01-07T11:54:55","modified_gmt":"2016-01-07T16:54:55","slug":"midi-de-la-recherche-et-de-la-creation-en-sciences-economiques-et-administratives","status":"publish","type":"post","link":"https:\/\/www.uqac.ca\/uqactualites\/2016\/01\/07\/midi-de-la-recherche-et-de-la-creation-en-sciences-economiques-et-administratives\/","title":{"rendered":"Midi de la recherche et de la cr\u00e9ation en sciences \u00e9conomiques et administratives"},"content":{"rendered":"<p style=\"text-align: justify\">Le D\u00e9partement des sciences \u00e9conomiques et administratives invite la communaut\u00e9 universitaire \u00e0 assister \u00e0 un midi-conf\u00e9rence\u00a0ayant pour th\u00e8me :<\/p>\n<p style=\"text-align: center\"><strong><em>Outils de pr\u00e9vision de vente et aide \u00e0 la d\u00e9cision de<br \/>\nr\u00e9approvisionnement dynamique de produits de consommation \u00e0 cycle rapide<\/em><\/strong><\/p>\n<p style=\"text-align: center\">Mercredi 13 janvier 2016 \u25aa 11 h\u00a045 \u00e0 12\u00a0h\u00a045<br \/>\nLocal P0-7000<\/p>\n<p style=\"text-align: justify\">Jo\u00eblle Bouchard, professeure au DSEA, pr\u00e9sentera une m\u00e9thode de prise de d\u00e9cision de r\u00e9approvisionnement de produits \u00e0 court cycle de vie destin\u00e9e \u00e0 desservir un r\u00e9seau de magasins de d\u00e9tail et dont l\u2019objectif est d\u2019identifier rapidement les produits \u00e0 r\u00e9approvisionner et de d\u00e9terminer la taille des commandes afin d\u2019augmenter les revenus potentiels et la profitabilit\u00e9 de l\u2019entreprise.<\/p>\n<p style=\"text-align: justify\">Au cours de cette conf\u00e9rence, Sonia Boivin, doctorante en management de projet \u00e0 l\u2019UQAC et directrice de la protection de la jeunesse au CIUSS du Saguenay\u2013Lac-Saint-Jean, pr\u00e9sentera \u00e9galement une communication intitul\u00e9e <em>L\u2019implication des acteurs vis\u00e9s par un projet de changement : le cas de r\u00e9organisation du service des ressources humaines<\/em>. Cette communication traitera de l\u2019am\u00e9lioration de la performance des \u00e9tablissements de sant\u00e9 dans un contexte de restriction budg\u00e9taire par l\u2019implication et la mobilisation des travailleurs cibl\u00e9s.<\/p>\n<p style=\"text-align: justify\">C\u2019est un rendez-vous!<\/p>\n<p style=\"text-align: justify\"><strong>\u00c0 propos des midis de la recherche et de la cr\u00e9ation<br \/>\n<\/strong>Cette ann\u00e9e, l\u2019UQAC vous invite \u00e0 explorer les activit\u00e9s de recherche et de cr\u00e9ation de ses d\u00e9partements. Une fois par mois au cours des trimestres d\u2019hiver et d\u2019automne, un d\u00e9partement diff\u00e9rent vous proposera un d\u00eener-causerie sur un sujet de recherche passionnant!<\/p>\n","protected":false},"excerpt":{"rendered":"<p>Le D\u00e9partement des sciences \u00e9conomiques et administratives invite la communaut\u00e9 universitaire \u00e0 assister \u00e0 un midi-conf\u00e9rence\u00a0ayant pour th\u00e8me : Outils de pr\u00e9vision de vente et aide \u00e0 la d\u00e9cision de r\u00e9approvisionnement dynamique de produits de consommation \u00e0 cycle rapide Mercredi 13 janvier 2016 \u25aa 11 h\u00a045 \u00e0 12\u00a0h\u00a045 Local P0-7000 Jo\u00eblle Bouchard, professeure au DSEA, [&hellip;]<\/p>\n","protected":false},"author":5,"featured_media":31336,"comment_status":"open","ping_status":"open","sticky":false,"template":"","format":"standard","meta":{"footnotes":""},"categories":[61],"tags":[],"yoast_head":"<!-- This site is optimized with the Yoast SEO plugin v24.2 - https:\/\/yoast.com\/wordpress\/plugins\/seo\/ -->\r\n<title>Midi de la recherche et de la cr\u00e9ation en sciences \u00e9conomiques et administratives - UQACtualit\u00e9s<\/title>\r\n<meta name=\"robots\" content=\"index, follow, max-snippet:-1, max-image-preview:large, max-video-preview:-1\" \/>\r\n<link rel=\"canonical\" href=\"https:\/\/www.uqac.ca\/uqactualites\/2016\/01\/07\/midi-de-la-recherche-et-de-la-creation-en-sciences-economiques-et-administratives\/\" \/>\r\n<meta property=\"og:locale\" content=\"fr_CA\" \/>\r\n<meta property=\"og:type\" content=\"article\" \/>\r\n<meta property=\"og:title\" content=\"Midi de la recherche et de la cr\u00e9ation en sciences \u00e9conomiques et administratives - UQACtualit\u00e9s\" \/>\r\n<meta property=\"og:description\" content=\"Le D\u00e9partement des sciences \u00e9conomiques et administratives invite la communaut\u00e9 universitaire \u00e0 assister \u00e0 un midi-conf\u00e9rence\u00a0ayant pour th\u00e8me : Outils de pr\u00e9vision de vente et aide \u00e0 la d\u00e9cision de r\u00e9approvisionnement dynamique de produits de consommation \u00e0 cycle rapide Mercredi 13 janvier 2016 \u25aa 11 h\u00a045 \u00e0 12\u00a0h\u00a045 Local P0-7000 Jo\u00eblle Bouchard, professeure au DSEA, [&hellip;]\" \/>\r\n<meta property=\"og:url\" content=\"https:\/\/www.uqac.ca\/uqactualites\/2016\/01\/07\/midi-de-la-recherche-et-de-la-creation-en-sciences-economiques-et-administratives\/\" \/>\r\n<meta property=\"og:site_name\" content=\"UQACtualit\u00e9s\" \/>\r\n<meta property=\"article:published_time\" content=\"2016-01-07T16:54:55+00:00\" \/>\r\n<meta property=\"og:image\" content=\"https:\/\/www.uqac.ca\/uqactualites\/wp-content\/uploads\/2016\/01\/GRAF_UQACtualiteMidisConfJanvH15.jpg\" \/>\r\n\t<meta property=\"og:image:width\" content=\"621\" \/>\r\n\t<meta property=\"og:image:height\" content=\"301\" \/>\r\n\t<meta property=\"og:image:type\" content=\"image\/jpeg\" \/>\r\n<meta name=\"author\" content=\"Service des communications et des relations publiques\" \/>\r\n<meta name=\"twitter:card\" content=\"summary_large_image\" \/>\r\n<meta name=\"twitter:label1\" content=\"\u00c9crit par\" \/>\n\t<meta name=\"twitter:data1\" content=\"Service des communications et des relations publiques\" \/>\n\t<meta name=\"twitter:label2\" content=\"Estimation du temps de lecture\" \/>\n\t<meta name=\"twitter:data2\" content=\"1 minute\" \/>\r\n<script type=\"application\/ld+json\" class=\"yoast-schema-graph\">{\"@context\":\"https:\/\/schema.org\",\"@graph\":[{\"@type\":\"WebPage\",\"@id\":\"https:\/\/www.uqac.ca\/uqactualites\/2016\/01\/07\/midi-de-la-recherche-et-de-la-creation-en-sciences-economiques-et-administratives\/\",\"url\":\"https:\/\/www.uqac.ca\/uqactualites\/2016\/01\/07\/midi-de-la-recherche-et-de-la-creation-en-sciences-economiques-et-administratives\/\",\"name\":\"Midi de la recherche et de la cr\u00e9ation en sciences \u00e9conomiques et administratives - UQACtualit\u00e9s\",\"isPartOf\":{\"@id\":\"https:\/\/www.uqac.ca\/uqactualites\/#website\"},\"primaryImageOfPage\":{\"@id\":\"https:\/\/www.uqac.ca\/uqactualites\/2016\/01\/07\/midi-de-la-recherche-et-de-la-creation-en-sciences-economiques-et-administratives\/#primaryimage\"},\"image\":{\"@id\":\"https:\/\/www.uqac.ca\/uqactualites\/2016\/01\/07\/midi-de-la-recherche-et-de-la-creation-en-sciences-economiques-et-administratives\/#primaryimage\"},\"thumbnailUrl\":\"https:\/\/www.uqac.ca\/uqactualites\/wp-content\/uploads\/2016\/01\/GRAF_UQACtualiteMidisConfJanvH15.jpg\",\"datePublished\":\"2016-01-07T16:54:55+00:00\",\"dateModified\":\"2016-01-07T16:54:55+00:00\",\"author\":{\"@id\":\"https:\/\/www.uqac.ca\/uqactualites\/#\/schema\/person\/366c45a0c4f0e677b41b4af5886e2018\"},\"breadcrumb\":{\"@id\":\"https:\/\/www.uqac.ca\/uqactualites\/2016\/01\/07\/midi-de-la-recherche-et-de-la-creation-en-sciences-economiques-et-administratives\/#breadcrumb\"},\"inLanguage\":\"fr-CA\",\"potentialAction\":[{\"@type\":\"ReadAction\",\"target\":[\"https:\/\/www.uqac.ca\/uqactualites\/2016\/01\/07\/midi-de-la-recherche-et-de-la-creation-en-sciences-economiques-et-administratives\/\"]}]},{\"@type\":\"ImageObject\",\"inLanguage\":\"fr-CA\",\"@id\":\"https:\/\/www.uqac.ca\/uqactualites\/2016\/01\/07\/midi-de-la-recherche-et-de-la-creation-en-sciences-economiques-et-administratives\/#primaryimage\",\"url\":\"https:\/\/www.uqac.ca\/uqactualites\/wp-content\/uploads\/2016\/01\/GRAF_UQACtualiteMidisConfJanvH15.jpg\",\"contentUrl\":\"https:\/\/www.uqac.ca\/uqactualites\/wp-content\/uploads\/2016\/01\/GRAF_UQACtualiteMidisConfJanvH15.jpg\",\"width\":621,\"height\":301},{\"@type\":\"BreadcrumbList\",\"@id\":\"https:\/\/www.uqac.ca\/uqactualites\/2016\/01\/07\/midi-de-la-recherche-et-de-la-creation-en-sciences-economiques-et-administratives\/#breadcrumb\",\"itemListElement\":[{\"@type\":\"ListItem\",\"position\":1,\"name\":\"Home\",\"item\":\"https:\/\/www.uqac.ca\/uqactualites\/\"},{\"@type\":\"ListItem\",\"position\":2,\"name\":\"Midi de la recherche et de la cr\u00e9ation en sciences \u00e9conomiques et administratives\"}]},{\"@type\":\"WebSite\",\"@id\":\"https:\/\/www.uqac.ca\/uqactualites\/#website\",\"url\":\"https:\/\/www.uqac.ca\/uqactualites\/\",\"name\":\"UQACtualit\u00e9s\",\"description\":\"Le portail des nouvelles de l&#039;UQAC\",\"potentialAction\":[{\"@type\":\"SearchAction\",\"target\":{\"@type\":\"EntryPoint\",\"urlTemplate\":\"https:\/\/www.uqac.ca\/uqactualites\/?s={search_term_string}\"},\"query-input\":{\"@type\":\"PropertyValueSpecification\",\"valueRequired\":true,\"valueName\":\"search_term_string\"}}],\"inLanguage\":\"fr-CA\"},{\"@type\":\"Person\",\"@id\":\"https:\/\/www.uqac.ca\/uqactualites\/#\/schema\/person\/366c45a0c4f0e677b41b4af5886e2018\",\"name\":\"Service des communications et des relations publiques\",\"image\":{\"@type\":\"ImageObject\",\"inLanguage\":\"fr-CA\",\"@id\":\"https:\/\/www.uqac.ca\/uqactualites\/#\/schema\/person\/image\/\",\"url\":\"https:\/\/secure.gravatar.com\/avatar\/20fbbda8a292f59f2d3461a5b999c00b?s=96&d=mm&r=g\",\"contentUrl\":\"https:\/\/secure.gravatar.com\/avatar\/20fbbda8a292f59f2d3461a5b999c00b?s=96&d=mm&r=g\",\"caption\":\"Service des communications et des relations publiques\"},\"url\":\"https:\/\/www.uqac.ca\/uqactualites\/author\/bap\/\"}]}<\/script>\r\n<!-- \/ Yoast SEO plugin. -->","yoast_head_json":{"title":"Midi de la recherche et de la cr\u00e9ation en sciences \u00e9conomiques et administratives - UQACtualit\u00e9s","robots":{"index":"index","follow":"follow","max-snippet":"max-snippet:-1","max-image-preview":"max-image-preview:large","max-video-preview":"max-video-preview:-1"},"canonical":"https:\/\/www.uqac.ca\/uqactualites\/2016\/01\/07\/midi-de-la-recherche-et-de-la-creation-en-sciences-economiques-et-administratives\/","og_locale":"fr_CA","og_type":"article","og_title":"Midi de la recherche et de la cr\u00e9ation en sciences \u00e9conomiques et administratives - UQACtualit\u00e9s","og_description":"Le D\u00e9partement des sciences \u00e9conomiques et administratives invite la communaut\u00e9 universitaire \u00e0 assister \u00e0 un midi-conf\u00e9rence\u00a0ayant pour th\u00e8me : Outils de pr\u00e9vision de vente et aide \u00e0 la d\u00e9cision de r\u00e9approvisionnement dynamique de produits de consommation \u00e0 cycle rapide Mercredi 13 janvier 2016 \u25aa 11 h\u00a045 \u00e0 12\u00a0h\u00a045 Local P0-7000 Jo\u00eblle Bouchard, professeure au DSEA, [&hellip;]","og_url":"https:\/\/www.uqac.ca\/uqactualites\/2016\/01\/07\/midi-de-la-recherche-et-de-la-creation-en-sciences-economiques-et-administratives\/","og_site_name":"UQACtualit\u00e9s","article_published_time":"2016-01-07T16:54:55+00:00","og_image":[{"width":621,"height":301,"url":"https:\/\/www.uqac.ca\/uqactualites\/wp-content\/uploads\/2016\/01\/GRAF_UQACtualiteMidisConfJanvH15.jpg","type":"image\/jpeg"}],"author":"Service des communications et des relations publiques","twitter_card":"summary_large_image","twitter_misc":{"\u00c9crit par":"Service des communications et des relations publiques","Estimation du temps de lecture":"1 minute"},"schema":{"@context":"https:\/\/schema.org","@graph":[{"@type":"WebPage","@id":"https:\/\/www.uqac.ca\/uqactualites\/2016\/01\/07\/midi-de-la-recherche-et-de-la-creation-en-sciences-economiques-et-administratives\/","url":"https:\/\/www.uqac.ca\/uqactualites\/2016\/01\/07\/midi-de-la-recherche-et-de-la-creation-en-sciences-economiques-et-administratives\/","name":"Midi de la recherche et de la cr\u00e9ation en sciences \u00e9conomiques et administratives - UQACtualit\u00e9s","isPartOf":{"@id":"https:\/\/www.uqac.ca\/uqactualites\/#website"},"primaryImageOfPage":{"@id":"https:\/\/www.uqac.ca\/uqactualites\/2016\/01\/07\/midi-de-la-recherche-et-de-la-creation-en-sciences-economiques-et-administratives\/#primaryimage"},"image":{"@id":"https:\/\/www.uqac.ca\/uqactualites\/2016\/01\/07\/midi-de-la-recherche-et-de-la-creation-en-sciences-economiques-et-administratives\/#primaryimage"},"thumbnailUrl":"https:\/\/www.uqac.ca\/uqactualites\/wp-content\/uploads\/2016\/01\/GRAF_UQACtualiteMidisConfJanvH15.jpg","datePublished":"2016-01-07T16:54:55+00:00","dateModified":"2016-01-07T16:54:55+00:00","author":{"@id":"https:\/\/www.uqac.ca\/uqactualites\/#\/schema\/person\/366c45a0c4f0e677b41b4af5886e2018"},"breadcrumb":{"@id":"https:\/\/www.uqac.ca\/uqactualites\/2016\/01\/07\/midi-de-la-recherche-et-de-la-creation-en-sciences-economiques-et-administratives\/#breadcrumb"},"inLanguage":"fr-CA","potentialAction":[{"@type":"ReadAction","target":["https:\/\/www.uqac.ca\/uqactualites\/2016\/01\/07\/midi-de-la-recherche-et-de-la-creation-en-sciences-economiques-et-administratives\/"]}]},{"@type":"ImageObject","inLanguage":"fr-CA","@id":"https:\/\/www.uqac.ca\/uqactualites\/2016\/01\/07\/midi-de-la-recherche-et-de-la-creation-en-sciences-economiques-et-administratives\/#primaryimage","url":"https:\/\/www.uqac.ca\/uqactualites\/wp-content\/uploads\/2016\/01\/GRAF_UQACtualiteMidisConfJanvH15.jpg","contentUrl":"https:\/\/www.uqac.ca\/uqactualites\/wp-content\/uploads\/2016\/01\/GRAF_UQACtualiteMidisConfJanvH15.jpg","width":621,"height":301},{"@type":"BreadcrumbList","@id":"https:\/\/www.uqac.ca\/uqactualites\/2016\/01\/07\/midi-de-la-recherche-et-de-la-creation-en-sciences-economiques-et-administratives\/#breadcrumb","itemListElement":[{"@type":"ListItem","position":1,"name":"Home","item":"https:\/\/www.uqac.ca\/uqactualites\/"},{"@type":"ListItem","position":2,"name":"Midi de la recherche et de la cr\u00e9ation en sciences \u00e9conomiques et administratives"}]},{"@type":"WebSite","@id":"https:\/\/www.uqac.ca\/uqactualites\/#website","url":"https:\/\/www.uqac.ca\/uqactualites\/","name":"UQACtualit\u00e9s","description":"Le portail des nouvelles de l&#039;UQAC","potentialAction":[{"@type":"SearchAction","target":{"@type":"EntryPoint","urlTemplate":"https:\/\/www.uqac.ca\/uqactualites\/?s={search_term_string}"},"query-input":{"@type":"PropertyValueSpecification","valueRequired":true,"valueName":"search_term_string"}}],"inLanguage":"fr-CA"},{"@type":"Person","@id":"https:\/\/www.uqac.ca\/uqactualites\/#\/schema\/person\/366c45a0c4f0e677b41b4af5886e2018","name":"Service des communications et des relations publiques","image":{"@type":"ImageObject","inLanguage":"fr-CA","@id":"https:\/\/www.uqac.ca\/uqactualites\/#\/schema\/person\/image\/","url":"https:\/\/secure.gravatar.com\/avatar\/20fbbda8a292f59f2d3461a5b999c00b?s=96&d=mm&r=g","contentUrl":"https:\/\/secure.gravatar.com\/avatar\/20fbbda8a292f59f2d3461a5b999c00b?s=96&d=mm&r=g","caption":"Service des communications et des relations publiques"},"url":"https:\/\/www.uqac.ca\/uqactualites\/author\/bap\/"}]}},"_links":{"self":[{"href":"https:\/\/www.uqac.ca\/uqactualites\/wp-json\/wp\/v2\/posts\/31335"}],"collection":[{"href":"https:\/\/www.uqac.ca\/uqactualites\/wp-json\/wp\/v2\/posts"}],"about":[{"href":"https:\/\/www.uqac.ca\/uqactualites\/wp-json\/wp\/v2\/types\/post"}],"author":[{"embeddable":true,"href":"https:\/\/www.uqac.ca\/uqactualites\/wp-json\/wp\/v2\/users\/5"}],"replies":[{"embeddable":true,"href":"https:\/\/www.uqac.ca\/uqactualites\/wp-json\/wp\/v2\/comments?post=31335"}],"version-history":[{"count":0,"href":"https:\/\/www.uqac.ca\/uqactualites\/wp-json\/wp\/v2\/posts\/31335\/revisions"}],"wp:featuredmedia":[{"embeddable":true,"href":"https:\/\/www.uqac.ca\/uqactualites\/wp-json\/wp\/v2\/media\/31336"}],"wp:attachment":[{"href":"https:\/\/www.uqac.ca\/uqactualites\/wp-json\/wp\/v2\/media?parent=31335"}],"wp:term":[{"taxonomy":"category","embeddable":true,"href":"https:\/\/www.uqac.ca\/uqactualites\/wp-json\/wp\/v2\/categories?post=31335"},{"taxonomy":"post_tag","embeddable":true,"href":"https:\/\/www.uqac.ca\/uqactualites\/wp-json\/wp\/v2\/tags?post=31335"}],"curies":[{"name":"wp","href":"https:\/\/api.w.org\/{rel}","templated":true}]}}