{"id":31348,"date":"2016-01-08T11:14:12","date_gmt":"2016-01-08T16:14:12","guid":{"rendered":"http:\/\/uqactualite.odev.ca\/?p=31348"},"modified":"2016-01-08T11:14:12","modified_gmt":"2016-01-08T16:14:12","slug":"lancement-savoir-affaires-saguenay-lac-saint-jean","status":"publish","type":"post","link":"https:\/\/www.uqac.ca\/uqactualites\/2016\/01\/08\/lancement-savoir-affaires-saguenay-lac-saint-jean\/","title":{"rendered":"Lancement Savoir Affaires Saguenay\u2013Lac-Saint-Jean"},"content":{"rendered":"<p style=\"text-align: justify\">Le recteur de l\u2019Universit\u00e9 du Qu\u00e9bec \u00e0 Chicoutimi, M. Martin Gauthier, vous invite \u00e0 assister \u00e0 la conf\u00e9rence de presse de lancement du Savoir Affaires Saguenay\u2013Lac-Saint-Jean qui se d\u00e9roulera en pr\u00e9sence de M. Jean-Denis Girard, ministre d\u00e9l\u00e9gu\u00e9 aux Petites et Moyennes Entreprises, \u00e0 l\u2019All\u00e8gement r\u00e9glementaire et au D\u00e9veloppement \u00e9conomique r\u00e9gional, et de repr\u00e9sentants des diff\u00e9rents partenaires de l\u2019initiative.<\/p>\n<p style=\"text-align: center\"><strong>Lundi 11 janvier 2016\u00a0 \u25aa\u00a0 10\u00a0h<br \/>\nPavillon Promotion Saguenay &#8211; CTDA<\/strong><\/p>\n<p style=\"text-align: center\">Universit\u00e9 du Qu\u00e9bec \u00e0 Chicoutimi<br \/>\n555, boulevard de l\u2019Universit\u00e9, Chicoutimi<\/p>\n<p style=\"text-align: justify\"><strong>\u00a0<\/strong><\/p>\n<p style=\"text-align: justify\">La d\u00e9marche <em>Savoir Affaires<\/em> a pour objectif de tirer profit du savoir pour innover en affaires. Elle s&rsquo;appuie sur la cr\u00e9ativit\u00e9 d&rsquo;\u00e9tudiants des cycles sup\u00e9rieurs et de postdoctorants de toutes les disciplines provenant des dix \u00e9tablissements du r\u00e9seau de l&rsquo;Universit\u00e9 du Qu\u00e9bec. Ceux-ci sont appel\u00e9s, dans le cadre d&rsquo;une comp\u00e9tition s&rsquo;\u00e9chelonnant sur une semaine, \u00e0 s&rsquo;attaquer \u00e0 des probl\u00e9matiques \u00e9conomiques r\u00e9gionales et \u00e0 proposer des projets d&rsquo;affaires porteurs.<\/p>\n<p style=\"text-align: justify\">\u00c0 noter que le stationnement ne sera pas surveill\u00e9 au cours de l\u2019activit\u00e9. <span style=\"text-decoration: underline\"><strong><a href=\"http:\/\/www.uqac.ca\/wp-content\/uploads\/2016\/01\/Plan-du-campus-UQAC.pdf\" target=\"_blank\" rel=\"noopener\">Consultez le plan de localisation.<\/a><\/strong><\/span><\/p>\n<p style=\"text-align: justify\">\n<p style=\"text-align: justify\"><strong>Renseignements\u00a0:<br \/>\n<\/strong>Bureau des affaires publiques<br \/>\nUniversit\u00e9 du Qu\u00e9bec \u00e0 Chicoutimi<br \/>\n418\u00a0545-5011, poste 5006\u00a0 \u25aa\u00a0 <a href=\"mailto:affaires.publiques@uqac.ca\">affaires.publiques@uqac.ca<\/a><\/p>\n","protected":false},"excerpt":{"rendered":"<p>Le recteur de l\u2019Universit\u00e9 du Qu\u00e9bec \u00e0 Chicoutimi, M. Martin Gauthier, vous invite \u00e0 assister \u00e0 la conf\u00e9rence de presse de lancement du Savoir Affaires Saguenay\u2013Lac-Saint-Jean qui se d\u00e9roulera en pr\u00e9sence de M. Jean-Denis Girard, ministre d\u00e9l\u00e9gu\u00e9 aux Petites et Moyennes Entreprises, \u00e0 l\u2019All\u00e8gement r\u00e9glementaire et au D\u00e9veloppement \u00e9conomique r\u00e9gional, et de repr\u00e9sentants des diff\u00e9rents [&hellip;]<\/p>\n","protected":false},"author":5,"featured_media":23893,"comment_status":"open","ping_status":"open","sticky":false,"template":"","format":"standard","meta":{"footnotes":""},"categories":[2772],"tags":[],"yoast_head":"<!-- This site is optimized with the Yoast SEO plugin v24.2 - https:\/\/yoast.com\/wordpress\/plugins\/seo\/ -->\r\n<title>Lancement Savoir Affaires Saguenay\u2013Lac-Saint-Jean - UQACtualit\u00e9s<\/title>\r\n<meta name=\"robots\" content=\"index, follow, max-snippet:-1, max-image-preview:large, max-video-preview:-1\" \/>\r\n<link rel=\"canonical\" href=\"https:\/\/www.uqac.ca\/uqactualites\/2016\/01\/08\/lancement-savoir-affaires-saguenay-lac-saint-jean\/\" \/>\r\n<meta property=\"og:locale\" content=\"fr_CA\" \/>\r\n<meta property=\"og:type\" content=\"article\" \/>\r\n<meta property=\"og:title\" content=\"Lancement Savoir Affaires Saguenay\u2013Lac-Saint-Jean - UQACtualit\u00e9s\" \/>\r\n<meta property=\"og:description\" content=\"Le recteur de l\u2019Universit\u00e9 du Qu\u00e9bec \u00e0 Chicoutimi, M. Martin Gauthier, vous invite \u00e0 assister \u00e0 la conf\u00e9rence de presse de lancement du Savoir Affaires Saguenay\u2013Lac-Saint-Jean qui se d\u00e9roulera en pr\u00e9sence de M. Jean-Denis Girard, ministre d\u00e9l\u00e9gu\u00e9 aux Petites et Moyennes Entreprises, \u00e0 l\u2019All\u00e8gement r\u00e9glementaire et au D\u00e9veloppement \u00e9conomique r\u00e9gional, et de repr\u00e9sentants des diff\u00e9rents [&hellip;]\" \/>\r\n<meta property=\"og:url\" content=\"https:\/\/www.uqac.ca\/uqactualites\/2016\/01\/08\/lancement-savoir-affaires-saguenay-lac-saint-jean\/\" \/>\r\n<meta property=\"og:site_name\" content=\"UQACtualit\u00e9s\" \/>\r\n<meta property=\"article:published_time\" content=\"2016-01-08T16:14:12+00:00\" \/>\r\n<meta property=\"og:image\" content=\"https:\/\/www.uqac.ca\/uqactualites\/wp-content\/uploads\/2013\/04\/Invitation.jpg\" \/>\r\n\t<meta property=\"og:image:width\" content=\"620\" \/>\r\n\t<meta property=\"og:image:height\" content=\"300\" \/>\r\n\t<meta property=\"og:image:type\" content=\"image\/jpeg\" \/>\r\n<meta name=\"author\" content=\"Service des communications et des relations publiques\" \/>\r\n<meta name=\"twitter:card\" content=\"summary_large_image\" \/>\r\n<meta name=\"twitter:label1\" content=\"\u00c9crit par\" \/>\n\t<meta name=\"twitter:data1\" content=\"Service des communications et des relations publiques\" \/>\n\t<meta name=\"twitter:label2\" content=\"Estimation du temps de lecture\" \/>\n\t<meta name=\"twitter:data2\" content=\"1 minute\" \/>\r\n<script type=\"application\/ld+json\" class=\"yoast-schema-graph\">{\"@context\":\"https:\/\/schema.org\",\"@graph\":[{\"@type\":\"WebPage\",\"@id\":\"https:\/\/www.uqac.ca\/uqactualites\/2016\/01\/08\/lancement-savoir-affaires-saguenay-lac-saint-jean\/\",\"url\":\"https:\/\/www.uqac.ca\/uqactualites\/2016\/01\/08\/lancement-savoir-affaires-saguenay-lac-saint-jean\/\",\"name\":\"Lancement Savoir Affaires Saguenay\u2013Lac-Saint-Jean - UQACtualit\u00e9s\",\"isPartOf\":{\"@id\":\"https:\/\/www.uqac.ca\/uqactualites\/#website\"},\"primaryImageOfPage\":{\"@id\":\"https:\/\/www.uqac.ca\/uqactualites\/2016\/01\/08\/lancement-savoir-affaires-saguenay-lac-saint-jean\/#primaryimage\"},\"image\":{\"@id\":\"https:\/\/www.uqac.ca\/uqactualites\/2016\/01\/08\/lancement-savoir-affaires-saguenay-lac-saint-jean\/#primaryimage\"},\"thumbnailUrl\":\"https:\/\/www.uqac.ca\/uqactualites\/wp-content\/uploads\/2013\/04\/Invitation.jpg\",\"datePublished\":\"2016-01-08T16:14:12+00:00\",\"dateModified\":\"2016-01-08T16:14:12+00:00\",\"author\":{\"@id\":\"https:\/\/www.uqac.ca\/uqactualites\/#\/schema\/person\/366c45a0c4f0e677b41b4af5886e2018\"},\"breadcrumb\":{\"@id\":\"https:\/\/www.uqac.ca\/uqactualites\/2016\/01\/08\/lancement-savoir-affaires-saguenay-lac-saint-jean\/#breadcrumb\"},\"inLanguage\":\"fr-CA\",\"potentialAction\":[{\"@type\":\"ReadAction\",\"target\":[\"https:\/\/www.uqac.ca\/uqactualites\/2016\/01\/08\/lancement-savoir-affaires-saguenay-lac-saint-jean\/\"]}]},{\"@type\":\"ImageObject\",\"inLanguage\":\"fr-CA\",\"@id\":\"https:\/\/www.uqac.ca\/uqactualites\/2016\/01\/08\/lancement-savoir-affaires-saguenay-lac-saint-jean\/#primaryimage\",\"url\":\"https:\/\/www.uqac.ca\/uqactualites\/wp-content\/uploads\/2013\/04\/Invitation.jpg\",\"contentUrl\":\"https:\/\/www.uqac.ca\/uqactualites\/wp-content\/uploads\/2013\/04\/Invitation.jpg\",\"width\":620,\"height\":300},{\"@type\":\"BreadcrumbList\",\"@id\":\"https:\/\/www.uqac.ca\/uqactualites\/2016\/01\/08\/lancement-savoir-affaires-saguenay-lac-saint-jean\/#breadcrumb\",\"itemListElement\":[{\"@type\":\"ListItem\",\"position\":1,\"name\":\"Home\",\"item\":\"https:\/\/www.uqac.ca\/uqactualites\/\"},{\"@type\":\"ListItem\",\"position\":2,\"name\":\"Lancement Savoir Affaires Saguenay\u2013Lac-Saint-Jean\"}]},{\"@type\":\"WebSite\",\"@id\":\"https:\/\/www.uqac.ca\/uqactualites\/#website\",\"url\":\"https:\/\/www.uqac.ca\/uqactualites\/\",\"name\":\"UQACtualit\u00e9s\",\"description\":\"Le portail des nouvelles de l&#039;UQAC\",\"potentialAction\":[{\"@type\":\"SearchAction\",\"target\":{\"@type\":\"EntryPoint\",\"urlTemplate\":\"https:\/\/www.uqac.ca\/uqactualites\/?s={search_term_string}\"},\"query-input\":{\"@type\":\"PropertyValueSpecification\",\"valueRequired\":true,\"valueName\":\"search_term_string\"}}],\"inLanguage\":\"fr-CA\"},{\"@type\":\"Person\",\"@id\":\"https:\/\/www.uqac.ca\/uqactualites\/#\/schema\/person\/366c45a0c4f0e677b41b4af5886e2018\",\"name\":\"Service des communications et des relations publiques\",\"image\":{\"@type\":\"ImageObject\",\"inLanguage\":\"fr-CA\",\"@id\":\"https:\/\/www.uqac.ca\/uqactualites\/#\/schema\/person\/image\/\",\"url\":\"https:\/\/secure.gravatar.com\/avatar\/20fbbda8a292f59f2d3461a5b999c00b?s=96&d=mm&r=g\",\"contentUrl\":\"https:\/\/secure.gravatar.com\/avatar\/20fbbda8a292f59f2d3461a5b999c00b?s=96&d=mm&r=g\",\"caption\":\"Service des communications et des relations publiques\"},\"url\":\"https:\/\/www.uqac.ca\/uqactualites\/author\/bap\/\"}]}<\/script>\r\n<!-- \/ Yoast SEO plugin. -->","yoast_head_json":{"title":"Lancement Savoir Affaires Saguenay\u2013Lac-Saint-Jean - UQACtualit\u00e9s","robots":{"index":"index","follow":"follow","max-snippet":"max-snippet:-1","max-image-preview":"max-image-preview:large","max-video-preview":"max-video-preview:-1"},"canonical":"https:\/\/www.uqac.ca\/uqactualites\/2016\/01\/08\/lancement-savoir-affaires-saguenay-lac-saint-jean\/","og_locale":"fr_CA","og_type":"article","og_title":"Lancement Savoir Affaires Saguenay\u2013Lac-Saint-Jean - UQACtualit\u00e9s","og_description":"Le recteur de l\u2019Universit\u00e9 du Qu\u00e9bec \u00e0 Chicoutimi, M. Martin Gauthier, vous invite \u00e0 assister \u00e0 la conf\u00e9rence de presse de lancement du Savoir Affaires Saguenay\u2013Lac-Saint-Jean qui se d\u00e9roulera en pr\u00e9sence de M. Jean-Denis Girard, ministre d\u00e9l\u00e9gu\u00e9 aux Petites et Moyennes Entreprises, \u00e0 l\u2019All\u00e8gement r\u00e9glementaire et au D\u00e9veloppement \u00e9conomique r\u00e9gional, et de repr\u00e9sentants des diff\u00e9rents [&hellip;]","og_url":"https:\/\/www.uqac.ca\/uqactualites\/2016\/01\/08\/lancement-savoir-affaires-saguenay-lac-saint-jean\/","og_site_name":"UQACtualit\u00e9s","article_published_time":"2016-01-08T16:14:12+00:00","og_image":[{"width":620,"height":300,"url":"https:\/\/www.uqac.ca\/uqactualites\/wp-content\/uploads\/2013\/04\/Invitation.jpg","type":"image\/jpeg"}],"author":"Service des communications et des relations publiques","twitter_card":"summary_large_image","twitter_misc":{"\u00c9crit par":"Service des communications et des relations publiques","Estimation du temps de lecture":"1 minute"},"schema":{"@context":"https:\/\/schema.org","@graph":[{"@type":"WebPage","@id":"https:\/\/www.uqac.ca\/uqactualites\/2016\/01\/08\/lancement-savoir-affaires-saguenay-lac-saint-jean\/","url":"https:\/\/www.uqac.ca\/uqactualites\/2016\/01\/08\/lancement-savoir-affaires-saguenay-lac-saint-jean\/","name":"Lancement Savoir Affaires Saguenay\u2013Lac-Saint-Jean - UQACtualit\u00e9s","isPartOf":{"@id":"https:\/\/www.uqac.ca\/uqactualites\/#website"},"primaryImageOfPage":{"@id":"https:\/\/www.uqac.ca\/uqactualites\/2016\/01\/08\/lancement-savoir-affaires-saguenay-lac-saint-jean\/#primaryimage"},"image":{"@id":"https:\/\/www.uqac.ca\/uqactualites\/2016\/01\/08\/lancement-savoir-affaires-saguenay-lac-saint-jean\/#primaryimage"},"thumbnailUrl":"https:\/\/www.uqac.ca\/uqactualites\/wp-content\/uploads\/2013\/04\/Invitation.jpg","datePublished":"2016-01-08T16:14:12+00:00","dateModified":"2016-01-08T16:14:12+00:00","author":{"@id":"https:\/\/www.uqac.ca\/uqactualites\/#\/schema\/person\/366c45a0c4f0e677b41b4af5886e2018"},"breadcrumb":{"@id":"https:\/\/www.uqac.ca\/uqactualites\/2016\/01\/08\/lancement-savoir-affaires-saguenay-lac-saint-jean\/#breadcrumb"},"inLanguage":"fr-CA","potentialAction":[{"@type":"ReadAction","target":["https:\/\/www.uqac.ca\/uqactualites\/2016\/01\/08\/lancement-savoir-affaires-saguenay-lac-saint-jean\/"]}]},{"@type":"ImageObject","inLanguage":"fr-CA","@id":"https:\/\/www.uqac.ca\/uqactualites\/2016\/01\/08\/lancement-savoir-affaires-saguenay-lac-saint-jean\/#primaryimage","url":"https:\/\/www.uqac.ca\/uqactualites\/wp-content\/uploads\/2013\/04\/Invitation.jpg","contentUrl":"https:\/\/www.uqac.ca\/uqactualites\/wp-content\/uploads\/2013\/04\/Invitation.jpg","width":620,"height":300},{"@type":"BreadcrumbList","@id":"https:\/\/www.uqac.ca\/uqactualites\/2016\/01\/08\/lancement-savoir-affaires-saguenay-lac-saint-jean\/#breadcrumb","itemListElement":[{"@type":"ListItem","position":1,"name":"Home","item":"https:\/\/www.uqac.ca\/uqactualites\/"},{"@type":"ListItem","position":2,"name":"Lancement Savoir Affaires Saguenay\u2013Lac-Saint-Jean"}]},{"@type":"WebSite","@id":"https:\/\/www.uqac.ca\/uqactualites\/#website","url":"https:\/\/www.uqac.ca\/uqactualites\/","name":"UQACtualit\u00e9s","description":"Le portail des nouvelles de l&#039;UQAC","potentialAction":[{"@type":"SearchAction","target":{"@type":"EntryPoint","urlTemplate":"https:\/\/www.uqac.ca\/uqactualites\/?s={search_term_string}"},"query-input":{"@type":"PropertyValueSpecification","valueRequired":true,"valueName":"search_term_string"}}],"inLanguage":"fr-CA"},{"@type":"Person","@id":"https:\/\/www.uqac.ca\/uqactualites\/#\/schema\/person\/366c45a0c4f0e677b41b4af5886e2018","name":"Service des communications et des relations publiques","image":{"@type":"ImageObject","inLanguage":"fr-CA","@id":"https:\/\/www.uqac.ca\/uqactualites\/#\/schema\/person\/image\/","url":"https:\/\/secure.gravatar.com\/avatar\/20fbbda8a292f59f2d3461a5b999c00b?s=96&d=mm&r=g","contentUrl":"https:\/\/secure.gravatar.com\/avatar\/20fbbda8a292f59f2d3461a5b999c00b?s=96&d=mm&r=g","caption":"Service des communications et des relations publiques"},"url":"https:\/\/www.uqac.ca\/uqactualites\/author\/bap\/"}]}},"_links":{"self":[{"href":"https:\/\/www.uqac.ca\/uqactualites\/wp-json\/wp\/v2\/posts\/31348"}],"collection":[{"href":"https:\/\/www.uqac.ca\/uqactualites\/wp-json\/wp\/v2\/posts"}],"about":[{"href":"https:\/\/www.uqac.ca\/uqactualites\/wp-json\/wp\/v2\/types\/post"}],"author":[{"embeddable":true,"href":"https:\/\/www.uqac.ca\/uqactualites\/wp-json\/wp\/v2\/users\/5"}],"replies":[{"embeddable":true,"href":"https:\/\/www.uqac.ca\/uqactualites\/wp-json\/wp\/v2\/comments?post=31348"}],"version-history":[{"count":0,"href":"https:\/\/www.uqac.ca\/uqactualites\/wp-json\/wp\/v2\/posts\/31348\/revisions"}],"wp:featuredmedia":[{"embeddable":true,"href":"https:\/\/www.uqac.ca\/uqactualites\/wp-json\/wp\/v2\/media\/23893"}],"wp:attachment":[{"href":"https:\/\/www.uqac.ca\/uqactualites\/wp-json\/wp\/v2\/media?parent=31348"}],"wp:term":[{"taxonomy":"category","embeddable":true,"href":"https:\/\/www.uqac.ca\/uqactualites\/wp-json\/wp\/v2\/categories?post=31348"},{"taxonomy":"post_tag","embeddable":true,"href":"https:\/\/www.uqac.ca\/uqactualites\/wp-json\/wp\/v2\/tags?post=31348"}],"curies":[{"name":"wp","href":"https:\/\/api.w.org\/{rel}","templated":true}]}}