{"id":31374,"date":"2016-01-14T09:21:39","date_gmt":"2016-01-14T14:21:39","guid":{"rendered":"http:\/\/uqactualite.odev.ca\/?p=31374"},"modified":"2016-01-14T09:21:39","modified_gmt":"2016-01-14T14:21:39","slug":"regard-des-quebecois-sur-le-monde-la-hongrie-par-majella-gauthier","status":"publish","type":"post","link":"https:\/\/www.uqac.ca\/uqactualites\/2016\/01\/14\/regard-des-quebecois-sur-le-monde-la-hongrie-par-majella-gauthier\/","title":{"rendered":"Regard des Qu\u00e9b\u00e9cois sur le monde : La Hongrie, par Majella Gauthier"},"content":{"rendered":"<p style=\"text-align: justify\">Dans le cadre de la s\u00e9rie de conf\u00e9rences <em>Regard des Qu\u00e9b\u00e9cois sur le monde<\/em>, la communaut\u00e9 universitaire est invit\u00e9e \u00e0 assister \u00e0 la 36<sup>e<\/sup> conf\u00e9rence\u00a0:<\/p>\n<p style=\"text-align: center\"><strong><em>La Hongrie : un creuset de nuances et de beaut\u00e9<\/em><\/strong>, par Majella Gauthier<br \/>\nMercredi 3 f\u00e9vrier 2016\u00a0 \u25aa\u00a0 19\u00a0h\u00a030<br \/>\nSalle Marguerite-Tellier de la biblioth\u00e8que publique de Chicoutimi<br \/>\n<span style=\"color: #808080\"> <em>(155 rue Racine Est, Chicoutimi)<\/em><\/span><\/p>\n<p style=\"text-align: justify\">Majella Gauthier est g\u00e9ographe et professeur \u00e9m\u00e9rite de l\u2019UQAC. Comme chercheur, il anime entre autres l\u2019Atlas \u00e9lectronique du Saguenay\u2013Lac-Saint-Jean. Comme voyageur, il a parcouru, ces derniers temps, la plupart des pays de l\u2019Europe de l\u2019Est et de l\u2019Europe Centrale en emmagasinant multiples observations sur la g\u00e9ographie humaine et physique du territoire et sur les particularit\u00e9s r\u00e9gionales. La Hongrie est sa plus r\u00e9cente destination.<\/p>\n<p style=\"text-align: justify\">Entr\u00e9e gratuite.<br \/>\nSoyez-y!<\/p>\n<p style=\"text-align: justify\"><strong>Quelques mots sur la s\u00e9rie de conf\u00e9rences <em>Regard des Qu\u00e9b\u00e9cois sur le monde<br \/>\n<\/em><\/strong>Organis\u00e9e par Jayanta Guha, professeur \u00e9m\u00e9rite de l\u2019UQAC, avec la collaboration de l\u2019\u00e9quipe d\u2019animation des biblioth\u00e8ques publiques de la ville de Saguenay et du Groupe de recherche et d\u2019intervention r\u00e9gionales (GRIR) de l\u2019UQAC, cette s\u00e9rie de conf\u00e9rences se veut un forum pour des Qu\u00e9b\u00e9cois qui ont fait des s\u00e9jours prolong\u00e9s dans divers pays. Cette tribune leur offre la chance de partager leurs exp\u00e9riences et leurs r\u00e9flexions sur le pays o\u00f9 ils ont s\u00e9journ\u00e9.<\/p>\n<p style=\"text-align: justify\"><strong><br \/>\nRenseignements\u00a0:<\/strong><\/p>\n<p style=\"text-align: justify\">Jayanta Guha, professeur \u00e9m\u00e9rite de l\u2019UQAC<br \/>\n418 543-7164\u00a0 \u25aa\u00a0 <span style=\"text-decoration: underline\"><a href=\"mailto:jayanta_guha@uqac.ca\">jayanta_guha@uqac.ca<\/a><\/span><\/p>\n<p style=\"text-align: justify\">Christine Payette, biblioth\u00e8que publique de Chicoutimi<br \/>\n418 698-3200, poste 4185<\/p>\n<p style=\"text-align: justify\">Louis-Philippe Morasse, GRIR<br \/>\n418\u00a0545-5011, poste 3814\u00a0 \u25aa\u00a0 <span style=\"text-decoration: underline\"><a href=\"mailto:grir@uqac.ca\">grir@uqac.ca<\/a><\/span><\/p>\n","protected":false},"excerpt":{"rendered":"<p>Dans le cadre de la s\u00e9rie de conf\u00e9rences Regard des Qu\u00e9b\u00e9cois sur le monde, la communaut\u00e9 universitaire est invit\u00e9e \u00e0 assister \u00e0 la 36e conf\u00e9rence\u00a0: La Hongrie : un creuset de nuances et de beaut\u00e9, par Majella Gauthier Mercredi 3 f\u00e9vrier 2016\u00a0 \u25aa\u00a0 19\u00a0h\u00a030 Salle Marguerite-Tellier de la biblioth\u00e8que publique de Chicoutimi (155 rue Racine [&hellip;]<\/p>\n","protected":false},"author":5,"featured_media":20989,"comment_status":"open","ping_status":"open","sticky":false,"template":"","format":"standard","meta":{"footnotes":""},"categories":[2772],"tags":[],"yoast_head":"<!-- This site is optimized with the Yoast SEO plugin v24.2 - https:\/\/yoast.com\/wordpress\/plugins\/seo\/ -->\r\n<title>Regard des Qu\u00e9b\u00e9cois sur le monde : La Hongrie, par Majella Gauthier - UQACtualit\u00e9s<\/title>\r\n<meta name=\"robots\" content=\"index, follow, max-snippet:-1, max-image-preview:large, max-video-preview:-1\" \/>\r\n<link rel=\"canonical\" href=\"https:\/\/www.uqac.ca\/uqactualites\/2016\/01\/14\/regard-des-quebecois-sur-le-monde-la-hongrie-par-majella-gauthier\/\" \/>\r\n<meta property=\"og:locale\" content=\"fr_CA\" \/>\r\n<meta property=\"og:type\" content=\"article\" \/>\r\n<meta property=\"og:title\" content=\"Regard des Qu\u00e9b\u00e9cois sur le monde : La Hongrie, par Majella Gauthier - UQACtualit\u00e9s\" \/>\r\n<meta property=\"og:description\" content=\"Dans le cadre de la s\u00e9rie de conf\u00e9rences Regard des Qu\u00e9b\u00e9cois sur le monde, la communaut\u00e9 universitaire est invit\u00e9e \u00e0 assister \u00e0 la 36e conf\u00e9rence\u00a0: La Hongrie : un creuset de nuances et de beaut\u00e9, par Majella Gauthier Mercredi 3 f\u00e9vrier 2016\u00a0 \u25aa\u00a0 19\u00a0h\u00a030 Salle Marguerite-Tellier de la biblioth\u00e8que publique de Chicoutimi (155 rue Racine [&hellip;]\" \/>\r\n<meta property=\"og:url\" content=\"https:\/\/www.uqac.ca\/uqactualites\/2016\/01\/14\/regard-des-quebecois-sur-le-monde-la-hongrie-par-majella-gauthier\/\" \/>\r\n<meta property=\"og:site_name\" content=\"UQACtualit\u00e9s\" \/>\r\n<meta property=\"article:published_time\" content=\"2016-01-14T14:21:39+00:00\" \/>\r\n<meta property=\"og:image\" content=\"https:\/\/www.uqac.ca\/uqactualites\/wp-content\/uploads\/2012\/05\/avis-laCommunaut-.jpg\" \/>\r\n\t<meta property=\"og:image:width\" content=\"620\" \/>\r\n\t<meta property=\"og:image:height\" content=\"300\" \/>\r\n\t<meta property=\"og:image:type\" content=\"image\/jpeg\" \/>\r\n<meta name=\"author\" content=\"Service des communications et des relations publiques\" \/>\r\n<meta name=\"twitter:card\" content=\"summary_large_image\" \/>\r\n<meta name=\"twitter:label1\" content=\"\u00c9crit par\" \/>\n\t<meta name=\"twitter:data1\" content=\"Service des communications et des relations publiques\" \/>\n\t<meta name=\"twitter:label2\" content=\"Estimation du temps de lecture\" \/>\n\t<meta name=\"twitter:data2\" content=\"1 minute\" \/>\r\n<script type=\"application\/ld+json\" class=\"yoast-schema-graph\">{\"@context\":\"https:\/\/schema.org\",\"@graph\":[{\"@type\":\"WebPage\",\"@id\":\"https:\/\/www.uqac.ca\/uqactualites\/2016\/01\/14\/regard-des-quebecois-sur-le-monde-la-hongrie-par-majella-gauthier\/\",\"url\":\"https:\/\/www.uqac.ca\/uqactualites\/2016\/01\/14\/regard-des-quebecois-sur-le-monde-la-hongrie-par-majella-gauthier\/\",\"name\":\"Regard des Qu\u00e9b\u00e9cois sur le monde : La Hongrie, par Majella Gauthier - UQACtualit\u00e9s\",\"isPartOf\":{\"@id\":\"https:\/\/www.uqac.ca\/uqactualites\/#website\"},\"primaryImageOfPage\":{\"@id\":\"https:\/\/www.uqac.ca\/uqactualites\/2016\/01\/14\/regard-des-quebecois-sur-le-monde-la-hongrie-par-majella-gauthier\/#primaryimage\"},\"image\":{\"@id\":\"https:\/\/www.uqac.ca\/uqactualites\/2016\/01\/14\/regard-des-quebecois-sur-le-monde-la-hongrie-par-majella-gauthier\/#primaryimage\"},\"thumbnailUrl\":\"https:\/\/www.uqac.ca\/uqactualites\/wp-content\/uploads\/2012\/05\/avis-laCommunaut-.jpg\",\"datePublished\":\"2016-01-14T14:21:39+00:00\",\"dateModified\":\"2016-01-14T14:21:39+00:00\",\"author\":{\"@id\":\"https:\/\/www.uqac.ca\/uqactualites\/#\/schema\/person\/366c45a0c4f0e677b41b4af5886e2018\"},\"breadcrumb\":{\"@id\":\"https:\/\/www.uqac.ca\/uqactualites\/2016\/01\/14\/regard-des-quebecois-sur-le-monde-la-hongrie-par-majella-gauthier\/#breadcrumb\"},\"inLanguage\":\"fr-CA\",\"potentialAction\":[{\"@type\":\"ReadAction\",\"target\":[\"https:\/\/www.uqac.ca\/uqactualites\/2016\/01\/14\/regard-des-quebecois-sur-le-monde-la-hongrie-par-majella-gauthier\/\"]}]},{\"@type\":\"ImageObject\",\"inLanguage\":\"fr-CA\",\"@id\":\"https:\/\/www.uqac.ca\/uqactualites\/2016\/01\/14\/regard-des-quebecois-sur-le-monde-la-hongrie-par-majella-gauthier\/#primaryimage\",\"url\":\"https:\/\/www.uqac.ca\/uqactualites\/wp-content\/uploads\/2012\/05\/avis-laCommunaut-.jpg\",\"contentUrl\":\"https:\/\/www.uqac.ca\/uqactualites\/wp-content\/uploads\/2012\/05\/avis-laCommunaut-.jpg\",\"width\":620,\"height\":300},{\"@type\":\"BreadcrumbList\",\"@id\":\"https:\/\/www.uqac.ca\/uqactualites\/2016\/01\/14\/regard-des-quebecois-sur-le-monde-la-hongrie-par-majella-gauthier\/#breadcrumb\",\"itemListElement\":[{\"@type\":\"ListItem\",\"position\":1,\"name\":\"Home\",\"item\":\"https:\/\/www.uqac.ca\/uqactualites\/\"},{\"@type\":\"ListItem\",\"position\":2,\"name\":\"Regard des Qu\u00e9b\u00e9cois sur le monde : La Hongrie, par Majella Gauthier\"}]},{\"@type\":\"WebSite\",\"@id\":\"https:\/\/www.uqac.ca\/uqactualites\/#website\",\"url\":\"https:\/\/www.uqac.ca\/uqactualites\/\",\"name\":\"UQACtualit\u00e9s\",\"description\":\"Le portail des nouvelles de l&#039;UQAC\",\"potentialAction\":[{\"@type\":\"SearchAction\",\"target\":{\"@type\":\"EntryPoint\",\"urlTemplate\":\"https:\/\/www.uqac.ca\/uqactualites\/?s={search_term_string}\"},\"query-input\":{\"@type\":\"PropertyValueSpecification\",\"valueRequired\":true,\"valueName\":\"search_term_string\"}}],\"inLanguage\":\"fr-CA\"},{\"@type\":\"Person\",\"@id\":\"https:\/\/www.uqac.ca\/uqactualites\/#\/schema\/person\/366c45a0c4f0e677b41b4af5886e2018\",\"name\":\"Service des communications et des relations publiques\",\"image\":{\"@type\":\"ImageObject\",\"inLanguage\":\"fr-CA\",\"@id\":\"https:\/\/www.uqac.ca\/uqactualites\/#\/schema\/person\/image\/\",\"url\":\"https:\/\/secure.gravatar.com\/avatar\/20fbbda8a292f59f2d3461a5b999c00b?s=96&d=mm&r=g\",\"contentUrl\":\"https:\/\/secure.gravatar.com\/avatar\/20fbbda8a292f59f2d3461a5b999c00b?s=96&d=mm&r=g\",\"caption\":\"Service des communications et des relations publiques\"},\"url\":\"https:\/\/www.uqac.ca\/uqactualites\/author\/bap\/\"}]}<\/script>\r\n<!-- \/ Yoast SEO plugin. -->","yoast_head_json":{"title":"Regard des Qu\u00e9b\u00e9cois sur le monde : La Hongrie, par Majella Gauthier - UQACtualit\u00e9s","robots":{"index":"index","follow":"follow","max-snippet":"max-snippet:-1","max-image-preview":"max-image-preview:large","max-video-preview":"max-video-preview:-1"},"canonical":"https:\/\/www.uqac.ca\/uqactualites\/2016\/01\/14\/regard-des-quebecois-sur-le-monde-la-hongrie-par-majella-gauthier\/","og_locale":"fr_CA","og_type":"article","og_title":"Regard des Qu\u00e9b\u00e9cois sur le monde : La Hongrie, par Majella Gauthier - UQACtualit\u00e9s","og_description":"Dans le cadre de la s\u00e9rie de conf\u00e9rences Regard des Qu\u00e9b\u00e9cois sur le monde, la communaut\u00e9 universitaire est invit\u00e9e \u00e0 assister \u00e0 la 36e conf\u00e9rence\u00a0: La Hongrie : un creuset de nuances et de beaut\u00e9, par Majella Gauthier Mercredi 3 f\u00e9vrier 2016\u00a0 \u25aa\u00a0 19\u00a0h\u00a030 Salle Marguerite-Tellier de la biblioth\u00e8que publique de Chicoutimi (155 rue Racine [&hellip;]","og_url":"https:\/\/www.uqac.ca\/uqactualites\/2016\/01\/14\/regard-des-quebecois-sur-le-monde-la-hongrie-par-majella-gauthier\/","og_site_name":"UQACtualit\u00e9s","article_published_time":"2016-01-14T14:21:39+00:00","og_image":[{"width":620,"height":300,"url":"https:\/\/www.uqac.ca\/uqactualites\/wp-content\/uploads\/2012\/05\/avis-laCommunaut-.jpg","type":"image\/jpeg"}],"author":"Service des communications et des relations publiques","twitter_card":"summary_large_image","twitter_misc":{"\u00c9crit par":"Service des communications et des relations publiques","Estimation du temps de lecture":"1 minute"},"schema":{"@context":"https:\/\/schema.org","@graph":[{"@type":"WebPage","@id":"https:\/\/www.uqac.ca\/uqactualites\/2016\/01\/14\/regard-des-quebecois-sur-le-monde-la-hongrie-par-majella-gauthier\/","url":"https:\/\/www.uqac.ca\/uqactualites\/2016\/01\/14\/regard-des-quebecois-sur-le-monde-la-hongrie-par-majella-gauthier\/","name":"Regard des Qu\u00e9b\u00e9cois sur le monde : La Hongrie, par Majella Gauthier - UQACtualit\u00e9s","isPartOf":{"@id":"https:\/\/www.uqac.ca\/uqactualites\/#website"},"primaryImageOfPage":{"@id":"https:\/\/www.uqac.ca\/uqactualites\/2016\/01\/14\/regard-des-quebecois-sur-le-monde-la-hongrie-par-majella-gauthier\/#primaryimage"},"image":{"@id":"https:\/\/www.uqac.ca\/uqactualites\/2016\/01\/14\/regard-des-quebecois-sur-le-monde-la-hongrie-par-majella-gauthier\/#primaryimage"},"thumbnailUrl":"https:\/\/www.uqac.ca\/uqactualites\/wp-content\/uploads\/2012\/05\/avis-laCommunaut-.jpg","datePublished":"2016-01-14T14:21:39+00:00","dateModified":"2016-01-14T14:21:39+00:00","author":{"@id":"https:\/\/www.uqac.ca\/uqactualites\/#\/schema\/person\/366c45a0c4f0e677b41b4af5886e2018"},"breadcrumb":{"@id":"https:\/\/www.uqac.ca\/uqactualites\/2016\/01\/14\/regard-des-quebecois-sur-le-monde-la-hongrie-par-majella-gauthier\/#breadcrumb"},"inLanguage":"fr-CA","potentialAction":[{"@type":"ReadAction","target":["https:\/\/www.uqac.ca\/uqactualites\/2016\/01\/14\/regard-des-quebecois-sur-le-monde-la-hongrie-par-majella-gauthier\/"]}]},{"@type":"ImageObject","inLanguage":"fr-CA","@id":"https:\/\/www.uqac.ca\/uqactualites\/2016\/01\/14\/regard-des-quebecois-sur-le-monde-la-hongrie-par-majella-gauthier\/#primaryimage","url":"https:\/\/www.uqac.ca\/uqactualites\/wp-content\/uploads\/2012\/05\/avis-laCommunaut-.jpg","contentUrl":"https:\/\/www.uqac.ca\/uqactualites\/wp-content\/uploads\/2012\/05\/avis-laCommunaut-.jpg","width":620,"height":300},{"@type":"BreadcrumbList","@id":"https:\/\/www.uqac.ca\/uqactualites\/2016\/01\/14\/regard-des-quebecois-sur-le-monde-la-hongrie-par-majella-gauthier\/#breadcrumb","itemListElement":[{"@type":"ListItem","position":1,"name":"Home","item":"https:\/\/www.uqac.ca\/uqactualites\/"},{"@type":"ListItem","position":2,"name":"Regard des Qu\u00e9b\u00e9cois sur le monde : La Hongrie, par Majella Gauthier"}]},{"@type":"WebSite","@id":"https:\/\/www.uqac.ca\/uqactualites\/#website","url":"https:\/\/www.uqac.ca\/uqactualites\/","name":"UQACtualit\u00e9s","description":"Le portail des nouvelles de l&#039;UQAC","potentialAction":[{"@type":"SearchAction","target":{"@type":"EntryPoint","urlTemplate":"https:\/\/www.uqac.ca\/uqactualites\/?s={search_term_string}"},"query-input":{"@type":"PropertyValueSpecification","valueRequired":true,"valueName":"search_term_string"}}],"inLanguage":"fr-CA"},{"@type":"Person","@id":"https:\/\/www.uqac.ca\/uqactualites\/#\/schema\/person\/366c45a0c4f0e677b41b4af5886e2018","name":"Service des communications et des relations publiques","image":{"@type":"ImageObject","inLanguage":"fr-CA","@id":"https:\/\/www.uqac.ca\/uqactualites\/#\/schema\/person\/image\/","url":"https:\/\/secure.gravatar.com\/avatar\/20fbbda8a292f59f2d3461a5b999c00b?s=96&d=mm&r=g","contentUrl":"https:\/\/secure.gravatar.com\/avatar\/20fbbda8a292f59f2d3461a5b999c00b?s=96&d=mm&r=g","caption":"Service des communications et des relations publiques"},"url":"https:\/\/www.uqac.ca\/uqactualites\/author\/bap\/"}]}},"_links":{"self":[{"href":"https:\/\/www.uqac.ca\/uqactualites\/wp-json\/wp\/v2\/posts\/31374"}],"collection":[{"href":"https:\/\/www.uqac.ca\/uqactualites\/wp-json\/wp\/v2\/posts"}],"about":[{"href":"https:\/\/www.uqac.ca\/uqactualites\/wp-json\/wp\/v2\/types\/post"}],"author":[{"embeddable":true,"href":"https:\/\/www.uqac.ca\/uqactualites\/wp-json\/wp\/v2\/users\/5"}],"replies":[{"embeddable":true,"href":"https:\/\/www.uqac.ca\/uqactualites\/wp-json\/wp\/v2\/comments?post=31374"}],"version-history":[{"count":0,"href":"https:\/\/www.uqac.ca\/uqactualites\/wp-json\/wp\/v2\/posts\/31374\/revisions"}],"wp:featuredmedia":[{"embeddable":true,"href":"https:\/\/www.uqac.ca\/uqactualites\/wp-json\/wp\/v2\/media\/20989"}],"wp:attachment":[{"href":"https:\/\/www.uqac.ca\/uqactualites\/wp-json\/wp\/v2\/media?parent=31374"}],"wp:term":[{"taxonomy":"category","embeddable":true,"href":"https:\/\/www.uqac.ca\/uqactualites\/wp-json\/wp\/v2\/categories?post=31374"},{"taxonomy":"post_tag","embeddable":true,"href":"https:\/\/www.uqac.ca\/uqactualites\/wp-json\/wp\/v2\/tags?post=31374"}],"curies":[{"name":"wp","href":"https:\/\/api.w.org\/{rel}","templated":true}]}}