{"id":31376,"date":"2016-01-14T11:32:48","date_gmt":"2016-01-14T16:32:48","guid":{"rendered":"http:\/\/uqactualite.odev.ca\/?p=31376"},"modified":"2016-01-14T11:32:48","modified_gmt":"2016-01-14T16:32:48","slug":"des-oeuvres-detudiants-au-bia-en-ligne-avec-la-fabrique-culturelle","status":"publish","type":"post","link":"https:\/\/www.uqac.ca\/uqactualites\/2016\/01\/14\/des-oeuvres-detudiants-au-bia-en-ligne-avec-la-fabrique-culturelle\/","title":{"rendered":"Des \u0153uvres d\u2019\u00e9tudiants au BIA en ligne avec la Fabrique culturelle"},"content":{"rendered":"<p style=\"text-align: justify\">Dans le cadre du cours Production audiovisuelle (7CIN248) donn\u00e9 l\u2019automne dernier \u00e0 l\u2019UQAC, des \u00e9tudiants au baccalaur\u00e9at interdisciplinaire en arts ont tourn\u00e9 des films \u00e0 l\u2019aide de t\u00e9l\u00e9phones cellulaires.<\/p>\n<p style=\"text-align: justify\">Ces \u0153uvres sont actuellement en ligne sur la plateforme \u00ab La communaut\u00e9 \u00bb de la Fabrique culturelle de T\u00e9l\u00e9-Qu\u00e9bec.<\/p>\n<p style=\"text-align: justify\"><span style=\"text-decoration: underline\"><strong><a href=\"http:\/\/www.lafabriqueculturelle.tv\/membres\/5250\/jean-chateauvert\" target=\"_blank\" rel=\"noopener\">Visionnez-les en ligne<\/a><\/strong><\/span> d\u00e8s maintenant!<\/p>\n<p style=\"text-align: justify\"><strong><br \/>\nRenseignements\u00a0:<br \/>\n<\/strong>Jean Chateauvert, professeur<br \/>\nD\u00e9partement des arts et des lettres<br \/>\nUniversit\u00e9 du Qu\u00e9bec \u00e0 Chicoutimi<br \/>\n418 545-5011, poste 5256\u00a0 \u25aa\u00a0 <span style=\"text-decoration: underline\"><a href=\"mailto:jean_chateauvert@uqac.ca\">jean_chateauvert@uqac.ca<\/a><\/span><\/p>\n","protected":false},"excerpt":{"rendered":"<p>Dans le cadre du cours Production audiovisuelle (7CIN248) donn\u00e9 l\u2019automne dernier \u00e0 l\u2019UQAC, des \u00e9tudiants au baccalaur\u00e9at interdisciplinaire en arts ont tourn\u00e9 des films \u00e0 l\u2019aide de t\u00e9l\u00e9phones cellulaires. Ces \u0153uvres sont actuellement en ligne sur la plateforme \u00ab La communaut\u00e9 \u00bb de la Fabrique culturelle de T\u00e9l\u00e9-Qu\u00e9bec. Visionnez-les en ligne d\u00e8s maintenant! Renseignements\u00a0: Jean [&hellip;]<\/p>\n","protected":false},"author":5,"featured_media":20989,"comment_status":"open","ping_status":"open","sticky":false,"template":"","format":"standard","meta":{"footnotes":""},"categories":[2772],"tags":[],"yoast_head":"<!-- This site is optimized with the Yoast SEO plugin v24.2 - https:\/\/yoast.com\/wordpress\/plugins\/seo\/ -->\r\n<title>Des \u0153uvres d\u2019\u00e9tudiants au BIA en ligne avec la Fabrique culturelle - UQACtualit\u00e9s<\/title>\r\n<meta name=\"robots\" content=\"index, follow, max-snippet:-1, max-image-preview:large, max-video-preview:-1\" \/>\r\n<link rel=\"canonical\" href=\"https:\/\/www.uqac.ca\/uqactualites\/2016\/01\/14\/des-oeuvres-detudiants-au-bia-en-ligne-avec-la-fabrique-culturelle\/\" \/>\r\n<meta property=\"og:locale\" content=\"fr_CA\" \/>\r\n<meta property=\"og:type\" content=\"article\" \/>\r\n<meta property=\"og:title\" content=\"Des \u0153uvres d\u2019\u00e9tudiants au BIA en ligne avec la Fabrique culturelle - UQACtualit\u00e9s\" \/>\r\n<meta property=\"og:description\" content=\"Dans le cadre du cours Production audiovisuelle (7CIN248) donn\u00e9 l\u2019automne dernier \u00e0 l\u2019UQAC, des \u00e9tudiants au baccalaur\u00e9at interdisciplinaire en arts ont tourn\u00e9 des films \u00e0 l\u2019aide de t\u00e9l\u00e9phones cellulaires. Ces \u0153uvres sont actuellement en ligne sur la plateforme \u00ab La communaut\u00e9 \u00bb de la Fabrique culturelle de T\u00e9l\u00e9-Qu\u00e9bec. Visionnez-les en ligne d\u00e8s maintenant! Renseignements\u00a0: Jean [&hellip;]\" \/>\r\n<meta property=\"og:url\" content=\"https:\/\/www.uqac.ca\/uqactualites\/2016\/01\/14\/des-oeuvres-detudiants-au-bia-en-ligne-avec-la-fabrique-culturelle\/\" \/>\r\n<meta property=\"og:site_name\" content=\"UQACtualit\u00e9s\" \/>\r\n<meta property=\"article:published_time\" content=\"2016-01-14T16:32:48+00:00\" \/>\r\n<meta property=\"og:image\" content=\"https:\/\/www.uqac.ca\/uqactualites\/wp-content\/uploads\/2012\/05\/avis-laCommunaut-.jpg\" \/>\r\n\t<meta property=\"og:image:width\" content=\"620\" \/>\r\n\t<meta property=\"og:image:height\" content=\"300\" \/>\r\n\t<meta property=\"og:image:type\" content=\"image\/jpeg\" \/>\r\n<meta name=\"author\" content=\"Service des communications et des relations publiques\" \/>\r\n<meta name=\"twitter:card\" content=\"summary_large_image\" \/>\r\n<meta name=\"twitter:label1\" content=\"\u00c9crit par\" \/>\n\t<meta name=\"twitter:data1\" content=\"Service des communications et des relations publiques\" \/>\r\n<script type=\"application\/ld+json\" class=\"yoast-schema-graph\">{\"@context\":\"https:\/\/schema.org\",\"@graph\":[{\"@type\":\"WebPage\",\"@id\":\"https:\/\/www.uqac.ca\/uqactualites\/2016\/01\/14\/des-oeuvres-detudiants-au-bia-en-ligne-avec-la-fabrique-culturelle\/\",\"url\":\"https:\/\/www.uqac.ca\/uqactualites\/2016\/01\/14\/des-oeuvres-detudiants-au-bia-en-ligne-avec-la-fabrique-culturelle\/\",\"name\":\"Des \u0153uvres d\u2019\u00e9tudiants au BIA en ligne avec la Fabrique culturelle - UQACtualit\u00e9s\",\"isPartOf\":{\"@id\":\"https:\/\/www.uqac.ca\/uqactualites\/#website\"},\"primaryImageOfPage\":{\"@id\":\"https:\/\/www.uqac.ca\/uqactualites\/2016\/01\/14\/des-oeuvres-detudiants-au-bia-en-ligne-avec-la-fabrique-culturelle\/#primaryimage\"},\"image\":{\"@id\":\"https:\/\/www.uqac.ca\/uqactualites\/2016\/01\/14\/des-oeuvres-detudiants-au-bia-en-ligne-avec-la-fabrique-culturelle\/#primaryimage\"},\"thumbnailUrl\":\"https:\/\/www.uqac.ca\/uqactualites\/wp-content\/uploads\/2012\/05\/avis-laCommunaut-.jpg\",\"datePublished\":\"2016-01-14T16:32:48+00:00\",\"dateModified\":\"2016-01-14T16:32:48+00:00\",\"author\":{\"@id\":\"https:\/\/www.uqac.ca\/uqactualites\/#\/schema\/person\/366c45a0c4f0e677b41b4af5886e2018\"},\"breadcrumb\":{\"@id\":\"https:\/\/www.uqac.ca\/uqactualites\/2016\/01\/14\/des-oeuvres-detudiants-au-bia-en-ligne-avec-la-fabrique-culturelle\/#breadcrumb\"},\"inLanguage\":\"fr-CA\",\"potentialAction\":[{\"@type\":\"ReadAction\",\"target\":[\"https:\/\/www.uqac.ca\/uqactualites\/2016\/01\/14\/des-oeuvres-detudiants-au-bia-en-ligne-avec-la-fabrique-culturelle\/\"]}]},{\"@type\":\"ImageObject\",\"inLanguage\":\"fr-CA\",\"@id\":\"https:\/\/www.uqac.ca\/uqactualites\/2016\/01\/14\/des-oeuvres-detudiants-au-bia-en-ligne-avec-la-fabrique-culturelle\/#primaryimage\",\"url\":\"https:\/\/www.uqac.ca\/uqactualites\/wp-content\/uploads\/2012\/05\/avis-laCommunaut-.jpg\",\"contentUrl\":\"https:\/\/www.uqac.ca\/uqactualites\/wp-content\/uploads\/2012\/05\/avis-laCommunaut-.jpg\",\"width\":620,\"height\":300},{\"@type\":\"BreadcrumbList\",\"@id\":\"https:\/\/www.uqac.ca\/uqactualites\/2016\/01\/14\/des-oeuvres-detudiants-au-bia-en-ligne-avec-la-fabrique-culturelle\/#breadcrumb\",\"itemListElement\":[{\"@type\":\"ListItem\",\"position\":1,\"name\":\"Home\",\"item\":\"https:\/\/www.uqac.ca\/uqactualites\/\"},{\"@type\":\"ListItem\",\"position\":2,\"name\":\"Des \u0153uvres d\u2019\u00e9tudiants au BIA en ligne avec la Fabrique culturelle\"}]},{\"@type\":\"WebSite\",\"@id\":\"https:\/\/www.uqac.ca\/uqactualites\/#website\",\"url\":\"https:\/\/www.uqac.ca\/uqactualites\/\",\"name\":\"UQACtualit\u00e9s\",\"description\":\"Le portail des nouvelles de l&#039;UQAC\",\"potentialAction\":[{\"@type\":\"SearchAction\",\"target\":{\"@type\":\"EntryPoint\",\"urlTemplate\":\"https:\/\/www.uqac.ca\/uqactualites\/?s={search_term_string}\"},\"query-input\":{\"@type\":\"PropertyValueSpecification\",\"valueRequired\":true,\"valueName\":\"search_term_string\"}}],\"inLanguage\":\"fr-CA\"},{\"@type\":\"Person\",\"@id\":\"https:\/\/www.uqac.ca\/uqactualites\/#\/schema\/person\/366c45a0c4f0e677b41b4af5886e2018\",\"name\":\"Service des communications et des relations publiques\",\"image\":{\"@type\":\"ImageObject\",\"inLanguage\":\"fr-CA\",\"@id\":\"https:\/\/www.uqac.ca\/uqactualites\/#\/schema\/person\/image\/\",\"url\":\"https:\/\/secure.gravatar.com\/avatar\/20fbbda8a292f59f2d3461a5b999c00b?s=96&d=mm&r=g\",\"contentUrl\":\"https:\/\/secure.gravatar.com\/avatar\/20fbbda8a292f59f2d3461a5b999c00b?s=96&d=mm&r=g\",\"caption\":\"Service des communications et des relations publiques\"},\"url\":\"https:\/\/www.uqac.ca\/uqactualites\/author\/bap\/\"}]}<\/script>\r\n<!-- \/ Yoast SEO plugin. -->","yoast_head_json":{"title":"Des \u0153uvres d\u2019\u00e9tudiants au BIA en ligne avec la Fabrique culturelle - UQACtualit\u00e9s","robots":{"index":"index","follow":"follow","max-snippet":"max-snippet:-1","max-image-preview":"max-image-preview:large","max-video-preview":"max-video-preview:-1"},"canonical":"https:\/\/www.uqac.ca\/uqactualites\/2016\/01\/14\/des-oeuvres-detudiants-au-bia-en-ligne-avec-la-fabrique-culturelle\/","og_locale":"fr_CA","og_type":"article","og_title":"Des \u0153uvres d\u2019\u00e9tudiants au BIA en ligne avec la Fabrique culturelle - UQACtualit\u00e9s","og_description":"Dans le cadre du cours Production audiovisuelle (7CIN248) donn\u00e9 l\u2019automne dernier \u00e0 l\u2019UQAC, des \u00e9tudiants au baccalaur\u00e9at interdisciplinaire en arts ont tourn\u00e9 des films \u00e0 l\u2019aide de t\u00e9l\u00e9phones cellulaires. Ces \u0153uvres sont actuellement en ligne sur la plateforme \u00ab La communaut\u00e9 \u00bb de la Fabrique culturelle de T\u00e9l\u00e9-Qu\u00e9bec. Visionnez-les en ligne d\u00e8s maintenant! Renseignements\u00a0: Jean [&hellip;]","og_url":"https:\/\/www.uqac.ca\/uqactualites\/2016\/01\/14\/des-oeuvres-detudiants-au-bia-en-ligne-avec-la-fabrique-culturelle\/","og_site_name":"UQACtualit\u00e9s","article_published_time":"2016-01-14T16:32:48+00:00","og_image":[{"width":620,"height":300,"url":"https:\/\/www.uqac.ca\/uqactualites\/wp-content\/uploads\/2012\/05\/avis-laCommunaut-.jpg","type":"image\/jpeg"}],"author":"Service des communications et des relations publiques","twitter_card":"summary_large_image","twitter_misc":{"\u00c9crit par":"Service des communications et des relations publiques"},"schema":{"@context":"https:\/\/schema.org","@graph":[{"@type":"WebPage","@id":"https:\/\/www.uqac.ca\/uqactualites\/2016\/01\/14\/des-oeuvres-detudiants-au-bia-en-ligne-avec-la-fabrique-culturelle\/","url":"https:\/\/www.uqac.ca\/uqactualites\/2016\/01\/14\/des-oeuvres-detudiants-au-bia-en-ligne-avec-la-fabrique-culturelle\/","name":"Des \u0153uvres d\u2019\u00e9tudiants au BIA en ligne avec la Fabrique culturelle - UQACtualit\u00e9s","isPartOf":{"@id":"https:\/\/www.uqac.ca\/uqactualites\/#website"},"primaryImageOfPage":{"@id":"https:\/\/www.uqac.ca\/uqactualites\/2016\/01\/14\/des-oeuvres-detudiants-au-bia-en-ligne-avec-la-fabrique-culturelle\/#primaryimage"},"image":{"@id":"https:\/\/www.uqac.ca\/uqactualites\/2016\/01\/14\/des-oeuvres-detudiants-au-bia-en-ligne-avec-la-fabrique-culturelle\/#primaryimage"},"thumbnailUrl":"https:\/\/www.uqac.ca\/uqactualites\/wp-content\/uploads\/2012\/05\/avis-laCommunaut-.jpg","datePublished":"2016-01-14T16:32:48+00:00","dateModified":"2016-01-14T16:32:48+00:00","author":{"@id":"https:\/\/www.uqac.ca\/uqactualites\/#\/schema\/person\/366c45a0c4f0e677b41b4af5886e2018"},"breadcrumb":{"@id":"https:\/\/www.uqac.ca\/uqactualites\/2016\/01\/14\/des-oeuvres-detudiants-au-bia-en-ligne-avec-la-fabrique-culturelle\/#breadcrumb"},"inLanguage":"fr-CA","potentialAction":[{"@type":"ReadAction","target":["https:\/\/www.uqac.ca\/uqactualites\/2016\/01\/14\/des-oeuvres-detudiants-au-bia-en-ligne-avec-la-fabrique-culturelle\/"]}]},{"@type":"ImageObject","inLanguage":"fr-CA","@id":"https:\/\/www.uqac.ca\/uqactualites\/2016\/01\/14\/des-oeuvres-detudiants-au-bia-en-ligne-avec-la-fabrique-culturelle\/#primaryimage","url":"https:\/\/www.uqac.ca\/uqactualites\/wp-content\/uploads\/2012\/05\/avis-laCommunaut-.jpg","contentUrl":"https:\/\/www.uqac.ca\/uqactualites\/wp-content\/uploads\/2012\/05\/avis-laCommunaut-.jpg","width":620,"height":300},{"@type":"BreadcrumbList","@id":"https:\/\/www.uqac.ca\/uqactualites\/2016\/01\/14\/des-oeuvres-detudiants-au-bia-en-ligne-avec-la-fabrique-culturelle\/#breadcrumb","itemListElement":[{"@type":"ListItem","position":1,"name":"Home","item":"https:\/\/www.uqac.ca\/uqactualites\/"},{"@type":"ListItem","position":2,"name":"Des \u0153uvres d\u2019\u00e9tudiants au BIA en ligne avec la Fabrique culturelle"}]},{"@type":"WebSite","@id":"https:\/\/www.uqac.ca\/uqactualites\/#website","url":"https:\/\/www.uqac.ca\/uqactualites\/","name":"UQACtualit\u00e9s","description":"Le portail des nouvelles de l&#039;UQAC","potentialAction":[{"@type":"SearchAction","target":{"@type":"EntryPoint","urlTemplate":"https:\/\/www.uqac.ca\/uqactualites\/?s={search_term_string}"},"query-input":{"@type":"PropertyValueSpecification","valueRequired":true,"valueName":"search_term_string"}}],"inLanguage":"fr-CA"},{"@type":"Person","@id":"https:\/\/www.uqac.ca\/uqactualites\/#\/schema\/person\/366c45a0c4f0e677b41b4af5886e2018","name":"Service des communications et des relations publiques","image":{"@type":"ImageObject","inLanguage":"fr-CA","@id":"https:\/\/www.uqac.ca\/uqactualites\/#\/schema\/person\/image\/","url":"https:\/\/secure.gravatar.com\/avatar\/20fbbda8a292f59f2d3461a5b999c00b?s=96&d=mm&r=g","contentUrl":"https:\/\/secure.gravatar.com\/avatar\/20fbbda8a292f59f2d3461a5b999c00b?s=96&d=mm&r=g","caption":"Service des communications et des relations publiques"},"url":"https:\/\/www.uqac.ca\/uqactualites\/author\/bap\/"}]}},"_links":{"self":[{"href":"https:\/\/www.uqac.ca\/uqactualites\/wp-json\/wp\/v2\/posts\/31376"}],"collection":[{"href":"https:\/\/www.uqac.ca\/uqactualites\/wp-json\/wp\/v2\/posts"}],"about":[{"href":"https:\/\/www.uqac.ca\/uqactualites\/wp-json\/wp\/v2\/types\/post"}],"author":[{"embeddable":true,"href":"https:\/\/www.uqac.ca\/uqactualites\/wp-json\/wp\/v2\/users\/5"}],"replies":[{"embeddable":true,"href":"https:\/\/www.uqac.ca\/uqactualites\/wp-json\/wp\/v2\/comments?post=31376"}],"version-history":[{"count":0,"href":"https:\/\/www.uqac.ca\/uqactualites\/wp-json\/wp\/v2\/posts\/31376\/revisions"}],"wp:featuredmedia":[{"embeddable":true,"href":"https:\/\/www.uqac.ca\/uqactualites\/wp-json\/wp\/v2\/media\/20989"}],"wp:attachment":[{"href":"https:\/\/www.uqac.ca\/uqactualites\/wp-json\/wp\/v2\/media?parent=31376"}],"wp:term":[{"taxonomy":"category","embeddable":true,"href":"https:\/\/www.uqac.ca\/uqactualites\/wp-json\/wp\/v2\/categories?post=31376"},{"taxonomy":"post_tag","embeddable":true,"href":"https:\/\/www.uqac.ca\/uqactualites\/wp-json\/wp\/v2\/tags?post=31376"}],"curies":[{"name":"wp","href":"https:\/\/api.w.org\/{rel}","templated":true}]}}