{"id":31385,"date":"2016-01-20T10:26:47","date_gmt":"2016-01-20T15:26:47","guid":{"rendered":"http:\/\/uqactualite.odev.ca\/?p=31385"},"modified":"2016-01-20T10:26:47","modified_gmt":"2016-01-20T15:26:47","slug":"laszlo-kiss-recoit-le-prix-dennis-gabor-award","status":"publish","type":"post","link":"https:\/\/www.uqac.ca\/uqactualites\/2016\/01\/20\/laszlo-kiss-recoit-le-prix-dennis-gabor-award\/","title":{"rendered":"L\u00e1szl\u00f3 Kiss re\u00e7oit le prix Dennis Gabor Award"},"content":{"rendered":"<p>L\u00e1szl\u00f3 Kiss, professeur au D\u00e9partement des sciences appliqu\u00e9es de l\u2019UQAC, a re\u00e7u, le 17 d\u00e9cembre dernier, au Parlement hongrois, le prix \u00ab\u00a0Dennis Gabor Award\u00a0\u00bb.<\/p>\n<p>Cette distinction d\u00e9cern\u00e9e \u00e0 un chercheur exceptionnel d\u2019origine hongroise demeurant hors du pays reconnait l\u2019excellence des travaux de recherche multidisciplinaire et les efforts pour renforcer les \u00e9changes scientifiques entre le Canada et la Hongrie. Le prix a \u00e9t\u00e9 remis par le pr\u00e9sident de l\u2019Assembl\u00e9e nationale de la Hongrie, en pr\u00e9sence de l\u2019ambassadeur du Canada et de nombreux ministres et autres dignitaires.<\/p>\n<p>Ce prix porte le nom de Dennis Gabor, laur\u00e9at du prix Nobel; il est l\u2019inventeur de la m\u00e9thode holographique.<\/p>\n<p><strong>Source\u00a0:<br \/>\n<\/strong>Bureau des affaires publiques<br \/>\nUniversit\u00e9 du Qu\u00e9bec \u00e0 Chicoutimi<br \/>\n418\u00a0545-5011, poste 2350\u00a0 \u25aa\u00a0 <a href=\"mailto:affaires_publiques@uqac.ca\">affaires_publiques@uqac.ca<\/a><\/p>\n<hr \/>\n<p><span style=\"color: #808080\">Sur la photo : au centre, L\u00e1szl\u00f3 K\u00f6v\u00e9r, pr\u00e9sident de l\u2019Assembl\u00e9e nationale, L\u00e1szl\u00f3 Kiss et J\u00f3zsef Gyulai, pr\u00e9sident de la Fondation Dennis Gabor.<\/span><\/p>\n<hr \/>\n<p>&nbsp;<\/p>\n<p>&nbsp;<\/p>\n","protected":false},"excerpt":{"rendered":"<p>L\u00e1szl\u00f3 Kiss, professeur au D\u00e9partement des sciences appliqu\u00e9es de l\u2019UQAC, a re\u00e7u, le 17 d\u00e9cembre dernier, au Parlement hongrois, le prix \u00ab\u00a0Dennis Gabor Award\u00a0\u00bb. Cette distinction d\u00e9cern\u00e9e \u00e0 un chercheur exceptionnel d\u2019origine hongroise demeurant hors du pays reconnait l\u2019excellence des travaux de recherche multidisciplinaire et les efforts pour renforcer les \u00e9changes scientifiques entre le Canada [&hellip;]<\/p>\n","protected":false},"author":5,"featured_media":31386,"comment_status":"open","ping_status":"open","sticky":false,"template":"","format":"standard","meta":{"footnotes":""},"categories":[2,9],"tags":[],"yoast_head":"<!-- This site is optimized with the Yoast SEO plugin v24.2 - https:\/\/yoast.com\/wordpress\/plugins\/seo\/ -->\r\n<title>L\u00e1szl\u00f3 Kiss re\u00e7oit le prix Dennis Gabor Award - UQACtualit\u00e9s<\/title>\r\n<meta name=\"robots\" content=\"index, follow, max-snippet:-1, max-image-preview:large, max-video-preview:-1\" \/>\r\n<link rel=\"canonical\" href=\"https:\/\/www.uqac.ca\/uqactualites\/2016\/01\/20\/laszlo-kiss-recoit-le-prix-dennis-gabor-award\/\" \/>\r\n<meta property=\"og:locale\" content=\"fr_CA\" \/>\r\n<meta property=\"og:type\" content=\"article\" \/>\r\n<meta property=\"og:title\" content=\"L\u00e1szl\u00f3 Kiss re\u00e7oit le prix Dennis Gabor Award - UQACtualit\u00e9s\" \/>\r\n<meta property=\"og:description\" content=\"L\u00e1szl\u00f3 Kiss, professeur au D\u00e9partement des sciences appliqu\u00e9es de l\u2019UQAC, a re\u00e7u, le 17 d\u00e9cembre dernier, au Parlement hongrois, le prix \u00ab\u00a0Dennis Gabor Award\u00a0\u00bb. Cette distinction d\u00e9cern\u00e9e \u00e0 un chercheur exceptionnel d\u2019origine hongroise demeurant hors du pays reconnait l\u2019excellence des travaux de recherche multidisciplinaire et les efforts pour renforcer les \u00e9changes scientifiques entre le Canada [&hellip;]\" \/>\r\n<meta property=\"og:url\" content=\"https:\/\/www.uqac.ca\/uqactualites\/2016\/01\/20\/laszlo-kiss-recoit-le-prix-dennis-gabor-award\/\" \/>\r\n<meta property=\"og:site_name\" content=\"UQACtualit\u00e9s\" \/>\r\n<meta property=\"article:published_time\" content=\"2016-01-20T15:26:47+00:00\" \/>\r\n<meta property=\"og:image\" content=\"https:\/\/www.uqac.ca\/uqactualites\/wp-content\/uploads\/2016\/01\/L-KissH16-2.jpg\" \/>\r\n\t<meta property=\"og:image:width\" content=\"2009\" \/>\r\n\t<meta property=\"og:image:height\" content=\"990\" \/>\r\n\t<meta property=\"og:image:type\" content=\"image\/jpeg\" \/>\r\n<meta name=\"author\" content=\"Service des communications et des relations publiques\" \/>\r\n<meta name=\"twitter:card\" content=\"summary_large_image\" \/>\r\n<meta name=\"twitter:label1\" content=\"\u00c9crit par\" \/>\n\t<meta name=\"twitter:data1\" content=\"Service des communications et des relations publiques\" \/>\n\t<meta name=\"twitter:label2\" content=\"Estimation du temps de lecture\" \/>\n\t<meta name=\"twitter:data2\" content=\"1 minute\" \/>\r\n<script type=\"application\/ld+json\" class=\"yoast-schema-graph\">{\"@context\":\"https:\/\/schema.org\",\"@graph\":[{\"@type\":\"WebPage\",\"@id\":\"https:\/\/www.uqac.ca\/uqactualites\/2016\/01\/20\/laszlo-kiss-recoit-le-prix-dennis-gabor-award\/\",\"url\":\"https:\/\/www.uqac.ca\/uqactualites\/2016\/01\/20\/laszlo-kiss-recoit-le-prix-dennis-gabor-award\/\",\"name\":\"L\u00e1szl\u00f3 Kiss re\u00e7oit le prix Dennis Gabor Award - UQACtualit\u00e9s\",\"isPartOf\":{\"@id\":\"https:\/\/www.uqac.ca\/uqactualites\/#website\"},\"primaryImageOfPage\":{\"@id\":\"https:\/\/www.uqac.ca\/uqactualites\/2016\/01\/20\/laszlo-kiss-recoit-le-prix-dennis-gabor-award\/#primaryimage\"},\"image\":{\"@id\":\"https:\/\/www.uqac.ca\/uqactualites\/2016\/01\/20\/laszlo-kiss-recoit-le-prix-dennis-gabor-award\/#primaryimage\"},\"thumbnailUrl\":\"https:\/\/www.uqac.ca\/uqactualites\/wp-content\/uploads\/2016\/01\/L-KissH16-2.jpg\",\"datePublished\":\"2016-01-20T15:26:47+00:00\",\"dateModified\":\"2016-01-20T15:26:47+00:00\",\"author\":{\"@id\":\"https:\/\/www.uqac.ca\/uqactualites\/#\/schema\/person\/366c45a0c4f0e677b41b4af5886e2018\"},\"breadcrumb\":{\"@id\":\"https:\/\/www.uqac.ca\/uqactualites\/2016\/01\/20\/laszlo-kiss-recoit-le-prix-dennis-gabor-award\/#breadcrumb\"},\"inLanguage\":\"fr-CA\",\"potentialAction\":[{\"@type\":\"ReadAction\",\"target\":[\"https:\/\/www.uqac.ca\/uqactualites\/2016\/01\/20\/laszlo-kiss-recoit-le-prix-dennis-gabor-award\/\"]}]},{\"@type\":\"ImageObject\",\"inLanguage\":\"fr-CA\",\"@id\":\"https:\/\/www.uqac.ca\/uqactualites\/2016\/01\/20\/laszlo-kiss-recoit-le-prix-dennis-gabor-award\/#primaryimage\",\"url\":\"https:\/\/www.uqac.ca\/uqactualites\/wp-content\/uploads\/2016\/01\/L-KissH16-2.jpg\",\"contentUrl\":\"https:\/\/www.uqac.ca\/uqactualites\/wp-content\/uploads\/2016\/01\/L-KissH16-2.jpg\",\"width\":2009,\"height\":990},{\"@type\":\"BreadcrumbList\",\"@id\":\"https:\/\/www.uqac.ca\/uqactualites\/2016\/01\/20\/laszlo-kiss-recoit-le-prix-dennis-gabor-award\/#breadcrumb\",\"itemListElement\":[{\"@type\":\"ListItem\",\"position\":1,\"name\":\"Home\",\"item\":\"https:\/\/www.uqac.ca\/uqactualites\/\"},{\"@type\":\"ListItem\",\"position\":2,\"name\":\"L\u00e1szl\u00f3 Kiss re\u00e7oit le prix Dennis Gabor Award\"}]},{\"@type\":\"WebSite\",\"@id\":\"https:\/\/www.uqac.ca\/uqactualites\/#website\",\"url\":\"https:\/\/www.uqac.ca\/uqactualites\/\",\"name\":\"UQACtualit\u00e9s\",\"description\":\"Le portail des nouvelles de l&#039;UQAC\",\"potentialAction\":[{\"@type\":\"SearchAction\",\"target\":{\"@type\":\"EntryPoint\",\"urlTemplate\":\"https:\/\/www.uqac.ca\/uqactualites\/?s={search_term_string}\"},\"query-input\":{\"@type\":\"PropertyValueSpecification\",\"valueRequired\":true,\"valueName\":\"search_term_string\"}}],\"inLanguage\":\"fr-CA\"},{\"@type\":\"Person\",\"@id\":\"https:\/\/www.uqac.ca\/uqactualites\/#\/schema\/person\/366c45a0c4f0e677b41b4af5886e2018\",\"name\":\"Service des communications et des relations publiques\",\"image\":{\"@type\":\"ImageObject\",\"inLanguage\":\"fr-CA\",\"@id\":\"https:\/\/www.uqac.ca\/uqactualites\/#\/schema\/person\/image\/\",\"url\":\"https:\/\/secure.gravatar.com\/avatar\/20fbbda8a292f59f2d3461a5b999c00b?s=96&d=mm&r=g\",\"contentUrl\":\"https:\/\/secure.gravatar.com\/avatar\/20fbbda8a292f59f2d3461a5b999c00b?s=96&d=mm&r=g\",\"caption\":\"Service des communications et des relations publiques\"},\"url\":\"https:\/\/www.uqac.ca\/uqactualites\/author\/bap\/\"}]}<\/script>\r\n<!-- \/ Yoast SEO plugin. -->","yoast_head_json":{"title":"L\u00e1szl\u00f3 Kiss re\u00e7oit le prix Dennis Gabor Award - UQACtualit\u00e9s","robots":{"index":"index","follow":"follow","max-snippet":"max-snippet:-1","max-image-preview":"max-image-preview:large","max-video-preview":"max-video-preview:-1"},"canonical":"https:\/\/www.uqac.ca\/uqactualites\/2016\/01\/20\/laszlo-kiss-recoit-le-prix-dennis-gabor-award\/","og_locale":"fr_CA","og_type":"article","og_title":"L\u00e1szl\u00f3 Kiss re\u00e7oit le prix Dennis Gabor Award - UQACtualit\u00e9s","og_description":"L\u00e1szl\u00f3 Kiss, professeur au D\u00e9partement des sciences appliqu\u00e9es de l\u2019UQAC, a re\u00e7u, le 17 d\u00e9cembre dernier, au Parlement hongrois, le prix \u00ab\u00a0Dennis Gabor Award\u00a0\u00bb. Cette distinction d\u00e9cern\u00e9e \u00e0 un chercheur exceptionnel d\u2019origine hongroise demeurant hors du pays reconnait l\u2019excellence des travaux de recherche multidisciplinaire et les efforts pour renforcer les \u00e9changes scientifiques entre le Canada [&hellip;]","og_url":"https:\/\/www.uqac.ca\/uqactualites\/2016\/01\/20\/laszlo-kiss-recoit-le-prix-dennis-gabor-award\/","og_site_name":"UQACtualit\u00e9s","article_published_time":"2016-01-20T15:26:47+00:00","og_image":[{"width":2009,"height":990,"url":"https:\/\/www.uqac.ca\/uqactualites\/wp-content\/uploads\/2016\/01\/L-KissH16-2.jpg","type":"image\/jpeg"}],"author":"Service des communications et des relations publiques","twitter_card":"summary_large_image","twitter_misc":{"\u00c9crit par":"Service des communications et des relations publiques","Estimation du temps de lecture":"1 minute"},"schema":{"@context":"https:\/\/schema.org","@graph":[{"@type":"WebPage","@id":"https:\/\/www.uqac.ca\/uqactualites\/2016\/01\/20\/laszlo-kiss-recoit-le-prix-dennis-gabor-award\/","url":"https:\/\/www.uqac.ca\/uqactualites\/2016\/01\/20\/laszlo-kiss-recoit-le-prix-dennis-gabor-award\/","name":"L\u00e1szl\u00f3 Kiss re\u00e7oit le prix Dennis Gabor Award - UQACtualit\u00e9s","isPartOf":{"@id":"https:\/\/www.uqac.ca\/uqactualites\/#website"},"primaryImageOfPage":{"@id":"https:\/\/www.uqac.ca\/uqactualites\/2016\/01\/20\/laszlo-kiss-recoit-le-prix-dennis-gabor-award\/#primaryimage"},"image":{"@id":"https:\/\/www.uqac.ca\/uqactualites\/2016\/01\/20\/laszlo-kiss-recoit-le-prix-dennis-gabor-award\/#primaryimage"},"thumbnailUrl":"https:\/\/www.uqac.ca\/uqactualites\/wp-content\/uploads\/2016\/01\/L-KissH16-2.jpg","datePublished":"2016-01-20T15:26:47+00:00","dateModified":"2016-01-20T15:26:47+00:00","author":{"@id":"https:\/\/www.uqac.ca\/uqactualites\/#\/schema\/person\/366c45a0c4f0e677b41b4af5886e2018"},"breadcrumb":{"@id":"https:\/\/www.uqac.ca\/uqactualites\/2016\/01\/20\/laszlo-kiss-recoit-le-prix-dennis-gabor-award\/#breadcrumb"},"inLanguage":"fr-CA","potentialAction":[{"@type":"ReadAction","target":["https:\/\/www.uqac.ca\/uqactualites\/2016\/01\/20\/laszlo-kiss-recoit-le-prix-dennis-gabor-award\/"]}]},{"@type":"ImageObject","inLanguage":"fr-CA","@id":"https:\/\/www.uqac.ca\/uqactualites\/2016\/01\/20\/laszlo-kiss-recoit-le-prix-dennis-gabor-award\/#primaryimage","url":"https:\/\/www.uqac.ca\/uqactualites\/wp-content\/uploads\/2016\/01\/L-KissH16-2.jpg","contentUrl":"https:\/\/www.uqac.ca\/uqactualites\/wp-content\/uploads\/2016\/01\/L-KissH16-2.jpg","width":2009,"height":990},{"@type":"BreadcrumbList","@id":"https:\/\/www.uqac.ca\/uqactualites\/2016\/01\/20\/laszlo-kiss-recoit-le-prix-dennis-gabor-award\/#breadcrumb","itemListElement":[{"@type":"ListItem","position":1,"name":"Home","item":"https:\/\/www.uqac.ca\/uqactualites\/"},{"@type":"ListItem","position":2,"name":"L\u00e1szl\u00f3 Kiss re\u00e7oit le prix Dennis Gabor Award"}]},{"@type":"WebSite","@id":"https:\/\/www.uqac.ca\/uqactualites\/#website","url":"https:\/\/www.uqac.ca\/uqactualites\/","name":"UQACtualit\u00e9s","description":"Le portail des nouvelles de l&#039;UQAC","potentialAction":[{"@type":"SearchAction","target":{"@type":"EntryPoint","urlTemplate":"https:\/\/www.uqac.ca\/uqactualites\/?s={search_term_string}"},"query-input":{"@type":"PropertyValueSpecification","valueRequired":true,"valueName":"search_term_string"}}],"inLanguage":"fr-CA"},{"@type":"Person","@id":"https:\/\/www.uqac.ca\/uqactualites\/#\/schema\/person\/366c45a0c4f0e677b41b4af5886e2018","name":"Service des communications et des relations publiques","image":{"@type":"ImageObject","inLanguage":"fr-CA","@id":"https:\/\/www.uqac.ca\/uqactualites\/#\/schema\/person\/image\/","url":"https:\/\/secure.gravatar.com\/avatar\/20fbbda8a292f59f2d3461a5b999c00b?s=96&d=mm&r=g","contentUrl":"https:\/\/secure.gravatar.com\/avatar\/20fbbda8a292f59f2d3461a5b999c00b?s=96&d=mm&r=g","caption":"Service des communications et des relations publiques"},"url":"https:\/\/www.uqac.ca\/uqactualites\/author\/bap\/"}]}},"_links":{"self":[{"href":"https:\/\/www.uqac.ca\/uqactualites\/wp-json\/wp\/v2\/posts\/31385"}],"collection":[{"href":"https:\/\/www.uqac.ca\/uqactualites\/wp-json\/wp\/v2\/posts"}],"about":[{"href":"https:\/\/www.uqac.ca\/uqactualites\/wp-json\/wp\/v2\/types\/post"}],"author":[{"embeddable":true,"href":"https:\/\/www.uqac.ca\/uqactualites\/wp-json\/wp\/v2\/users\/5"}],"replies":[{"embeddable":true,"href":"https:\/\/www.uqac.ca\/uqactualites\/wp-json\/wp\/v2\/comments?post=31385"}],"version-history":[{"count":0,"href":"https:\/\/www.uqac.ca\/uqactualites\/wp-json\/wp\/v2\/posts\/31385\/revisions"}],"wp:featuredmedia":[{"embeddable":true,"href":"https:\/\/www.uqac.ca\/uqactualites\/wp-json\/wp\/v2\/media\/31386"}],"wp:attachment":[{"href":"https:\/\/www.uqac.ca\/uqactualites\/wp-json\/wp\/v2\/media?parent=31385"}],"wp:term":[{"taxonomy":"category","embeddable":true,"href":"https:\/\/www.uqac.ca\/uqactualites\/wp-json\/wp\/v2\/categories?post=31385"},{"taxonomy":"post_tag","embeddable":true,"href":"https:\/\/www.uqac.ca\/uqactualites\/wp-json\/wp\/v2\/tags?post=31385"}],"curies":[{"name":"wp","href":"https:\/\/api.w.org\/{rel}","templated":true}]}}