{"id":31477,"date":"2016-02-10T14:15:23","date_gmt":"2016-02-10T19:15:23","guid":{"rendered":"http:\/\/uqactualite.odev.ca\/?p=31477"},"modified":"2016-02-10T14:15:23","modified_gmt":"2016-02-10T19:15:23","slug":"lancement-de-luqac-en-revue","status":"publish","type":"post","link":"https:\/\/www.uqac.ca\/uqactualites\/2016\/02\/10\/lancement-de-luqac-en-revue\/","title":{"rendered":"Lancement de l&rsquo;UQAC en revue"},"content":{"rendered":"<p style=\"text-align: justify\">Membres des m\u00e9dias, vous \u00eates convi\u00e9s \u00e0 assister au lancement de la toute nouvelle \u00e9dition de l\u2019<em>UQAC en revue<\/em>, d\u00e9sormais propos\u00e9e exclusivement en format num\u00e9rique\u00a0:<\/p>\n<p style=\"text-align: center\">\u00a0Jeudi 11 f\u00e9vrier 2016\u00a0 \u25aa\u00a0 16 h 30<br \/>\n<strong>BarUQAC (Pavillon principal)<\/strong><\/p>\n<p style=\"text-align: justify\">Le lancement de ce nouveau num\u00e9ro de notre publication institutionnelle, dont la th\u00e9matique s\u2019inscrit parfaitement dans le cadre du <span style=\"text-decoration: underline\"><a href=\"https:\/\/festivaldesfinissants2016.wordpress.com\/\" target=\"_blank\" rel=\"noopener\">Festival des \u00e9tudiants en arts<\/a><\/span>, sera l\u2019occasion de mettre en lumi\u00e8re le lien incontournable unissant l\u2019art et la technologie.<\/p>\n<p style=\"text-align: justify\">Soyez des n\u00f4tres pour le d\u00e9voilement de la toute nouvelle plateforme num\u00e9rique et pour souligner la mise en ligne de la premi\u00e8re \u00e9dition interactive de l\u2019<em>UQAC en revue<\/em>. Apportez votre tablette \u00e9lectronique\u00a0!<\/p>\n<p style=\"text-align: justify\"><strong><br \/>\nRenseignements et confirmations de pr\u00e9sence :<br \/>\n<\/strong>Marie-France Audet, agente d\u2019information<br \/>\nBureau des affaires publiques<br \/>\nUniversit\u00e9 du Qu\u00e9bec \u00e0 Chicoutimi<br \/>\n418\u00a0545-5011, poste 2274\u00a0 \u25aa\u00a0 <span style=\"text-decoration: underline\"><a href=\"mailto:marie-france_audet@uqac.ca\">marie-france_audet@uqac.ca<\/a><\/span><\/p>\n","protected":false},"excerpt":{"rendered":"<p>Membres des m\u00e9dias, vous \u00eates convi\u00e9s \u00e0 assister au lancement de la toute nouvelle \u00e9dition de l\u2019UQAC en revue, d\u00e9sormais propos\u00e9e exclusivement en format num\u00e9rique\u00a0: \u00a0Jeudi 11 f\u00e9vrier 2016\u00a0 \u25aa\u00a0 16 h 30 BarUQAC (Pavillon principal) Le lancement de ce nouveau num\u00e9ro de notre publication institutionnelle, dont la th\u00e9matique s\u2019inscrit parfaitement dans le cadre du [&hellip;]<\/p>\n","protected":false},"author":5,"featured_media":23893,"comment_status":"open","ping_status":"open","sticky":false,"template":"","format":"standard","meta":{"footnotes":""},"categories":[2772],"tags":[],"yoast_head":"<!-- This site is optimized with the Yoast SEO plugin v24.2 - https:\/\/yoast.com\/wordpress\/plugins\/seo\/ -->\r\n<title>Lancement de l&#039;UQAC en revue - UQACtualit\u00e9s<\/title>\r\n<meta name=\"robots\" content=\"index, follow, max-snippet:-1, max-image-preview:large, max-video-preview:-1\" \/>\r\n<link rel=\"canonical\" href=\"https:\/\/www.uqac.ca\/uqactualites\/2016\/02\/10\/lancement-de-luqac-en-revue\/\" \/>\r\n<meta property=\"og:locale\" content=\"fr_CA\" \/>\r\n<meta property=\"og:type\" content=\"article\" \/>\r\n<meta property=\"og:title\" content=\"Lancement de l&#039;UQAC en revue - UQACtualit\u00e9s\" \/>\r\n<meta property=\"og:description\" content=\"Membres des m\u00e9dias, vous \u00eates convi\u00e9s \u00e0 assister au lancement de la toute nouvelle \u00e9dition de l\u2019UQAC en revue, d\u00e9sormais propos\u00e9e exclusivement en format num\u00e9rique\u00a0: \u00a0Jeudi 11 f\u00e9vrier 2016\u00a0 \u25aa\u00a0 16 h 30 BarUQAC (Pavillon principal) Le lancement de ce nouveau num\u00e9ro de notre publication institutionnelle, dont la th\u00e9matique s\u2019inscrit parfaitement dans le cadre du [&hellip;]\" \/>\r\n<meta property=\"og:url\" content=\"https:\/\/www.uqac.ca\/uqactualites\/2016\/02\/10\/lancement-de-luqac-en-revue\/\" \/>\r\n<meta property=\"og:site_name\" content=\"UQACtualit\u00e9s\" \/>\r\n<meta property=\"article:published_time\" content=\"2016-02-10T19:15:23+00:00\" \/>\r\n<meta property=\"og:image\" content=\"https:\/\/www.uqac.ca\/uqactualites\/wp-content\/uploads\/2013\/04\/Invitation.jpg\" \/>\r\n\t<meta property=\"og:image:width\" content=\"620\" \/>\r\n\t<meta property=\"og:image:height\" content=\"300\" \/>\r\n\t<meta property=\"og:image:type\" content=\"image\/jpeg\" \/>\r\n<meta name=\"author\" content=\"Service des communications et des relations publiques\" \/>\r\n<meta name=\"twitter:card\" content=\"summary_large_image\" \/>\r\n<meta name=\"twitter:label1\" content=\"\u00c9crit par\" \/>\n\t<meta name=\"twitter:data1\" content=\"Service des communications et des relations publiques\" \/>\n\t<meta name=\"twitter:label2\" content=\"Estimation du temps de lecture\" \/>\n\t<meta name=\"twitter:data2\" content=\"1 minute\" \/>\r\n<script type=\"application\/ld+json\" class=\"yoast-schema-graph\">{\"@context\":\"https:\/\/schema.org\",\"@graph\":[{\"@type\":\"WebPage\",\"@id\":\"https:\/\/www.uqac.ca\/uqactualites\/2016\/02\/10\/lancement-de-luqac-en-revue\/\",\"url\":\"https:\/\/www.uqac.ca\/uqactualites\/2016\/02\/10\/lancement-de-luqac-en-revue\/\",\"name\":\"Lancement de l'UQAC en revue - UQACtualit\u00e9s\",\"isPartOf\":{\"@id\":\"https:\/\/www.uqac.ca\/uqactualites\/#website\"},\"primaryImageOfPage\":{\"@id\":\"https:\/\/www.uqac.ca\/uqactualites\/2016\/02\/10\/lancement-de-luqac-en-revue\/#primaryimage\"},\"image\":{\"@id\":\"https:\/\/www.uqac.ca\/uqactualites\/2016\/02\/10\/lancement-de-luqac-en-revue\/#primaryimage\"},\"thumbnailUrl\":\"https:\/\/www.uqac.ca\/uqactualites\/wp-content\/uploads\/2013\/04\/Invitation.jpg\",\"datePublished\":\"2016-02-10T19:15:23+00:00\",\"dateModified\":\"2016-02-10T19:15:23+00:00\",\"author\":{\"@id\":\"https:\/\/www.uqac.ca\/uqactualites\/#\/schema\/person\/366c45a0c4f0e677b41b4af5886e2018\"},\"breadcrumb\":{\"@id\":\"https:\/\/www.uqac.ca\/uqactualites\/2016\/02\/10\/lancement-de-luqac-en-revue\/#breadcrumb\"},\"inLanguage\":\"fr-CA\",\"potentialAction\":[{\"@type\":\"ReadAction\",\"target\":[\"https:\/\/www.uqac.ca\/uqactualites\/2016\/02\/10\/lancement-de-luqac-en-revue\/\"]}]},{\"@type\":\"ImageObject\",\"inLanguage\":\"fr-CA\",\"@id\":\"https:\/\/www.uqac.ca\/uqactualites\/2016\/02\/10\/lancement-de-luqac-en-revue\/#primaryimage\",\"url\":\"https:\/\/www.uqac.ca\/uqactualites\/wp-content\/uploads\/2013\/04\/Invitation.jpg\",\"contentUrl\":\"https:\/\/www.uqac.ca\/uqactualites\/wp-content\/uploads\/2013\/04\/Invitation.jpg\",\"width\":620,\"height\":300},{\"@type\":\"BreadcrumbList\",\"@id\":\"https:\/\/www.uqac.ca\/uqactualites\/2016\/02\/10\/lancement-de-luqac-en-revue\/#breadcrumb\",\"itemListElement\":[{\"@type\":\"ListItem\",\"position\":1,\"name\":\"Home\",\"item\":\"https:\/\/www.uqac.ca\/uqactualites\/\"},{\"@type\":\"ListItem\",\"position\":2,\"name\":\"Lancement de l&rsquo;UQAC en revue\"}]},{\"@type\":\"WebSite\",\"@id\":\"https:\/\/www.uqac.ca\/uqactualites\/#website\",\"url\":\"https:\/\/www.uqac.ca\/uqactualites\/\",\"name\":\"UQACtualit\u00e9s\",\"description\":\"Le portail des nouvelles de l&#039;UQAC\",\"potentialAction\":[{\"@type\":\"SearchAction\",\"target\":{\"@type\":\"EntryPoint\",\"urlTemplate\":\"https:\/\/www.uqac.ca\/uqactualites\/?s={search_term_string}\"},\"query-input\":{\"@type\":\"PropertyValueSpecification\",\"valueRequired\":true,\"valueName\":\"search_term_string\"}}],\"inLanguage\":\"fr-CA\"},{\"@type\":\"Person\",\"@id\":\"https:\/\/www.uqac.ca\/uqactualites\/#\/schema\/person\/366c45a0c4f0e677b41b4af5886e2018\",\"name\":\"Service des communications et des relations publiques\",\"image\":{\"@type\":\"ImageObject\",\"inLanguage\":\"fr-CA\",\"@id\":\"https:\/\/www.uqac.ca\/uqactualites\/#\/schema\/person\/image\/\",\"url\":\"https:\/\/secure.gravatar.com\/avatar\/20fbbda8a292f59f2d3461a5b999c00b?s=96&d=mm&r=g\",\"contentUrl\":\"https:\/\/secure.gravatar.com\/avatar\/20fbbda8a292f59f2d3461a5b999c00b?s=96&d=mm&r=g\",\"caption\":\"Service des communications et des relations publiques\"},\"url\":\"https:\/\/www.uqac.ca\/uqactualites\/author\/bap\/\"}]}<\/script>\r\n<!-- \/ Yoast SEO plugin. -->","yoast_head_json":{"title":"Lancement de l'UQAC en revue - UQACtualit\u00e9s","robots":{"index":"index","follow":"follow","max-snippet":"max-snippet:-1","max-image-preview":"max-image-preview:large","max-video-preview":"max-video-preview:-1"},"canonical":"https:\/\/www.uqac.ca\/uqactualites\/2016\/02\/10\/lancement-de-luqac-en-revue\/","og_locale":"fr_CA","og_type":"article","og_title":"Lancement de l'UQAC en revue - UQACtualit\u00e9s","og_description":"Membres des m\u00e9dias, vous \u00eates convi\u00e9s \u00e0 assister au lancement de la toute nouvelle \u00e9dition de l\u2019UQAC en revue, d\u00e9sormais propos\u00e9e exclusivement en format num\u00e9rique\u00a0: \u00a0Jeudi 11 f\u00e9vrier 2016\u00a0 \u25aa\u00a0 16 h 30 BarUQAC (Pavillon principal) Le lancement de ce nouveau num\u00e9ro de notre publication institutionnelle, dont la th\u00e9matique s\u2019inscrit parfaitement dans le cadre du [&hellip;]","og_url":"https:\/\/www.uqac.ca\/uqactualites\/2016\/02\/10\/lancement-de-luqac-en-revue\/","og_site_name":"UQACtualit\u00e9s","article_published_time":"2016-02-10T19:15:23+00:00","og_image":[{"width":620,"height":300,"url":"https:\/\/www.uqac.ca\/uqactualites\/wp-content\/uploads\/2013\/04\/Invitation.jpg","type":"image\/jpeg"}],"author":"Service des communications et des relations publiques","twitter_card":"summary_large_image","twitter_misc":{"\u00c9crit par":"Service des communications et des relations publiques","Estimation du temps de lecture":"1 minute"},"schema":{"@context":"https:\/\/schema.org","@graph":[{"@type":"WebPage","@id":"https:\/\/www.uqac.ca\/uqactualites\/2016\/02\/10\/lancement-de-luqac-en-revue\/","url":"https:\/\/www.uqac.ca\/uqactualites\/2016\/02\/10\/lancement-de-luqac-en-revue\/","name":"Lancement de l'UQAC en revue - UQACtualit\u00e9s","isPartOf":{"@id":"https:\/\/www.uqac.ca\/uqactualites\/#website"},"primaryImageOfPage":{"@id":"https:\/\/www.uqac.ca\/uqactualites\/2016\/02\/10\/lancement-de-luqac-en-revue\/#primaryimage"},"image":{"@id":"https:\/\/www.uqac.ca\/uqactualites\/2016\/02\/10\/lancement-de-luqac-en-revue\/#primaryimage"},"thumbnailUrl":"https:\/\/www.uqac.ca\/uqactualites\/wp-content\/uploads\/2013\/04\/Invitation.jpg","datePublished":"2016-02-10T19:15:23+00:00","dateModified":"2016-02-10T19:15:23+00:00","author":{"@id":"https:\/\/www.uqac.ca\/uqactualites\/#\/schema\/person\/366c45a0c4f0e677b41b4af5886e2018"},"breadcrumb":{"@id":"https:\/\/www.uqac.ca\/uqactualites\/2016\/02\/10\/lancement-de-luqac-en-revue\/#breadcrumb"},"inLanguage":"fr-CA","potentialAction":[{"@type":"ReadAction","target":["https:\/\/www.uqac.ca\/uqactualites\/2016\/02\/10\/lancement-de-luqac-en-revue\/"]}]},{"@type":"ImageObject","inLanguage":"fr-CA","@id":"https:\/\/www.uqac.ca\/uqactualites\/2016\/02\/10\/lancement-de-luqac-en-revue\/#primaryimage","url":"https:\/\/www.uqac.ca\/uqactualites\/wp-content\/uploads\/2013\/04\/Invitation.jpg","contentUrl":"https:\/\/www.uqac.ca\/uqactualites\/wp-content\/uploads\/2013\/04\/Invitation.jpg","width":620,"height":300},{"@type":"BreadcrumbList","@id":"https:\/\/www.uqac.ca\/uqactualites\/2016\/02\/10\/lancement-de-luqac-en-revue\/#breadcrumb","itemListElement":[{"@type":"ListItem","position":1,"name":"Home","item":"https:\/\/www.uqac.ca\/uqactualites\/"},{"@type":"ListItem","position":2,"name":"Lancement de l&rsquo;UQAC en revue"}]},{"@type":"WebSite","@id":"https:\/\/www.uqac.ca\/uqactualites\/#website","url":"https:\/\/www.uqac.ca\/uqactualites\/","name":"UQACtualit\u00e9s","description":"Le portail des nouvelles de l&#039;UQAC","potentialAction":[{"@type":"SearchAction","target":{"@type":"EntryPoint","urlTemplate":"https:\/\/www.uqac.ca\/uqactualites\/?s={search_term_string}"},"query-input":{"@type":"PropertyValueSpecification","valueRequired":true,"valueName":"search_term_string"}}],"inLanguage":"fr-CA"},{"@type":"Person","@id":"https:\/\/www.uqac.ca\/uqactualites\/#\/schema\/person\/366c45a0c4f0e677b41b4af5886e2018","name":"Service des communications et des relations publiques","image":{"@type":"ImageObject","inLanguage":"fr-CA","@id":"https:\/\/www.uqac.ca\/uqactualites\/#\/schema\/person\/image\/","url":"https:\/\/secure.gravatar.com\/avatar\/20fbbda8a292f59f2d3461a5b999c00b?s=96&d=mm&r=g","contentUrl":"https:\/\/secure.gravatar.com\/avatar\/20fbbda8a292f59f2d3461a5b999c00b?s=96&d=mm&r=g","caption":"Service des communications et des relations publiques"},"url":"https:\/\/www.uqac.ca\/uqactualites\/author\/bap\/"}]}},"_links":{"self":[{"href":"https:\/\/www.uqac.ca\/uqactualites\/wp-json\/wp\/v2\/posts\/31477"}],"collection":[{"href":"https:\/\/www.uqac.ca\/uqactualites\/wp-json\/wp\/v2\/posts"}],"about":[{"href":"https:\/\/www.uqac.ca\/uqactualites\/wp-json\/wp\/v2\/types\/post"}],"author":[{"embeddable":true,"href":"https:\/\/www.uqac.ca\/uqactualites\/wp-json\/wp\/v2\/users\/5"}],"replies":[{"embeddable":true,"href":"https:\/\/www.uqac.ca\/uqactualites\/wp-json\/wp\/v2\/comments?post=31477"}],"version-history":[{"count":0,"href":"https:\/\/www.uqac.ca\/uqactualites\/wp-json\/wp\/v2\/posts\/31477\/revisions"}],"wp:featuredmedia":[{"embeddable":true,"href":"https:\/\/www.uqac.ca\/uqactualites\/wp-json\/wp\/v2\/media\/23893"}],"wp:attachment":[{"href":"https:\/\/www.uqac.ca\/uqactualites\/wp-json\/wp\/v2\/media?parent=31477"}],"wp:term":[{"taxonomy":"category","embeddable":true,"href":"https:\/\/www.uqac.ca\/uqactualites\/wp-json\/wp\/v2\/categories?post=31477"},{"taxonomy":"post_tag","embeddable":true,"href":"https:\/\/www.uqac.ca\/uqactualites\/wp-json\/wp\/v2\/tags?post=31477"}],"curies":[{"name":"wp","href":"https:\/\/api.w.org\/{rel}","templated":true}]}}