{"id":31513,"date":"2016-02-12T09:36:34","date_gmt":"2016-02-12T14:36:34","guid":{"rendered":"http:\/\/uqactualite.odev.ca\/?p=31513"},"modified":"2016-02-12T09:36:34","modified_gmt":"2016-02-12T14:36:34","slug":"bibliotheque-paul-emile-boulet-formation-collaborer-dans-les-nuages","status":"publish","type":"post","link":"https:\/\/www.uqac.ca\/uqactualites\/2016\/02\/12\/bibliotheque-paul-emile-boulet-formation-collaborer-dans-les-nuages\/","title":{"rendered":"Biblioth\u00e8que Paul-\u00c9mile-Boulet : Formation \u00ab Collaborer dans les nuages \u00bb"},"content":{"rendered":"<p style=\"text-align: justify\">La biblioth\u00e8que Paul-\u00c9mile-Boulet vous propose la formation \u00ab Collaborer dans les nuages \u00bb (nouvelle formule en 2 parties)\u00a0:<\/p>\n<p style=\"text-align: center\"><strong>H\u00e9bergement de fichiers (partie 1)<\/strong><br \/>\nMercredi 17 f\u00e9vrier 2016 \u25aa 13 h 30 \u00e0 14 h 45 \u25aa Local P2-8170<\/p>\n<p style=\"text-align: center\"><strong>H\u00e9bergement de fichiers (partie 1)<br \/>\n<\/strong>Mardi 23 f\u00e9vrier 2016 \u25aa 13 h 30 \u00e0 14 h 45 \u25aa Local P2-8170<\/p>\n<p style=\"text-align: center\"><strong>Suites bureautiques (partie 2)<br \/>\n<\/strong>Mercredi 24 f\u00e9vrier 2016 \u25aa 13 h 30 \u00e0 14 h 45 \u25aa Local P2-8170<\/p>\n<p style=\"text-align: center\"><strong>H\u00e9bergement de fichiers et suites bureautiques (parties 1 et 2)<br \/>\n<\/strong>Jeudi 25 f\u00e9vrier 2016 \u25aa 9 h \u00e0 12 h \u25aa Local P2-8170<\/p>\n<p style=\"text-align: center\"><strong>Suites bureautiques (partie 2)<br \/>\n<\/strong>Mardi 1<sup>er<\/sup> mars 2016 \u25aa 13 h 30 \u00e0 14 h 45 \u25aa Local P2-8170<\/p>\n<p style=\"text-align: center\"><strong>H\u00e9bergement de fichiers et suites bureautiques (parties 1 et 2)<br \/>\n<\/strong>Lundi 7 mars 2016 \u25aa 9 h \u00e0 12 h \u25aa Local P2-8170<\/p>\n<p style=\"text-align: center\"><strong>H\u00e9bergement de fichiers (partie 1)<br \/>\n<\/strong>Vendredi 25 mars 2016 \u25aa 10 h \u00e0 12 h 15 \u25aa Local P2-8170<\/p>\n<p style=\"text-align: center\"><strong>Suites bureautiques (partie 2)<br \/>\n<\/strong>Vendredi 1<sup>er<\/sup> avril 2016 \u25aa 10 h \u00e0 12h15 \u25aa Local P2-8170<\/p>\n<p style=\"text-align: justify\"><strong>Client\u00e8le cible<br \/>\n<\/strong>\u00c9tudiants, professeurs et employ\u00e9s d\u00e9sirant en savoir plus sur l&rsquo;h\u00e9bergement de fichiers dans les nuages et sur l&rsquo;utilisation des suites bureautiques en ligne, principalement dans le but de travailler en \u00e9quipe.<\/p>\n<p style=\"text-align: justify\"><strong>Description<br \/>\n<\/strong>Cet atelier pratique se divise en deux parties. La premi\u00e8re vise \u00e0 familiariser les participants avec les principaux services d&rsquo;h\u00e9bergement de fichiers (DropBox, Google Drive, etc.). La deuxi\u00e8me couvre les suites bureautiques en ligne (Google Docs, Microsoft Office Online, etc.). Il est pr\u00e9f\u00e9rable de suivre la partie 1 avant la partie 2, mais ce n&rsquo;est pas obligatoire. Les participants sont invit\u00e9s \u00e0 amener leurs appareils personnels (ordinateur, t\u00e9l\u00e9phone intelligent ou tablette), sur lesquels ils voudraient effectuer les exercices. Ils pourront aussi configurer certains services pr\u00e9sent\u00e9s.<\/p>\n<p style=\"text-align: justify\"><span style=\"text-decoration: underline\"><a href=\"http:\/\/go.uqac.ca\/nuage\" target=\"_blank\" rel=\"noopener\"><strong>Inscrivez-vous en ligne<\/strong><\/a><\/span> d\u00e8s maintenant!<\/p>\n<p style=\"text-align: justify\">\n<p style=\"text-align: justify\"><strong>Renseignements\u00a0:<br \/>\n<\/strong>Nadia Villeneuve, biblioth\u00e9caire (sciences appliqu\u00e9es, publications officielles, statistiques)<br \/>\nBiblioth\u00e8que Paul-\u00c9mile-Boulet<br \/>\nUniversit\u00e9 du Qu\u00e9bec \u00e0 Chicoutimi<br \/>\n418 545-5011, poste 2305\u00a0 \u25aa\u00a0 <a href=\"mailto:nadia1_villeneuve@uqac.ca\">nadia1_villeneuve@uqac.ca<\/a><\/p>\n","protected":false},"excerpt":{"rendered":"<p>La biblioth\u00e8que Paul-\u00c9mile-Boulet vous propose la formation \u00ab Collaborer dans les nuages \u00bb (nouvelle formule en 2 parties)\u00a0: H\u00e9bergement de fichiers (partie 1) Mercredi 17 f\u00e9vrier 2016 \u25aa 13 h 30 \u00e0 14 h 45 \u25aa Local P2-8170 H\u00e9bergement de fichiers (partie 1) Mardi 23 f\u00e9vrier 2016 \u25aa 13 h 30 \u00e0 14 h 45 [&hellip;]<\/p>\n","protected":false},"author":5,"featured_media":20989,"comment_status":"open","ping_status":"open","sticky":false,"template":"","format":"standard","meta":{"footnotes":""},"categories":[2772],"tags":[],"yoast_head":"<!-- This site is optimized with the Yoast SEO plugin v24.2 - https:\/\/yoast.com\/wordpress\/plugins\/seo\/ -->\r\n<title>Biblioth\u00e8que Paul-\u00c9mile-Boulet : Formation \u00ab Collaborer dans les nuages \u00bb - UQACtualit\u00e9s<\/title>\r\n<meta name=\"robots\" content=\"index, follow, max-snippet:-1, max-image-preview:large, max-video-preview:-1\" \/>\r\n<link rel=\"canonical\" href=\"https:\/\/www.uqac.ca\/uqactualites\/2016\/02\/12\/bibliotheque-paul-emile-boulet-formation-collaborer-dans-les-nuages\/\" \/>\r\n<meta property=\"og:locale\" content=\"fr_CA\" \/>\r\n<meta property=\"og:type\" content=\"article\" \/>\r\n<meta property=\"og:title\" content=\"Biblioth\u00e8que Paul-\u00c9mile-Boulet : Formation \u00ab Collaborer dans les nuages \u00bb - UQACtualit\u00e9s\" \/>\r\n<meta property=\"og:description\" content=\"La biblioth\u00e8que Paul-\u00c9mile-Boulet vous propose la formation \u00ab Collaborer dans les nuages \u00bb (nouvelle formule en 2 parties)\u00a0: H\u00e9bergement de fichiers (partie 1) Mercredi 17 f\u00e9vrier 2016 \u25aa 13 h 30 \u00e0 14 h 45 \u25aa Local P2-8170 H\u00e9bergement de fichiers (partie 1) Mardi 23 f\u00e9vrier 2016 \u25aa 13 h 30 \u00e0 14 h 45 [&hellip;]\" \/>\r\n<meta property=\"og:url\" content=\"https:\/\/www.uqac.ca\/uqactualites\/2016\/02\/12\/bibliotheque-paul-emile-boulet-formation-collaborer-dans-les-nuages\/\" \/>\r\n<meta property=\"og:site_name\" content=\"UQACtualit\u00e9s\" \/>\r\n<meta property=\"article:published_time\" content=\"2016-02-12T14:36:34+00:00\" \/>\r\n<meta property=\"og:image\" content=\"https:\/\/www.uqac.ca\/uqactualites\/wp-content\/uploads\/2012\/05\/avis-laCommunaut-.jpg\" \/>\r\n\t<meta property=\"og:image:width\" content=\"620\" \/>\r\n\t<meta property=\"og:image:height\" content=\"300\" \/>\r\n\t<meta property=\"og:image:type\" content=\"image\/jpeg\" \/>\r\n<meta name=\"author\" content=\"Service des communications et des relations publiques\" \/>\r\n<meta name=\"twitter:card\" content=\"summary_large_image\" \/>\r\n<meta name=\"twitter:label1\" content=\"\u00c9crit par\" \/>\n\t<meta name=\"twitter:data1\" content=\"Service des communications et des relations publiques\" \/>\n\t<meta name=\"twitter:label2\" content=\"Estimation du temps de lecture\" \/>\n\t<meta name=\"twitter:data2\" content=\"1 minute\" \/>\r\n<script type=\"application\/ld+json\" class=\"yoast-schema-graph\">{\"@context\":\"https:\/\/schema.org\",\"@graph\":[{\"@type\":\"WebPage\",\"@id\":\"https:\/\/www.uqac.ca\/uqactualites\/2016\/02\/12\/bibliotheque-paul-emile-boulet-formation-collaborer-dans-les-nuages\/\",\"url\":\"https:\/\/www.uqac.ca\/uqactualites\/2016\/02\/12\/bibliotheque-paul-emile-boulet-formation-collaborer-dans-les-nuages\/\",\"name\":\"Biblioth\u00e8que Paul-\u00c9mile-Boulet : Formation \u00ab Collaborer dans les nuages \u00bb - UQACtualit\u00e9s\",\"isPartOf\":{\"@id\":\"https:\/\/www.uqac.ca\/uqactualites\/#website\"},\"primaryImageOfPage\":{\"@id\":\"https:\/\/www.uqac.ca\/uqactualites\/2016\/02\/12\/bibliotheque-paul-emile-boulet-formation-collaborer-dans-les-nuages\/#primaryimage\"},\"image\":{\"@id\":\"https:\/\/www.uqac.ca\/uqactualites\/2016\/02\/12\/bibliotheque-paul-emile-boulet-formation-collaborer-dans-les-nuages\/#primaryimage\"},\"thumbnailUrl\":\"https:\/\/www.uqac.ca\/uqactualites\/wp-content\/uploads\/2012\/05\/avis-laCommunaut-.jpg\",\"datePublished\":\"2016-02-12T14:36:34+00:00\",\"dateModified\":\"2016-02-12T14:36:34+00:00\",\"author\":{\"@id\":\"https:\/\/www.uqac.ca\/uqactualites\/#\/schema\/person\/366c45a0c4f0e677b41b4af5886e2018\"},\"breadcrumb\":{\"@id\":\"https:\/\/www.uqac.ca\/uqactualites\/2016\/02\/12\/bibliotheque-paul-emile-boulet-formation-collaborer-dans-les-nuages\/#breadcrumb\"},\"inLanguage\":\"fr-CA\",\"potentialAction\":[{\"@type\":\"ReadAction\",\"target\":[\"https:\/\/www.uqac.ca\/uqactualites\/2016\/02\/12\/bibliotheque-paul-emile-boulet-formation-collaborer-dans-les-nuages\/\"]}]},{\"@type\":\"ImageObject\",\"inLanguage\":\"fr-CA\",\"@id\":\"https:\/\/www.uqac.ca\/uqactualites\/2016\/02\/12\/bibliotheque-paul-emile-boulet-formation-collaborer-dans-les-nuages\/#primaryimage\",\"url\":\"https:\/\/www.uqac.ca\/uqactualites\/wp-content\/uploads\/2012\/05\/avis-laCommunaut-.jpg\",\"contentUrl\":\"https:\/\/www.uqac.ca\/uqactualites\/wp-content\/uploads\/2012\/05\/avis-laCommunaut-.jpg\",\"width\":620,\"height\":300},{\"@type\":\"BreadcrumbList\",\"@id\":\"https:\/\/www.uqac.ca\/uqactualites\/2016\/02\/12\/bibliotheque-paul-emile-boulet-formation-collaborer-dans-les-nuages\/#breadcrumb\",\"itemListElement\":[{\"@type\":\"ListItem\",\"position\":1,\"name\":\"Home\",\"item\":\"https:\/\/www.uqac.ca\/uqactualites\/\"},{\"@type\":\"ListItem\",\"position\":2,\"name\":\"Biblioth\u00e8que Paul-\u00c9mile-Boulet : Formation \u00ab Collaborer dans les nuages \u00bb\"}]},{\"@type\":\"WebSite\",\"@id\":\"https:\/\/www.uqac.ca\/uqactualites\/#website\",\"url\":\"https:\/\/www.uqac.ca\/uqactualites\/\",\"name\":\"UQACtualit\u00e9s\",\"description\":\"Le portail des nouvelles de l&#039;UQAC\",\"potentialAction\":[{\"@type\":\"SearchAction\",\"target\":{\"@type\":\"EntryPoint\",\"urlTemplate\":\"https:\/\/www.uqac.ca\/uqactualites\/?s={search_term_string}\"},\"query-input\":{\"@type\":\"PropertyValueSpecification\",\"valueRequired\":true,\"valueName\":\"search_term_string\"}}],\"inLanguage\":\"fr-CA\"},{\"@type\":\"Person\",\"@id\":\"https:\/\/www.uqac.ca\/uqactualites\/#\/schema\/person\/366c45a0c4f0e677b41b4af5886e2018\",\"name\":\"Service des communications et des relations publiques\",\"image\":{\"@type\":\"ImageObject\",\"inLanguage\":\"fr-CA\",\"@id\":\"https:\/\/www.uqac.ca\/uqactualites\/#\/schema\/person\/image\/\",\"url\":\"https:\/\/secure.gravatar.com\/avatar\/20fbbda8a292f59f2d3461a5b999c00b?s=96&d=mm&r=g\",\"contentUrl\":\"https:\/\/secure.gravatar.com\/avatar\/20fbbda8a292f59f2d3461a5b999c00b?s=96&d=mm&r=g\",\"caption\":\"Service des communications et des relations publiques\"},\"url\":\"https:\/\/www.uqac.ca\/uqactualites\/author\/bap\/\"}]}<\/script>\r\n<!-- \/ Yoast SEO plugin. -->","yoast_head_json":{"title":"Biblioth\u00e8que Paul-\u00c9mile-Boulet : Formation \u00ab Collaborer dans les nuages \u00bb - UQACtualit\u00e9s","robots":{"index":"index","follow":"follow","max-snippet":"max-snippet:-1","max-image-preview":"max-image-preview:large","max-video-preview":"max-video-preview:-1"},"canonical":"https:\/\/www.uqac.ca\/uqactualites\/2016\/02\/12\/bibliotheque-paul-emile-boulet-formation-collaborer-dans-les-nuages\/","og_locale":"fr_CA","og_type":"article","og_title":"Biblioth\u00e8que Paul-\u00c9mile-Boulet : Formation \u00ab Collaborer dans les nuages \u00bb - UQACtualit\u00e9s","og_description":"La biblioth\u00e8que Paul-\u00c9mile-Boulet vous propose la formation \u00ab Collaborer dans les nuages \u00bb (nouvelle formule en 2 parties)\u00a0: H\u00e9bergement de fichiers (partie 1) Mercredi 17 f\u00e9vrier 2016 \u25aa 13 h 30 \u00e0 14 h 45 \u25aa Local P2-8170 H\u00e9bergement de fichiers (partie 1) Mardi 23 f\u00e9vrier 2016 \u25aa 13 h 30 \u00e0 14 h 45 [&hellip;]","og_url":"https:\/\/www.uqac.ca\/uqactualites\/2016\/02\/12\/bibliotheque-paul-emile-boulet-formation-collaborer-dans-les-nuages\/","og_site_name":"UQACtualit\u00e9s","article_published_time":"2016-02-12T14:36:34+00:00","og_image":[{"width":620,"height":300,"url":"https:\/\/www.uqac.ca\/uqactualites\/wp-content\/uploads\/2012\/05\/avis-laCommunaut-.jpg","type":"image\/jpeg"}],"author":"Service des communications et des relations publiques","twitter_card":"summary_large_image","twitter_misc":{"\u00c9crit par":"Service des communications et des relations publiques","Estimation du temps de lecture":"1 minute"},"schema":{"@context":"https:\/\/schema.org","@graph":[{"@type":"WebPage","@id":"https:\/\/www.uqac.ca\/uqactualites\/2016\/02\/12\/bibliotheque-paul-emile-boulet-formation-collaborer-dans-les-nuages\/","url":"https:\/\/www.uqac.ca\/uqactualites\/2016\/02\/12\/bibliotheque-paul-emile-boulet-formation-collaborer-dans-les-nuages\/","name":"Biblioth\u00e8que Paul-\u00c9mile-Boulet : Formation \u00ab Collaborer dans les nuages \u00bb - UQACtualit\u00e9s","isPartOf":{"@id":"https:\/\/www.uqac.ca\/uqactualites\/#website"},"primaryImageOfPage":{"@id":"https:\/\/www.uqac.ca\/uqactualites\/2016\/02\/12\/bibliotheque-paul-emile-boulet-formation-collaborer-dans-les-nuages\/#primaryimage"},"image":{"@id":"https:\/\/www.uqac.ca\/uqactualites\/2016\/02\/12\/bibliotheque-paul-emile-boulet-formation-collaborer-dans-les-nuages\/#primaryimage"},"thumbnailUrl":"https:\/\/www.uqac.ca\/uqactualites\/wp-content\/uploads\/2012\/05\/avis-laCommunaut-.jpg","datePublished":"2016-02-12T14:36:34+00:00","dateModified":"2016-02-12T14:36:34+00:00","author":{"@id":"https:\/\/www.uqac.ca\/uqactualites\/#\/schema\/person\/366c45a0c4f0e677b41b4af5886e2018"},"breadcrumb":{"@id":"https:\/\/www.uqac.ca\/uqactualites\/2016\/02\/12\/bibliotheque-paul-emile-boulet-formation-collaborer-dans-les-nuages\/#breadcrumb"},"inLanguage":"fr-CA","potentialAction":[{"@type":"ReadAction","target":["https:\/\/www.uqac.ca\/uqactualites\/2016\/02\/12\/bibliotheque-paul-emile-boulet-formation-collaborer-dans-les-nuages\/"]}]},{"@type":"ImageObject","inLanguage":"fr-CA","@id":"https:\/\/www.uqac.ca\/uqactualites\/2016\/02\/12\/bibliotheque-paul-emile-boulet-formation-collaborer-dans-les-nuages\/#primaryimage","url":"https:\/\/www.uqac.ca\/uqactualites\/wp-content\/uploads\/2012\/05\/avis-laCommunaut-.jpg","contentUrl":"https:\/\/www.uqac.ca\/uqactualites\/wp-content\/uploads\/2012\/05\/avis-laCommunaut-.jpg","width":620,"height":300},{"@type":"BreadcrumbList","@id":"https:\/\/www.uqac.ca\/uqactualites\/2016\/02\/12\/bibliotheque-paul-emile-boulet-formation-collaborer-dans-les-nuages\/#breadcrumb","itemListElement":[{"@type":"ListItem","position":1,"name":"Home","item":"https:\/\/www.uqac.ca\/uqactualites\/"},{"@type":"ListItem","position":2,"name":"Biblioth\u00e8que Paul-\u00c9mile-Boulet : Formation \u00ab Collaborer dans les nuages \u00bb"}]},{"@type":"WebSite","@id":"https:\/\/www.uqac.ca\/uqactualites\/#website","url":"https:\/\/www.uqac.ca\/uqactualites\/","name":"UQACtualit\u00e9s","description":"Le portail des nouvelles de l&#039;UQAC","potentialAction":[{"@type":"SearchAction","target":{"@type":"EntryPoint","urlTemplate":"https:\/\/www.uqac.ca\/uqactualites\/?s={search_term_string}"},"query-input":{"@type":"PropertyValueSpecification","valueRequired":true,"valueName":"search_term_string"}}],"inLanguage":"fr-CA"},{"@type":"Person","@id":"https:\/\/www.uqac.ca\/uqactualites\/#\/schema\/person\/366c45a0c4f0e677b41b4af5886e2018","name":"Service des communications et des relations publiques","image":{"@type":"ImageObject","inLanguage":"fr-CA","@id":"https:\/\/www.uqac.ca\/uqactualites\/#\/schema\/person\/image\/","url":"https:\/\/secure.gravatar.com\/avatar\/20fbbda8a292f59f2d3461a5b999c00b?s=96&d=mm&r=g","contentUrl":"https:\/\/secure.gravatar.com\/avatar\/20fbbda8a292f59f2d3461a5b999c00b?s=96&d=mm&r=g","caption":"Service des communications et des relations publiques"},"url":"https:\/\/www.uqac.ca\/uqactualites\/author\/bap\/"}]}},"_links":{"self":[{"href":"https:\/\/www.uqac.ca\/uqactualites\/wp-json\/wp\/v2\/posts\/31513"}],"collection":[{"href":"https:\/\/www.uqac.ca\/uqactualites\/wp-json\/wp\/v2\/posts"}],"about":[{"href":"https:\/\/www.uqac.ca\/uqactualites\/wp-json\/wp\/v2\/types\/post"}],"author":[{"embeddable":true,"href":"https:\/\/www.uqac.ca\/uqactualites\/wp-json\/wp\/v2\/users\/5"}],"replies":[{"embeddable":true,"href":"https:\/\/www.uqac.ca\/uqactualites\/wp-json\/wp\/v2\/comments?post=31513"}],"version-history":[{"count":0,"href":"https:\/\/www.uqac.ca\/uqactualites\/wp-json\/wp\/v2\/posts\/31513\/revisions"}],"wp:featuredmedia":[{"embeddable":true,"href":"https:\/\/www.uqac.ca\/uqactualites\/wp-json\/wp\/v2\/media\/20989"}],"wp:attachment":[{"href":"https:\/\/www.uqac.ca\/uqactualites\/wp-json\/wp\/v2\/media?parent=31513"}],"wp:term":[{"taxonomy":"category","embeddable":true,"href":"https:\/\/www.uqac.ca\/uqactualites\/wp-json\/wp\/v2\/categories?post=31513"},{"taxonomy":"post_tag","embeddable":true,"href":"https:\/\/www.uqac.ca\/uqactualites\/wp-json\/wp\/v2\/tags?post=31513"}],"curies":[{"name":"wp","href":"https:\/\/api.w.org\/{rel}","templated":true}]}}