{"id":31520,"date":"2016-02-12T08:04:18","date_gmt":"2016-02-12T13:04:18","guid":{"rendered":"http:\/\/uqactualite.odev.ca\/?p=31520"},"modified":"2016-02-12T08:04:18","modified_gmt":"2016-02-12T13:04:18","slug":"luqac-bien-representee-au-double-defi-des-deux-mario","status":"publish","type":"post","link":"https:\/\/www.uqac.ca\/uqactualites\/2016\/02\/12\/luqac-bien-representee-au-double-defi-des-deux-mario\/","title":{"rendered":"L\u2019UQAC bien repr\u00e9sent\u00e9e au Double d\u00e9fi des deux Mario!"},"content":{"rendered":"<p style=\"text-align: justify\">Du 5 au 7 f\u00e9vrier derniers se tenait le Double d\u00e9fi des deux Mario, une exp\u00e9dition hivernale sur les glaces du lac Saint-Jean. Six participants de l\u2019UQAC ont franchi les quelque 32 km s\u00e9parant Pointe-Taillon et Roberval en skis ou en raquettes. L\u2019exp\u00e9dition avait pour but d\u2019amasser des fonds pour la Fondation Sur la pointe des pieds.<\/p>\n<p style=\"text-align: justify\">Toutes nos f\u00e9licitations aux courageux participants!<\/p>\n<p style=\"text-align: justify\"><strong><br \/>\nSource\u00a0:<br \/>\n<\/strong>Audrey Lemay, \u00e9tudiante au doctorat en biologie<br \/>\nLaboratoire d&rsquo;\u00e9cologie v\u00e9g\u00e9tale<br \/>\nUniversit\u00e9 du Qu\u00e9bec \u00e0 Chicoutimi<br \/>\n418 545-5011, poste 2330<\/p>\n<p style=\"text-align: justify\"><span style=\"color: #808080\"><strong>Photo\u00a0:<\/strong><\/span><\/p>\n<ul style=\"text-align: justify\">\n<li><span style=\"color: #808080\">\u00c0 l\u2019arri\u00e8re : Danielle Laprise, professionnelle de recherche au Laboratoire d\u2019\u00e9cologie v\u00e9g\u00e9tale et animale, Hubert Morin, professeur au D\u00e9partement des sciences fondamentales, Serge Couture, auxiliaire d\u2019enseignement au D\u00e9partement des sciences de la sant\u00e9, et Catherine Laprise, professeure au D\u00e9partement des sciences fondamentales<\/span><\/li>\n<li><span style=\"color: #808080\">\u00c0 l\u2019avant : Mario Cantin, cofondateur du Double d\u00e9fi des deux Mario, Audrey Lemay, \u00e9tudiante au doctorat en biologie, Catherine Tremblay, \u00e9tudiante \u00e0 la ma\u00eetrise en ressources renouvelables, et Mario Bilodeau, cofondateur du Double d\u00e9fi des deux Mario et professeur retrait\u00e9 de l\u2019UQAC<\/span><\/li>\n<\/ul>\n<p style=\"text-align: justify\"><span style=\"color: #808080\"><strong>\u00a9Gracieuset\u00e9<\/strong><\/span><\/p>\n","protected":false},"excerpt":{"rendered":"<p>Du 5 au 7 f\u00e9vrier derniers se tenait le Double d\u00e9fi des deux Mario, une exp\u00e9dition hivernale sur les glaces du lac Saint-Jean. Six participants de l\u2019UQAC ont franchi les quelque 32 km s\u00e9parant Pointe-Taillon et Roberval en skis ou en raquettes. L\u2019exp\u00e9dition avait pour but d\u2019amasser des fonds pour la Fondation Sur la pointe [&hellip;]<\/p>\n","protected":false},"author":5,"featured_media":31521,"comment_status":"open","ping_status":"open","sticky":false,"template":"","format":"standard","meta":{"footnotes":""},"categories":[2],"tags":[],"yoast_head":"<!-- This site is optimized with the Yoast SEO plugin v24.2 - https:\/\/yoast.com\/wordpress\/plugins\/seo\/ -->\r\n<title>L\u2019UQAC bien repr\u00e9sent\u00e9e au Double d\u00e9fi des deux Mario! - UQACtualit\u00e9s<\/title>\r\n<meta name=\"robots\" content=\"index, follow, max-snippet:-1, max-image-preview:large, max-video-preview:-1\" \/>\r\n<link rel=\"canonical\" href=\"https:\/\/www.uqac.ca\/uqactualites\/2016\/02\/12\/luqac-bien-representee-au-double-defi-des-deux-mario\/\" \/>\r\n<meta property=\"og:locale\" content=\"fr_CA\" \/>\r\n<meta property=\"og:type\" content=\"article\" \/>\r\n<meta property=\"og:title\" content=\"L\u2019UQAC bien repr\u00e9sent\u00e9e au Double d\u00e9fi des deux Mario! - UQACtualit\u00e9s\" \/>\r\n<meta property=\"og:description\" content=\"Du 5 au 7 f\u00e9vrier derniers se tenait le Double d\u00e9fi des deux Mario, une exp\u00e9dition hivernale sur les glaces du lac Saint-Jean. Six participants de l\u2019UQAC ont franchi les quelque 32 km s\u00e9parant Pointe-Taillon et Roberval en skis ou en raquettes. L\u2019exp\u00e9dition avait pour but d\u2019amasser des fonds pour la Fondation Sur la pointe [&hellip;]\" \/>\r\n<meta property=\"og:url\" content=\"https:\/\/www.uqac.ca\/uqactualites\/2016\/02\/12\/luqac-bien-representee-au-double-defi-des-deux-mario\/\" \/>\r\n<meta property=\"og:site_name\" content=\"UQACtualit\u00e9s\" \/>\r\n<meta property=\"article:published_time\" content=\"2016-02-12T13:04:18+00:00\" \/>\r\n<meta property=\"og:image\" content=\"https:\/\/www.uqac.ca\/uqactualites\/wp-content\/uploads\/2016\/02\/UQAC-Double-d\u00e9fi-LR-Gracieuset\u00e9.jpg\" \/>\r\n\t<meta property=\"og:image:width\" content=\"620\" \/>\r\n\t<meta property=\"og:image:height\" content=\"300\" \/>\r\n\t<meta property=\"og:image:type\" content=\"image\/jpeg\" \/>\r\n<meta name=\"author\" content=\"Service des communications et des relations publiques\" \/>\r\n<meta name=\"twitter:card\" content=\"summary_large_image\" \/>\r\n<meta name=\"twitter:label1\" content=\"\u00c9crit par\" \/>\n\t<meta name=\"twitter:data1\" content=\"Service des communications et des relations publiques\" \/>\n\t<meta name=\"twitter:label2\" content=\"Estimation du temps de lecture\" \/>\n\t<meta name=\"twitter:data2\" content=\"1 minute\" \/>\r\n<script type=\"application\/ld+json\" class=\"yoast-schema-graph\">{\"@context\":\"https:\/\/schema.org\",\"@graph\":[{\"@type\":\"WebPage\",\"@id\":\"https:\/\/www.uqac.ca\/uqactualites\/2016\/02\/12\/luqac-bien-representee-au-double-defi-des-deux-mario\/\",\"url\":\"https:\/\/www.uqac.ca\/uqactualites\/2016\/02\/12\/luqac-bien-representee-au-double-defi-des-deux-mario\/\",\"name\":\"L\u2019UQAC bien repr\u00e9sent\u00e9e au Double d\u00e9fi des deux Mario! - UQACtualit\u00e9s\",\"isPartOf\":{\"@id\":\"https:\/\/www.uqac.ca\/uqactualites\/#website\"},\"primaryImageOfPage\":{\"@id\":\"https:\/\/www.uqac.ca\/uqactualites\/2016\/02\/12\/luqac-bien-representee-au-double-defi-des-deux-mario\/#primaryimage\"},\"image\":{\"@id\":\"https:\/\/www.uqac.ca\/uqactualites\/2016\/02\/12\/luqac-bien-representee-au-double-defi-des-deux-mario\/#primaryimage\"},\"thumbnailUrl\":\"https:\/\/www.uqac.ca\/uqactualites\/wp-content\/uploads\/2016\/02\/UQAC-Double-d\u00e9fi-LR-Gracieuset\u00e9.jpg\",\"datePublished\":\"2016-02-12T13:04:18+00:00\",\"dateModified\":\"2016-02-12T13:04:18+00:00\",\"author\":{\"@id\":\"https:\/\/www.uqac.ca\/uqactualites\/#\/schema\/person\/366c45a0c4f0e677b41b4af5886e2018\"},\"breadcrumb\":{\"@id\":\"https:\/\/www.uqac.ca\/uqactualites\/2016\/02\/12\/luqac-bien-representee-au-double-defi-des-deux-mario\/#breadcrumb\"},\"inLanguage\":\"fr-CA\",\"potentialAction\":[{\"@type\":\"ReadAction\",\"target\":[\"https:\/\/www.uqac.ca\/uqactualites\/2016\/02\/12\/luqac-bien-representee-au-double-defi-des-deux-mario\/\"]}]},{\"@type\":\"ImageObject\",\"inLanguage\":\"fr-CA\",\"@id\":\"https:\/\/www.uqac.ca\/uqactualites\/2016\/02\/12\/luqac-bien-representee-au-double-defi-des-deux-mario\/#primaryimage\",\"url\":\"https:\/\/www.uqac.ca\/uqactualites\/wp-content\/uploads\/2016\/02\/UQAC-Double-d\u00e9fi-LR-Gracieuset\u00e9.jpg\",\"contentUrl\":\"https:\/\/www.uqac.ca\/uqactualites\/wp-content\/uploads\/2016\/02\/UQAC-Double-d\u00e9fi-LR-Gracieuset\u00e9.jpg\",\"width\":620,\"height\":300},{\"@type\":\"BreadcrumbList\",\"@id\":\"https:\/\/www.uqac.ca\/uqactualites\/2016\/02\/12\/luqac-bien-representee-au-double-defi-des-deux-mario\/#breadcrumb\",\"itemListElement\":[{\"@type\":\"ListItem\",\"position\":1,\"name\":\"Home\",\"item\":\"https:\/\/www.uqac.ca\/uqactualites\/\"},{\"@type\":\"ListItem\",\"position\":2,\"name\":\"L\u2019UQAC bien repr\u00e9sent\u00e9e au Double d\u00e9fi des deux Mario!\"}]},{\"@type\":\"WebSite\",\"@id\":\"https:\/\/www.uqac.ca\/uqactualites\/#website\",\"url\":\"https:\/\/www.uqac.ca\/uqactualites\/\",\"name\":\"UQACtualit\u00e9s\",\"description\":\"Le portail des nouvelles de l&#039;UQAC\",\"potentialAction\":[{\"@type\":\"SearchAction\",\"target\":{\"@type\":\"EntryPoint\",\"urlTemplate\":\"https:\/\/www.uqac.ca\/uqactualites\/?s={search_term_string}\"},\"query-input\":{\"@type\":\"PropertyValueSpecification\",\"valueRequired\":true,\"valueName\":\"search_term_string\"}}],\"inLanguage\":\"fr-CA\"},{\"@type\":\"Person\",\"@id\":\"https:\/\/www.uqac.ca\/uqactualites\/#\/schema\/person\/366c45a0c4f0e677b41b4af5886e2018\",\"name\":\"Service des communications et des relations publiques\",\"image\":{\"@type\":\"ImageObject\",\"inLanguage\":\"fr-CA\",\"@id\":\"https:\/\/www.uqac.ca\/uqactualites\/#\/schema\/person\/image\/\",\"url\":\"https:\/\/secure.gravatar.com\/avatar\/20fbbda8a292f59f2d3461a5b999c00b?s=96&d=mm&r=g\",\"contentUrl\":\"https:\/\/secure.gravatar.com\/avatar\/20fbbda8a292f59f2d3461a5b999c00b?s=96&d=mm&r=g\",\"caption\":\"Service des communications et des relations publiques\"},\"url\":\"https:\/\/www.uqac.ca\/uqactualites\/author\/bap\/\"}]}<\/script>\r\n<!-- \/ Yoast SEO plugin. -->","yoast_head_json":{"title":"L\u2019UQAC bien repr\u00e9sent\u00e9e au Double d\u00e9fi des deux Mario! - UQACtualit\u00e9s","robots":{"index":"index","follow":"follow","max-snippet":"max-snippet:-1","max-image-preview":"max-image-preview:large","max-video-preview":"max-video-preview:-1"},"canonical":"https:\/\/www.uqac.ca\/uqactualites\/2016\/02\/12\/luqac-bien-representee-au-double-defi-des-deux-mario\/","og_locale":"fr_CA","og_type":"article","og_title":"L\u2019UQAC bien repr\u00e9sent\u00e9e au Double d\u00e9fi des deux Mario! - UQACtualit\u00e9s","og_description":"Du 5 au 7 f\u00e9vrier derniers se tenait le Double d\u00e9fi des deux Mario, une exp\u00e9dition hivernale sur les glaces du lac Saint-Jean. Six participants de l\u2019UQAC ont franchi les quelque 32 km s\u00e9parant Pointe-Taillon et Roberval en skis ou en raquettes. L\u2019exp\u00e9dition avait pour but d\u2019amasser des fonds pour la Fondation Sur la pointe [&hellip;]","og_url":"https:\/\/www.uqac.ca\/uqactualites\/2016\/02\/12\/luqac-bien-representee-au-double-defi-des-deux-mario\/","og_site_name":"UQACtualit\u00e9s","article_published_time":"2016-02-12T13:04:18+00:00","og_image":[{"width":620,"height":300,"url":"https:\/\/www.uqac.ca\/uqactualites\/wp-content\/uploads\/2016\/02\/UQAC-Double-d\u00e9fi-LR-Gracieuset\u00e9.jpg","type":"image\/jpeg"}],"author":"Service des communications et des relations publiques","twitter_card":"summary_large_image","twitter_misc":{"\u00c9crit par":"Service des communications et des relations publiques","Estimation du temps de lecture":"1 minute"},"schema":{"@context":"https:\/\/schema.org","@graph":[{"@type":"WebPage","@id":"https:\/\/www.uqac.ca\/uqactualites\/2016\/02\/12\/luqac-bien-representee-au-double-defi-des-deux-mario\/","url":"https:\/\/www.uqac.ca\/uqactualites\/2016\/02\/12\/luqac-bien-representee-au-double-defi-des-deux-mario\/","name":"L\u2019UQAC bien repr\u00e9sent\u00e9e au Double d\u00e9fi des deux Mario! - UQACtualit\u00e9s","isPartOf":{"@id":"https:\/\/www.uqac.ca\/uqactualites\/#website"},"primaryImageOfPage":{"@id":"https:\/\/www.uqac.ca\/uqactualites\/2016\/02\/12\/luqac-bien-representee-au-double-defi-des-deux-mario\/#primaryimage"},"image":{"@id":"https:\/\/www.uqac.ca\/uqactualites\/2016\/02\/12\/luqac-bien-representee-au-double-defi-des-deux-mario\/#primaryimage"},"thumbnailUrl":"https:\/\/www.uqac.ca\/uqactualites\/wp-content\/uploads\/2016\/02\/UQAC-Double-d\u00e9fi-LR-Gracieuset\u00e9.jpg","datePublished":"2016-02-12T13:04:18+00:00","dateModified":"2016-02-12T13:04:18+00:00","author":{"@id":"https:\/\/www.uqac.ca\/uqactualites\/#\/schema\/person\/366c45a0c4f0e677b41b4af5886e2018"},"breadcrumb":{"@id":"https:\/\/www.uqac.ca\/uqactualites\/2016\/02\/12\/luqac-bien-representee-au-double-defi-des-deux-mario\/#breadcrumb"},"inLanguage":"fr-CA","potentialAction":[{"@type":"ReadAction","target":["https:\/\/www.uqac.ca\/uqactualites\/2016\/02\/12\/luqac-bien-representee-au-double-defi-des-deux-mario\/"]}]},{"@type":"ImageObject","inLanguage":"fr-CA","@id":"https:\/\/www.uqac.ca\/uqactualites\/2016\/02\/12\/luqac-bien-representee-au-double-defi-des-deux-mario\/#primaryimage","url":"https:\/\/www.uqac.ca\/uqactualites\/wp-content\/uploads\/2016\/02\/UQAC-Double-d\u00e9fi-LR-Gracieuset\u00e9.jpg","contentUrl":"https:\/\/www.uqac.ca\/uqactualites\/wp-content\/uploads\/2016\/02\/UQAC-Double-d\u00e9fi-LR-Gracieuset\u00e9.jpg","width":620,"height":300},{"@type":"BreadcrumbList","@id":"https:\/\/www.uqac.ca\/uqactualites\/2016\/02\/12\/luqac-bien-representee-au-double-defi-des-deux-mario\/#breadcrumb","itemListElement":[{"@type":"ListItem","position":1,"name":"Home","item":"https:\/\/www.uqac.ca\/uqactualites\/"},{"@type":"ListItem","position":2,"name":"L\u2019UQAC bien repr\u00e9sent\u00e9e au Double d\u00e9fi des deux Mario!"}]},{"@type":"WebSite","@id":"https:\/\/www.uqac.ca\/uqactualites\/#website","url":"https:\/\/www.uqac.ca\/uqactualites\/","name":"UQACtualit\u00e9s","description":"Le portail des nouvelles de l&#039;UQAC","potentialAction":[{"@type":"SearchAction","target":{"@type":"EntryPoint","urlTemplate":"https:\/\/www.uqac.ca\/uqactualites\/?s={search_term_string}"},"query-input":{"@type":"PropertyValueSpecification","valueRequired":true,"valueName":"search_term_string"}}],"inLanguage":"fr-CA"},{"@type":"Person","@id":"https:\/\/www.uqac.ca\/uqactualites\/#\/schema\/person\/366c45a0c4f0e677b41b4af5886e2018","name":"Service des communications et des relations publiques","image":{"@type":"ImageObject","inLanguage":"fr-CA","@id":"https:\/\/www.uqac.ca\/uqactualites\/#\/schema\/person\/image\/","url":"https:\/\/secure.gravatar.com\/avatar\/20fbbda8a292f59f2d3461a5b999c00b?s=96&d=mm&r=g","contentUrl":"https:\/\/secure.gravatar.com\/avatar\/20fbbda8a292f59f2d3461a5b999c00b?s=96&d=mm&r=g","caption":"Service des communications et des relations publiques"},"url":"https:\/\/www.uqac.ca\/uqactualites\/author\/bap\/"}]}},"_links":{"self":[{"href":"https:\/\/www.uqac.ca\/uqactualites\/wp-json\/wp\/v2\/posts\/31520"}],"collection":[{"href":"https:\/\/www.uqac.ca\/uqactualites\/wp-json\/wp\/v2\/posts"}],"about":[{"href":"https:\/\/www.uqac.ca\/uqactualites\/wp-json\/wp\/v2\/types\/post"}],"author":[{"embeddable":true,"href":"https:\/\/www.uqac.ca\/uqactualites\/wp-json\/wp\/v2\/users\/5"}],"replies":[{"embeddable":true,"href":"https:\/\/www.uqac.ca\/uqactualites\/wp-json\/wp\/v2\/comments?post=31520"}],"version-history":[{"count":0,"href":"https:\/\/www.uqac.ca\/uqactualites\/wp-json\/wp\/v2\/posts\/31520\/revisions"}],"wp:featuredmedia":[{"embeddable":true,"href":"https:\/\/www.uqac.ca\/uqactualites\/wp-json\/wp\/v2\/media\/31521"}],"wp:attachment":[{"href":"https:\/\/www.uqac.ca\/uqactualites\/wp-json\/wp\/v2\/media?parent=31520"}],"wp:term":[{"taxonomy":"category","embeddable":true,"href":"https:\/\/www.uqac.ca\/uqactualites\/wp-json\/wp\/v2\/categories?post=31520"},{"taxonomy":"post_tag","embeddable":true,"href":"https:\/\/www.uqac.ca\/uqactualites\/wp-json\/wp\/v2\/tags?post=31520"}],"curies":[{"name":"wp","href":"https:\/\/api.w.org\/{rel}","templated":true}]}}