{"id":31550,"date":"2016-02-17T16:15:37","date_gmt":"2016-02-17T21:15:37","guid":{"rendered":"http:\/\/uqactualite.odev.ca\/?p=31550"},"modified":"2016-02-17T16:15:37","modified_gmt":"2016-02-17T21:15:37","slug":"luqac-souligne-la-perseverance-de-ses-etudiants","status":"publish","type":"post","link":"https:\/\/www.uqac.ca\/uqactualites\/2016\/02\/17\/luqac-souligne-la-perseverance-de-ses-etudiants\/","title":{"rendered":"L\u2019UQAC souligne la pers\u00e9v\u00e9rance de ses \u00e9tudiants"},"content":{"rendered":"<p style=\"text-align: justify\">Les \u00e9tudiants ont \u00e9t\u00e9 accueillis en grand \u00e0 leur arriv\u00e9e \u00e0 l\u2019UQAC ce matin, alors que des \u00e9quipes form\u00e9es de membres du personnel de l\u2019Universit\u00e9 \u00e9taient post\u00e9es aux diverses entr\u00e9es du Pavillon principal et du Pavillon Alphonse-Desjardins pour l\u2019occasion. Dans le cadre des Journ\u00e9es de la pers\u00e9v\u00e9rance scolaire, ces employ\u00e9s dont la cause tient \u00e0 c\u0153ur \u00e9taient pr\u00e9sents afin d\u2019offrir aux \u00e9tudiants le ruban vert de la pers\u00e9v\u00e9rance ainsi qu\u2019une carte \u00e0 \u00e9changer contre un caf\u00e9. Une surprise symbolique\u00a0: de quoi amorcer la journ\u00e9e du bon pied!<\/p>\n<p style=\"text-align: justify\">Chers \u00e9tudiants, nous vous f\u00e9licitons pour votre travail et pour les efforts que vous d\u00e9ployez quotidiennement. Soyez fiers!<\/p>\n","protected":false},"excerpt":{"rendered":"<p>Les \u00e9tudiants ont \u00e9t\u00e9 accueillis en grand \u00e0 leur arriv\u00e9e \u00e0 l\u2019UQAC ce matin, alors que des \u00e9quipes form\u00e9es de membres du personnel de l\u2019Universit\u00e9 \u00e9taient post\u00e9es aux diverses entr\u00e9es du Pavillon principal et du Pavillon Alphonse-Desjardins pour l\u2019occasion. Dans le cadre des Journ\u00e9es de la pers\u00e9v\u00e9rance scolaire, ces employ\u00e9s dont la cause tient \u00e0 [&hellip;]<\/p>\n","protected":false},"author":5,"featured_media":31552,"comment_status":"open","ping_status":"open","sticky":false,"template":"","format":"standard","meta":{"footnotes":""},"categories":[2,61],"tags":[],"yoast_head":"<!-- This site is optimized with the Yoast SEO plugin v24.2 - https:\/\/yoast.com\/wordpress\/plugins\/seo\/ -->\r\n<title>L\u2019UQAC souligne la pers\u00e9v\u00e9rance de ses \u00e9tudiants - UQACtualit\u00e9s<\/title>\r\n<meta name=\"robots\" content=\"index, follow, max-snippet:-1, max-image-preview:large, max-video-preview:-1\" \/>\r\n<link rel=\"canonical\" href=\"https:\/\/www.uqac.ca\/uqactualites\/2016\/02\/17\/luqac-souligne-la-perseverance-de-ses-etudiants\/\" \/>\r\n<meta property=\"og:locale\" content=\"fr_CA\" \/>\r\n<meta property=\"og:type\" content=\"article\" \/>\r\n<meta property=\"og:title\" content=\"L\u2019UQAC souligne la pers\u00e9v\u00e9rance de ses \u00e9tudiants - UQACtualit\u00e9s\" \/>\r\n<meta property=\"og:description\" content=\"Les \u00e9tudiants ont \u00e9t\u00e9 accueillis en grand \u00e0 leur arriv\u00e9e \u00e0 l\u2019UQAC ce matin, alors que des \u00e9quipes form\u00e9es de membres du personnel de l\u2019Universit\u00e9 \u00e9taient post\u00e9es aux diverses entr\u00e9es du Pavillon principal et du Pavillon Alphonse-Desjardins pour l\u2019occasion. Dans le cadre des Journ\u00e9es de la pers\u00e9v\u00e9rance scolaire, ces employ\u00e9s dont la cause tient \u00e0 [&hellip;]\" \/>\r\n<meta property=\"og:url\" content=\"https:\/\/www.uqac.ca\/uqactualites\/2016\/02\/17\/luqac-souligne-la-perseverance-de-ses-etudiants\/\" \/>\r\n<meta property=\"og:site_name\" content=\"UQACtualit\u00e9s\" \/>\r\n<meta property=\"article:published_time\" content=\"2016-02-17T21:15:37+00:00\" \/>\r\n<meta property=\"og:image\" content=\"https:\/\/www.uqac.ca\/uqactualites\/wp-content\/uploads\/2016\/02\/GRAF_UQACTUPerseverenceScoH16-05.jpg\" \/>\r\n\t<meta property=\"og:image:width\" content=\"620\" \/>\r\n\t<meta property=\"og:image:height\" content=\"301\" \/>\r\n\t<meta property=\"og:image:type\" content=\"image\/jpeg\" \/>\r\n<meta name=\"author\" content=\"Service des communications et des relations publiques\" \/>\r\n<meta name=\"twitter:card\" content=\"summary_large_image\" \/>\r\n<meta name=\"twitter:label1\" content=\"\u00c9crit par\" \/>\n\t<meta name=\"twitter:data1\" content=\"Service des communications et des relations publiques\" \/>\n\t<meta name=\"twitter:label2\" content=\"Estimation du temps de lecture\" \/>\n\t<meta name=\"twitter:data2\" content=\"1 minute\" \/>\r\n<script type=\"application\/ld+json\" class=\"yoast-schema-graph\">{\"@context\":\"https:\/\/schema.org\",\"@graph\":[{\"@type\":\"WebPage\",\"@id\":\"https:\/\/www.uqac.ca\/uqactualites\/2016\/02\/17\/luqac-souligne-la-perseverance-de-ses-etudiants\/\",\"url\":\"https:\/\/www.uqac.ca\/uqactualites\/2016\/02\/17\/luqac-souligne-la-perseverance-de-ses-etudiants\/\",\"name\":\"L\u2019UQAC souligne la pers\u00e9v\u00e9rance de ses \u00e9tudiants - UQACtualit\u00e9s\",\"isPartOf\":{\"@id\":\"https:\/\/www.uqac.ca\/uqactualites\/#website\"},\"primaryImageOfPage\":{\"@id\":\"https:\/\/www.uqac.ca\/uqactualites\/2016\/02\/17\/luqac-souligne-la-perseverance-de-ses-etudiants\/#primaryimage\"},\"image\":{\"@id\":\"https:\/\/www.uqac.ca\/uqactualites\/2016\/02\/17\/luqac-souligne-la-perseverance-de-ses-etudiants\/#primaryimage\"},\"thumbnailUrl\":\"https:\/\/www.uqac.ca\/uqactualites\/wp-content\/uploads\/2016\/02\/GRAF_UQACTUPerseverenceScoH16-05.jpg\",\"datePublished\":\"2016-02-17T21:15:37+00:00\",\"dateModified\":\"2016-02-17T21:15:37+00:00\",\"author\":{\"@id\":\"https:\/\/www.uqac.ca\/uqactualites\/#\/schema\/person\/366c45a0c4f0e677b41b4af5886e2018\"},\"breadcrumb\":{\"@id\":\"https:\/\/www.uqac.ca\/uqactualites\/2016\/02\/17\/luqac-souligne-la-perseverance-de-ses-etudiants\/#breadcrumb\"},\"inLanguage\":\"fr-CA\",\"potentialAction\":[{\"@type\":\"ReadAction\",\"target\":[\"https:\/\/www.uqac.ca\/uqactualites\/2016\/02\/17\/luqac-souligne-la-perseverance-de-ses-etudiants\/\"]}]},{\"@type\":\"ImageObject\",\"inLanguage\":\"fr-CA\",\"@id\":\"https:\/\/www.uqac.ca\/uqactualites\/2016\/02\/17\/luqac-souligne-la-perseverance-de-ses-etudiants\/#primaryimage\",\"url\":\"https:\/\/www.uqac.ca\/uqactualites\/wp-content\/uploads\/2016\/02\/GRAF_UQACTUPerseverenceScoH16-05.jpg\",\"contentUrl\":\"https:\/\/www.uqac.ca\/uqactualites\/wp-content\/uploads\/2016\/02\/GRAF_UQACTUPerseverenceScoH16-05.jpg\",\"width\":620,\"height\":301},{\"@type\":\"BreadcrumbList\",\"@id\":\"https:\/\/www.uqac.ca\/uqactualites\/2016\/02\/17\/luqac-souligne-la-perseverance-de-ses-etudiants\/#breadcrumb\",\"itemListElement\":[{\"@type\":\"ListItem\",\"position\":1,\"name\":\"Home\",\"item\":\"https:\/\/www.uqac.ca\/uqactualites\/\"},{\"@type\":\"ListItem\",\"position\":2,\"name\":\"L\u2019UQAC souligne la pers\u00e9v\u00e9rance de ses \u00e9tudiants\"}]},{\"@type\":\"WebSite\",\"@id\":\"https:\/\/www.uqac.ca\/uqactualites\/#website\",\"url\":\"https:\/\/www.uqac.ca\/uqactualites\/\",\"name\":\"UQACtualit\u00e9s\",\"description\":\"Le portail des nouvelles de l&#039;UQAC\",\"potentialAction\":[{\"@type\":\"SearchAction\",\"target\":{\"@type\":\"EntryPoint\",\"urlTemplate\":\"https:\/\/www.uqac.ca\/uqactualites\/?s={search_term_string}\"},\"query-input\":{\"@type\":\"PropertyValueSpecification\",\"valueRequired\":true,\"valueName\":\"search_term_string\"}}],\"inLanguage\":\"fr-CA\"},{\"@type\":\"Person\",\"@id\":\"https:\/\/www.uqac.ca\/uqactualites\/#\/schema\/person\/366c45a0c4f0e677b41b4af5886e2018\",\"name\":\"Service des communications et des relations publiques\",\"image\":{\"@type\":\"ImageObject\",\"inLanguage\":\"fr-CA\",\"@id\":\"https:\/\/www.uqac.ca\/uqactualites\/#\/schema\/person\/image\/\",\"url\":\"https:\/\/secure.gravatar.com\/avatar\/20fbbda8a292f59f2d3461a5b999c00b?s=96&d=mm&r=g\",\"contentUrl\":\"https:\/\/secure.gravatar.com\/avatar\/20fbbda8a292f59f2d3461a5b999c00b?s=96&d=mm&r=g\",\"caption\":\"Service des communications et des relations publiques\"},\"url\":\"https:\/\/www.uqac.ca\/uqactualites\/author\/bap\/\"}]}<\/script>\r\n<!-- \/ Yoast SEO plugin. -->","yoast_head_json":{"title":"L\u2019UQAC souligne la pers\u00e9v\u00e9rance de ses \u00e9tudiants - UQACtualit\u00e9s","robots":{"index":"index","follow":"follow","max-snippet":"max-snippet:-1","max-image-preview":"max-image-preview:large","max-video-preview":"max-video-preview:-1"},"canonical":"https:\/\/www.uqac.ca\/uqactualites\/2016\/02\/17\/luqac-souligne-la-perseverance-de-ses-etudiants\/","og_locale":"fr_CA","og_type":"article","og_title":"L\u2019UQAC souligne la pers\u00e9v\u00e9rance de ses \u00e9tudiants - UQACtualit\u00e9s","og_description":"Les \u00e9tudiants ont \u00e9t\u00e9 accueillis en grand \u00e0 leur arriv\u00e9e \u00e0 l\u2019UQAC ce matin, alors que des \u00e9quipes form\u00e9es de membres du personnel de l\u2019Universit\u00e9 \u00e9taient post\u00e9es aux diverses entr\u00e9es du Pavillon principal et du Pavillon Alphonse-Desjardins pour l\u2019occasion. Dans le cadre des Journ\u00e9es de la pers\u00e9v\u00e9rance scolaire, ces employ\u00e9s dont la cause tient \u00e0 [&hellip;]","og_url":"https:\/\/www.uqac.ca\/uqactualites\/2016\/02\/17\/luqac-souligne-la-perseverance-de-ses-etudiants\/","og_site_name":"UQACtualit\u00e9s","article_published_time":"2016-02-17T21:15:37+00:00","og_image":[{"width":620,"height":301,"url":"https:\/\/www.uqac.ca\/uqactualites\/wp-content\/uploads\/2016\/02\/GRAF_UQACTUPerseverenceScoH16-05.jpg","type":"image\/jpeg"}],"author":"Service des communications et des relations publiques","twitter_card":"summary_large_image","twitter_misc":{"\u00c9crit par":"Service des communications et des relations publiques","Estimation du temps de lecture":"1 minute"},"schema":{"@context":"https:\/\/schema.org","@graph":[{"@type":"WebPage","@id":"https:\/\/www.uqac.ca\/uqactualites\/2016\/02\/17\/luqac-souligne-la-perseverance-de-ses-etudiants\/","url":"https:\/\/www.uqac.ca\/uqactualites\/2016\/02\/17\/luqac-souligne-la-perseverance-de-ses-etudiants\/","name":"L\u2019UQAC souligne la pers\u00e9v\u00e9rance de ses \u00e9tudiants - UQACtualit\u00e9s","isPartOf":{"@id":"https:\/\/www.uqac.ca\/uqactualites\/#website"},"primaryImageOfPage":{"@id":"https:\/\/www.uqac.ca\/uqactualites\/2016\/02\/17\/luqac-souligne-la-perseverance-de-ses-etudiants\/#primaryimage"},"image":{"@id":"https:\/\/www.uqac.ca\/uqactualites\/2016\/02\/17\/luqac-souligne-la-perseverance-de-ses-etudiants\/#primaryimage"},"thumbnailUrl":"https:\/\/www.uqac.ca\/uqactualites\/wp-content\/uploads\/2016\/02\/GRAF_UQACTUPerseverenceScoH16-05.jpg","datePublished":"2016-02-17T21:15:37+00:00","dateModified":"2016-02-17T21:15:37+00:00","author":{"@id":"https:\/\/www.uqac.ca\/uqactualites\/#\/schema\/person\/366c45a0c4f0e677b41b4af5886e2018"},"breadcrumb":{"@id":"https:\/\/www.uqac.ca\/uqactualites\/2016\/02\/17\/luqac-souligne-la-perseverance-de-ses-etudiants\/#breadcrumb"},"inLanguage":"fr-CA","potentialAction":[{"@type":"ReadAction","target":["https:\/\/www.uqac.ca\/uqactualites\/2016\/02\/17\/luqac-souligne-la-perseverance-de-ses-etudiants\/"]}]},{"@type":"ImageObject","inLanguage":"fr-CA","@id":"https:\/\/www.uqac.ca\/uqactualites\/2016\/02\/17\/luqac-souligne-la-perseverance-de-ses-etudiants\/#primaryimage","url":"https:\/\/www.uqac.ca\/uqactualites\/wp-content\/uploads\/2016\/02\/GRAF_UQACTUPerseverenceScoH16-05.jpg","contentUrl":"https:\/\/www.uqac.ca\/uqactualites\/wp-content\/uploads\/2016\/02\/GRAF_UQACTUPerseverenceScoH16-05.jpg","width":620,"height":301},{"@type":"BreadcrumbList","@id":"https:\/\/www.uqac.ca\/uqactualites\/2016\/02\/17\/luqac-souligne-la-perseverance-de-ses-etudiants\/#breadcrumb","itemListElement":[{"@type":"ListItem","position":1,"name":"Home","item":"https:\/\/www.uqac.ca\/uqactualites\/"},{"@type":"ListItem","position":2,"name":"L\u2019UQAC souligne la pers\u00e9v\u00e9rance de ses \u00e9tudiants"}]},{"@type":"WebSite","@id":"https:\/\/www.uqac.ca\/uqactualites\/#website","url":"https:\/\/www.uqac.ca\/uqactualites\/","name":"UQACtualit\u00e9s","description":"Le portail des nouvelles de l&#039;UQAC","potentialAction":[{"@type":"SearchAction","target":{"@type":"EntryPoint","urlTemplate":"https:\/\/www.uqac.ca\/uqactualites\/?s={search_term_string}"},"query-input":{"@type":"PropertyValueSpecification","valueRequired":true,"valueName":"search_term_string"}}],"inLanguage":"fr-CA"},{"@type":"Person","@id":"https:\/\/www.uqac.ca\/uqactualites\/#\/schema\/person\/366c45a0c4f0e677b41b4af5886e2018","name":"Service des communications et des relations publiques","image":{"@type":"ImageObject","inLanguage":"fr-CA","@id":"https:\/\/www.uqac.ca\/uqactualites\/#\/schema\/person\/image\/","url":"https:\/\/secure.gravatar.com\/avatar\/20fbbda8a292f59f2d3461a5b999c00b?s=96&d=mm&r=g","contentUrl":"https:\/\/secure.gravatar.com\/avatar\/20fbbda8a292f59f2d3461a5b999c00b?s=96&d=mm&r=g","caption":"Service des communications et des relations publiques"},"url":"https:\/\/www.uqac.ca\/uqactualites\/author\/bap\/"}]}},"_links":{"self":[{"href":"https:\/\/www.uqac.ca\/uqactualites\/wp-json\/wp\/v2\/posts\/31550"}],"collection":[{"href":"https:\/\/www.uqac.ca\/uqactualites\/wp-json\/wp\/v2\/posts"}],"about":[{"href":"https:\/\/www.uqac.ca\/uqactualites\/wp-json\/wp\/v2\/types\/post"}],"author":[{"embeddable":true,"href":"https:\/\/www.uqac.ca\/uqactualites\/wp-json\/wp\/v2\/users\/5"}],"replies":[{"embeddable":true,"href":"https:\/\/www.uqac.ca\/uqactualites\/wp-json\/wp\/v2\/comments?post=31550"}],"version-history":[{"count":0,"href":"https:\/\/www.uqac.ca\/uqactualites\/wp-json\/wp\/v2\/posts\/31550\/revisions"}],"wp:featuredmedia":[{"embeddable":true,"href":"https:\/\/www.uqac.ca\/uqactualites\/wp-json\/wp\/v2\/media\/31552"}],"wp:attachment":[{"href":"https:\/\/www.uqac.ca\/uqactualites\/wp-json\/wp\/v2\/media?parent=31550"}],"wp:term":[{"taxonomy":"category","embeddable":true,"href":"https:\/\/www.uqac.ca\/uqactualites\/wp-json\/wp\/v2\/categories?post=31550"},{"taxonomy":"post_tag","embeddable":true,"href":"https:\/\/www.uqac.ca\/uqactualites\/wp-json\/wp\/v2\/tags?post=31550"}],"curies":[{"name":"wp","href":"https:\/\/api.w.org\/{rel}","templated":true}]}}