{"id":31553,"date":"2016-02-19T09:26:10","date_gmt":"2016-02-19T14:26:10","guid":{"rendered":"http:\/\/uqactualite.odev.ca\/?p=31553"},"modified":"2016-02-19T09:26:10","modified_gmt":"2016-02-19T14:26:10","slug":"defi-cecobois-2016-les-etudiants-de-luqac-sillustrent","status":"publish","type":"post","link":"https:\/\/www.uqac.ca\/uqactualites\/2016\/02\/19\/defi-cecobois-2016-les-etudiants-de-luqac-sillustrent\/","title":{"rendered":"D\u00e9fi Cecobois 2016 : les \u00e9tudiants de l\u2019UQAC s\u2019illustrent"},"content":{"rendered":"<p style=\"text-align: justify\">Encore une fois cette ann\u00e9e, l\u2019UQAC s\u2019est d\u00e9marqu\u00e9e \u00e0 l\u2019occasion du D\u00e9fi Cecobois, auquel ont particip\u00e9 pas moins de 13 \u00e9tudiants du <span style=\"text-decoration: underline\"><a href=\"http:\/\/programmes.uqac.ca\/7480\" target=\"_blank\" rel=\"noopener\">baccalaur\u00e9at en g\u00e9nie civil<\/a><\/span> et de la <span style=\"text-decoration: underline\"><a href=\"http:\/\/programmes.uqac.ca\/1709\" target=\"_blank\" rel=\"noopener\">ma\u00eetrise en ing\u00e9nierie (profil professionnel)<\/a><\/span>.<\/p>\n<p style=\"text-align: justify\">Tenue \u00e0 l\u2019Universit\u00e9 Laval du 12 au 14 f\u00e9vrier derniers dans le cadre du Salon de la for\u00eat 2016, la comp\u00e9tition accueillait une cinquantaine d\u2019\u00e9tudiants issus de sept universit\u00e9s qu\u00e9b\u00e9coises et proposait un d\u00e9fi de taille\u00a0: utiliser le mat\u00e9riau bois afin de concevoir et de construire un mod\u00e8le r\u00e9duit \u00e0 l&rsquo;\u00e9chelle 1 : 10 d&rsquo;un passage pi\u00e9ton reliant deux plateformes \u00e0 des niveaux distincts, dont le design devait \u00eatre novateur et optimis\u00e9.<\/p>\n<p style=\"text-align: justify\">William Amberg, Nicolas Bancquart, Amadou Moctar Diack, Romain Fiette, Simon Gagnon-Brassard, Rapha\u00ebl Garfagni, Adrien Guign\u00e9, Mustapha Hamaoui, Maxime Lapalus, Florian Mioche, Yoann Pic, Philippe Savard et Nicolas Tremblay ont ainsi fi\u00e8rement repr\u00e9sent\u00e9 l\u2019UQAC \u00e0 cette 7<sup>e<\/sup> \u00e9dition du concours ax\u00e9 sur l\u2019exp\u00e9rimentation du mat\u00e9riau bois. Au terme de la comp\u00e9tition, les cinq prix ont \u00e9t\u00e9 attribu\u00e9s \u00e0 des \u00e9quipes comptant au moins un \u00e9tudiant de l\u2019UQAC.<\/p>\n<p style=\"text-align: justify\">Pour plus de d\u00e9tails sur le D\u00e9fi Cecobois, consultez le <span style=\"text-decoration: underline\"><a href=\"http:\/\/www.cecobois.com\/fr\/nouvelles\/defi-cecobois-2016-felicitations-aux-gagnants\" target=\"_blank\" rel=\"noopener\">communiqu\u00e9<\/a><\/span> en ligne.<\/p>\n<p style=\"text-align: justify\">Toutes nos f\u00e9licitations aux participants!<\/p>\n<p style=\"text-align: justify\">\n<p style=\"text-align: justify\"><span style=\"color: #808080\"><strong>Photo\u00a0: <\/strong>\u00c9quipe gagnante de la 7<sup>e<\/sup> \u00e9dition du D\u00e9fi Cecobois, dont faisaient partie Simon Gagnon-Brassard et Yoann Pic, \u00e9tudiants de l\u2019UQAC<\/span><br \/>\n<span style=\"color: #808080\">\u00a9Cecobois<\/span><\/p>\n","protected":false},"excerpt":{"rendered":"<p>Encore une fois cette ann\u00e9e, l\u2019UQAC s\u2019est d\u00e9marqu\u00e9e \u00e0 l\u2019occasion du D\u00e9fi Cecobois, auquel ont particip\u00e9 pas moins de 13 \u00e9tudiants du baccalaur\u00e9at en g\u00e9nie civil et de la ma\u00eetrise en ing\u00e9nierie (profil professionnel). Tenue \u00e0 l\u2019Universit\u00e9 Laval du 12 au 14 f\u00e9vrier derniers dans le cadre du Salon de la for\u00eat 2016, la comp\u00e9tition [&hellip;]<\/p>\n","protected":false},"author":5,"featured_media":31554,"comment_status":"open","ping_status":"open","sticky":false,"template":"","format":"standard","meta":{"footnotes":""},"categories":[2,61,9],"tags":[],"yoast_head":"<!-- This site is optimized with the Yoast SEO plugin v24.2 - https:\/\/yoast.com\/wordpress\/plugins\/seo\/ -->\r\n<title>D\u00e9fi Cecobois 2016 : les \u00e9tudiants de l\u2019UQAC s\u2019illustrent - UQACtualit\u00e9s<\/title>\r\n<meta name=\"robots\" content=\"index, follow, max-snippet:-1, max-image-preview:large, max-video-preview:-1\" \/>\r\n<link rel=\"canonical\" href=\"https:\/\/www.uqac.ca\/uqactualites\/2016\/02\/19\/defi-cecobois-2016-les-etudiants-de-luqac-sillustrent\/\" \/>\r\n<meta property=\"og:locale\" content=\"fr_CA\" \/>\r\n<meta property=\"og:type\" content=\"article\" \/>\r\n<meta property=\"og:title\" content=\"D\u00e9fi Cecobois 2016 : les \u00e9tudiants de l\u2019UQAC s\u2019illustrent - UQACtualit\u00e9s\" \/>\r\n<meta property=\"og:description\" content=\"Encore une fois cette ann\u00e9e, l\u2019UQAC s\u2019est d\u00e9marqu\u00e9e \u00e0 l\u2019occasion du D\u00e9fi Cecobois, auquel ont particip\u00e9 pas moins de 13 \u00e9tudiants du baccalaur\u00e9at en g\u00e9nie civil et de la ma\u00eetrise en ing\u00e9nierie (profil professionnel). Tenue \u00e0 l\u2019Universit\u00e9 Laval du 12 au 14 f\u00e9vrier derniers dans le cadre du Salon de la for\u00eat 2016, la comp\u00e9tition [&hellip;]\" \/>\r\n<meta property=\"og:url\" content=\"https:\/\/www.uqac.ca\/uqactualites\/2016\/02\/19\/defi-cecobois-2016-les-etudiants-de-luqac-sillustrent\/\" \/>\r\n<meta property=\"og:site_name\" content=\"UQACtualit\u00e9s\" \/>\r\n<meta property=\"article:published_time\" content=\"2016-02-19T14:26:10+00:00\" \/>\r\n<meta property=\"og:image\" content=\"https:\/\/www.uqac.ca\/uqactualites\/wp-content\/uploads\/2016\/02\/Premier-prix-Cecobois-2016-Web-Cecobois.jpg\" \/>\r\n\t<meta property=\"og:image:width\" content=\"620\" \/>\r\n\t<meta property=\"og:image:height\" content=\"300\" \/>\r\n\t<meta property=\"og:image:type\" content=\"image\/jpeg\" \/>\r\n<meta name=\"author\" content=\"Service des communications et des relations publiques\" \/>\r\n<meta name=\"twitter:card\" content=\"summary_large_image\" \/>\r\n<meta name=\"twitter:label1\" content=\"\u00c9crit par\" \/>\n\t<meta name=\"twitter:data1\" content=\"Service des communications et des relations publiques\" \/>\n\t<meta name=\"twitter:label2\" content=\"Estimation du temps de lecture\" \/>\n\t<meta name=\"twitter:data2\" content=\"1 minute\" \/>\r\n<script type=\"application\/ld+json\" class=\"yoast-schema-graph\">{\"@context\":\"https:\/\/schema.org\",\"@graph\":[{\"@type\":\"WebPage\",\"@id\":\"https:\/\/www.uqac.ca\/uqactualites\/2016\/02\/19\/defi-cecobois-2016-les-etudiants-de-luqac-sillustrent\/\",\"url\":\"https:\/\/www.uqac.ca\/uqactualites\/2016\/02\/19\/defi-cecobois-2016-les-etudiants-de-luqac-sillustrent\/\",\"name\":\"D\u00e9fi Cecobois 2016 : les \u00e9tudiants de l\u2019UQAC s\u2019illustrent - UQACtualit\u00e9s\",\"isPartOf\":{\"@id\":\"https:\/\/www.uqac.ca\/uqactualites\/#website\"},\"primaryImageOfPage\":{\"@id\":\"https:\/\/www.uqac.ca\/uqactualites\/2016\/02\/19\/defi-cecobois-2016-les-etudiants-de-luqac-sillustrent\/#primaryimage\"},\"image\":{\"@id\":\"https:\/\/www.uqac.ca\/uqactualites\/2016\/02\/19\/defi-cecobois-2016-les-etudiants-de-luqac-sillustrent\/#primaryimage\"},\"thumbnailUrl\":\"https:\/\/www.uqac.ca\/uqactualites\/wp-content\/uploads\/2016\/02\/Premier-prix-Cecobois-2016-Web-Cecobois.jpg\",\"datePublished\":\"2016-02-19T14:26:10+00:00\",\"dateModified\":\"2016-02-19T14:26:10+00:00\",\"author\":{\"@id\":\"https:\/\/www.uqac.ca\/uqactualites\/#\/schema\/person\/366c45a0c4f0e677b41b4af5886e2018\"},\"breadcrumb\":{\"@id\":\"https:\/\/www.uqac.ca\/uqactualites\/2016\/02\/19\/defi-cecobois-2016-les-etudiants-de-luqac-sillustrent\/#breadcrumb\"},\"inLanguage\":\"fr-CA\",\"potentialAction\":[{\"@type\":\"ReadAction\",\"target\":[\"https:\/\/www.uqac.ca\/uqactualites\/2016\/02\/19\/defi-cecobois-2016-les-etudiants-de-luqac-sillustrent\/\"]}]},{\"@type\":\"ImageObject\",\"inLanguage\":\"fr-CA\",\"@id\":\"https:\/\/www.uqac.ca\/uqactualites\/2016\/02\/19\/defi-cecobois-2016-les-etudiants-de-luqac-sillustrent\/#primaryimage\",\"url\":\"https:\/\/www.uqac.ca\/uqactualites\/wp-content\/uploads\/2016\/02\/Premier-prix-Cecobois-2016-Web-Cecobois.jpg\",\"contentUrl\":\"https:\/\/www.uqac.ca\/uqactualites\/wp-content\/uploads\/2016\/02\/Premier-prix-Cecobois-2016-Web-Cecobois.jpg\",\"width\":620,\"height\":300},{\"@type\":\"BreadcrumbList\",\"@id\":\"https:\/\/www.uqac.ca\/uqactualites\/2016\/02\/19\/defi-cecobois-2016-les-etudiants-de-luqac-sillustrent\/#breadcrumb\",\"itemListElement\":[{\"@type\":\"ListItem\",\"position\":1,\"name\":\"Home\",\"item\":\"https:\/\/www.uqac.ca\/uqactualites\/\"},{\"@type\":\"ListItem\",\"position\":2,\"name\":\"D\u00e9fi Cecobois 2016 : les \u00e9tudiants de l\u2019UQAC s\u2019illustrent\"}]},{\"@type\":\"WebSite\",\"@id\":\"https:\/\/www.uqac.ca\/uqactualites\/#website\",\"url\":\"https:\/\/www.uqac.ca\/uqactualites\/\",\"name\":\"UQACtualit\u00e9s\",\"description\":\"Le portail des nouvelles de l&#039;UQAC\",\"potentialAction\":[{\"@type\":\"SearchAction\",\"target\":{\"@type\":\"EntryPoint\",\"urlTemplate\":\"https:\/\/www.uqac.ca\/uqactualites\/?s={search_term_string}\"},\"query-input\":{\"@type\":\"PropertyValueSpecification\",\"valueRequired\":true,\"valueName\":\"search_term_string\"}}],\"inLanguage\":\"fr-CA\"},{\"@type\":\"Person\",\"@id\":\"https:\/\/www.uqac.ca\/uqactualites\/#\/schema\/person\/366c45a0c4f0e677b41b4af5886e2018\",\"name\":\"Service des communications et des relations publiques\",\"image\":{\"@type\":\"ImageObject\",\"inLanguage\":\"fr-CA\",\"@id\":\"https:\/\/www.uqac.ca\/uqactualites\/#\/schema\/person\/image\/\",\"url\":\"https:\/\/secure.gravatar.com\/avatar\/20fbbda8a292f59f2d3461a5b999c00b?s=96&d=mm&r=g\",\"contentUrl\":\"https:\/\/secure.gravatar.com\/avatar\/20fbbda8a292f59f2d3461a5b999c00b?s=96&d=mm&r=g\",\"caption\":\"Service des communications et des relations publiques\"},\"url\":\"https:\/\/www.uqac.ca\/uqactualites\/author\/bap\/\"}]}<\/script>\r\n<!-- \/ Yoast SEO plugin. -->","yoast_head_json":{"title":"D\u00e9fi Cecobois 2016 : les \u00e9tudiants de l\u2019UQAC s\u2019illustrent - UQACtualit\u00e9s","robots":{"index":"index","follow":"follow","max-snippet":"max-snippet:-1","max-image-preview":"max-image-preview:large","max-video-preview":"max-video-preview:-1"},"canonical":"https:\/\/www.uqac.ca\/uqactualites\/2016\/02\/19\/defi-cecobois-2016-les-etudiants-de-luqac-sillustrent\/","og_locale":"fr_CA","og_type":"article","og_title":"D\u00e9fi Cecobois 2016 : les \u00e9tudiants de l\u2019UQAC s\u2019illustrent - UQACtualit\u00e9s","og_description":"Encore une fois cette ann\u00e9e, l\u2019UQAC s\u2019est d\u00e9marqu\u00e9e \u00e0 l\u2019occasion du D\u00e9fi Cecobois, auquel ont particip\u00e9 pas moins de 13 \u00e9tudiants du baccalaur\u00e9at en g\u00e9nie civil et de la ma\u00eetrise en ing\u00e9nierie (profil professionnel). Tenue \u00e0 l\u2019Universit\u00e9 Laval du 12 au 14 f\u00e9vrier derniers dans le cadre du Salon de la for\u00eat 2016, la comp\u00e9tition [&hellip;]","og_url":"https:\/\/www.uqac.ca\/uqactualites\/2016\/02\/19\/defi-cecobois-2016-les-etudiants-de-luqac-sillustrent\/","og_site_name":"UQACtualit\u00e9s","article_published_time":"2016-02-19T14:26:10+00:00","og_image":[{"width":620,"height":300,"url":"https:\/\/www.uqac.ca\/uqactualites\/wp-content\/uploads\/2016\/02\/Premier-prix-Cecobois-2016-Web-Cecobois.jpg","type":"image\/jpeg"}],"author":"Service des communications et des relations publiques","twitter_card":"summary_large_image","twitter_misc":{"\u00c9crit par":"Service des communications et des relations publiques","Estimation du temps de lecture":"1 minute"},"schema":{"@context":"https:\/\/schema.org","@graph":[{"@type":"WebPage","@id":"https:\/\/www.uqac.ca\/uqactualites\/2016\/02\/19\/defi-cecobois-2016-les-etudiants-de-luqac-sillustrent\/","url":"https:\/\/www.uqac.ca\/uqactualites\/2016\/02\/19\/defi-cecobois-2016-les-etudiants-de-luqac-sillustrent\/","name":"D\u00e9fi Cecobois 2016 : les \u00e9tudiants de l\u2019UQAC s\u2019illustrent - UQACtualit\u00e9s","isPartOf":{"@id":"https:\/\/www.uqac.ca\/uqactualites\/#website"},"primaryImageOfPage":{"@id":"https:\/\/www.uqac.ca\/uqactualites\/2016\/02\/19\/defi-cecobois-2016-les-etudiants-de-luqac-sillustrent\/#primaryimage"},"image":{"@id":"https:\/\/www.uqac.ca\/uqactualites\/2016\/02\/19\/defi-cecobois-2016-les-etudiants-de-luqac-sillustrent\/#primaryimage"},"thumbnailUrl":"https:\/\/www.uqac.ca\/uqactualites\/wp-content\/uploads\/2016\/02\/Premier-prix-Cecobois-2016-Web-Cecobois.jpg","datePublished":"2016-02-19T14:26:10+00:00","dateModified":"2016-02-19T14:26:10+00:00","author":{"@id":"https:\/\/www.uqac.ca\/uqactualites\/#\/schema\/person\/366c45a0c4f0e677b41b4af5886e2018"},"breadcrumb":{"@id":"https:\/\/www.uqac.ca\/uqactualites\/2016\/02\/19\/defi-cecobois-2016-les-etudiants-de-luqac-sillustrent\/#breadcrumb"},"inLanguage":"fr-CA","potentialAction":[{"@type":"ReadAction","target":["https:\/\/www.uqac.ca\/uqactualites\/2016\/02\/19\/defi-cecobois-2016-les-etudiants-de-luqac-sillustrent\/"]}]},{"@type":"ImageObject","inLanguage":"fr-CA","@id":"https:\/\/www.uqac.ca\/uqactualites\/2016\/02\/19\/defi-cecobois-2016-les-etudiants-de-luqac-sillustrent\/#primaryimage","url":"https:\/\/www.uqac.ca\/uqactualites\/wp-content\/uploads\/2016\/02\/Premier-prix-Cecobois-2016-Web-Cecobois.jpg","contentUrl":"https:\/\/www.uqac.ca\/uqactualites\/wp-content\/uploads\/2016\/02\/Premier-prix-Cecobois-2016-Web-Cecobois.jpg","width":620,"height":300},{"@type":"BreadcrumbList","@id":"https:\/\/www.uqac.ca\/uqactualites\/2016\/02\/19\/defi-cecobois-2016-les-etudiants-de-luqac-sillustrent\/#breadcrumb","itemListElement":[{"@type":"ListItem","position":1,"name":"Home","item":"https:\/\/www.uqac.ca\/uqactualites\/"},{"@type":"ListItem","position":2,"name":"D\u00e9fi Cecobois 2016 : les \u00e9tudiants de l\u2019UQAC s\u2019illustrent"}]},{"@type":"WebSite","@id":"https:\/\/www.uqac.ca\/uqactualites\/#website","url":"https:\/\/www.uqac.ca\/uqactualites\/","name":"UQACtualit\u00e9s","description":"Le portail des nouvelles de l&#039;UQAC","potentialAction":[{"@type":"SearchAction","target":{"@type":"EntryPoint","urlTemplate":"https:\/\/www.uqac.ca\/uqactualites\/?s={search_term_string}"},"query-input":{"@type":"PropertyValueSpecification","valueRequired":true,"valueName":"search_term_string"}}],"inLanguage":"fr-CA"},{"@type":"Person","@id":"https:\/\/www.uqac.ca\/uqactualites\/#\/schema\/person\/366c45a0c4f0e677b41b4af5886e2018","name":"Service des communications et des relations publiques","image":{"@type":"ImageObject","inLanguage":"fr-CA","@id":"https:\/\/www.uqac.ca\/uqactualites\/#\/schema\/person\/image\/","url":"https:\/\/secure.gravatar.com\/avatar\/20fbbda8a292f59f2d3461a5b999c00b?s=96&d=mm&r=g","contentUrl":"https:\/\/secure.gravatar.com\/avatar\/20fbbda8a292f59f2d3461a5b999c00b?s=96&d=mm&r=g","caption":"Service des communications et des relations publiques"},"url":"https:\/\/www.uqac.ca\/uqactualites\/author\/bap\/"}]}},"_links":{"self":[{"href":"https:\/\/www.uqac.ca\/uqactualites\/wp-json\/wp\/v2\/posts\/31553"}],"collection":[{"href":"https:\/\/www.uqac.ca\/uqactualites\/wp-json\/wp\/v2\/posts"}],"about":[{"href":"https:\/\/www.uqac.ca\/uqactualites\/wp-json\/wp\/v2\/types\/post"}],"author":[{"embeddable":true,"href":"https:\/\/www.uqac.ca\/uqactualites\/wp-json\/wp\/v2\/users\/5"}],"replies":[{"embeddable":true,"href":"https:\/\/www.uqac.ca\/uqactualites\/wp-json\/wp\/v2\/comments?post=31553"}],"version-history":[{"count":0,"href":"https:\/\/www.uqac.ca\/uqactualites\/wp-json\/wp\/v2\/posts\/31553\/revisions"}],"wp:featuredmedia":[{"embeddable":true,"href":"https:\/\/www.uqac.ca\/uqactualites\/wp-json\/wp\/v2\/media\/31554"}],"wp:attachment":[{"href":"https:\/\/www.uqac.ca\/uqactualites\/wp-json\/wp\/v2\/media?parent=31553"}],"wp:term":[{"taxonomy":"category","embeddable":true,"href":"https:\/\/www.uqac.ca\/uqactualites\/wp-json\/wp\/v2\/categories?post=31553"},{"taxonomy":"post_tag","embeddable":true,"href":"https:\/\/www.uqac.ca\/uqactualites\/wp-json\/wp\/v2\/tags?post=31553"}],"curies":[{"name":"wp","href":"https:\/\/api.w.org\/{rel}","templated":true}]}}