{"id":31600,"date":"2016-02-26T11:26:06","date_gmt":"2016-02-26T16:26:06","guid":{"rendered":"http:\/\/uqactualite.odev.ca\/?p=31600"},"modified":"2016-02-26T11:26:06","modified_gmt":"2016-02-26T16:26:06","slug":"soutien-a-la-recherche-et-creation-du-gouvernement-du-canada","status":"publish","type":"post","link":"https:\/\/www.uqac.ca\/uqactualites\/2016\/02\/26\/soutien-a-la-recherche-et-creation-du-gouvernement-du-canada\/","title":{"rendered":"Soutien \u00e0 la recherche et cr\u00e9ation du Gouvernement du Canada"},"content":{"rendered":"<p style=\"text-align: justify\">Le D\u00e9canat de la recherche et de la cr\u00e9ation informe la communaut\u00e9 universitaire du montant annuel de la subvention octroy\u00e9e \u00e0 l\u2019UQAC dans le cadre du Fonds de soutien \u00e0 la recherche du gouvernement du Canada pour 2015-2016\u00a0:<\/p>\n<p style=\"text-align: center\"><strong>Subvention de 1\u00a0508\u00a0881 $<\/strong><\/p>\n<p style=\"text-align: justify\">Le Fonds de soutien \u00e0 la recherche vise \u00e0 aider les \u00e9tablissements d\u2019enseignement postsecondaire \u00e0 couvrir une partie des d\u00e9penses engag\u00e9es dans la gestion des travaux de recherche financ\u00e9s par les trois organismes subventionnaires f\u00e9d\u00e9raux :<\/p>\n<ul style=\"text-align: justify\">\n<li>les <a href=\"http:\/\/www.cihr-irsc.gc.ca\/\" target=\"_blank\" rel=\"noopener\">Instituts de recherche en sant\u00e9 du Canada<\/a>;<\/li>\n<li>le <a href=\"http:\/\/www.nserc-crsng.gc.ca\/\" target=\"_blank\" rel=\"noopener\">Conseil de recherches en sciences naturelles et en g\u00e9nie<\/a>;<\/li>\n<li>le <a href=\"http:\/\/www.sshrc-crsh.gc.ca\/\" target=\"_blank\" rel=\"noopener\">Conseil de recherches en sciences humaines<\/a>.<\/li>\n<\/ul>\n<p style=\"text-align: justify\">Chaque ann\u00e9e, le gouvernement du Canada investit dans l\u2019excellence de la recherche en sciences de la sant\u00e9, en g\u00e9nie, en sciences naturelles et en sciences humaines par l\u2019entremise de ces trois organismes subventionnaires. Le Fonds de soutien \u00e0 la recherche renforce cet investissement en recherche en aidant les \u00e9tablissements \u00e0 faire en sorte que leurs travaux de recherche financ\u00e9s par le gouvernement f\u00e9d\u00e9ral se d\u00e9roulent dans des installations de calibre international o\u00f9 on retrouve le meilleur mat\u00e9riel et le meilleur soutien administratif possible.<\/p>\n<p style=\"text-align: justify\">La subvention couvre cinq cat\u00e9gories de d\u00e9penses\u00a0: les installations de recherche, les ressources de recherche, la gestion et l\u2019administration, les exigences r\u00e9glementaires et norme d\u2019agr\u00e9ment ainsi que la propri\u00e9t\u00e9 intellectuelle.<\/p>\n<p>L\u2019UQAC b\u00e9n\u00e9ficie d\u2019une subvention de 1\u00a0508\u00a0881 $ pour l\u2019exercice financier en cours. Sa r\u00e9partition est bas\u00e9e sur la moyenne des d\u00e9penses des ann\u00e9es pr\u00e9c\u00e9dentes et celles budg\u00e9t\u00e9es au cours de cette ann\u00e9e\u00a0:\u00a0<strong><br \/>\n<\/strong><\/p>\n<table>\n<tbody>\n<tr>\n<td width=\"340\"><strong>Cat\u00e9gorie de d\u00e9penses<\/strong><\/td>\n<td width=\"113\"><strong>\u00a0<\/strong><\/p>\n<p><strong>Montant<\/strong><\/td>\n<td width=\"123\"><strong>% de la subvention totale<\/strong><\/td>\n<\/tr>\n<tr>\n<td width=\"340\">Installations de recherche<\/td>\n<td width=\"113\">347\u00a0259 $<\/td>\n<td width=\"123\">23 %<\/td>\n<\/tr>\n<tr>\n<td width=\"340\">Ressources de recherche<\/td>\n<td width=\"113\">316\u00a0000 $<\/td>\n<td width=\"123\">21 %<\/td>\n<\/tr>\n<tr>\n<td width=\"340\">Gestion et administration<\/td>\n<td width=\"113\">619\u00a0000 $<\/td>\n<td width=\"123\">41 %<\/td>\n<\/tr>\n<tr>\n<td width=\"340\">Exigences r\u00e9glementaires et norme d\u2019agr\u00e9ment<\/td>\n<td width=\"113\">121\u00a0000 $<\/td>\n<td width=\"123\">8 %<\/td>\n<\/tr>\n<tr>\n<td width=\"340\">Propri\u00e9t\u00e9 intellectuelle<\/td>\n<td width=\"113\">105\u00a0622 $<\/td>\n<td width=\"123\">7 %<\/td>\n<\/tr>\n<tr>\n<td width=\"340\">TOTAL<\/td>\n<td width=\"113\">1\u00a0508\u00a0881 $<\/td>\n<td width=\"123\">&nbsp;<\/td>\n<\/tr>\n<\/tbody>\n<\/table>\n<p style=\"text-align: justify\">\n<p style=\"text-align: justify\">Cet important soutien financier permet \u00e0 l\u2019UQAC d\u2019offrir \u00e0 sa communaut\u00e9 de recherche un environnement propice \u00e0 la r\u00e9alisation de projets d\u2019envergure et de la positionner sur l\u2019\u00e9chiquier mondial.<\/p>\n<p style=\"text-align: justify\">Pour plus de d\u00e9tails, nous vous invitons \u00e0 consulter la <a href=\"http:\/\/recherche.uqac.ca\/fonds-de-soutien-a-la-recherche\/\">page Web du Fonds de soutien \u00e0 la recherche de l\u2019UQAC<\/a>.<\/p>\n<p style=\"text-align: justify\"><strong><br \/>\nRenseignements\u00a0:<br \/>\n<\/strong>Myriam Duperr\u00e9, agente de recherche<br \/>\nD\u00e9canat de la recherche et de la cr\u00e9ation<br \/>\nUniversit\u00e9 du Qu\u00e9bec \u00e0 Chicoutimi<br \/>\n418 545-5011, poste 2483\u00a0 \u25aa\u00a0 <a href=\"mailto:myriam_duperre@uqac.ca\">myriam_duperre@uqac.ca<\/a><\/p>\n","protected":false},"excerpt":{"rendered":"<p>Le D\u00e9canat de la recherche et de la cr\u00e9ation informe la communaut\u00e9 universitaire du montant annuel de la subvention octroy\u00e9e \u00e0 l\u2019UQAC dans le cadre du Fonds de soutien \u00e0 la recherche du gouvernement du Canada pour 2015-2016\u00a0: Subvention de 1\u00a0508\u00a0881 $ Le Fonds de soutien \u00e0 la recherche vise \u00e0 aider les \u00e9tablissements d\u2019enseignement [&hellip;]<\/p>\n","protected":false},"author":5,"featured_media":20989,"comment_status":"open","ping_status":"open","sticky":false,"template":"","format":"standard","meta":{"footnotes":""},"categories":[2772],"tags":[],"yoast_head":"<!-- This site is optimized with the Yoast SEO plugin v24.2 - https:\/\/yoast.com\/wordpress\/plugins\/seo\/ -->\r\n<title>Soutien \u00e0 la recherche et cr\u00e9ation du Gouvernement du Canada - UQACtualit\u00e9s<\/title>\r\n<meta name=\"robots\" content=\"index, follow, max-snippet:-1, max-image-preview:large, max-video-preview:-1\" \/>\r\n<link rel=\"canonical\" href=\"https:\/\/www.uqac.ca\/uqactualites\/2016\/02\/26\/soutien-a-la-recherche-et-creation-du-gouvernement-du-canada\/\" \/>\r\n<meta property=\"og:locale\" content=\"fr_CA\" \/>\r\n<meta property=\"og:type\" content=\"article\" \/>\r\n<meta property=\"og:title\" content=\"Soutien \u00e0 la recherche et cr\u00e9ation du Gouvernement du Canada - UQACtualit\u00e9s\" \/>\r\n<meta property=\"og:description\" content=\"Le D\u00e9canat de la recherche et de la cr\u00e9ation informe la communaut\u00e9 universitaire du montant annuel de la subvention octroy\u00e9e \u00e0 l\u2019UQAC dans le cadre du Fonds de soutien \u00e0 la recherche du gouvernement du Canada pour 2015-2016\u00a0: Subvention de 1\u00a0508\u00a0881 $ Le Fonds de soutien \u00e0 la recherche vise \u00e0 aider les \u00e9tablissements d\u2019enseignement [&hellip;]\" \/>\r\n<meta property=\"og:url\" content=\"https:\/\/www.uqac.ca\/uqactualites\/2016\/02\/26\/soutien-a-la-recherche-et-creation-du-gouvernement-du-canada\/\" \/>\r\n<meta property=\"og:site_name\" content=\"UQACtualit\u00e9s\" \/>\r\n<meta property=\"article:published_time\" content=\"2016-02-26T16:26:06+00:00\" \/>\r\n<meta property=\"og:image\" content=\"https:\/\/www.uqac.ca\/uqactualites\/wp-content\/uploads\/2012\/05\/avis-laCommunaut-.jpg\" \/>\r\n\t<meta property=\"og:image:width\" content=\"620\" \/>\r\n\t<meta property=\"og:image:height\" content=\"300\" \/>\r\n\t<meta property=\"og:image:type\" content=\"image\/jpeg\" \/>\r\n<meta name=\"author\" content=\"Service des communications et des relations publiques\" \/>\r\n<meta name=\"twitter:card\" content=\"summary_large_image\" \/>\r\n<meta name=\"twitter:label1\" content=\"\u00c9crit par\" \/>\n\t<meta name=\"twitter:data1\" content=\"Service des communications et des relations publiques\" \/>\n\t<meta name=\"twitter:label2\" content=\"Estimation du temps de lecture\" \/>\n\t<meta name=\"twitter:data2\" content=\"2 minutes\" \/>\r\n<script type=\"application\/ld+json\" class=\"yoast-schema-graph\">{\"@context\":\"https:\/\/schema.org\",\"@graph\":[{\"@type\":\"WebPage\",\"@id\":\"https:\/\/www.uqac.ca\/uqactualites\/2016\/02\/26\/soutien-a-la-recherche-et-creation-du-gouvernement-du-canada\/\",\"url\":\"https:\/\/www.uqac.ca\/uqactualites\/2016\/02\/26\/soutien-a-la-recherche-et-creation-du-gouvernement-du-canada\/\",\"name\":\"Soutien \u00e0 la recherche et cr\u00e9ation du Gouvernement du Canada - UQACtualit\u00e9s\",\"isPartOf\":{\"@id\":\"https:\/\/www.uqac.ca\/uqactualites\/#website\"},\"primaryImageOfPage\":{\"@id\":\"https:\/\/www.uqac.ca\/uqactualites\/2016\/02\/26\/soutien-a-la-recherche-et-creation-du-gouvernement-du-canada\/#primaryimage\"},\"image\":{\"@id\":\"https:\/\/www.uqac.ca\/uqactualites\/2016\/02\/26\/soutien-a-la-recherche-et-creation-du-gouvernement-du-canada\/#primaryimage\"},\"thumbnailUrl\":\"https:\/\/www.uqac.ca\/uqactualites\/wp-content\/uploads\/2012\/05\/avis-laCommunaut-.jpg\",\"datePublished\":\"2016-02-26T16:26:06+00:00\",\"dateModified\":\"2016-02-26T16:26:06+00:00\",\"author\":{\"@id\":\"https:\/\/www.uqac.ca\/uqactualites\/#\/schema\/person\/366c45a0c4f0e677b41b4af5886e2018\"},\"breadcrumb\":{\"@id\":\"https:\/\/www.uqac.ca\/uqactualites\/2016\/02\/26\/soutien-a-la-recherche-et-creation-du-gouvernement-du-canada\/#breadcrumb\"},\"inLanguage\":\"fr-CA\",\"potentialAction\":[{\"@type\":\"ReadAction\",\"target\":[\"https:\/\/www.uqac.ca\/uqactualites\/2016\/02\/26\/soutien-a-la-recherche-et-creation-du-gouvernement-du-canada\/\"]}]},{\"@type\":\"ImageObject\",\"inLanguage\":\"fr-CA\",\"@id\":\"https:\/\/www.uqac.ca\/uqactualites\/2016\/02\/26\/soutien-a-la-recherche-et-creation-du-gouvernement-du-canada\/#primaryimage\",\"url\":\"https:\/\/www.uqac.ca\/uqactualites\/wp-content\/uploads\/2012\/05\/avis-laCommunaut-.jpg\",\"contentUrl\":\"https:\/\/www.uqac.ca\/uqactualites\/wp-content\/uploads\/2012\/05\/avis-laCommunaut-.jpg\",\"width\":620,\"height\":300},{\"@type\":\"BreadcrumbList\",\"@id\":\"https:\/\/www.uqac.ca\/uqactualites\/2016\/02\/26\/soutien-a-la-recherche-et-creation-du-gouvernement-du-canada\/#breadcrumb\",\"itemListElement\":[{\"@type\":\"ListItem\",\"position\":1,\"name\":\"Home\",\"item\":\"https:\/\/www.uqac.ca\/uqactualites\/\"},{\"@type\":\"ListItem\",\"position\":2,\"name\":\"Soutien \u00e0 la recherche et cr\u00e9ation du Gouvernement du Canada\"}]},{\"@type\":\"WebSite\",\"@id\":\"https:\/\/www.uqac.ca\/uqactualites\/#website\",\"url\":\"https:\/\/www.uqac.ca\/uqactualites\/\",\"name\":\"UQACtualit\u00e9s\",\"description\":\"Le portail des nouvelles de l&#039;UQAC\",\"potentialAction\":[{\"@type\":\"SearchAction\",\"target\":{\"@type\":\"EntryPoint\",\"urlTemplate\":\"https:\/\/www.uqac.ca\/uqactualites\/?s={search_term_string}\"},\"query-input\":{\"@type\":\"PropertyValueSpecification\",\"valueRequired\":true,\"valueName\":\"search_term_string\"}}],\"inLanguage\":\"fr-CA\"},{\"@type\":\"Person\",\"@id\":\"https:\/\/www.uqac.ca\/uqactualites\/#\/schema\/person\/366c45a0c4f0e677b41b4af5886e2018\",\"name\":\"Service des communications et des relations publiques\",\"image\":{\"@type\":\"ImageObject\",\"inLanguage\":\"fr-CA\",\"@id\":\"https:\/\/www.uqac.ca\/uqactualites\/#\/schema\/person\/image\/\",\"url\":\"https:\/\/secure.gravatar.com\/avatar\/20fbbda8a292f59f2d3461a5b999c00b?s=96&d=mm&r=g\",\"contentUrl\":\"https:\/\/secure.gravatar.com\/avatar\/20fbbda8a292f59f2d3461a5b999c00b?s=96&d=mm&r=g\",\"caption\":\"Service des communications et des relations publiques\"},\"url\":\"https:\/\/www.uqac.ca\/uqactualites\/author\/bap\/\"}]}<\/script>\r\n<!-- \/ Yoast SEO plugin. -->","yoast_head_json":{"title":"Soutien \u00e0 la recherche et cr\u00e9ation du Gouvernement du Canada - UQACtualit\u00e9s","robots":{"index":"index","follow":"follow","max-snippet":"max-snippet:-1","max-image-preview":"max-image-preview:large","max-video-preview":"max-video-preview:-1"},"canonical":"https:\/\/www.uqac.ca\/uqactualites\/2016\/02\/26\/soutien-a-la-recherche-et-creation-du-gouvernement-du-canada\/","og_locale":"fr_CA","og_type":"article","og_title":"Soutien \u00e0 la recherche et cr\u00e9ation du Gouvernement du Canada - UQACtualit\u00e9s","og_description":"Le D\u00e9canat de la recherche et de la cr\u00e9ation informe la communaut\u00e9 universitaire du montant annuel de la subvention octroy\u00e9e \u00e0 l\u2019UQAC dans le cadre du Fonds de soutien \u00e0 la recherche du gouvernement du Canada pour 2015-2016\u00a0: Subvention de 1\u00a0508\u00a0881 $ Le Fonds de soutien \u00e0 la recherche vise \u00e0 aider les \u00e9tablissements d\u2019enseignement [&hellip;]","og_url":"https:\/\/www.uqac.ca\/uqactualites\/2016\/02\/26\/soutien-a-la-recherche-et-creation-du-gouvernement-du-canada\/","og_site_name":"UQACtualit\u00e9s","article_published_time":"2016-02-26T16:26:06+00:00","og_image":[{"width":620,"height":300,"url":"https:\/\/www.uqac.ca\/uqactualites\/wp-content\/uploads\/2012\/05\/avis-laCommunaut-.jpg","type":"image\/jpeg"}],"author":"Service des communications et des relations publiques","twitter_card":"summary_large_image","twitter_misc":{"\u00c9crit par":"Service des communications et des relations publiques","Estimation du temps de lecture":"2 minutes"},"schema":{"@context":"https:\/\/schema.org","@graph":[{"@type":"WebPage","@id":"https:\/\/www.uqac.ca\/uqactualites\/2016\/02\/26\/soutien-a-la-recherche-et-creation-du-gouvernement-du-canada\/","url":"https:\/\/www.uqac.ca\/uqactualites\/2016\/02\/26\/soutien-a-la-recherche-et-creation-du-gouvernement-du-canada\/","name":"Soutien \u00e0 la recherche et cr\u00e9ation du Gouvernement du Canada - UQACtualit\u00e9s","isPartOf":{"@id":"https:\/\/www.uqac.ca\/uqactualites\/#website"},"primaryImageOfPage":{"@id":"https:\/\/www.uqac.ca\/uqactualites\/2016\/02\/26\/soutien-a-la-recherche-et-creation-du-gouvernement-du-canada\/#primaryimage"},"image":{"@id":"https:\/\/www.uqac.ca\/uqactualites\/2016\/02\/26\/soutien-a-la-recherche-et-creation-du-gouvernement-du-canada\/#primaryimage"},"thumbnailUrl":"https:\/\/www.uqac.ca\/uqactualites\/wp-content\/uploads\/2012\/05\/avis-laCommunaut-.jpg","datePublished":"2016-02-26T16:26:06+00:00","dateModified":"2016-02-26T16:26:06+00:00","author":{"@id":"https:\/\/www.uqac.ca\/uqactualites\/#\/schema\/person\/366c45a0c4f0e677b41b4af5886e2018"},"breadcrumb":{"@id":"https:\/\/www.uqac.ca\/uqactualites\/2016\/02\/26\/soutien-a-la-recherche-et-creation-du-gouvernement-du-canada\/#breadcrumb"},"inLanguage":"fr-CA","potentialAction":[{"@type":"ReadAction","target":["https:\/\/www.uqac.ca\/uqactualites\/2016\/02\/26\/soutien-a-la-recherche-et-creation-du-gouvernement-du-canada\/"]}]},{"@type":"ImageObject","inLanguage":"fr-CA","@id":"https:\/\/www.uqac.ca\/uqactualites\/2016\/02\/26\/soutien-a-la-recherche-et-creation-du-gouvernement-du-canada\/#primaryimage","url":"https:\/\/www.uqac.ca\/uqactualites\/wp-content\/uploads\/2012\/05\/avis-laCommunaut-.jpg","contentUrl":"https:\/\/www.uqac.ca\/uqactualites\/wp-content\/uploads\/2012\/05\/avis-laCommunaut-.jpg","width":620,"height":300},{"@type":"BreadcrumbList","@id":"https:\/\/www.uqac.ca\/uqactualites\/2016\/02\/26\/soutien-a-la-recherche-et-creation-du-gouvernement-du-canada\/#breadcrumb","itemListElement":[{"@type":"ListItem","position":1,"name":"Home","item":"https:\/\/www.uqac.ca\/uqactualites\/"},{"@type":"ListItem","position":2,"name":"Soutien \u00e0 la recherche et cr\u00e9ation du Gouvernement du Canada"}]},{"@type":"WebSite","@id":"https:\/\/www.uqac.ca\/uqactualites\/#website","url":"https:\/\/www.uqac.ca\/uqactualites\/","name":"UQACtualit\u00e9s","description":"Le portail des nouvelles de l&#039;UQAC","potentialAction":[{"@type":"SearchAction","target":{"@type":"EntryPoint","urlTemplate":"https:\/\/www.uqac.ca\/uqactualites\/?s={search_term_string}"},"query-input":{"@type":"PropertyValueSpecification","valueRequired":true,"valueName":"search_term_string"}}],"inLanguage":"fr-CA"},{"@type":"Person","@id":"https:\/\/www.uqac.ca\/uqactualites\/#\/schema\/person\/366c45a0c4f0e677b41b4af5886e2018","name":"Service des communications et des relations publiques","image":{"@type":"ImageObject","inLanguage":"fr-CA","@id":"https:\/\/www.uqac.ca\/uqactualites\/#\/schema\/person\/image\/","url":"https:\/\/secure.gravatar.com\/avatar\/20fbbda8a292f59f2d3461a5b999c00b?s=96&d=mm&r=g","contentUrl":"https:\/\/secure.gravatar.com\/avatar\/20fbbda8a292f59f2d3461a5b999c00b?s=96&d=mm&r=g","caption":"Service des communications et des relations publiques"},"url":"https:\/\/www.uqac.ca\/uqactualites\/author\/bap\/"}]}},"_links":{"self":[{"href":"https:\/\/www.uqac.ca\/uqactualites\/wp-json\/wp\/v2\/posts\/31600"}],"collection":[{"href":"https:\/\/www.uqac.ca\/uqactualites\/wp-json\/wp\/v2\/posts"}],"about":[{"href":"https:\/\/www.uqac.ca\/uqactualites\/wp-json\/wp\/v2\/types\/post"}],"author":[{"embeddable":true,"href":"https:\/\/www.uqac.ca\/uqactualites\/wp-json\/wp\/v2\/users\/5"}],"replies":[{"embeddable":true,"href":"https:\/\/www.uqac.ca\/uqactualites\/wp-json\/wp\/v2\/comments?post=31600"}],"version-history":[{"count":0,"href":"https:\/\/www.uqac.ca\/uqactualites\/wp-json\/wp\/v2\/posts\/31600\/revisions"}],"wp:featuredmedia":[{"embeddable":true,"href":"https:\/\/www.uqac.ca\/uqactualites\/wp-json\/wp\/v2\/media\/20989"}],"wp:attachment":[{"href":"https:\/\/www.uqac.ca\/uqactualites\/wp-json\/wp\/v2\/media?parent=31600"}],"wp:term":[{"taxonomy":"category","embeddable":true,"href":"https:\/\/www.uqac.ca\/uqactualites\/wp-json\/wp\/v2\/categories?post=31600"},{"taxonomy":"post_tag","embeddable":true,"href":"https:\/\/www.uqac.ca\/uqactualites\/wp-json\/wp\/v2\/tags?post=31600"}],"curies":[{"name":"wp","href":"https:\/\/api.w.org\/{rel}","templated":true}]}}