{"id":31602,"date":"2016-02-26T11:34:17","date_gmt":"2016-02-26T16:34:17","guid":{"rendered":"http:\/\/uqactualite.odev.ca\/?p=31602"},"modified":"2016-02-26T11:34:17","modified_gmt":"2016-02-26T16:34:17","slug":"la-delegation-de-luqac-se-distingue-a-la-competition-quebecoise-dingenierie-2016","status":"publish","type":"post","link":"https:\/\/www.uqac.ca\/uqactualites\/2016\/02\/26\/la-delegation-de-luqac-se-distingue-a-la-competition-quebecoise-dingenierie-2016\/","title":{"rendered":"La d\u00e9l\u00e9gation de l\u2019UQAC se distingue \u00e0 la Comp\u00e9tition qu\u00e9b\u00e9coise d\u2019ing\u00e9nierie 2016"},"content":{"rendered":"<p>Tenue du 28 au 31 janvier dernier \u00e0 la Polytechnique de Montr\u00e9al, la Comp\u00e9tition qu\u00e9b\u00e9coise d\u2019ing\u00e9nierie (CQI) accueillait des \u00e9tudiants de toutes les \u00e9coles et facult\u00e9s universitaires d\u2019ing\u00e9nierie de la province. C\u2019est sous le th\u00e8me \u00ab Transporte ton g\u00e9nie \u00bb que se d\u00e9roulait cette \u00e9dition 2016, \u00e0 laquelle participait notamment une d\u00e9l\u00e9gation de 20 \u00e9tudiants issus de l\u2019UQAC.<\/p>\n<p>Les repr\u00e9sentants de notre Universit\u00e9 se sont d\u00e9marqu\u00e9s de brillante fa\u00e7on, d\u2019abord en raflant le prix Transport de la comp\u00e9tition de r\u00e9ing\u00e9nierie ainsi que le prix Excellence technique pour l\u2019\u00e9preuve de conception \u00ab S\u00e9nior \u00bb, mais \u00e9galement en mettant la main sur la troisi\u00e8me place des comp\u00e9titions de conception \u00ab Junior \u00bb et \u00ab S\u00e9nior \u00bb.<\/p>\n<p>Toutes nos f\u00e9licitations!<\/p>\n<p><strong><br \/>\n<span style=\"color: #808080\">Photo\u00a0:<\/span><\/strong><span style=\"color: #808080\"> Une partie de la d\u00e9l\u00e9gation de l\u2019UQAC \u00e0 la CQI 2016<\/span><br \/>\n<span style=\"color: #808080\">\u00a9PolyPhoto<\/span><\/p>\n","protected":false},"excerpt":{"rendered":"<p>Tenue du 28 au 31 janvier dernier \u00e0 la Polytechnique de Montr\u00e9al, la Comp\u00e9tition qu\u00e9b\u00e9coise d\u2019ing\u00e9nierie (CQI) accueillait des \u00e9tudiants de toutes les \u00e9coles et facult\u00e9s universitaires d\u2019ing\u00e9nierie de la province. C\u2019est sous le th\u00e8me \u00ab Transporte ton g\u00e9nie \u00bb que se d\u00e9roulait cette \u00e9dition 2016, \u00e0 laquelle participait notamment une d\u00e9l\u00e9gation de 20 \u00e9tudiants [&hellip;]<\/p>\n","protected":false},"author":5,"featured_media":31603,"comment_status":"open","ping_status":"open","sticky":false,"template":"","format":"standard","meta":{"footnotes":""},"categories":[2,61,9],"tags":[],"yoast_head":"<!-- This site is optimized with the Yoast SEO plugin v24.2 - https:\/\/yoast.com\/wordpress\/plugins\/seo\/ -->\r\n<title>La d\u00e9l\u00e9gation de l\u2019UQAC se distingue \u00e0 la Comp\u00e9tition qu\u00e9b\u00e9coise d\u2019ing\u00e9nierie 2016 - UQACtualit\u00e9s<\/title>\r\n<meta name=\"robots\" content=\"index, follow, max-snippet:-1, max-image-preview:large, max-video-preview:-1\" \/>\r\n<link rel=\"canonical\" href=\"https:\/\/www.uqac.ca\/uqactualites\/2016\/02\/26\/la-delegation-de-luqac-se-distingue-a-la-competition-quebecoise-dingenierie-2016\/\" \/>\r\n<meta property=\"og:locale\" content=\"fr_CA\" \/>\r\n<meta property=\"og:type\" content=\"article\" \/>\r\n<meta property=\"og:title\" content=\"La d\u00e9l\u00e9gation de l\u2019UQAC se distingue \u00e0 la Comp\u00e9tition qu\u00e9b\u00e9coise d\u2019ing\u00e9nierie 2016 - UQACtualit\u00e9s\" \/>\r\n<meta property=\"og:description\" content=\"Tenue du 28 au 31 janvier dernier \u00e0 la Polytechnique de Montr\u00e9al, la Comp\u00e9tition qu\u00e9b\u00e9coise d\u2019ing\u00e9nierie (CQI) accueillait des \u00e9tudiants de toutes les \u00e9coles et facult\u00e9s universitaires d\u2019ing\u00e9nierie de la province. C\u2019est sous le th\u00e8me \u00ab Transporte ton g\u00e9nie \u00bb que se d\u00e9roulait cette \u00e9dition 2016, \u00e0 laquelle participait notamment une d\u00e9l\u00e9gation de 20 \u00e9tudiants [&hellip;]\" \/>\r\n<meta property=\"og:url\" content=\"https:\/\/www.uqac.ca\/uqactualites\/2016\/02\/26\/la-delegation-de-luqac-se-distingue-a-la-competition-quebecoise-dingenierie-2016\/\" \/>\r\n<meta property=\"og:site_name\" content=\"UQACtualit\u00e9s\" \/>\r\n<meta property=\"article:published_time\" content=\"2016-02-26T16:34:17+00:00\" \/>\r\n<meta property=\"og:image\" content=\"https:\/\/www.uqac.ca\/uqactualites\/wp-content\/uploads\/2016\/02\/D\u00e9l\u00e9gation-UQAC-CQI-2016-Web-PolyPhoto.jpg\" \/>\r\n\t<meta property=\"og:image:width\" content=\"620\" \/>\r\n\t<meta property=\"og:image:height\" content=\"300\" \/>\r\n\t<meta property=\"og:image:type\" content=\"image\/jpeg\" \/>\r\n<meta name=\"author\" content=\"Service des communications et des relations publiques\" \/>\r\n<meta name=\"twitter:card\" content=\"summary_large_image\" \/>\r\n<meta name=\"twitter:label1\" content=\"\u00c9crit par\" \/>\n\t<meta name=\"twitter:data1\" content=\"Service des communications et des relations publiques\" \/>\n\t<meta name=\"twitter:label2\" content=\"Estimation du temps de lecture\" \/>\n\t<meta name=\"twitter:data2\" content=\"1 minute\" \/>\r\n<script type=\"application\/ld+json\" class=\"yoast-schema-graph\">{\"@context\":\"https:\/\/schema.org\",\"@graph\":[{\"@type\":\"WebPage\",\"@id\":\"https:\/\/www.uqac.ca\/uqactualites\/2016\/02\/26\/la-delegation-de-luqac-se-distingue-a-la-competition-quebecoise-dingenierie-2016\/\",\"url\":\"https:\/\/www.uqac.ca\/uqactualites\/2016\/02\/26\/la-delegation-de-luqac-se-distingue-a-la-competition-quebecoise-dingenierie-2016\/\",\"name\":\"La d\u00e9l\u00e9gation de l\u2019UQAC se distingue \u00e0 la Comp\u00e9tition qu\u00e9b\u00e9coise d\u2019ing\u00e9nierie 2016 - UQACtualit\u00e9s\",\"isPartOf\":{\"@id\":\"https:\/\/www.uqac.ca\/uqactualites\/#website\"},\"primaryImageOfPage\":{\"@id\":\"https:\/\/www.uqac.ca\/uqactualites\/2016\/02\/26\/la-delegation-de-luqac-se-distingue-a-la-competition-quebecoise-dingenierie-2016\/#primaryimage\"},\"image\":{\"@id\":\"https:\/\/www.uqac.ca\/uqactualites\/2016\/02\/26\/la-delegation-de-luqac-se-distingue-a-la-competition-quebecoise-dingenierie-2016\/#primaryimage\"},\"thumbnailUrl\":\"https:\/\/www.uqac.ca\/uqactualites\/wp-content\/uploads\/2016\/02\/D\u00e9l\u00e9gation-UQAC-CQI-2016-Web-PolyPhoto.jpg\",\"datePublished\":\"2016-02-26T16:34:17+00:00\",\"dateModified\":\"2016-02-26T16:34:17+00:00\",\"author\":{\"@id\":\"https:\/\/www.uqac.ca\/uqactualites\/#\/schema\/person\/366c45a0c4f0e677b41b4af5886e2018\"},\"breadcrumb\":{\"@id\":\"https:\/\/www.uqac.ca\/uqactualites\/2016\/02\/26\/la-delegation-de-luqac-se-distingue-a-la-competition-quebecoise-dingenierie-2016\/#breadcrumb\"},\"inLanguage\":\"fr-CA\",\"potentialAction\":[{\"@type\":\"ReadAction\",\"target\":[\"https:\/\/www.uqac.ca\/uqactualites\/2016\/02\/26\/la-delegation-de-luqac-se-distingue-a-la-competition-quebecoise-dingenierie-2016\/\"]}]},{\"@type\":\"ImageObject\",\"inLanguage\":\"fr-CA\",\"@id\":\"https:\/\/www.uqac.ca\/uqactualites\/2016\/02\/26\/la-delegation-de-luqac-se-distingue-a-la-competition-quebecoise-dingenierie-2016\/#primaryimage\",\"url\":\"https:\/\/www.uqac.ca\/uqactualites\/wp-content\/uploads\/2016\/02\/D\u00e9l\u00e9gation-UQAC-CQI-2016-Web-PolyPhoto.jpg\",\"contentUrl\":\"https:\/\/www.uqac.ca\/uqactualites\/wp-content\/uploads\/2016\/02\/D\u00e9l\u00e9gation-UQAC-CQI-2016-Web-PolyPhoto.jpg\",\"width\":620,\"height\":300},{\"@type\":\"BreadcrumbList\",\"@id\":\"https:\/\/www.uqac.ca\/uqactualites\/2016\/02\/26\/la-delegation-de-luqac-se-distingue-a-la-competition-quebecoise-dingenierie-2016\/#breadcrumb\",\"itemListElement\":[{\"@type\":\"ListItem\",\"position\":1,\"name\":\"Home\",\"item\":\"https:\/\/www.uqac.ca\/uqactualites\/\"},{\"@type\":\"ListItem\",\"position\":2,\"name\":\"La d\u00e9l\u00e9gation de l\u2019UQAC se distingue \u00e0 la Comp\u00e9tition qu\u00e9b\u00e9coise d\u2019ing\u00e9nierie 2016\"}]},{\"@type\":\"WebSite\",\"@id\":\"https:\/\/www.uqac.ca\/uqactualites\/#website\",\"url\":\"https:\/\/www.uqac.ca\/uqactualites\/\",\"name\":\"UQACtualit\u00e9s\",\"description\":\"Le portail des nouvelles de l&#039;UQAC\",\"potentialAction\":[{\"@type\":\"SearchAction\",\"target\":{\"@type\":\"EntryPoint\",\"urlTemplate\":\"https:\/\/www.uqac.ca\/uqactualites\/?s={search_term_string}\"},\"query-input\":{\"@type\":\"PropertyValueSpecification\",\"valueRequired\":true,\"valueName\":\"search_term_string\"}}],\"inLanguage\":\"fr-CA\"},{\"@type\":\"Person\",\"@id\":\"https:\/\/www.uqac.ca\/uqactualites\/#\/schema\/person\/366c45a0c4f0e677b41b4af5886e2018\",\"name\":\"Service des communications et des relations publiques\",\"image\":{\"@type\":\"ImageObject\",\"inLanguage\":\"fr-CA\",\"@id\":\"https:\/\/www.uqac.ca\/uqactualites\/#\/schema\/person\/image\/\",\"url\":\"https:\/\/secure.gravatar.com\/avatar\/20fbbda8a292f59f2d3461a5b999c00b?s=96&d=mm&r=g\",\"contentUrl\":\"https:\/\/secure.gravatar.com\/avatar\/20fbbda8a292f59f2d3461a5b999c00b?s=96&d=mm&r=g\",\"caption\":\"Service des communications et des relations publiques\"},\"url\":\"https:\/\/www.uqac.ca\/uqactualites\/author\/bap\/\"}]}<\/script>\r\n<!-- \/ Yoast SEO plugin. -->","yoast_head_json":{"title":"La d\u00e9l\u00e9gation de l\u2019UQAC se distingue \u00e0 la Comp\u00e9tition qu\u00e9b\u00e9coise d\u2019ing\u00e9nierie 2016 - UQACtualit\u00e9s","robots":{"index":"index","follow":"follow","max-snippet":"max-snippet:-1","max-image-preview":"max-image-preview:large","max-video-preview":"max-video-preview:-1"},"canonical":"https:\/\/www.uqac.ca\/uqactualites\/2016\/02\/26\/la-delegation-de-luqac-se-distingue-a-la-competition-quebecoise-dingenierie-2016\/","og_locale":"fr_CA","og_type":"article","og_title":"La d\u00e9l\u00e9gation de l\u2019UQAC se distingue \u00e0 la Comp\u00e9tition qu\u00e9b\u00e9coise d\u2019ing\u00e9nierie 2016 - UQACtualit\u00e9s","og_description":"Tenue du 28 au 31 janvier dernier \u00e0 la Polytechnique de Montr\u00e9al, la Comp\u00e9tition qu\u00e9b\u00e9coise d\u2019ing\u00e9nierie (CQI) accueillait des \u00e9tudiants de toutes les \u00e9coles et facult\u00e9s universitaires d\u2019ing\u00e9nierie de la province. C\u2019est sous le th\u00e8me \u00ab Transporte ton g\u00e9nie \u00bb que se d\u00e9roulait cette \u00e9dition 2016, \u00e0 laquelle participait notamment une d\u00e9l\u00e9gation de 20 \u00e9tudiants [&hellip;]","og_url":"https:\/\/www.uqac.ca\/uqactualites\/2016\/02\/26\/la-delegation-de-luqac-se-distingue-a-la-competition-quebecoise-dingenierie-2016\/","og_site_name":"UQACtualit\u00e9s","article_published_time":"2016-02-26T16:34:17+00:00","og_image":[{"width":620,"height":300,"url":"https:\/\/www.uqac.ca\/uqactualites\/wp-content\/uploads\/2016\/02\/D\u00e9l\u00e9gation-UQAC-CQI-2016-Web-PolyPhoto.jpg","type":"image\/jpeg"}],"author":"Service des communications et des relations publiques","twitter_card":"summary_large_image","twitter_misc":{"\u00c9crit par":"Service des communications et des relations publiques","Estimation du temps de lecture":"1 minute"},"schema":{"@context":"https:\/\/schema.org","@graph":[{"@type":"WebPage","@id":"https:\/\/www.uqac.ca\/uqactualites\/2016\/02\/26\/la-delegation-de-luqac-se-distingue-a-la-competition-quebecoise-dingenierie-2016\/","url":"https:\/\/www.uqac.ca\/uqactualites\/2016\/02\/26\/la-delegation-de-luqac-se-distingue-a-la-competition-quebecoise-dingenierie-2016\/","name":"La d\u00e9l\u00e9gation de l\u2019UQAC se distingue \u00e0 la Comp\u00e9tition qu\u00e9b\u00e9coise d\u2019ing\u00e9nierie 2016 - UQACtualit\u00e9s","isPartOf":{"@id":"https:\/\/www.uqac.ca\/uqactualites\/#website"},"primaryImageOfPage":{"@id":"https:\/\/www.uqac.ca\/uqactualites\/2016\/02\/26\/la-delegation-de-luqac-se-distingue-a-la-competition-quebecoise-dingenierie-2016\/#primaryimage"},"image":{"@id":"https:\/\/www.uqac.ca\/uqactualites\/2016\/02\/26\/la-delegation-de-luqac-se-distingue-a-la-competition-quebecoise-dingenierie-2016\/#primaryimage"},"thumbnailUrl":"https:\/\/www.uqac.ca\/uqactualites\/wp-content\/uploads\/2016\/02\/D\u00e9l\u00e9gation-UQAC-CQI-2016-Web-PolyPhoto.jpg","datePublished":"2016-02-26T16:34:17+00:00","dateModified":"2016-02-26T16:34:17+00:00","author":{"@id":"https:\/\/www.uqac.ca\/uqactualites\/#\/schema\/person\/366c45a0c4f0e677b41b4af5886e2018"},"breadcrumb":{"@id":"https:\/\/www.uqac.ca\/uqactualites\/2016\/02\/26\/la-delegation-de-luqac-se-distingue-a-la-competition-quebecoise-dingenierie-2016\/#breadcrumb"},"inLanguage":"fr-CA","potentialAction":[{"@type":"ReadAction","target":["https:\/\/www.uqac.ca\/uqactualites\/2016\/02\/26\/la-delegation-de-luqac-se-distingue-a-la-competition-quebecoise-dingenierie-2016\/"]}]},{"@type":"ImageObject","inLanguage":"fr-CA","@id":"https:\/\/www.uqac.ca\/uqactualites\/2016\/02\/26\/la-delegation-de-luqac-se-distingue-a-la-competition-quebecoise-dingenierie-2016\/#primaryimage","url":"https:\/\/www.uqac.ca\/uqactualites\/wp-content\/uploads\/2016\/02\/D\u00e9l\u00e9gation-UQAC-CQI-2016-Web-PolyPhoto.jpg","contentUrl":"https:\/\/www.uqac.ca\/uqactualites\/wp-content\/uploads\/2016\/02\/D\u00e9l\u00e9gation-UQAC-CQI-2016-Web-PolyPhoto.jpg","width":620,"height":300},{"@type":"BreadcrumbList","@id":"https:\/\/www.uqac.ca\/uqactualites\/2016\/02\/26\/la-delegation-de-luqac-se-distingue-a-la-competition-quebecoise-dingenierie-2016\/#breadcrumb","itemListElement":[{"@type":"ListItem","position":1,"name":"Home","item":"https:\/\/www.uqac.ca\/uqactualites\/"},{"@type":"ListItem","position":2,"name":"La d\u00e9l\u00e9gation de l\u2019UQAC se distingue \u00e0 la Comp\u00e9tition qu\u00e9b\u00e9coise d\u2019ing\u00e9nierie 2016"}]},{"@type":"WebSite","@id":"https:\/\/www.uqac.ca\/uqactualites\/#website","url":"https:\/\/www.uqac.ca\/uqactualites\/","name":"UQACtualit\u00e9s","description":"Le portail des nouvelles de l&#039;UQAC","potentialAction":[{"@type":"SearchAction","target":{"@type":"EntryPoint","urlTemplate":"https:\/\/www.uqac.ca\/uqactualites\/?s={search_term_string}"},"query-input":{"@type":"PropertyValueSpecification","valueRequired":true,"valueName":"search_term_string"}}],"inLanguage":"fr-CA"},{"@type":"Person","@id":"https:\/\/www.uqac.ca\/uqactualites\/#\/schema\/person\/366c45a0c4f0e677b41b4af5886e2018","name":"Service des communications et des relations publiques","image":{"@type":"ImageObject","inLanguage":"fr-CA","@id":"https:\/\/www.uqac.ca\/uqactualites\/#\/schema\/person\/image\/","url":"https:\/\/secure.gravatar.com\/avatar\/20fbbda8a292f59f2d3461a5b999c00b?s=96&d=mm&r=g","contentUrl":"https:\/\/secure.gravatar.com\/avatar\/20fbbda8a292f59f2d3461a5b999c00b?s=96&d=mm&r=g","caption":"Service des communications et des relations publiques"},"url":"https:\/\/www.uqac.ca\/uqactualites\/author\/bap\/"}]}},"_links":{"self":[{"href":"https:\/\/www.uqac.ca\/uqactualites\/wp-json\/wp\/v2\/posts\/31602"}],"collection":[{"href":"https:\/\/www.uqac.ca\/uqactualites\/wp-json\/wp\/v2\/posts"}],"about":[{"href":"https:\/\/www.uqac.ca\/uqactualites\/wp-json\/wp\/v2\/types\/post"}],"author":[{"embeddable":true,"href":"https:\/\/www.uqac.ca\/uqactualites\/wp-json\/wp\/v2\/users\/5"}],"replies":[{"embeddable":true,"href":"https:\/\/www.uqac.ca\/uqactualites\/wp-json\/wp\/v2\/comments?post=31602"}],"version-history":[{"count":0,"href":"https:\/\/www.uqac.ca\/uqactualites\/wp-json\/wp\/v2\/posts\/31602\/revisions"}],"wp:featuredmedia":[{"embeddable":true,"href":"https:\/\/www.uqac.ca\/uqactualites\/wp-json\/wp\/v2\/media\/31603"}],"wp:attachment":[{"href":"https:\/\/www.uqac.ca\/uqactualites\/wp-json\/wp\/v2\/media?parent=31602"}],"wp:term":[{"taxonomy":"category","embeddable":true,"href":"https:\/\/www.uqac.ca\/uqactualites\/wp-json\/wp\/v2\/categories?post=31602"},{"taxonomy":"post_tag","embeddable":true,"href":"https:\/\/www.uqac.ca\/uqactualites\/wp-json\/wp\/v2\/tags?post=31602"}],"curies":[{"name":"wp","href":"https:\/\/api.w.org\/{rel}","templated":true}]}}