{"id":31613,"date":"2016-02-29T11:58:20","date_gmt":"2016-02-29T16:58:20","guid":{"rendered":"http:\/\/uqactualite.odev.ca\/?p=31613"},"modified":"2024-09-03T16:20:40","modified_gmt":"2024-09-03T20:20:40","slug":"deces-de-monsieur-bernard-angers","status":"publish","type":"post","link":"https:\/\/www.uqac.ca\/uqactualites\/2016\/02\/29\/deces-de-monsieur-bernard-angers\/","title":{"rendered":"D\u00e9c\u00e8s de monsieur Bernard Angers"},"content":{"rendered":"<p style=\"text-align: justify\">C\u2019est avec regret que nous annon\u00e7ons \u00e0 la communaut\u00e9 universitaire le d\u00e9c\u00e8s de monsieur Bernard Angers, survenu ce 29 f\u00e9vrier 2016. M. Angers a \u00e9t\u00e9 le recteur de l\u2019UQAC de 1993 \u00e0 2001.<\/p>\n<p style=\"text-align: justify\">Homme engag\u00e9 et d\u00e9vou\u00e9, M. Angers a contribu\u00e9 de fa\u00e7on significative \u00e0 ancrer plus profond\u00e9ment, dans le sol de la r\u00e9gion, les racines de notre Universit\u00e9. Son apport \u00e0 l\u2019UQAC aura \u00e9t\u00e9 des plus significatifs par la cr\u00e9ation et le d\u00e9veloppement de cr\u00e9neaux de recherche et d&rsquo;enseignement porteurs pour notre institution. Son apport a \u00e9t\u00e9 \u00e9galement immobilier (Pavillon des humanit\u00e9s, Pavillon des arts, Pavillon du givrage, Pavillon de la foresterie et trois r\u00e9sidences \u00e9tudiantes) et socio-\u00e9conomique, par la mise sur pied d\u2019une premi\u00e8re campagne de financement majeure dont l\u2019objectif fut la cr\u00e9ation d\u2019un fonds de d\u00e9veloppement, redistribu\u00e9 sous forme de bourses \u00e0 notre communaut\u00e9 universitaire.<\/p>\n<p style=\"text-align: justify\">En r\u00e9ponse \u00e0 l\u2019hommage qui lui avait \u00e9t\u00e9 rendu lors de la remise d\u2019un doctorat honorifique lui \u00e9tant d\u00e9cern\u00e9, Bernard Angers avait mentionn\u00e9\u00a0: \u00ab\u00a0Nous nous sommes donn\u00e9 comme objectif primordial de rendre notre institution incontournable tant au chapitre des programmes et activit\u00e9s de recherche qu\u2019\u00e0 celui de ses installations physiques et de lui procurer une plus grande autonomie. [\u2026] Cette institution est maintenant un incontournable [\u2026] et elle continuera \u00e0 se d\u00e9velopper. Cependant, une vigilance constante s\u2019impose\u00a0\u00bb. \u00a0Nous foulons encore le chemin trac\u00e9 par Bernard Angers, alors que l\u2019UQAC rayonne toujours comme ce moteur de d\u00e9veloppement incontournable au sein de la communaut\u00e9 qui l\u2019accueille et bien au-del\u00e0 de ses fronti\u00e8res.<\/p>\n<p style=\"text-align: justify\">M. Angers aura \u00e9galement marqu\u00e9 la province en occupant divers postes dans la fonction publique qu\u00e9b\u00e9coise, dont ceux de sous-ministre au sein du minist\u00e8re des Travaux publics et de l\u2019Approvisionnement et de celui du Revenu.<\/p>\n<p style=\"text-align: justify\">L\u2019UQAC porte aujourd\u2019hui le deuil de cet homme exceptionnel et de grand talent. \u00c0 toute la famille et aux proches de M. Bernard Angers, nous souhaitons transmettre nos sympathies les plus sinc\u00e8res.<\/p>\n<p style=\"text-align: justify\">L\u2019avis de d\u00e9c\u00e8s suivra d\u00e8s qu\u2019il sera disponible.<\/p>\n<p style=\"text-align: justify\"><strong><br \/>\nRenseignements\u00a0:<\/strong><br \/>\nBureau des affaires publiques<br \/>\nUniversit\u00e9 du Qu\u00e9bec \u00e0 Chicoutimi<br \/>\n418 545-5011, poste 5006\u00a0 \u25aa\u00a0 <span style=\"text-decoration: underline\"><a href=\"mailto:affaires_publiques@uqac.ca\">affaires_publiques@uqac.ca<\/a><\/span><\/p>\n","protected":false},"excerpt":{"rendered":"<p>C\u2019est avec regret que nous annon\u00e7ons \u00e0 la communaut\u00e9 universitaire le d\u00e9c\u00e8s de monsieur Bernard Angers, survenu ce 29 f\u00e9vrier 2016. M. Angers a \u00e9t\u00e9 le recteur de l\u2019UQAC de 1993 \u00e0 2001. Homme engag\u00e9 et d\u00e9vou\u00e9, M. Angers a contribu\u00e9 de fa\u00e7on significative \u00e0 ancrer plus profond\u00e9ment, dans le sol de la r\u00e9gion, les [&hellip;]<\/p>\n","protected":false},"author":5,"featured_media":20989,"comment_status":"open","ping_status":"open","sticky":false,"template":"","format":"standard","meta":{"footnotes":""},"categories":[2772,2905],"tags":[],"yoast_head":"<!-- This site is optimized with the Yoast SEO plugin v24.2 - https:\/\/yoast.com\/wordpress\/plugins\/seo\/ -->\r\n<title>D\u00e9c\u00e8s de monsieur Bernard Angers - UQACtualit\u00e9s<\/title>\r\n<meta name=\"robots\" content=\"index, follow, max-snippet:-1, max-image-preview:large, max-video-preview:-1\" \/>\r\n<link rel=\"canonical\" href=\"https:\/\/www.uqac.ca\/uqactualites\/2016\/02\/29\/deces-de-monsieur-bernard-angers\/\" \/>\r\n<meta property=\"og:locale\" content=\"fr_CA\" \/>\r\n<meta property=\"og:type\" content=\"article\" \/>\r\n<meta property=\"og:title\" content=\"D\u00e9c\u00e8s de monsieur Bernard Angers - UQACtualit\u00e9s\" \/>\r\n<meta property=\"og:description\" content=\"C\u2019est avec regret que nous annon\u00e7ons \u00e0 la communaut\u00e9 universitaire le d\u00e9c\u00e8s de monsieur Bernard Angers, survenu ce 29 f\u00e9vrier 2016. M. Angers a \u00e9t\u00e9 le recteur de l\u2019UQAC de 1993 \u00e0 2001. Homme engag\u00e9 et d\u00e9vou\u00e9, M. Angers a contribu\u00e9 de fa\u00e7on significative \u00e0 ancrer plus profond\u00e9ment, dans le sol de la r\u00e9gion, les [&hellip;]\" \/>\r\n<meta property=\"og:url\" content=\"https:\/\/www.uqac.ca\/uqactualites\/2016\/02\/29\/deces-de-monsieur-bernard-angers\/\" \/>\r\n<meta property=\"og:site_name\" content=\"UQACtualit\u00e9s\" \/>\r\n<meta property=\"article:published_time\" content=\"2016-02-29T16:58:20+00:00\" \/>\r\n<meta property=\"article:modified_time\" content=\"2024-09-03T20:20:40+00:00\" \/>\r\n<meta property=\"og:image\" content=\"https:\/\/www.uqac.ca\/uqactualites\/wp-content\/uploads\/2012\/05\/avis-laCommunaut-.jpg\" \/>\r\n\t<meta property=\"og:image:width\" content=\"620\" \/>\r\n\t<meta property=\"og:image:height\" content=\"300\" \/>\r\n\t<meta property=\"og:image:type\" content=\"image\/jpeg\" \/>\r\n<meta name=\"author\" content=\"Service des communications et des relations publiques\" \/>\r\n<meta name=\"twitter:card\" content=\"summary_large_image\" \/>\r\n<meta name=\"twitter:label1\" content=\"\u00c9crit par\" \/>\n\t<meta name=\"twitter:data1\" content=\"Service des communications et des relations publiques\" \/>\n\t<meta name=\"twitter:label2\" content=\"Estimation du temps de lecture\" \/>\n\t<meta name=\"twitter:data2\" content=\"2 minutes\" \/>\r\n<script type=\"application\/ld+json\" class=\"yoast-schema-graph\">{\"@context\":\"https:\/\/schema.org\",\"@graph\":[{\"@type\":\"WebPage\",\"@id\":\"https:\/\/www.uqac.ca\/uqactualites\/2016\/02\/29\/deces-de-monsieur-bernard-angers\/\",\"url\":\"https:\/\/www.uqac.ca\/uqactualites\/2016\/02\/29\/deces-de-monsieur-bernard-angers\/\",\"name\":\"D\u00e9c\u00e8s de monsieur Bernard Angers - UQACtualit\u00e9s\",\"isPartOf\":{\"@id\":\"https:\/\/www.uqac.ca\/uqactualites\/#website\"},\"primaryImageOfPage\":{\"@id\":\"https:\/\/www.uqac.ca\/uqactualites\/2016\/02\/29\/deces-de-monsieur-bernard-angers\/#primaryimage\"},\"image\":{\"@id\":\"https:\/\/www.uqac.ca\/uqactualites\/2016\/02\/29\/deces-de-monsieur-bernard-angers\/#primaryimage\"},\"thumbnailUrl\":\"https:\/\/www.uqac.ca\/uqactualites\/wp-content\/uploads\/2012\/05\/avis-laCommunaut-.jpg\",\"datePublished\":\"2016-02-29T16:58:20+00:00\",\"dateModified\":\"2024-09-03T20:20:40+00:00\",\"author\":{\"@id\":\"https:\/\/www.uqac.ca\/uqactualites\/#\/schema\/person\/366c45a0c4f0e677b41b4af5886e2018\"},\"breadcrumb\":{\"@id\":\"https:\/\/www.uqac.ca\/uqactualites\/2016\/02\/29\/deces-de-monsieur-bernard-angers\/#breadcrumb\"},\"inLanguage\":\"fr-CA\",\"potentialAction\":[{\"@type\":\"ReadAction\",\"target\":[\"https:\/\/www.uqac.ca\/uqactualites\/2016\/02\/29\/deces-de-monsieur-bernard-angers\/\"]}]},{\"@type\":\"ImageObject\",\"inLanguage\":\"fr-CA\",\"@id\":\"https:\/\/www.uqac.ca\/uqactualites\/2016\/02\/29\/deces-de-monsieur-bernard-angers\/#primaryimage\",\"url\":\"https:\/\/www.uqac.ca\/uqactualites\/wp-content\/uploads\/2012\/05\/avis-laCommunaut-.jpg\",\"contentUrl\":\"https:\/\/www.uqac.ca\/uqactualites\/wp-content\/uploads\/2012\/05\/avis-laCommunaut-.jpg\",\"width\":620,\"height\":300},{\"@type\":\"BreadcrumbList\",\"@id\":\"https:\/\/www.uqac.ca\/uqactualites\/2016\/02\/29\/deces-de-monsieur-bernard-angers\/#breadcrumb\",\"itemListElement\":[{\"@type\":\"ListItem\",\"position\":1,\"name\":\"Home\",\"item\":\"https:\/\/www.uqac.ca\/uqactualites\/\"},{\"@type\":\"ListItem\",\"position\":2,\"name\":\"D\u00e9c\u00e8s de monsieur Bernard Angers\"}]},{\"@type\":\"WebSite\",\"@id\":\"https:\/\/www.uqac.ca\/uqactualites\/#website\",\"url\":\"https:\/\/www.uqac.ca\/uqactualites\/\",\"name\":\"UQACtualit\u00e9s\",\"description\":\"Le portail des nouvelles de l&#039;UQAC\",\"potentialAction\":[{\"@type\":\"SearchAction\",\"target\":{\"@type\":\"EntryPoint\",\"urlTemplate\":\"https:\/\/www.uqac.ca\/uqactualites\/?s={search_term_string}\"},\"query-input\":{\"@type\":\"PropertyValueSpecification\",\"valueRequired\":true,\"valueName\":\"search_term_string\"}}],\"inLanguage\":\"fr-CA\"},{\"@type\":\"Person\",\"@id\":\"https:\/\/www.uqac.ca\/uqactualites\/#\/schema\/person\/366c45a0c4f0e677b41b4af5886e2018\",\"name\":\"Service des communications et des relations publiques\",\"image\":{\"@type\":\"ImageObject\",\"inLanguage\":\"fr-CA\",\"@id\":\"https:\/\/www.uqac.ca\/uqactualites\/#\/schema\/person\/image\/\",\"url\":\"https:\/\/secure.gravatar.com\/avatar\/20fbbda8a292f59f2d3461a5b999c00b?s=96&d=mm&r=g\",\"contentUrl\":\"https:\/\/secure.gravatar.com\/avatar\/20fbbda8a292f59f2d3461a5b999c00b?s=96&d=mm&r=g\",\"caption\":\"Service des communications et des relations publiques\"},\"url\":\"https:\/\/www.uqac.ca\/uqactualites\/author\/bap\/\"}]}<\/script>\r\n<!-- \/ Yoast SEO plugin. -->","yoast_head_json":{"title":"D\u00e9c\u00e8s de monsieur Bernard Angers - UQACtualit\u00e9s","robots":{"index":"index","follow":"follow","max-snippet":"max-snippet:-1","max-image-preview":"max-image-preview:large","max-video-preview":"max-video-preview:-1"},"canonical":"https:\/\/www.uqac.ca\/uqactualites\/2016\/02\/29\/deces-de-monsieur-bernard-angers\/","og_locale":"fr_CA","og_type":"article","og_title":"D\u00e9c\u00e8s de monsieur Bernard Angers - UQACtualit\u00e9s","og_description":"C\u2019est avec regret que nous annon\u00e7ons \u00e0 la communaut\u00e9 universitaire le d\u00e9c\u00e8s de monsieur Bernard Angers, survenu ce 29 f\u00e9vrier 2016. M. Angers a \u00e9t\u00e9 le recteur de l\u2019UQAC de 1993 \u00e0 2001. Homme engag\u00e9 et d\u00e9vou\u00e9, M. Angers a contribu\u00e9 de fa\u00e7on significative \u00e0 ancrer plus profond\u00e9ment, dans le sol de la r\u00e9gion, les [&hellip;]","og_url":"https:\/\/www.uqac.ca\/uqactualites\/2016\/02\/29\/deces-de-monsieur-bernard-angers\/","og_site_name":"UQACtualit\u00e9s","article_published_time":"2016-02-29T16:58:20+00:00","article_modified_time":"2024-09-03T20:20:40+00:00","og_image":[{"width":620,"height":300,"url":"https:\/\/www.uqac.ca\/uqactualites\/wp-content\/uploads\/2012\/05\/avis-laCommunaut-.jpg","type":"image\/jpeg"}],"author":"Service des communications et des relations publiques","twitter_card":"summary_large_image","twitter_misc":{"\u00c9crit par":"Service des communications et des relations publiques","Estimation du temps de lecture":"2 minutes"},"schema":{"@context":"https:\/\/schema.org","@graph":[{"@type":"WebPage","@id":"https:\/\/www.uqac.ca\/uqactualites\/2016\/02\/29\/deces-de-monsieur-bernard-angers\/","url":"https:\/\/www.uqac.ca\/uqactualites\/2016\/02\/29\/deces-de-monsieur-bernard-angers\/","name":"D\u00e9c\u00e8s de monsieur Bernard Angers - UQACtualit\u00e9s","isPartOf":{"@id":"https:\/\/www.uqac.ca\/uqactualites\/#website"},"primaryImageOfPage":{"@id":"https:\/\/www.uqac.ca\/uqactualites\/2016\/02\/29\/deces-de-monsieur-bernard-angers\/#primaryimage"},"image":{"@id":"https:\/\/www.uqac.ca\/uqactualites\/2016\/02\/29\/deces-de-monsieur-bernard-angers\/#primaryimage"},"thumbnailUrl":"https:\/\/www.uqac.ca\/uqactualites\/wp-content\/uploads\/2012\/05\/avis-laCommunaut-.jpg","datePublished":"2016-02-29T16:58:20+00:00","dateModified":"2024-09-03T20:20:40+00:00","author":{"@id":"https:\/\/www.uqac.ca\/uqactualites\/#\/schema\/person\/366c45a0c4f0e677b41b4af5886e2018"},"breadcrumb":{"@id":"https:\/\/www.uqac.ca\/uqactualites\/2016\/02\/29\/deces-de-monsieur-bernard-angers\/#breadcrumb"},"inLanguage":"fr-CA","potentialAction":[{"@type":"ReadAction","target":["https:\/\/www.uqac.ca\/uqactualites\/2016\/02\/29\/deces-de-monsieur-bernard-angers\/"]}]},{"@type":"ImageObject","inLanguage":"fr-CA","@id":"https:\/\/www.uqac.ca\/uqactualites\/2016\/02\/29\/deces-de-monsieur-bernard-angers\/#primaryimage","url":"https:\/\/www.uqac.ca\/uqactualites\/wp-content\/uploads\/2012\/05\/avis-laCommunaut-.jpg","contentUrl":"https:\/\/www.uqac.ca\/uqactualites\/wp-content\/uploads\/2012\/05\/avis-laCommunaut-.jpg","width":620,"height":300},{"@type":"BreadcrumbList","@id":"https:\/\/www.uqac.ca\/uqactualites\/2016\/02\/29\/deces-de-monsieur-bernard-angers\/#breadcrumb","itemListElement":[{"@type":"ListItem","position":1,"name":"Home","item":"https:\/\/www.uqac.ca\/uqactualites\/"},{"@type":"ListItem","position":2,"name":"D\u00e9c\u00e8s de monsieur Bernard Angers"}]},{"@type":"WebSite","@id":"https:\/\/www.uqac.ca\/uqactualites\/#website","url":"https:\/\/www.uqac.ca\/uqactualites\/","name":"UQACtualit\u00e9s","description":"Le portail des nouvelles de l&#039;UQAC","potentialAction":[{"@type":"SearchAction","target":{"@type":"EntryPoint","urlTemplate":"https:\/\/www.uqac.ca\/uqactualites\/?s={search_term_string}"},"query-input":{"@type":"PropertyValueSpecification","valueRequired":true,"valueName":"search_term_string"}}],"inLanguage":"fr-CA"},{"@type":"Person","@id":"https:\/\/www.uqac.ca\/uqactualites\/#\/schema\/person\/366c45a0c4f0e677b41b4af5886e2018","name":"Service des communications et des relations publiques","image":{"@type":"ImageObject","inLanguage":"fr-CA","@id":"https:\/\/www.uqac.ca\/uqactualites\/#\/schema\/person\/image\/","url":"https:\/\/secure.gravatar.com\/avatar\/20fbbda8a292f59f2d3461a5b999c00b?s=96&d=mm&r=g","contentUrl":"https:\/\/secure.gravatar.com\/avatar\/20fbbda8a292f59f2d3461a5b999c00b?s=96&d=mm&r=g","caption":"Service des communications et des relations publiques"},"url":"https:\/\/www.uqac.ca\/uqactualites\/author\/bap\/"}]}},"_links":{"self":[{"href":"https:\/\/www.uqac.ca\/uqactualites\/wp-json\/wp\/v2\/posts\/31613"}],"collection":[{"href":"https:\/\/www.uqac.ca\/uqactualites\/wp-json\/wp\/v2\/posts"}],"about":[{"href":"https:\/\/www.uqac.ca\/uqactualites\/wp-json\/wp\/v2\/types\/post"}],"author":[{"embeddable":true,"href":"https:\/\/www.uqac.ca\/uqactualites\/wp-json\/wp\/v2\/users\/5"}],"replies":[{"embeddable":true,"href":"https:\/\/www.uqac.ca\/uqactualites\/wp-json\/wp\/v2\/comments?post=31613"}],"version-history":[{"count":1,"href":"https:\/\/www.uqac.ca\/uqactualites\/wp-json\/wp\/v2\/posts\/31613\/revisions"}],"predecessor-version":[{"id":48585,"href":"https:\/\/www.uqac.ca\/uqactualites\/wp-json\/wp\/v2\/posts\/31613\/revisions\/48585"}],"wp:featuredmedia":[{"embeddable":true,"href":"https:\/\/www.uqac.ca\/uqactualites\/wp-json\/wp\/v2\/media\/20989"}],"wp:attachment":[{"href":"https:\/\/www.uqac.ca\/uqactualites\/wp-json\/wp\/v2\/media?parent=31613"}],"wp:term":[{"taxonomy":"category","embeddable":true,"href":"https:\/\/www.uqac.ca\/uqactualites\/wp-json\/wp\/v2\/categories?post=31613"},{"taxonomy":"post_tag","embeddable":true,"href":"https:\/\/www.uqac.ca\/uqactualites\/wp-json\/wp\/v2\/tags?post=31613"}],"curies":[{"name":"wp","href":"https:\/\/api.w.org\/{rel}","templated":true}]}}