{"id":31617,"date":"2016-02-29T15:57:03","date_gmt":"2016-02-29T20:57:03","guid":{"rendered":"http:\/\/uqactualite.odev.ca\/?p=31617"},"modified":"2016-02-29T15:57:03","modified_gmt":"2016-02-29T20:57:03","slug":"collation-des-grades-2016-recherche-de-collaboratrices-et-de-collaborateurs","status":"publish","type":"post","link":"https:\/\/www.uqac.ca\/uqactualites\/2016\/02\/29\/collation-des-grades-2016-recherche-de-collaboratrices-et-de-collaborateurs\/","title":{"rendered":"Collation des grades 2016 : Recherche de collaboratrices et de collaborateurs"},"content":{"rendered":"<p style=\"text-align: justify\">Le comit\u00e9 organisateur de la Collation des grades 2016 est \u00e0 la recherche de collaborateurs voulant assumer diverses t\u00e2ches lors des c\u00e9r\u00e9monies qui se tiendront le samedi 30 avril prochain.<\/p>\n<p style=\"text-align: justify\">Si vous \u00eates un employ\u00e9 r\u00e9gulier de l&rsquo;UQAC et que vous souhaitez participer \u00e0 cet \u00e9v\u00e9nement d\u2019envergure pour notre Universit\u00e9, nous vous invitons \u00e0 nous transmettre votre intention par courriel \u00e0 <span style=\"text-decoration: underline\"><a href=\"mailto:affaires.publiques@uqac.ca\">affaires.publiques@uqac.ca<\/a><\/span>.<\/p>\n<p style=\"text-align: justify\">Si vous avez d\u00e9j\u00e0 r\u00e9pondu \u00e0 un questionnaire dans les semaines pass\u00e9es, ne tenez pas compte de ce pr\u00e9sent message.<\/p>\n<p style=\"text-align: justify\">Au plaisir de travailler avec vous!<\/p>\n<p style=\"text-align: justify\"><strong>Renseignements :<\/strong><br \/>\nBureau des affaires publiques<br \/>\nUniversit\u00e9 du Qu\u00e9bec \u00e0 Chicoutimi<br \/>\n418 545-5011, poste 2350\u00a0 \u25aa\u00a0 <span style=\"text-decoration: underline\"><a href=\"mailto:affaires.publiques@uqac.ca\">affaires.publiques@uqac.ca<\/a><\/span><\/p>\n","protected":false},"excerpt":{"rendered":"<p>Le comit\u00e9 organisateur de la Collation des grades 2016 est \u00e0 la recherche de collaborateurs voulant assumer diverses t\u00e2ches lors des c\u00e9r\u00e9monies qui se tiendront le samedi 30 avril prochain. Si vous \u00eates un employ\u00e9 r\u00e9gulier de l&rsquo;UQAC et que vous souhaitez participer \u00e0 cet \u00e9v\u00e9nement d\u2019envergure pour notre Universit\u00e9, nous vous invitons \u00e0 nous [&hellip;]<\/p>\n","protected":false},"author":5,"featured_media":20989,"comment_status":"open","ping_status":"open","sticky":false,"template":"","format":"standard","meta":{"footnotes":""},"categories":[2772],"tags":[],"yoast_head":"<!-- This site is optimized with the Yoast SEO plugin v24.2 - https:\/\/yoast.com\/wordpress\/plugins\/seo\/ -->\r\n<title>Collation des grades 2016 : Recherche de collaboratrices et de collaborateurs - UQACtualit\u00e9s<\/title>\r\n<meta name=\"robots\" content=\"index, follow, max-snippet:-1, max-image-preview:large, max-video-preview:-1\" \/>\r\n<link rel=\"canonical\" href=\"https:\/\/www.uqac.ca\/uqactualites\/2016\/02\/29\/collation-des-grades-2016-recherche-de-collaboratrices-et-de-collaborateurs\/\" \/>\r\n<meta property=\"og:locale\" content=\"fr_CA\" \/>\r\n<meta property=\"og:type\" content=\"article\" \/>\r\n<meta property=\"og:title\" content=\"Collation des grades 2016 : Recherche de collaboratrices et de collaborateurs - UQACtualit\u00e9s\" \/>\r\n<meta property=\"og:description\" content=\"Le comit\u00e9 organisateur de la Collation des grades 2016 est \u00e0 la recherche de collaborateurs voulant assumer diverses t\u00e2ches lors des c\u00e9r\u00e9monies qui se tiendront le samedi 30 avril prochain. Si vous \u00eates un employ\u00e9 r\u00e9gulier de l&rsquo;UQAC et que vous souhaitez participer \u00e0 cet \u00e9v\u00e9nement d\u2019envergure pour notre Universit\u00e9, nous vous invitons \u00e0 nous [&hellip;]\" \/>\r\n<meta property=\"og:url\" content=\"https:\/\/www.uqac.ca\/uqactualites\/2016\/02\/29\/collation-des-grades-2016-recherche-de-collaboratrices-et-de-collaborateurs\/\" \/>\r\n<meta property=\"og:site_name\" content=\"UQACtualit\u00e9s\" \/>\r\n<meta property=\"article:published_time\" content=\"2016-02-29T20:57:03+00:00\" \/>\r\n<meta property=\"og:image\" content=\"https:\/\/www.uqac.ca\/uqactualites\/wp-content\/uploads\/2012\/05\/avis-laCommunaut-.jpg\" \/>\r\n\t<meta property=\"og:image:width\" content=\"620\" \/>\r\n\t<meta property=\"og:image:height\" content=\"300\" \/>\r\n\t<meta property=\"og:image:type\" content=\"image\/jpeg\" \/>\r\n<meta name=\"author\" content=\"Service des communications et des relations publiques\" \/>\r\n<meta name=\"twitter:card\" content=\"summary_large_image\" \/>\r\n<meta name=\"twitter:label1\" content=\"\u00c9crit par\" \/>\n\t<meta name=\"twitter:data1\" content=\"Service des communications et des relations publiques\" \/>\n\t<meta name=\"twitter:label2\" content=\"Estimation du temps de lecture\" \/>\n\t<meta name=\"twitter:data2\" content=\"1 minute\" \/>\r\n<script type=\"application\/ld+json\" class=\"yoast-schema-graph\">{\"@context\":\"https:\/\/schema.org\",\"@graph\":[{\"@type\":\"WebPage\",\"@id\":\"https:\/\/www.uqac.ca\/uqactualites\/2016\/02\/29\/collation-des-grades-2016-recherche-de-collaboratrices-et-de-collaborateurs\/\",\"url\":\"https:\/\/www.uqac.ca\/uqactualites\/2016\/02\/29\/collation-des-grades-2016-recherche-de-collaboratrices-et-de-collaborateurs\/\",\"name\":\"Collation des grades 2016 : Recherche de collaboratrices et de collaborateurs - UQACtualit\u00e9s\",\"isPartOf\":{\"@id\":\"https:\/\/www.uqac.ca\/uqactualites\/#website\"},\"primaryImageOfPage\":{\"@id\":\"https:\/\/www.uqac.ca\/uqactualites\/2016\/02\/29\/collation-des-grades-2016-recherche-de-collaboratrices-et-de-collaborateurs\/#primaryimage\"},\"image\":{\"@id\":\"https:\/\/www.uqac.ca\/uqactualites\/2016\/02\/29\/collation-des-grades-2016-recherche-de-collaboratrices-et-de-collaborateurs\/#primaryimage\"},\"thumbnailUrl\":\"https:\/\/www.uqac.ca\/uqactualites\/wp-content\/uploads\/2012\/05\/avis-laCommunaut-.jpg\",\"datePublished\":\"2016-02-29T20:57:03+00:00\",\"dateModified\":\"2016-02-29T20:57:03+00:00\",\"author\":{\"@id\":\"https:\/\/www.uqac.ca\/uqactualites\/#\/schema\/person\/366c45a0c4f0e677b41b4af5886e2018\"},\"breadcrumb\":{\"@id\":\"https:\/\/www.uqac.ca\/uqactualites\/2016\/02\/29\/collation-des-grades-2016-recherche-de-collaboratrices-et-de-collaborateurs\/#breadcrumb\"},\"inLanguage\":\"fr-CA\",\"potentialAction\":[{\"@type\":\"ReadAction\",\"target\":[\"https:\/\/www.uqac.ca\/uqactualites\/2016\/02\/29\/collation-des-grades-2016-recherche-de-collaboratrices-et-de-collaborateurs\/\"]}]},{\"@type\":\"ImageObject\",\"inLanguage\":\"fr-CA\",\"@id\":\"https:\/\/www.uqac.ca\/uqactualites\/2016\/02\/29\/collation-des-grades-2016-recherche-de-collaboratrices-et-de-collaborateurs\/#primaryimage\",\"url\":\"https:\/\/www.uqac.ca\/uqactualites\/wp-content\/uploads\/2012\/05\/avis-laCommunaut-.jpg\",\"contentUrl\":\"https:\/\/www.uqac.ca\/uqactualites\/wp-content\/uploads\/2012\/05\/avis-laCommunaut-.jpg\",\"width\":620,\"height\":300},{\"@type\":\"BreadcrumbList\",\"@id\":\"https:\/\/www.uqac.ca\/uqactualites\/2016\/02\/29\/collation-des-grades-2016-recherche-de-collaboratrices-et-de-collaborateurs\/#breadcrumb\",\"itemListElement\":[{\"@type\":\"ListItem\",\"position\":1,\"name\":\"Home\",\"item\":\"https:\/\/www.uqac.ca\/uqactualites\/\"},{\"@type\":\"ListItem\",\"position\":2,\"name\":\"Collation des grades 2016 : Recherche de collaboratrices et de collaborateurs\"}]},{\"@type\":\"WebSite\",\"@id\":\"https:\/\/www.uqac.ca\/uqactualites\/#website\",\"url\":\"https:\/\/www.uqac.ca\/uqactualites\/\",\"name\":\"UQACtualit\u00e9s\",\"description\":\"Le portail des nouvelles de l&#039;UQAC\",\"potentialAction\":[{\"@type\":\"SearchAction\",\"target\":{\"@type\":\"EntryPoint\",\"urlTemplate\":\"https:\/\/www.uqac.ca\/uqactualites\/?s={search_term_string}\"},\"query-input\":{\"@type\":\"PropertyValueSpecification\",\"valueRequired\":true,\"valueName\":\"search_term_string\"}}],\"inLanguage\":\"fr-CA\"},{\"@type\":\"Person\",\"@id\":\"https:\/\/www.uqac.ca\/uqactualites\/#\/schema\/person\/366c45a0c4f0e677b41b4af5886e2018\",\"name\":\"Service des communications et des relations publiques\",\"image\":{\"@type\":\"ImageObject\",\"inLanguage\":\"fr-CA\",\"@id\":\"https:\/\/www.uqac.ca\/uqactualites\/#\/schema\/person\/image\/\",\"url\":\"https:\/\/secure.gravatar.com\/avatar\/20fbbda8a292f59f2d3461a5b999c00b?s=96&d=mm&r=g\",\"contentUrl\":\"https:\/\/secure.gravatar.com\/avatar\/20fbbda8a292f59f2d3461a5b999c00b?s=96&d=mm&r=g\",\"caption\":\"Service des communications et des relations publiques\"},\"url\":\"https:\/\/www.uqac.ca\/uqactualites\/author\/bap\/\"}]}<\/script>\r\n<!-- \/ Yoast SEO plugin. -->","yoast_head_json":{"title":"Collation des grades 2016 : Recherche de collaboratrices et de collaborateurs - UQACtualit\u00e9s","robots":{"index":"index","follow":"follow","max-snippet":"max-snippet:-1","max-image-preview":"max-image-preview:large","max-video-preview":"max-video-preview:-1"},"canonical":"https:\/\/www.uqac.ca\/uqactualites\/2016\/02\/29\/collation-des-grades-2016-recherche-de-collaboratrices-et-de-collaborateurs\/","og_locale":"fr_CA","og_type":"article","og_title":"Collation des grades 2016 : Recherche de collaboratrices et de collaborateurs - UQACtualit\u00e9s","og_description":"Le comit\u00e9 organisateur de la Collation des grades 2016 est \u00e0 la recherche de collaborateurs voulant assumer diverses t\u00e2ches lors des c\u00e9r\u00e9monies qui se tiendront le samedi 30 avril prochain. Si vous \u00eates un employ\u00e9 r\u00e9gulier de l&rsquo;UQAC et que vous souhaitez participer \u00e0 cet \u00e9v\u00e9nement d\u2019envergure pour notre Universit\u00e9, nous vous invitons \u00e0 nous [&hellip;]","og_url":"https:\/\/www.uqac.ca\/uqactualites\/2016\/02\/29\/collation-des-grades-2016-recherche-de-collaboratrices-et-de-collaborateurs\/","og_site_name":"UQACtualit\u00e9s","article_published_time":"2016-02-29T20:57:03+00:00","og_image":[{"width":620,"height":300,"url":"https:\/\/www.uqac.ca\/uqactualites\/wp-content\/uploads\/2012\/05\/avis-laCommunaut-.jpg","type":"image\/jpeg"}],"author":"Service des communications et des relations publiques","twitter_card":"summary_large_image","twitter_misc":{"\u00c9crit par":"Service des communications et des relations publiques","Estimation du temps de lecture":"1 minute"},"schema":{"@context":"https:\/\/schema.org","@graph":[{"@type":"WebPage","@id":"https:\/\/www.uqac.ca\/uqactualites\/2016\/02\/29\/collation-des-grades-2016-recherche-de-collaboratrices-et-de-collaborateurs\/","url":"https:\/\/www.uqac.ca\/uqactualites\/2016\/02\/29\/collation-des-grades-2016-recherche-de-collaboratrices-et-de-collaborateurs\/","name":"Collation des grades 2016 : Recherche de collaboratrices et de collaborateurs - UQACtualit\u00e9s","isPartOf":{"@id":"https:\/\/www.uqac.ca\/uqactualites\/#website"},"primaryImageOfPage":{"@id":"https:\/\/www.uqac.ca\/uqactualites\/2016\/02\/29\/collation-des-grades-2016-recherche-de-collaboratrices-et-de-collaborateurs\/#primaryimage"},"image":{"@id":"https:\/\/www.uqac.ca\/uqactualites\/2016\/02\/29\/collation-des-grades-2016-recherche-de-collaboratrices-et-de-collaborateurs\/#primaryimage"},"thumbnailUrl":"https:\/\/www.uqac.ca\/uqactualites\/wp-content\/uploads\/2012\/05\/avis-laCommunaut-.jpg","datePublished":"2016-02-29T20:57:03+00:00","dateModified":"2016-02-29T20:57:03+00:00","author":{"@id":"https:\/\/www.uqac.ca\/uqactualites\/#\/schema\/person\/366c45a0c4f0e677b41b4af5886e2018"},"breadcrumb":{"@id":"https:\/\/www.uqac.ca\/uqactualites\/2016\/02\/29\/collation-des-grades-2016-recherche-de-collaboratrices-et-de-collaborateurs\/#breadcrumb"},"inLanguage":"fr-CA","potentialAction":[{"@type":"ReadAction","target":["https:\/\/www.uqac.ca\/uqactualites\/2016\/02\/29\/collation-des-grades-2016-recherche-de-collaboratrices-et-de-collaborateurs\/"]}]},{"@type":"ImageObject","inLanguage":"fr-CA","@id":"https:\/\/www.uqac.ca\/uqactualites\/2016\/02\/29\/collation-des-grades-2016-recherche-de-collaboratrices-et-de-collaborateurs\/#primaryimage","url":"https:\/\/www.uqac.ca\/uqactualites\/wp-content\/uploads\/2012\/05\/avis-laCommunaut-.jpg","contentUrl":"https:\/\/www.uqac.ca\/uqactualites\/wp-content\/uploads\/2012\/05\/avis-laCommunaut-.jpg","width":620,"height":300},{"@type":"BreadcrumbList","@id":"https:\/\/www.uqac.ca\/uqactualites\/2016\/02\/29\/collation-des-grades-2016-recherche-de-collaboratrices-et-de-collaborateurs\/#breadcrumb","itemListElement":[{"@type":"ListItem","position":1,"name":"Home","item":"https:\/\/www.uqac.ca\/uqactualites\/"},{"@type":"ListItem","position":2,"name":"Collation des grades 2016 : Recherche de collaboratrices et de collaborateurs"}]},{"@type":"WebSite","@id":"https:\/\/www.uqac.ca\/uqactualites\/#website","url":"https:\/\/www.uqac.ca\/uqactualites\/","name":"UQACtualit\u00e9s","description":"Le portail des nouvelles de l&#039;UQAC","potentialAction":[{"@type":"SearchAction","target":{"@type":"EntryPoint","urlTemplate":"https:\/\/www.uqac.ca\/uqactualites\/?s={search_term_string}"},"query-input":{"@type":"PropertyValueSpecification","valueRequired":true,"valueName":"search_term_string"}}],"inLanguage":"fr-CA"},{"@type":"Person","@id":"https:\/\/www.uqac.ca\/uqactualites\/#\/schema\/person\/366c45a0c4f0e677b41b4af5886e2018","name":"Service des communications et des relations publiques","image":{"@type":"ImageObject","inLanguage":"fr-CA","@id":"https:\/\/www.uqac.ca\/uqactualites\/#\/schema\/person\/image\/","url":"https:\/\/secure.gravatar.com\/avatar\/20fbbda8a292f59f2d3461a5b999c00b?s=96&d=mm&r=g","contentUrl":"https:\/\/secure.gravatar.com\/avatar\/20fbbda8a292f59f2d3461a5b999c00b?s=96&d=mm&r=g","caption":"Service des communications et des relations publiques"},"url":"https:\/\/www.uqac.ca\/uqactualites\/author\/bap\/"}]}},"_links":{"self":[{"href":"https:\/\/www.uqac.ca\/uqactualites\/wp-json\/wp\/v2\/posts\/31617"}],"collection":[{"href":"https:\/\/www.uqac.ca\/uqactualites\/wp-json\/wp\/v2\/posts"}],"about":[{"href":"https:\/\/www.uqac.ca\/uqactualites\/wp-json\/wp\/v2\/types\/post"}],"author":[{"embeddable":true,"href":"https:\/\/www.uqac.ca\/uqactualites\/wp-json\/wp\/v2\/users\/5"}],"replies":[{"embeddable":true,"href":"https:\/\/www.uqac.ca\/uqactualites\/wp-json\/wp\/v2\/comments?post=31617"}],"version-history":[{"count":0,"href":"https:\/\/www.uqac.ca\/uqactualites\/wp-json\/wp\/v2\/posts\/31617\/revisions"}],"wp:featuredmedia":[{"embeddable":true,"href":"https:\/\/www.uqac.ca\/uqactualites\/wp-json\/wp\/v2\/media\/20989"}],"wp:attachment":[{"href":"https:\/\/www.uqac.ca\/uqactualites\/wp-json\/wp\/v2\/media?parent=31617"}],"wp:term":[{"taxonomy":"category","embeddable":true,"href":"https:\/\/www.uqac.ca\/uqactualites\/wp-json\/wp\/v2\/categories?post=31617"},{"taxonomy":"post_tag","embeddable":true,"href":"https:\/\/www.uqac.ca\/uqactualites\/wp-json\/wp\/v2\/tags?post=31617"}],"curies":[{"name":"wp","href":"https:\/\/api.w.org\/{rel}","templated":true}]}}