{"id":31652,"date":"2016-03-08T13:54:25","date_gmt":"2016-03-08T18:54:25","guid":{"rendered":"http:\/\/uqactualite.odev.ca\/?p=31652"},"modified":"2016-03-08T13:54:25","modified_gmt":"2016-03-08T18:54:25","slug":"le-centre-des-premieres-nations-nikanite-et-le-nad-lancent-le-partenariat-niknad","status":"publish","type":"post","link":"https:\/\/www.uqac.ca\/uqactualites\/2016\/03\/08\/le-centre-des-premieres-nations-nikanite-et-le-nad-lancent-le-partenariat-niknad\/","title":{"rendered":"Le Centre des Premi\u00e8res Nations Nikanite et le NAD lancent le partenariat NIKNAD"},"content":{"rendered":"<p style=\"text-align: justify\">C\u2019est le jeudi 21 janvier dernier, \u00e0 l\u2019Espace Culturel Ashukan de Montr\u00e9al, qu\u2019avait lieu le coquetel de lancement du partenariat NIKNAD, \u00e9tabli entre le Centre des Premi\u00e8res Nations Nikanite (CPNN) et l\u2019\u00c9cole des arts num\u00e9riques, de l\u2019animation et du design (NAD) de l\u2019UQAC. R\u00e9alis\u00e9 en pr\u00e9sence de nombreux partenaires du monde culturel autochtone et du jeu vid\u00e9o, l\u2019\u00e9v\u00e9nement \u00e9tait l\u2019occasion pour les invit\u00e9s d\u2019assister au d\u00e9voilement de la toute premi\u00e8re exp\u00e9rience du partenariat NIKNAD avec la pr\u00e9sentation du <a href=\"https:\/\/vimeo.com\/156720361\">d\u00e9mo d\u2019<em>Atanukan<\/em> <\/a>(\u00ab\u00a0l\u00e9gende\u00a0\u00bb).<\/p>\n<p style=\"text-align: justify\">Le partenariat NIKNAD est issu de la collaboration d\u2019artistes du NAD et des Premiers Peuples ainsi que d\u2019intervenants li\u00e9s aux nouvelles technologies, \u00e0 la p\u00e9dagogie et \u00e0 la culture des Premiers Peuples. Il a notamment permis la mise sur pied d\u2019une plateforme de d\u00e9veloppement d\u2019\u0153uvres interactives, immersives et ludiques favorisant la d\u00e9couverte et l\u2019int\u00e9gration des technologies et des nouveaux m\u00e9dias, tout en offrant la perspective de cr\u00e9er et de former des acteurs de changement par leur appropriation de la culture et des valeurs des Premiers Peuples.<\/p>\n<p style=\"text-align: justify\">Il s\u2019agit l\u00e0 d\u2019un projet au potentiel immense dont la prochaine \u00e9tape sera le d\u00e9veloppement d\u2019une gamme de camps d\u2019initiation et de formation destin\u00e9s aux jeunes membres des Premi\u00e8res Nations.<\/p>\n<p style=\"text-align: justify\">Pour suivre l\u2019\u00e9volution du partenariat, visitez la <span style=\"color: #808080\"><strong><span style=\"text-decoration: underline\"><a href=\"http:\/\/www.facebook.com\/NIKNAD.UQAC\/\" target=\"_blank\" rel=\"noopener\"><span style=\"color: #808080;text-decoration: underline\">page Facebook de NIKNAD<\/span><\/a><\/span><\/strong><\/span>.<\/p>\n<p style=\"text-align: justify\"><strong><br \/>\nSource\u00a0:<br \/>\n<\/strong>Mathieu Gravel, agent de liaison<br \/>\nCentre des Premi\u00e8res Nations Nikanite<br \/>\nUniversit\u00e9 du Qu\u00e9bec \u00e0 Chicoutimi<br \/>\n418 545-5011, poste\u00a02416\u00a0 \u25aa\u00a0 <span style=\"text-decoration: underline\"><a href=\"mailto:mathieu1_gravel@uqac.ca\">mathieu1_gravel@uqac.ca<\/a><\/span><\/p>\n<p style=\"text-align: justify\"><span style=\"color: #808080\"><strong>Photo\u00a0: <\/strong>Mathieu Gravel, agent de liaison au Centre des Premi\u00e8res Nations Nikanite de l\u2019UQAC; Pierre Tousignant, professeur \u00e0 l\u2019\u00c9cole des arts num\u00e9riques, de l\u2019animation et du design de l\u2019UQAC; Geoffrey Kelley, ministre responsable des Affaires autochtones; Suzanne Gu\u00e8vremont, directrice de l\u2019\u00c9cole des arts num\u00e9riques, de l\u2019animation et du design de l\u2019UQAC; Nadine St-Louis, directrice de l\u2019Espace Culturel Ashukan; Marco Bacon, directeur du Centre des Premi\u00e8res Nations Nikanite; et Jos\u00e9phine Bacon, po\u00e8te innue<\/span><br \/>\n<span style=\"color: #808080\">@Nancy Nadeau<\/span><\/p>\n","protected":false},"excerpt":{"rendered":"<p>C\u2019est le jeudi 21 janvier dernier, \u00e0 l\u2019Espace Culturel Ashukan de Montr\u00e9al, qu\u2019avait lieu le coquetel de lancement du partenariat NIKNAD, \u00e9tabli entre le Centre des Premi\u00e8res Nations Nikanite (CPNN) et l\u2019\u00c9cole des arts num\u00e9riques, de l\u2019animation et du design (NAD) de l\u2019UQAC. R\u00e9alis\u00e9 en pr\u00e9sence de nombreux partenaires du monde culturel autochtone et du [&hellip;]<\/p>\n","protected":false},"author":5,"featured_media":31653,"comment_status":"open","ping_status":"open","sticky":false,"template":"","format":"standard","meta":{"footnotes":""},"categories":[2,61],"tags":[],"yoast_head":"<!-- This site is optimized with the Yoast SEO plugin v24.2 - https:\/\/yoast.com\/wordpress\/plugins\/seo\/ -->\r\n<title>Le Centre des Premi\u00e8res Nations Nikanite et le NAD lancent le partenariat NIKNAD - UQACtualit\u00e9s<\/title>\r\n<meta name=\"robots\" content=\"index, follow, max-snippet:-1, max-image-preview:large, max-video-preview:-1\" \/>\r\n<link rel=\"canonical\" href=\"https:\/\/www.uqac.ca\/uqactualites\/2016\/03\/08\/le-centre-des-premieres-nations-nikanite-et-le-nad-lancent-le-partenariat-niknad\/\" \/>\r\n<meta property=\"og:locale\" content=\"fr_CA\" \/>\r\n<meta property=\"og:type\" content=\"article\" \/>\r\n<meta property=\"og:title\" content=\"Le Centre des Premi\u00e8res Nations Nikanite et le NAD lancent le partenariat NIKNAD - UQACtualit\u00e9s\" \/>\r\n<meta property=\"og:description\" content=\"C\u2019est le jeudi 21 janvier dernier, \u00e0 l\u2019Espace Culturel Ashukan de Montr\u00e9al, qu\u2019avait lieu le coquetel de lancement du partenariat NIKNAD, \u00e9tabli entre le Centre des Premi\u00e8res Nations Nikanite (CPNN) et l\u2019\u00c9cole des arts num\u00e9riques, de l\u2019animation et du design (NAD) de l\u2019UQAC. R\u00e9alis\u00e9 en pr\u00e9sence de nombreux partenaires du monde culturel autochtone et du [&hellip;]\" \/>\r\n<meta property=\"og:url\" content=\"https:\/\/www.uqac.ca\/uqactualites\/2016\/03\/08\/le-centre-des-premieres-nations-nikanite-et-le-nad-lancent-le-partenariat-niknad\/\" \/>\r\n<meta property=\"og:site_name\" content=\"UQACtualit\u00e9s\" \/>\r\n<meta property=\"article:published_time\" content=\"2016-03-08T18:54:25+00:00\" \/>\r\n<meta property=\"og:image\" content=\"https:\/\/www.uqac.ca\/uqactualites\/wp-content\/uploads\/2016\/03\/UQACtualit\u00e9-Coquetel-de-lancement-du-partenariat-NIKNAD-Web.jpg\" \/>\r\n\t<meta property=\"og:image:width\" content=\"620\" \/>\r\n\t<meta property=\"og:image:height\" content=\"300\" \/>\r\n\t<meta property=\"og:image:type\" content=\"image\/jpeg\" \/>\r\n<meta name=\"author\" content=\"Service des communications et des relations publiques\" \/>\r\n<meta name=\"twitter:card\" content=\"summary_large_image\" \/>\r\n<meta name=\"twitter:label1\" content=\"\u00c9crit par\" \/>\n\t<meta name=\"twitter:data1\" content=\"Service des communications et des relations publiques\" \/>\n\t<meta name=\"twitter:label2\" content=\"Estimation du temps de lecture\" \/>\n\t<meta name=\"twitter:data2\" content=\"2 minutes\" \/>\r\n<script type=\"application\/ld+json\" class=\"yoast-schema-graph\">{\"@context\":\"https:\/\/schema.org\",\"@graph\":[{\"@type\":\"WebPage\",\"@id\":\"https:\/\/www.uqac.ca\/uqactualites\/2016\/03\/08\/le-centre-des-premieres-nations-nikanite-et-le-nad-lancent-le-partenariat-niknad\/\",\"url\":\"https:\/\/www.uqac.ca\/uqactualites\/2016\/03\/08\/le-centre-des-premieres-nations-nikanite-et-le-nad-lancent-le-partenariat-niknad\/\",\"name\":\"Le Centre des Premi\u00e8res Nations Nikanite et le NAD lancent le partenariat NIKNAD - UQACtualit\u00e9s\",\"isPartOf\":{\"@id\":\"https:\/\/www.uqac.ca\/uqactualites\/#website\"},\"primaryImageOfPage\":{\"@id\":\"https:\/\/www.uqac.ca\/uqactualites\/2016\/03\/08\/le-centre-des-premieres-nations-nikanite-et-le-nad-lancent-le-partenariat-niknad\/#primaryimage\"},\"image\":{\"@id\":\"https:\/\/www.uqac.ca\/uqactualites\/2016\/03\/08\/le-centre-des-premieres-nations-nikanite-et-le-nad-lancent-le-partenariat-niknad\/#primaryimage\"},\"thumbnailUrl\":\"https:\/\/www.uqac.ca\/uqactualites\/wp-content\/uploads\/2016\/03\/UQACtualit\u00e9-Coquetel-de-lancement-du-partenariat-NIKNAD-Web.jpg\",\"datePublished\":\"2016-03-08T18:54:25+00:00\",\"dateModified\":\"2016-03-08T18:54:25+00:00\",\"author\":{\"@id\":\"https:\/\/www.uqac.ca\/uqactualites\/#\/schema\/person\/366c45a0c4f0e677b41b4af5886e2018\"},\"breadcrumb\":{\"@id\":\"https:\/\/www.uqac.ca\/uqactualites\/2016\/03\/08\/le-centre-des-premieres-nations-nikanite-et-le-nad-lancent-le-partenariat-niknad\/#breadcrumb\"},\"inLanguage\":\"fr-CA\",\"potentialAction\":[{\"@type\":\"ReadAction\",\"target\":[\"https:\/\/www.uqac.ca\/uqactualites\/2016\/03\/08\/le-centre-des-premieres-nations-nikanite-et-le-nad-lancent-le-partenariat-niknad\/\"]}]},{\"@type\":\"ImageObject\",\"inLanguage\":\"fr-CA\",\"@id\":\"https:\/\/www.uqac.ca\/uqactualites\/2016\/03\/08\/le-centre-des-premieres-nations-nikanite-et-le-nad-lancent-le-partenariat-niknad\/#primaryimage\",\"url\":\"https:\/\/www.uqac.ca\/uqactualites\/wp-content\/uploads\/2016\/03\/UQACtualit\u00e9-Coquetel-de-lancement-du-partenariat-NIKNAD-Web.jpg\",\"contentUrl\":\"https:\/\/www.uqac.ca\/uqactualites\/wp-content\/uploads\/2016\/03\/UQACtualit\u00e9-Coquetel-de-lancement-du-partenariat-NIKNAD-Web.jpg\",\"width\":620,\"height\":300},{\"@type\":\"BreadcrumbList\",\"@id\":\"https:\/\/www.uqac.ca\/uqactualites\/2016\/03\/08\/le-centre-des-premieres-nations-nikanite-et-le-nad-lancent-le-partenariat-niknad\/#breadcrumb\",\"itemListElement\":[{\"@type\":\"ListItem\",\"position\":1,\"name\":\"Home\",\"item\":\"https:\/\/www.uqac.ca\/uqactualites\/\"},{\"@type\":\"ListItem\",\"position\":2,\"name\":\"Le Centre des Premi\u00e8res Nations Nikanite et le NAD lancent le partenariat NIKNAD\"}]},{\"@type\":\"WebSite\",\"@id\":\"https:\/\/www.uqac.ca\/uqactualites\/#website\",\"url\":\"https:\/\/www.uqac.ca\/uqactualites\/\",\"name\":\"UQACtualit\u00e9s\",\"description\":\"Le portail des nouvelles de l&#039;UQAC\",\"potentialAction\":[{\"@type\":\"SearchAction\",\"target\":{\"@type\":\"EntryPoint\",\"urlTemplate\":\"https:\/\/www.uqac.ca\/uqactualites\/?s={search_term_string}\"},\"query-input\":{\"@type\":\"PropertyValueSpecification\",\"valueRequired\":true,\"valueName\":\"search_term_string\"}}],\"inLanguage\":\"fr-CA\"},{\"@type\":\"Person\",\"@id\":\"https:\/\/www.uqac.ca\/uqactualites\/#\/schema\/person\/366c45a0c4f0e677b41b4af5886e2018\",\"name\":\"Service des communications et des relations publiques\",\"image\":{\"@type\":\"ImageObject\",\"inLanguage\":\"fr-CA\",\"@id\":\"https:\/\/www.uqac.ca\/uqactualites\/#\/schema\/person\/image\/\",\"url\":\"https:\/\/secure.gravatar.com\/avatar\/20fbbda8a292f59f2d3461a5b999c00b?s=96&d=mm&r=g\",\"contentUrl\":\"https:\/\/secure.gravatar.com\/avatar\/20fbbda8a292f59f2d3461a5b999c00b?s=96&d=mm&r=g\",\"caption\":\"Service des communications et des relations publiques\"},\"url\":\"https:\/\/www.uqac.ca\/uqactualites\/author\/bap\/\"}]}<\/script>\r\n<!-- \/ Yoast SEO plugin. -->","yoast_head_json":{"title":"Le Centre des Premi\u00e8res Nations Nikanite et le NAD lancent le partenariat NIKNAD - UQACtualit\u00e9s","robots":{"index":"index","follow":"follow","max-snippet":"max-snippet:-1","max-image-preview":"max-image-preview:large","max-video-preview":"max-video-preview:-1"},"canonical":"https:\/\/www.uqac.ca\/uqactualites\/2016\/03\/08\/le-centre-des-premieres-nations-nikanite-et-le-nad-lancent-le-partenariat-niknad\/","og_locale":"fr_CA","og_type":"article","og_title":"Le Centre des Premi\u00e8res Nations Nikanite et le NAD lancent le partenariat NIKNAD - UQACtualit\u00e9s","og_description":"C\u2019est le jeudi 21 janvier dernier, \u00e0 l\u2019Espace Culturel Ashukan de Montr\u00e9al, qu\u2019avait lieu le coquetel de lancement du partenariat NIKNAD, \u00e9tabli entre le Centre des Premi\u00e8res Nations Nikanite (CPNN) et l\u2019\u00c9cole des arts num\u00e9riques, de l\u2019animation et du design (NAD) de l\u2019UQAC. R\u00e9alis\u00e9 en pr\u00e9sence de nombreux partenaires du monde culturel autochtone et du [&hellip;]","og_url":"https:\/\/www.uqac.ca\/uqactualites\/2016\/03\/08\/le-centre-des-premieres-nations-nikanite-et-le-nad-lancent-le-partenariat-niknad\/","og_site_name":"UQACtualit\u00e9s","article_published_time":"2016-03-08T18:54:25+00:00","og_image":[{"width":620,"height":300,"url":"https:\/\/www.uqac.ca\/uqactualites\/wp-content\/uploads\/2016\/03\/UQACtualit\u00e9-Coquetel-de-lancement-du-partenariat-NIKNAD-Web.jpg","type":"image\/jpeg"}],"author":"Service des communications et des relations publiques","twitter_card":"summary_large_image","twitter_misc":{"\u00c9crit par":"Service des communications et des relations publiques","Estimation du temps de lecture":"2 minutes"},"schema":{"@context":"https:\/\/schema.org","@graph":[{"@type":"WebPage","@id":"https:\/\/www.uqac.ca\/uqactualites\/2016\/03\/08\/le-centre-des-premieres-nations-nikanite-et-le-nad-lancent-le-partenariat-niknad\/","url":"https:\/\/www.uqac.ca\/uqactualites\/2016\/03\/08\/le-centre-des-premieres-nations-nikanite-et-le-nad-lancent-le-partenariat-niknad\/","name":"Le Centre des Premi\u00e8res Nations Nikanite et le NAD lancent le partenariat NIKNAD - UQACtualit\u00e9s","isPartOf":{"@id":"https:\/\/www.uqac.ca\/uqactualites\/#website"},"primaryImageOfPage":{"@id":"https:\/\/www.uqac.ca\/uqactualites\/2016\/03\/08\/le-centre-des-premieres-nations-nikanite-et-le-nad-lancent-le-partenariat-niknad\/#primaryimage"},"image":{"@id":"https:\/\/www.uqac.ca\/uqactualites\/2016\/03\/08\/le-centre-des-premieres-nations-nikanite-et-le-nad-lancent-le-partenariat-niknad\/#primaryimage"},"thumbnailUrl":"https:\/\/www.uqac.ca\/uqactualites\/wp-content\/uploads\/2016\/03\/UQACtualit\u00e9-Coquetel-de-lancement-du-partenariat-NIKNAD-Web.jpg","datePublished":"2016-03-08T18:54:25+00:00","dateModified":"2016-03-08T18:54:25+00:00","author":{"@id":"https:\/\/www.uqac.ca\/uqactualites\/#\/schema\/person\/366c45a0c4f0e677b41b4af5886e2018"},"breadcrumb":{"@id":"https:\/\/www.uqac.ca\/uqactualites\/2016\/03\/08\/le-centre-des-premieres-nations-nikanite-et-le-nad-lancent-le-partenariat-niknad\/#breadcrumb"},"inLanguage":"fr-CA","potentialAction":[{"@type":"ReadAction","target":["https:\/\/www.uqac.ca\/uqactualites\/2016\/03\/08\/le-centre-des-premieres-nations-nikanite-et-le-nad-lancent-le-partenariat-niknad\/"]}]},{"@type":"ImageObject","inLanguage":"fr-CA","@id":"https:\/\/www.uqac.ca\/uqactualites\/2016\/03\/08\/le-centre-des-premieres-nations-nikanite-et-le-nad-lancent-le-partenariat-niknad\/#primaryimage","url":"https:\/\/www.uqac.ca\/uqactualites\/wp-content\/uploads\/2016\/03\/UQACtualit\u00e9-Coquetel-de-lancement-du-partenariat-NIKNAD-Web.jpg","contentUrl":"https:\/\/www.uqac.ca\/uqactualites\/wp-content\/uploads\/2016\/03\/UQACtualit\u00e9-Coquetel-de-lancement-du-partenariat-NIKNAD-Web.jpg","width":620,"height":300},{"@type":"BreadcrumbList","@id":"https:\/\/www.uqac.ca\/uqactualites\/2016\/03\/08\/le-centre-des-premieres-nations-nikanite-et-le-nad-lancent-le-partenariat-niknad\/#breadcrumb","itemListElement":[{"@type":"ListItem","position":1,"name":"Home","item":"https:\/\/www.uqac.ca\/uqactualites\/"},{"@type":"ListItem","position":2,"name":"Le Centre des Premi\u00e8res Nations Nikanite et le NAD lancent le partenariat NIKNAD"}]},{"@type":"WebSite","@id":"https:\/\/www.uqac.ca\/uqactualites\/#website","url":"https:\/\/www.uqac.ca\/uqactualites\/","name":"UQACtualit\u00e9s","description":"Le portail des nouvelles de l&#039;UQAC","potentialAction":[{"@type":"SearchAction","target":{"@type":"EntryPoint","urlTemplate":"https:\/\/www.uqac.ca\/uqactualites\/?s={search_term_string}"},"query-input":{"@type":"PropertyValueSpecification","valueRequired":true,"valueName":"search_term_string"}}],"inLanguage":"fr-CA"},{"@type":"Person","@id":"https:\/\/www.uqac.ca\/uqactualites\/#\/schema\/person\/366c45a0c4f0e677b41b4af5886e2018","name":"Service des communications et des relations publiques","image":{"@type":"ImageObject","inLanguage":"fr-CA","@id":"https:\/\/www.uqac.ca\/uqactualites\/#\/schema\/person\/image\/","url":"https:\/\/secure.gravatar.com\/avatar\/20fbbda8a292f59f2d3461a5b999c00b?s=96&d=mm&r=g","contentUrl":"https:\/\/secure.gravatar.com\/avatar\/20fbbda8a292f59f2d3461a5b999c00b?s=96&d=mm&r=g","caption":"Service des communications et des relations publiques"},"url":"https:\/\/www.uqac.ca\/uqactualites\/author\/bap\/"}]}},"_links":{"self":[{"href":"https:\/\/www.uqac.ca\/uqactualites\/wp-json\/wp\/v2\/posts\/31652"}],"collection":[{"href":"https:\/\/www.uqac.ca\/uqactualites\/wp-json\/wp\/v2\/posts"}],"about":[{"href":"https:\/\/www.uqac.ca\/uqactualites\/wp-json\/wp\/v2\/types\/post"}],"author":[{"embeddable":true,"href":"https:\/\/www.uqac.ca\/uqactualites\/wp-json\/wp\/v2\/users\/5"}],"replies":[{"embeddable":true,"href":"https:\/\/www.uqac.ca\/uqactualites\/wp-json\/wp\/v2\/comments?post=31652"}],"version-history":[{"count":0,"href":"https:\/\/www.uqac.ca\/uqactualites\/wp-json\/wp\/v2\/posts\/31652\/revisions"}],"wp:featuredmedia":[{"embeddable":true,"href":"https:\/\/www.uqac.ca\/uqactualites\/wp-json\/wp\/v2\/media\/31653"}],"wp:attachment":[{"href":"https:\/\/www.uqac.ca\/uqactualites\/wp-json\/wp\/v2\/media?parent=31652"}],"wp:term":[{"taxonomy":"category","embeddable":true,"href":"https:\/\/www.uqac.ca\/uqactualites\/wp-json\/wp\/v2\/categories?post=31652"},{"taxonomy":"post_tag","embeddable":true,"href":"https:\/\/www.uqac.ca\/uqactualites\/wp-json\/wp\/v2\/tags?post=31652"}],"curies":[{"name":"wp","href":"https:\/\/api.w.org\/{rel}","templated":true}]}}