{"id":31662,"date":"2016-03-09T11:41:34","date_gmt":"2016-03-09T16:41:34","guid":{"rendered":"http:\/\/uqactualite.odev.ca\/?p=31662"},"modified":"2016-03-09T11:41:34","modified_gmt":"2016-03-09T16:41:34","slug":"participez-au-defi-osentreprendre","status":"publish","type":"post","link":"https:\/\/www.uqac.ca\/uqactualites\/2016\/03\/09\/participez-au-defi-osentreprendre\/","title":{"rendered":"Participez au d\u00e9fi OSEntreprendre"},"content":{"rendered":"<p style=\"text-align: justify\">Le CEE-UQAC invite la communaut\u00e9 universitaire \u00e0 participer au d\u00e9fi OSEntreprendre (anciennement connu sous le nom de Concours qu\u00e9b\u00e9cois en entrepreneuriat). Les participants int\u00e9ress\u00e9s peuvent s\u2019inscrire \u00e0 l\u2019int\u00e9rieur des volets \u00ab\u00a0Entrepreneuriat \u00e9tudiant\u00a0\u00bb et \u00ab\u00a0Cr\u00e9ation d\u2019entreprise\u00a0\u00bb.<\/p>\n<p style=\"text-align: justify\">La date limite pour le d\u00e9p\u00f4t des mises en candidature est fix\u00e9e <strong>au<\/strong><strong> lundi 14 mars 2016 \u00e0 16 h. <\/strong><span style=\"text-decoration: underline\"><a href=\"http:\/\/www.osentreprendre.quebec\/fr\/inscription\" target=\"_blank\" rel=\"noopener\">Inscrivez-vous en ligne!<\/a><\/span><\/p>\n<p style=\"text-align: justify\">Les bourses varient entre 250\u00a0$ (finale r\u00e9gionale) et 10\u00a0000 $ (finale nationale).<br \/>\nLa finale r\u00e9gionale aura lieu le 28 avril prochain \u00e0 la Bo\u00eete \u00e0 Bleuets \u00e0 Alma.<\/p>\n<p style=\"text-align: justify\">Pour plus de d\u00e9tails, visitez le <span style=\"text-decoration: underline\"><a href=\"http:\/\/www.osentreprendre.quebec\/fr\" target=\"_blank\" rel=\"noopener\">site Web du concours<\/a><\/span>.<\/p>\n<p style=\"text-align: justify\"><strong>Soutien du CEE-UQAC<br \/>\n<\/strong>Si vous avez besoin de soutien \u00e0 l\u2019occasion de votre inscription au d\u00e9fi OSEntreprendre, n\u2019h\u00e9sitez pas \u00e0 communiquer avec l\u2019\u00e9quipe du CEE-UQAC. C\u2019est gratuit\u2026 et \u00e7a pourrait \u00eatre payant!<\/p>\n<p style=\"text-align: justify\"><strong><br \/>\nRenseignements\u00a0:<br \/>\n<\/strong>Vanessa Gaudreault Frias, responsable des activit\u00e9s et des communications<br \/>\nCEE-UQAC<br \/>\nUniversit\u00e9 du Qu\u00e9bec \u00e0 Chicoutimi<br \/>\n418 545-5011, poste\u00a04653\u00a0 \u25aa\u00a0\u00a0<span style=\"text-decoration: underline\"><a href=\"mailto:cee_activites@uqac.ca\">cee_activites@uqac.ca<\/a><\/span><\/p>\n","protected":false},"excerpt":{"rendered":"<p>Le CEE-UQAC invite la communaut\u00e9 universitaire \u00e0 participer au d\u00e9fi OSEntreprendre (anciennement connu sous le nom de Concours qu\u00e9b\u00e9cois en entrepreneuriat). Les participants int\u00e9ress\u00e9s peuvent s\u2019inscrire \u00e0 l\u2019int\u00e9rieur des volets \u00ab\u00a0Entrepreneuriat \u00e9tudiant\u00a0\u00bb et \u00ab\u00a0Cr\u00e9ation d\u2019entreprise\u00a0\u00bb. La date limite pour le d\u00e9p\u00f4t des mises en candidature est fix\u00e9e au lundi 14 mars 2016 \u00e0 16 h. [&hellip;]<\/p>\n","protected":false},"author":5,"featured_media":20989,"comment_status":"open","ping_status":"open","sticky":false,"template":"","format":"standard","meta":{"footnotes":""},"categories":[2772],"tags":[],"yoast_head":"<!-- This site is optimized with the Yoast SEO plugin v24.2 - https:\/\/yoast.com\/wordpress\/plugins\/seo\/ -->\r\n<title>Participez au d\u00e9fi OSEntreprendre - UQACtualit\u00e9s<\/title>\r\n<meta name=\"robots\" content=\"index, follow, max-snippet:-1, max-image-preview:large, max-video-preview:-1\" \/>\r\n<link rel=\"canonical\" href=\"https:\/\/www.uqac.ca\/uqactualites\/2016\/03\/09\/participez-au-defi-osentreprendre\/\" \/>\r\n<meta property=\"og:locale\" content=\"fr_CA\" \/>\r\n<meta property=\"og:type\" content=\"article\" \/>\r\n<meta property=\"og:title\" content=\"Participez au d\u00e9fi OSEntreprendre - UQACtualit\u00e9s\" \/>\r\n<meta property=\"og:description\" content=\"Le CEE-UQAC invite la communaut\u00e9 universitaire \u00e0 participer au d\u00e9fi OSEntreprendre (anciennement connu sous le nom de Concours qu\u00e9b\u00e9cois en entrepreneuriat). Les participants int\u00e9ress\u00e9s peuvent s\u2019inscrire \u00e0 l\u2019int\u00e9rieur des volets \u00ab\u00a0Entrepreneuriat \u00e9tudiant\u00a0\u00bb et \u00ab\u00a0Cr\u00e9ation d\u2019entreprise\u00a0\u00bb. La date limite pour le d\u00e9p\u00f4t des mises en candidature est fix\u00e9e au lundi 14 mars 2016 \u00e0 16 h. [&hellip;]\" \/>\r\n<meta property=\"og:url\" content=\"https:\/\/www.uqac.ca\/uqactualites\/2016\/03\/09\/participez-au-defi-osentreprendre\/\" \/>\r\n<meta property=\"og:site_name\" content=\"UQACtualit\u00e9s\" \/>\r\n<meta property=\"article:published_time\" content=\"2016-03-09T16:41:34+00:00\" \/>\r\n<meta property=\"og:image\" content=\"https:\/\/www.uqac.ca\/uqactualites\/wp-content\/uploads\/2012\/05\/avis-laCommunaut-.jpg\" \/>\r\n\t<meta property=\"og:image:width\" content=\"620\" \/>\r\n\t<meta property=\"og:image:height\" content=\"300\" \/>\r\n\t<meta property=\"og:image:type\" content=\"image\/jpeg\" \/>\r\n<meta name=\"author\" content=\"Service des communications et des relations publiques\" \/>\r\n<meta name=\"twitter:card\" content=\"summary_large_image\" \/>\r\n<meta name=\"twitter:label1\" content=\"\u00c9crit par\" \/>\n\t<meta name=\"twitter:data1\" content=\"Service des communications et des relations publiques\" \/>\n\t<meta name=\"twitter:label2\" content=\"Estimation du temps de lecture\" \/>\n\t<meta name=\"twitter:data2\" content=\"1 minute\" \/>\r\n<script type=\"application\/ld+json\" class=\"yoast-schema-graph\">{\"@context\":\"https:\/\/schema.org\",\"@graph\":[{\"@type\":\"WebPage\",\"@id\":\"https:\/\/www.uqac.ca\/uqactualites\/2016\/03\/09\/participez-au-defi-osentreprendre\/\",\"url\":\"https:\/\/www.uqac.ca\/uqactualites\/2016\/03\/09\/participez-au-defi-osentreprendre\/\",\"name\":\"Participez au d\u00e9fi OSEntreprendre - UQACtualit\u00e9s\",\"isPartOf\":{\"@id\":\"https:\/\/www.uqac.ca\/uqactualites\/#website\"},\"primaryImageOfPage\":{\"@id\":\"https:\/\/www.uqac.ca\/uqactualites\/2016\/03\/09\/participez-au-defi-osentreprendre\/#primaryimage\"},\"image\":{\"@id\":\"https:\/\/www.uqac.ca\/uqactualites\/2016\/03\/09\/participez-au-defi-osentreprendre\/#primaryimage\"},\"thumbnailUrl\":\"https:\/\/www.uqac.ca\/uqactualites\/wp-content\/uploads\/2012\/05\/avis-laCommunaut-.jpg\",\"datePublished\":\"2016-03-09T16:41:34+00:00\",\"dateModified\":\"2016-03-09T16:41:34+00:00\",\"author\":{\"@id\":\"https:\/\/www.uqac.ca\/uqactualites\/#\/schema\/person\/366c45a0c4f0e677b41b4af5886e2018\"},\"breadcrumb\":{\"@id\":\"https:\/\/www.uqac.ca\/uqactualites\/2016\/03\/09\/participez-au-defi-osentreprendre\/#breadcrumb\"},\"inLanguage\":\"fr-CA\",\"potentialAction\":[{\"@type\":\"ReadAction\",\"target\":[\"https:\/\/www.uqac.ca\/uqactualites\/2016\/03\/09\/participez-au-defi-osentreprendre\/\"]}]},{\"@type\":\"ImageObject\",\"inLanguage\":\"fr-CA\",\"@id\":\"https:\/\/www.uqac.ca\/uqactualites\/2016\/03\/09\/participez-au-defi-osentreprendre\/#primaryimage\",\"url\":\"https:\/\/www.uqac.ca\/uqactualites\/wp-content\/uploads\/2012\/05\/avis-laCommunaut-.jpg\",\"contentUrl\":\"https:\/\/www.uqac.ca\/uqactualites\/wp-content\/uploads\/2012\/05\/avis-laCommunaut-.jpg\",\"width\":620,\"height\":300},{\"@type\":\"BreadcrumbList\",\"@id\":\"https:\/\/www.uqac.ca\/uqactualites\/2016\/03\/09\/participez-au-defi-osentreprendre\/#breadcrumb\",\"itemListElement\":[{\"@type\":\"ListItem\",\"position\":1,\"name\":\"Home\",\"item\":\"https:\/\/www.uqac.ca\/uqactualites\/\"},{\"@type\":\"ListItem\",\"position\":2,\"name\":\"Participez au d\u00e9fi OSEntreprendre\"}]},{\"@type\":\"WebSite\",\"@id\":\"https:\/\/www.uqac.ca\/uqactualites\/#website\",\"url\":\"https:\/\/www.uqac.ca\/uqactualites\/\",\"name\":\"UQACtualit\u00e9s\",\"description\":\"Le portail des nouvelles de l&#039;UQAC\",\"potentialAction\":[{\"@type\":\"SearchAction\",\"target\":{\"@type\":\"EntryPoint\",\"urlTemplate\":\"https:\/\/www.uqac.ca\/uqactualites\/?s={search_term_string}\"},\"query-input\":{\"@type\":\"PropertyValueSpecification\",\"valueRequired\":true,\"valueName\":\"search_term_string\"}}],\"inLanguage\":\"fr-CA\"},{\"@type\":\"Person\",\"@id\":\"https:\/\/www.uqac.ca\/uqactualites\/#\/schema\/person\/366c45a0c4f0e677b41b4af5886e2018\",\"name\":\"Service des communications et des relations publiques\",\"image\":{\"@type\":\"ImageObject\",\"inLanguage\":\"fr-CA\",\"@id\":\"https:\/\/www.uqac.ca\/uqactualites\/#\/schema\/person\/image\/\",\"url\":\"https:\/\/secure.gravatar.com\/avatar\/20fbbda8a292f59f2d3461a5b999c00b?s=96&d=mm&r=g\",\"contentUrl\":\"https:\/\/secure.gravatar.com\/avatar\/20fbbda8a292f59f2d3461a5b999c00b?s=96&d=mm&r=g\",\"caption\":\"Service des communications et des relations publiques\"},\"url\":\"https:\/\/www.uqac.ca\/uqactualites\/author\/bap\/\"}]}<\/script>\r\n<!-- \/ Yoast SEO plugin. -->","yoast_head_json":{"title":"Participez au d\u00e9fi OSEntreprendre - UQACtualit\u00e9s","robots":{"index":"index","follow":"follow","max-snippet":"max-snippet:-1","max-image-preview":"max-image-preview:large","max-video-preview":"max-video-preview:-1"},"canonical":"https:\/\/www.uqac.ca\/uqactualites\/2016\/03\/09\/participez-au-defi-osentreprendre\/","og_locale":"fr_CA","og_type":"article","og_title":"Participez au d\u00e9fi OSEntreprendre - UQACtualit\u00e9s","og_description":"Le CEE-UQAC invite la communaut\u00e9 universitaire \u00e0 participer au d\u00e9fi OSEntreprendre (anciennement connu sous le nom de Concours qu\u00e9b\u00e9cois en entrepreneuriat). Les participants int\u00e9ress\u00e9s peuvent s\u2019inscrire \u00e0 l\u2019int\u00e9rieur des volets \u00ab\u00a0Entrepreneuriat \u00e9tudiant\u00a0\u00bb et \u00ab\u00a0Cr\u00e9ation d\u2019entreprise\u00a0\u00bb. La date limite pour le d\u00e9p\u00f4t des mises en candidature est fix\u00e9e au lundi 14 mars 2016 \u00e0 16 h. [&hellip;]","og_url":"https:\/\/www.uqac.ca\/uqactualites\/2016\/03\/09\/participez-au-defi-osentreprendre\/","og_site_name":"UQACtualit\u00e9s","article_published_time":"2016-03-09T16:41:34+00:00","og_image":[{"width":620,"height":300,"url":"https:\/\/www.uqac.ca\/uqactualites\/wp-content\/uploads\/2012\/05\/avis-laCommunaut-.jpg","type":"image\/jpeg"}],"author":"Service des communications et des relations publiques","twitter_card":"summary_large_image","twitter_misc":{"\u00c9crit par":"Service des communications et des relations publiques","Estimation du temps de lecture":"1 minute"},"schema":{"@context":"https:\/\/schema.org","@graph":[{"@type":"WebPage","@id":"https:\/\/www.uqac.ca\/uqactualites\/2016\/03\/09\/participez-au-defi-osentreprendre\/","url":"https:\/\/www.uqac.ca\/uqactualites\/2016\/03\/09\/participez-au-defi-osentreprendre\/","name":"Participez au d\u00e9fi OSEntreprendre - UQACtualit\u00e9s","isPartOf":{"@id":"https:\/\/www.uqac.ca\/uqactualites\/#website"},"primaryImageOfPage":{"@id":"https:\/\/www.uqac.ca\/uqactualites\/2016\/03\/09\/participez-au-defi-osentreprendre\/#primaryimage"},"image":{"@id":"https:\/\/www.uqac.ca\/uqactualites\/2016\/03\/09\/participez-au-defi-osentreprendre\/#primaryimage"},"thumbnailUrl":"https:\/\/www.uqac.ca\/uqactualites\/wp-content\/uploads\/2012\/05\/avis-laCommunaut-.jpg","datePublished":"2016-03-09T16:41:34+00:00","dateModified":"2016-03-09T16:41:34+00:00","author":{"@id":"https:\/\/www.uqac.ca\/uqactualites\/#\/schema\/person\/366c45a0c4f0e677b41b4af5886e2018"},"breadcrumb":{"@id":"https:\/\/www.uqac.ca\/uqactualites\/2016\/03\/09\/participez-au-defi-osentreprendre\/#breadcrumb"},"inLanguage":"fr-CA","potentialAction":[{"@type":"ReadAction","target":["https:\/\/www.uqac.ca\/uqactualites\/2016\/03\/09\/participez-au-defi-osentreprendre\/"]}]},{"@type":"ImageObject","inLanguage":"fr-CA","@id":"https:\/\/www.uqac.ca\/uqactualites\/2016\/03\/09\/participez-au-defi-osentreprendre\/#primaryimage","url":"https:\/\/www.uqac.ca\/uqactualites\/wp-content\/uploads\/2012\/05\/avis-laCommunaut-.jpg","contentUrl":"https:\/\/www.uqac.ca\/uqactualites\/wp-content\/uploads\/2012\/05\/avis-laCommunaut-.jpg","width":620,"height":300},{"@type":"BreadcrumbList","@id":"https:\/\/www.uqac.ca\/uqactualites\/2016\/03\/09\/participez-au-defi-osentreprendre\/#breadcrumb","itemListElement":[{"@type":"ListItem","position":1,"name":"Home","item":"https:\/\/www.uqac.ca\/uqactualites\/"},{"@type":"ListItem","position":2,"name":"Participez au d\u00e9fi OSEntreprendre"}]},{"@type":"WebSite","@id":"https:\/\/www.uqac.ca\/uqactualites\/#website","url":"https:\/\/www.uqac.ca\/uqactualites\/","name":"UQACtualit\u00e9s","description":"Le portail des nouvelles de l&#039;UQAC","potentialAction":[{"@type":"SearchAction","target":{"@type":"EntryPoint","urlTemplate":"https:\/\/www.uqac.ca\/uqactualites\/?s={search_term_string}"},"query-input":{"@type":"PropertyValueSpecification","valueRequired":true,"valueName":"search_term_string"}}],"inLanguage":"fr-CA"},{"@type":"Person","@id":"https:\/\/www.uqac.ca\/uqactualites\/#\/schema\/person\/366c45a0c4f0e677b41b4af5886e2018","name":"Service des communications et des relations publiques","image":{"@type":"ImageObject","inLanguage":"fr-CA","@id":"https:\/\/www.uqac.ca\/uqactualites\/#\/schema\/person\/image\/","url":"https:\/\/secure.gravatar.com\/avatar\/20fbbda8a292f59f2d3461a5b999c00b?s=96&d=mm&r=g","contentUrl":"https:\/\/secure.gravatar.com\/avatar\/20fbbda8a292f59f2d3461a5b999c00b?s=96&d=mm&r=g","caption":"Service des communications et des relations publiques"},"url":"https:\/\/www.uqac.ca\/uqactualites\/author\/bap\/"}]}},"_links":{"self":[{"href":"https:\/\/www.uqac.ca\/uqactualites\/wp-json\/wp\/v2\/posts\/31662"}],"collection":[{"href":"https:\/\/www.uqac.ca\/uqactualites\/wp-json\/wp\/v2\/posts"}],"about":[{"href":"https:\/\/www.uqac.ca\/uqactualites\/wp-json\/wp\/v2\/types\/post"}],"author":[{"embeddable":true,"href":"https:\/\/www.uqac.ca\/uqactualites\/wp-json\/wp\/v2\/users\/5"}],"replies":[{"embeddable":true,"href":"https:\/\/www.uqac.ca\/uqactualites\/wp-json\/wp\/v2\/comments?post=31662"}],"version-history":[{"count":0,"href":"https:\/\/www.uqac.ca\/uqactualites\/wp-json\/wp\/v2\/posts\/31662\/revisions"}],"wp:featuredmedia":[{"embeddable":true,"href":"https:\/\/www.uqac.ca\/uqactualites\/wp-json\/wp\/v2\/media\/20989"}],"wp:attachment":[{"href":"https:\/\/www.uqac.ca\/uqactualites\/wp-json\/wp\/v2\/media?parent=31662"}],"wp:term":[{"taxonomy":"category","embeddable":true,"href":"https:\/\/www.uqac.ca\/uqactualites\/wp-json\/wp\/v2\/categories?post=31662"},{"taxonomy":"post_tag","embeddable":true,"href":"https:\/\/www.uqac.ca\/uqactualites\/wp-json\/wp\/v2\/tags?post=31662"}],"curies":[{"name":"wp","href":"https:\/\/api.w.org\/{rel}","templated":true}]}}