{"id":31669,"date":"2016-03-09T15:34:41","date_gmt":"2016-03-09T20:34:41","guid":{"rendered":"http:\/\/uqactualite.odev.ca\/?p=31669"},"modified":"2016-03-09T15:34:41","modified_gmt":"2016-03-09T20:34:41","slug":"une-3e-place-pour-luqac-a-la-competition-universitaire-quebecoise-descalade","status":"publish","type":"post","link":"https:\/\/www.uqac.ca\/uqactualites\/2016\/03\/09\/une-3e-place-pour-luqac-a-la-competition-universitaire-quebecoise-descalade\/","title":{"rendered":"Une 3e place pour l\u2019UQAC \u00e0 la Comp\u00e9tition universitaire qu\u00e9b\u00e9coise d\u2019escalade"},"content":{"rendered":"<p style=\"text-align: justify\">Trois \u00e9tudiants de l\u2019UQAC participaient, le 27 f\u00e9vrier dernier, \u00e0 la Comp\u00e9tition universitaire qu\u00e9b\u00e9coise d\u2019escalade. C\u2019est au centre d&rsquo;escalade Vertical, situ\u00e9 au c\u0153ur du C\u00e9gep Andr\u00e9-Laurendeau \u00e0 Montr\u00e9al, que s\u2019\u00e9taient donn\u00e9 rendez-vous pr\u00e8s de 60 \u00e9tudiants repr\u00e9sentant diverses universit\u00e9s de la province.<\/p>\n<p style=\"text-align: justify\">Gr\u00e2ce \u00e0 la performance de nos athl\u00e8tes \u2013 Basile Fetet, Simon Nadeau et C\u00e9dric Gaudry, respectivement \u00e9tudiants \u00e0 la <span style=\"text-decoration: underline\"><a href=\"http:\/\/programmes.uqac.ca\/3017\" target=\"_blank\" rel=\"noopener\">ma\u00eetrise en informatique<\/a><\/span>, \u00e0 la <span style=\"text-decoration: underline\"><a href=\"http:\/\/programmes.uqac.ca\/1687\" target=\"_blank\" rel=\"noopener\">ma\u00eetrise en g\u00e9ologie et g\u00e9nie g\u00e9ologique<\/a><\/span> et au <span style=\"text-decoration: underline\"><a href=\"http:\/\/programmes.uqac.ca\/7309\" target=\"_blank\" rel=\"noopener\">baccalaur\u00e9at en intervention plein air<\/a><\/span> \u2013, l\u2019UQAC a pris la 3<sup>e<\/sup> place dans le classement. Basile Fetet a par ailleurs termin\u00e9 la comp\u00e9tition en emportant la 4<sup>e<\/sup> place dans le circuit.<\/p>\n<p style=\"text-align: justify\">F\u00e9licitations!<\/p>\n<p style=\"text-align: justify\"><strong><br \/>\nSource\u00a0:<br \/>\n<\/strong>C\u00e9dric Gaudry, \u00e9tudiant au baccalaur\u00e9at en intervention plein air<br \/>\nUniversit\u00e9 du Qu\u00e9bec \u00e0 Chicoutimi<br \/>\n<span style=\"text-decoration: underline\"><a href=\"mailto:cedric.gaudry1@uqac.ca\">cedric.gaudry1@uqac.ca<\/a><\/span><\/p>\n<p style=\"text-align: justify\"><span style=\"color: #808080\"><strong>Photo\u00a0: <\/strong>Basile Fetet<\/span><br \/>\n<span style=\"color: #808080\">@C\u00e9dric Gaudry<\/span><\/p>\n","protected":false},"excerpt":{"rendered":"<p>Trois \u00e9tudiants de l\u2019UQAC participaient, le 27 f\u00e9vrier dernier, \u00e0 la Comp\u00e9tition universitaire qu\u00e9b\u00e9coise d\u2019escalade. C\u2019est au centre d&rsquo;escalade Vertical, situ\u00e9 au c\u0153ur du C\u00e9gep Andr\u00e9-Laurendeau \u00e0 Montr\u00e9al, que s\u2019\u00e9taient donn\u00e9 rendez-vous pr\u00e8s de 60 \u00e9tudiants repr\u00e9sentant diverses universit\u00e9s de la province. Gr\u00e2ce \u00e0 la performance de nos athl\u00e8tes \u2013 Basile Fetet, Simon Nadeau et [&hellip;]<\/p>\n","protected":false},"author":5,"featured_media":31670,"comment_status":"open","ping_status":"open","sticky":false,"template":"","format":"standard","meta":{"footnotes":""},"categories":[2],"tags":[],"yoast_head":"<!-- This site is optimized with the Yoast SEO plugin v24.2 - https:\/\/yoast.com\/wordpress\/plugins\/seo\/ -->\r\n<title>Une 3e place pour l\u2019UQAC \u00e0 la Comp\u00e9tition universitaire qu\u00e9b\u00e9coise d\u2019escalade - UQACtualit\u00e9s<\/title>\r\n<meta name=\"robots\" content=\"index, follow, max-snippet:-1, max-image-preview:large, max-video-preview:-1\" \/>\r\n<link rel=\"canonical\" href=\"https:\/\/www.uqac.ca\/uqactualites\/2016\/03\/09\/une-3e-place-pour-luqac-a-la-competition-universitaire-quebecoise-descalade\/\" \/>\r\n<meta property=\"og:locale\" content=\"fr_CA\" \/>\r\n<meta property=\"og:type\" content=\"article\" \/>\r\n<meta property=\"og:title\" content=\"Une 3e place pour l\u2019UQAC \u00e0 la Comp\u00e9tition universitaire qu\u00e9b\u00e9coise d\u2019escalade - UQACtualit\u00e9s\" \/>\r\n<meta property=\"og:description\" content=\"Trois \u00e9tudiants de l\u2019UQAC participaient, le 27 f\u00e9vrier dernier, \u00e0 la Comp\u00e9tition universitaire qu\u00e9b\u00e9coise d\u2019escalade. C\u2019est au centre d&rsquo;escalade Vertical, situ\u00e9 au c\u0153ur du C\u00e9gep Andr\u00e9-Laurendeau \u00e0 Montr\u00e9al, que s\u2019\u00e9taient donn\u00e9 rendez-vous pr\u00e8s de 60 \u00e9tudiants repr\u00e9sentant diverses universit\u00e9s de la province. Gr\u00e2ce \u00e0 la performance de nos athl\u00e8tes \u2013 Basile Fetet, Simon Nadeau et [&hellip;]\" \/>\r\n<meta property=\"og:url\" content=\"https:\/\/www.uqac.ca\/uqactualites\/2016\/03\/09\/une-3e-place-pour-luqac-a-la-competition-universitaire-quebecoise-descalade\/\" \/>\r\n<meta property=\"og:site_name\" content=\"UQACtualit\u00e9s\" \/>\r\n<meta property=\"article:published_time\" content=\"2016-03-09T20:34:41+00:00\" \/>\r\n<meta property=\"og:image\" content=\"https:\/\/www.uqac.ca\/uqactualites\/wp-content\/uploads\/2016\/03\/Basile-Fetet-Web-C\u00e9dric-Gaudry.jpg\" \/>\r\n\t<meta property=\"og:image:width\" content=\"620\" \/>\r\n\t<meta property=\"og:image:height\" content=\"300\" \/>\r\n\t<meta property=\"og:image:type\" content=\"image\/jpeg\" \/>\r\n<meta name=\"author\" content=\"Service des communications et des relations publiques\" \/>\r\n<meta name=\"twitter:card\" content=\"summary_large_image\" \/>\r\n<meta name=\"twitter:label1\" content=\"\u00c9crit par\" \/>\n\t<meta name=\"twitter:data1\" content=\"Service des communications et des relations publiques\" \/>\n\t<meta name=\"twitter:label2\" content=\"Estimation du temps de lecture\" \/>\n\t<meta name=\"twitter:data2\" content=\"1 minute\" \/>\r\n<script type=\"application\/ld+json\" class=\"yoast-schema-graph\">{\"@context\":\"https:\/\/schema.org\",\"@graph\":[{\"@type\":\"WebPage\",\"@id\":\"https:\/\/www.uqac.ca\/uqactualites\/2016\/03\/09\/une-3e-place-pour-luqac-a-la-competition-universitaire-quebecoise-descalade\/\",\"url\":\"https:\/\/www.uqac.ca\/uqactualites\/2016\/03\/09\/une-3e-place-pour-luqac-a-la-competition-universitaire-quebecoise-descalade\/\",\"name\":\"Une 3e place pour l\u2019UQAC \u00e0 la Comp\u00e9tition universitaire qu\u00e9b\u00e9coise d\u2019escalade - UQACtualit\u00e9s\",\"isPartOf\":{\"@id\":\"https:\/\/www.uqac.ca\/uqactualites\/#website\"},\"primaryImageOfPage\":{\"@id\":\"https:\/\/www.uqac.ca\/uqactualites\/2016\/03\/09\/une-3e-place-pour-luqac-a-la-competition-universitaire-quebecoise-descalade\/#primaryimage\"},\"image\":{\"@id\":\"https:\/\/www.uqac.ca\/uqactualites\/2016\/03\/09\/une-3e-place-pour-luqac-a-la-competition-universitaire-quebecoise-descalade\/#primaryimage\"},\"thumbnailUrl\":\"https:\/\/www.uqac.ca\/uqactualites\/wp-content\/uploads\/2016\/03\/Basile-Fetet-Web-C\u00e9dric-Gaudry.jpg\",\"datePublished\":\"2016-03-09T20:34:41+00:00\",\"dateModified\":\"2016-03-09T20:34:41+00:00\",\"author\":{\"@id\":\"https:\/\/www.uqac.ca\/uqactualites\/#\/schema\/person\/366c45a0c4f0e677b41b4af5886e2018\"},\"breadcrumb\":{\"@id\":\"https:\/\/www.uqac.ca\/uqactualites\/2016\/03\/09\/une-3e-place-pour-luqac-a-la-competition-universitaire-quebecoise-descalade\/#breadcrumb\"},\"inLanguage\":\"fr-CA\",\"potentialAction\":[{\"@type\":\"ReadAction\",\"target\":[\"https:\/\/www.uqac.ca\/uqactualites\/2016\/03\/09\/une-3e-place-pour-luqac-a-la-competition-universitaire-quebecoise-descalade\/\"]}]},{\"@type\":\"ImageObject\",\"inLanguage\":\"fr-CA\",\"@id\":\"https:\/\/www.uqac.ca\/uqactualites\/2016\/03\/09\/une-3e-place-pour-luqac-a-la-competition-universitaire-quebecoise-descalade\/#primaryimage\",\"url\":\"https:\/\/www.uqac.ca\/uqactualites\/wp-content\/uploads\/2016\/03\/Basile-Fetet-Web-C\u00e9dric-Gaudry.jpg\",\"contentUrl\":\"https:\/\/www.uqac.ca\/uqactualites\/wp-content\/uploads\/2016\/03\/Basile-Fetet-Web-C\u00e9dric-Gaudry.jpg\",\"width\":620,\"height\":300},{\"@type\":\"BreadcrumbList\",\"@id\":\"https:\/\/www.uqac.ca\/uqactualites\/2016\/03\/09\/une-3e-place-pour-luqac-a-la-competition-universitaire-quebecoise-descalade\/#breadcrumb\",\"itemListElement\":[{\"@type\":\"ListItem\",\"position\":1,\"name\":\"Home\",\"item\":\"https:\/\/www.uqac.ca\/uqactualites\/\"},{\"@type\":\"ListItem\",\"position\":2,\"name\":\"Une 3e place pour l\u2019UQAC \u00e0 la Comp\u00e9tition universitaire qu\u00e9b\u00e9coise d\u2019escalade\"}]},{\"@type\":\"WebSite\",\"@id\":\"https:\/\/www.uqac.ca\/uqactualites\/#website\",\"url\":\"https:\/\/www.uqac.ca\/uqactualites\/\",\"name\":\"UQACtualit\u00e9s\",\"description\":\"Le portail des nouvelles de l&#039;UQAC\",\"potentialAction\":[{\"@type\":\"SearchAction\",\"target\":{\"@type\":\"EntryPoint\",\"urlTemplate\":\"https:\/\/www.uqac.ca\/uqactualites\/?s={search_term_string}\"},\"query-input\":{\"@type\":\"PropertyValueSpecification\",\"valueRequired\":true,\"valueName\":\"search_term_string\"}}],\"inLanguage\":\"fr-CA\"},{\"@type\":\"Person\",\"@id\":\"https:\/\/www.uqac.ca\/uqactualites\/#\/schema\/person\/366c45a0c4f0e677b41b4af5886e2018\",\"name\":\"Service des communications et des relations publiques\",\"image\":{\"@type\":\"ImageObject\",\"inLanguage\":\"fr-CA\",\"@id\":\"https:\/\/www.uqac.ca\/uqactualites\/#\/schema\/person\/image\/\",\"url\":\"https:\/\/secure.gravatar.com\/avatar\/20fbbda8a292f59f2d3461a5b999c00b?s=96&d=mm&r=g\",\"contentUrl\":\"https:\/\/secure.gravatar.com\/avatar\/20fbbda8a292f59f2d3461a5b999c00b?s=96&d=mm&r=g\",\"caption\":\"Service des communications et des relations publiques\"},\"url\":\"https:\/\/www.uqac.ca\/uqactualites\/author\/bap\/\"}]}<\/script>\r\n<!-- \/ Yoast SEO plugin. -->","yoast_head_json":{"title":"Une 3e place pour l\u2019UQAC \u00e0 la Comp\u00e9tition universitaire qu\u00e9b\u00e9coise d\u2019escalade - UQACtualit\u00e9s","robots":{"index":"index","follow":"follow","max-snippet":"max-snippet:-1","max-image-preview":"max-image-preview:large","max-video-preview":"max-video-preview:-1"},"canonical":"https:\/\/www.uqac.ca\/uqactualites\/2016\/03\/09\/une-3e-place-pour-luqac-a-la-competition-universitaire-quebecoise-descalade\/","og_locale":"fr_CA","og_type":"article","og_title":"Une 3e place pour l\u2019UQAC \u00e0 la Comp\u00e9tition universitaire qu\u00e9b\u00e9coise d\u2019escalade - UQACtualit\u00e9s","og_description":"Trois \u00e9tudiants de l\u2019UQAC participaient, le 27 f\u00e9vrier dernier, \u00e0 la Comp\u00e9tition universitaire qu\u00e9b\u00e9coise d\u2019escalade. C\u2019est au centre d&rsquo;escalade Vertical, situ\u00e9 au c\u0153ur du C\u00e9gep Andr\u00e9-Laurendeau \u00e0 Montr\u00e9al, que s\u2019\u00e9taient donn\u00e9 rendez-vous pr\u00e8s de 60 \u00e9tudiants repr\u00e9sentant diverses universit\u00e9s de la province. Gr\u00e2ce \u00e0 la performance de nos athl\u00e8tes \u2013 Basile Fetet, Simon Nadeau et [&hellip;]","og_url":"https:\/\/www.uqac.ca\/uqactualites\/2016\/03\/09\/une-3e-place-pour-luqac-a-la-competition-universitaire-quebecoise-descalade\/","og_site_name":"UQACtualit\u00e9s","article_published_time":"2016-03-09T20:34:41+00:00","og_image":[{"width":620,"height":300,"url":"https:\/\/www.uqac.ca\/uqactualites\/wp-content\/uploads\/2016\/03\/Basile-Fetet-Web-C\u00e9dric-Gaudry.jpg","type":"image\/jpeg"}],"author":"Service des communications et des relations publiques","twitter_card":"summary_large_image","twitter_misc":{"\u00c9crit par":"Service des communications et des relations publiques","Estimation du temps de lecture":"1 minute"},"schema":{"@context":"https:\/\/schema.org","@graph":[{"@type":"WebPage","@id":"https:\/\/www.uqac.ca\/uqactualites\/2016\/03\/09\/une-3e-place-pour-luqac-a-la-competition-universitaire-quebecoise-descalade\/","url":"https:\/\/www.uqac.ca\/uqactualites\/2016\/03\/09\/une-3e-place-pour-luqac-a-la-competition-universitaire-quebecoise-descalade\/","name":"Une 3e place pour l\u2019UQAC \u00e0 la Comp\u00e9tition universitaire qu\u00e9b\u00e9coise d\u2019escalade - UQACtualit\u00e9s","isPartOf":{"@id":"https:\/\/www.uqac.ca\/uqactualites\/#website"},"primaryImageOfPage":{"@id":"https:\/\/www.uqac.ca\/uqactualites\/2016\/03\/09\/une-3e-place-pour-luqac-a-la-competition-universitaire-quebecoise-descalade\/#primaryimage"},"image":{"@id":"https:\/\/www.uqac.ca\/uqactualites\/2016\/03\/09\/une-3e-place-pour-luqac-a-la-competition-universitaire-quebecoise-descalade\/#primaryimage"},"thumbnailUrl":"https:\/\/www.uqac.ca\/uqactualites\/wp-content\/uploads\/2016\/03\/Basile-Fetet-Web-C\u00e9dric-Gaudry.jpg","datePublished":"2016-03-09T20:34:41+00:00","dateModified":"2016-03-09T20:34:41+00:00","author":{"@id":"https:\/\/www.uqac.ca\/uqactualites\/#\/schema\/person\/366c45a0c4f0e677b41b4af5886e2018"},"breadcrumb":{"@id":"https:\/\/www.uqac.ca\/uqactualites\/2016\/03\/09\/une-3e-place-pour-luqac-a-la-competition-universitaire-quebecoise-descalade\/#breadcrumb"},"inLanguage":"fr-CA","potentialAction":[{"@type":"ReadAction","target":["https:\/\/www.uqac.ca\/uqactualites\/2016\/03\/09\/une-3e-place-pour-luqac-a-la-competition-universitaire-quebecoise-descalade\/"]}]},{"@type":"ImageObject","inLanguage":"fr-CA","@id":"https:\/\/www.uqac.ca\/uqactualites\/2016\/03\/09\/une-3e-place-pour-luqac-a-la-competition-universitaire-quebecoise-descalade\/#primaryimage","url":"https:\/\/www.uqac.ca\/uqactualites\/wp-content\/uploads\/2016\/03\/Basile-Fetet-Web-C\u00e9dric-Gaudry.jpg","contentUrl":"https:\/\/www.uqac.ca\/uqactualites\/wp-content\/uploads\/2016\/03\/Basile-Fetet-Web-C\u00e9dric-Gaudry.jpg","width":620,"height":300},{"@type":"BreadcrumbList","@id":"https:\/\/www.uqac.ca\/uqactualites\/2016\/03\/09\/une-3e-place-pour-luqac-a-la-competition-universitaire-quebecoise-descalade\/#breadcrumb","itemListElement":[{"@type":"ListItem","position":1,"name":"Home","item":"https:\/\/www.uqac.ca\/uqactualites\/"},{"@type":"ListItem","position":2,"name":"Une 3e place pour l\u2019UQAC \u00e0 la Comp\u00e9tition universitaire qu\u00e9b\u00e9coise d\u2019escalade"}]},{"@type":"WebSite","@id":"https:\/\/www.uqac.ca\/uqactualites\/#website","url":"https:\/\/www.uqac.ca\/uqactualites\/","name":"UQACtualit\u00e9s","description":"Le portail des nouvelles de l&#039;UQAC","potentialAction":[{"@type":"SearchAction","target":{"@type":"EntryPoint","urlTemplate":"https:\/\/www.uqac.ca\/uqactualites\/?s={search_term_string}"},"query-input":{"@type":"PropertyValueSpecification","valueRequired":true,"valueName":"search_term_string"}}],"inLanguage":"fr-CA"},{"@type":"Person","@id":"https:\/\/www.uqac.ca\/uqactualites\/#\/schema\/person\/366c45a0c4f0e677b41b4af5886e2018","name":"Service des communications et des relations publiques","image":{"@type":"ImageObject","inLanguage":"fr-CA","@id":"https:\/\/www.uqac.ca\/uqactualites\/#\/schema\/person\/image\/","url":"https:\/\/secure.gravatar.com\/avatar\/20fbbda8a292f59f2d3461a5b999c00b?s=96&d=mm&r=g","contentUrl":"https:\/\/secure.gravatar.com\/avatar\/20fbbda8a292f59f2d3461a5b999c00b?s=96&d=mm&r=g","caption":"Service des communications et des relations publiques"},"url":"https:\/\/www.uqac.ca\/uqactualites\/author\/bap\/"}]}},"_links":{"self":[{"href":"https:\/\/www.uqac.ca\/uqactualites\/wp-json\/wp\/v2\/posts\/31669"}],"collection":[{"href":"https:\/\/www.uqac.ca\/uqactualites\/wp-json\/wp\/v2\/posts"}],"about":[{"href":"https:\/\/www.uqac.ca\/uqactualites\/wp-json\/wp\/v2\/types\/post"}],"author":[{"embeddable":true,"href":"https:\/\/www.uqac.ca\/uqactualites\/wp-json\/wp\/v2\/users\/5"}],"replies":[{"embeddable":true,"href":"https:\/\/www.uqac.ca\/uqactualites\/wp-json\/wp\/v2\/comments?post=31669"}],"version-history":[{"count":0,"href":"https:\/\/www.uqac.ca\/uqactualites\/wp-json\/wp\/v2\/posts\/31669\/revisions"}],"wp:featuredmedia":[{"embeddable":true,"href":"https:\/\/www.uqac.ca\/uqactualites\/wp-json\/wp\/v2\/media\/31670"}],"wp:attachment":[{"href":"https:\/\/www.uqac.ca\/uqactualites\/wp-json\/wp\/v2\/media?parent=31669"}],"wp:term":[{"taxonomy":"category","embeddable":true,"href":"https:\/\/www.uqac.ca\/uqactualites\/wp-json\/wp\/v2\/categories?post=31669"},{"taxonomy":"post_tag","embeddable":true,"href":"https:\/\/www.uqac.ca\/uqactualites\/wp-json\/wp\/v2\/tags?post=31669"}],"curies":[{"name":"wp","href":"https:\/\/api.w.org\/{rel}","templated":true}]}}