{"id":31673,"date":"2016-03-10T16:13:54","date_gmt":"2016-03-10T21:13:54","guid":{"rendered":"http:\/\/uqactualite.odev.ca\/?p=31673"},"modified":"2016-03-10T16:13:54","modified_gmt":"2016-03-10T21:13:54","slug":"succes-pour-la-22e-edition-duqac-en-spectacle","status":"publish","type":"post","link":"https:\/\/www.uqac.ca\/uqactualites\/2016\/03\/10\/succes-pour-la-22e-edition-duqac-en-spectacle\/","title":{"rendered":"Succ\u00e8s pour la 22e \u00e9dition d\u2019UQAC en spectacle"},"content":{"rendered":"<p style=\"text-align: justify\">C\u2019est le mercredi 9 mars dernier qu\u2019avait lieu la 22<sup>e<\/sup> \u00e9dition d&rsquo;UQAC en spectacle, organis\u00e9e par les Services aux \u00e9tudiants. Pas moins de 12 num\u00e9ros ont \u00e9t\u00e9 pr\u00e9sent\u00e9s aux 125 spectateurs r\u00e9unis au Petit Th\u00e9\u00e2tre de l\u2019UQAC pour l\u2019occasion.<\/p>\n<p style=\"text-align: justify\">Le jury, compos\u00e9 de V\u00e9ronique Perron, V.-P. aux affaires \u00e9tudiantes du MAGE-UQAC, et de Maxime Desrosiers et Laurent Racine, membres du groupe Mordicus, a s\u00e9lectionn\u00e9 \u00e0 la deuxi\u00e8me position Mohamed-Amine Ayad, \u00e9tudiant \u00e0 la <span style=\"text-decoration: underline\"><a href=\"http:\/\/programmes.uqac.ca\/1709\" target=\"_blank\" rel=\"noopener\">ma\u00eetrise en ing\u00e9nierie<\/a><\/span>, pour son monologue humoristique. La premi\u00e8re position a \u00e9t\u00e9 attribu\u00e9e \u00e0 Guillaume Lessard, \u00e9tudiant au <span style=\"text-decoration: underline\"><a href=\"http:\/\/programmes.uqac.ca\/7991\" target=\"_blank\" rel=\"noopener\">baccalaur\u00e9at en \u00e9ducation pr\u00e9scolaire et en enseignement primaire<\/a><\/span>, ainsi qu\u2019\u00e0 son accompagnatrice, Jayana Auger, pour leur num\u00e9ro musical.<\/p>\n<p style=\"text-align: justify\">Merci \u00e0 tous les participants et f\u00e9licitations aux gagnants!<\/p>\n<p style=\"text-align: justify\"><strong><br \/>\n<span style=\"color: #808080\">Source\u00a0:<\/span><br \/>\n<\/strong><span style=\"color: #808080\">Vie \u00e9tudiante<\/span><br \/>\n<span style=\"color: #808080\">Services aux \u00e9tudiants<\/span><br \/>\n<span style=\"color: #808080\">Universit\u00e9 du Qu\u00e9bec \u00e0 Chicoutimi<\/span><br \/>\n<span style=\"color: #808080\">418\u00a0545-5011, poste 5617\u00a0 \u25aa\u00a0 <span style=\"text-decoration: underline\"><a href=\"mailto:vie_etudiante@uqac.ca\"><span style=\"color: #808080;text-decoration: underline\">vie_etudiante@uqac.ca<\/span><\/a><\/span><\/span><\/p>\n<p style=\"text-align: justify\"><span style=\"color: #808080\"><strong>Photo\u00a0: <\/strong>Jayana Auger, Guillaume Lessard et Maxime Desrosiers<\/span><br \/>\n<span style=\"color: #808080\">@Patrice S\u00e9guin<\/span><\/p>\n","protected":false},"excerpt":{"rendered":"<p>C\u2019est le mercredi 9 mars dernier qu\u2019avait lieu la 22e \u00e9dition d&rsquo;UQAC en spectacle, organis\u00e9e par les Services aux \u00e9tudiants. Pas moins de 12 num\u00e9ros ont \u00e9t\u00e9 pr\u00e9sent\u00e9s aux 125 spectateurs r\u00e9unis au Petit Th\u00e9\u00e2tre de l\u2019UQAC pour l\u2019occasion. Le jury, compos\u00e9 de V\u00e9ronique Perron, V.-P. aux affaires \u00e9tudiantes du MAGE-UQAC, et de Maxime Desrosiers [&hellip;]<\/p>\n","protected":false},"author":5,"featured_media":31674,"comment_status":"open","ping_status":"open","sticky":false,"template":"","format":"standard","meta":{"footnotes":""},"categories":[2,61,9],"tags":[],"yoast_head":"<!-- This site is optimized with the Yoast SEO plugin v24.2 - https:\/\/yoast.com\/wordpress\/plugins\/seo\/ -->\r\n<title>Succ\u00e8s pour la 22e \u00e9dition d\u2019UQAC en spectacle - UQACtualit\u00e9s<\/title>\r\n<meta name=\"robots\" content=\"index, follow, max-snippet:-1, max-image-preview:large, max-video-preview:-1\" \/>\r\n<link rel=\"canonical\" href=\"https:\/\/www.uqac.ca\/uqactualites\/2016\/03\/10\/succes-pour-la-22e-edition-duqac-en-spectacle\/\" \/>\r\n<meta property=\"og:locale\" content=\"fr_CA\" \/>\r\n<meta property=\"og:type\" content=\"article\" \/>\r\n<meta property=\"og:title\" content=\"Succ\u00e8s pour la 22e \u00e9dition d\u2019UQAC en spectacle - UQACtualit\u00e9s\" \/>\r\n<meta property=\"og:description\" content=\"C\u2019est le mercredi 9 mars dernier qu\u2019avait lieu la 22e \u00e9dition d&rsquo;UQAC en spectacle, organis\u00e9e par les Services aux \u00e9tudiants. Pas moins de 12 num\u00e9ros ont \u00e9t\u00e9 pr\u00e9sent\u00e9s aux 125 spectateurs r\u00e9unis au Petit Th\u00e9\u00e2tre de l\u2019UQAC pour l\u2019occasion. Le jury, compos\u00e9 de V\u00e9ronique Perron, V.-P. aux affaires \u00e9tudiantes du MAGE-UQAC, et de Maxime Desrosiers [&hellip;]\" \/>\r\n<meta property=\"og:url\" content=\"https:\/\/www.uqac.ca\/uqactualites\/2016\/03\/10\/succes-pour-la-22e-edition-duqac-en-spectacle\/\" \/>\r\n<meta property=\"og:site_name\" content=\"UQACtualit\u00e9s\" \/>\r\n<meta property=\"article:published_time\" content=\"2016-03-10T21:13:54+00:00\" \/>\r\n<meta property=\"og:image\" content=\"https:\/\/www.uqac.ca\/uqactualites\/wp-content\/uploads\/2016\/03\/Gagnants-UQAC-en-spectacle-2016-Web-Patrice-S\u00e9guin.jpg\" \/>\r\n\t<meta property=\"og:image:width\" content=\"620\" \/>\r\n\t<meta property=\"og:image:height\" content=\"300\" \/>\r\n\t<meta property=\"og:image:type\" content=\"image\/jpeg\" \/>\r\n<meta name=\"author\" content=\"Service des communications et des relations publiques\" \/>\r\n<meta name=\"twitter:card\" content=\"summary_large_image\" \/>\r\n<meta name=\"twitter:label1\" content=\"\u00c9crit par\" \/>\n\t<meta name=\"twitter:data1\" content=\"Service des communications et des relations publiques\" \/>\n\t<meta name=\"twitter:label2\" content=\"Estimation du temps de lecture\" \/>\n\t<meta name=\"twitter:data2\" content=\"1 minute\" \/>\r\n<script type=\"application\/ld+json\" class=\"yoast-schema-graph\">{\"@context\":\"https:\/\/schema.org\",\"@graph\":[{\"@type\":\"WebPage\",\"@id\":\"https:\/\/www.uqac.ca\/uqactualites\/2016\/03\/10\/succes-pour-la-22e-edition-duqac-en-spectacle\/\",\"url\":\"https:\/\/www.uqac.ca\/uqactualites\/2016\/03\/10\/succes-pour-la-22e-edition-duqac-en-spectacle\/\",\"name\":\"Succ\u00e8s pour la 22e \u00e9dition d\u2019UQAC en spectacle - UQACtualit\u00e9s\",\"isPartOf\":{\"@id\":\"https:\/\/www.uqac.ca\/uqactualites\/#website\"},\"primaryImageOfPage\":{\"@id\":\"https:\/\/www.uqac.ca\/uqactualites\/2016\/03\/10\/succes-pour-la-22e-edition-duqac-en-spectacle\/#primaryimage\"},\"image\":{\"@id\":\"https:\/\/www.uqac.ca\/uqactualites\/2016\/03\/10\/succes-pour-la-22e-edition-duqac-en-spectacle\/#primaryimage\"},\"thumbnailUrl\":\"https:\/\/www.uqac.ca\/uqactualites\/wp-content\/uploads\/2016\/03\/Gagnants-UQAC-en-spectacle-2016-Web-Patrice-S\u00e9guin.jpg\",\"datePublished\":\"2016-03-10T21:13:54+00:00\",\"dateModified\":\"2016-03-10T21:13:54+00:00\",\"author\":{\"@id\":\"https:\/\/www.uqac.ca\/uqactualites\/#\/schema\/person\/366c45a0c4f0e677b41b4af5886e2018\"},\"breadcrumb\":{\"@id\":\"https:\/\/www.uqac.ca\/uqactualites\/2016\/03\/10\/succes-pour-la-22e-edition-duqac-en-spectacle\/#breadcrumb\"},\"inLanguage\":\"fr-CA\",\"potentialAction\":[{\"@type\":\"ReadAction\",\"target\":[\"https:\/\/www.uqac.ca\/uqactualites\/2016\/03\/10\/succes-pour-la-22e-edition-duqac-en-spectacle\/\"]}]},{\"@type\":\"ImageObject\",\"inLanguage\":\"fr-CA\",\"@id\":\"https:\/\/www.uqac.ca\/uqactualites\/2016\/03\/10\/succes-pour-la-22e-edition-duqac-en-spectacle\/#primaryimage\",\"url\":\"https:\/\/www.uqac.ca\/uqactualites\/wp-content\/uploads\/2016\/03\/Gagnants-UQAC-en-spectacle-2016-Web-Patrice-S\u00e9guin.jpg\",\"contentUrl\":\"https:\/\/www.uqac.ca\/uqactualites\/wp-content\/uploads\/2016\/03\/Gagnants-UQAC-en-spectacle-2016-Web-Patrice-S\u00e9guin.jpg\",\"width\":620,\"height\":300},{\"@type\":\"BreadcrumbList\",\"@id\":\"https:\/\/www.uqac.ca\/uqactualites\/2016\/03\/10\/succes-pour-la-22e-edition-duqac-en-spectacle\/#breadcrumb\",\"itemListElement\":[{\"@type\":\"ListItem\",\"position\":1,\"name\":\"Home\",\"item\":\"https:\/\/www.uqac.ca\/uqactualites\/\"},{\"@type\":\"ListItem\",\"position\":2,\"name\":\"Succ\u00e8s pour la 22e \u00e9dition d\u2019UQAC en spectacle\"}]},{\"@type\":\"WebSite\",\"@id\":\"https:\/\/www.uqac.ca\/uqactualites\/#website\",\"url\":\"https:\/\/www.uqac.ca\/uqactualites\/\",\"name\":\"UQACtualit\u00e9s\",\"description\":\"Le portail des nouvelles de l&#039;UQAC\",\"potentialAction\":[{\"@type\":\"SearchAction\",\"target\":{\"@type\":\"EntryPoint\",\"urlTemplate\":\"https:\/\/www.uqac.ca\/uqactualites\/?s={search_term_string}\"},\"query-input\":{\"@type\":\"PropertyValueSpecification\",\"valueRequired\":true,\"valueName\":\"search_term_string\"}}],\"inLanguage\":\"fr-CA\"},{\"@type\":\"Person\",\"@id\":\"https:\/\/www.uqac.ca\/uqactualites\/#\/schema\/person\/366c45a0c4f0e677b41b4af5886e2018\",\"name\":\"Service des communications et des relations publiques\",\"image\":{\"@type\":\"ImageObject\",\"inLanguage\":\"fr-CA\",\"@id\":\"https:\/\/www.uqac.ca\/uqactualites\/#\/schema\/person\/image\/\",\"url\":\"https:\/\/secure.gravatar.com\/avatar\/20fbbda8a292f59f2d3461a5b999c00b?s=96&d=mm&r=g\",\"contentUrl\":\"https:\/\/secure.gravatar.com\/avatar\/20fbbda8a292f59f2d3461a5b999c00b?s=96&d=mm&r=g\",\"caption\":\"Service des communications et des relations publiques\"},\"url\":\"https:\/\/www.uqac.ca\/uqactualites\/author\/bap\/\"}]}<\/script>\r\n<!-- \/ Yoast SEO plugin. -->","yoast_head_json":{"title":"Succ\u00e8s pour la 22e \u00e9dition d\u2019UQAC en spectacle - UQACtualit\u00e9s","robots":{"index":"index","follow":"follow","max-snippet":"max-snippet:-1","max-image-preview":"max-image-preview:large","max-video-preview":"max-video-preview:-1"},"canonical":"https:\/\/www.uqac.ca\/uqactualites\/2016\/03\/10\/succes-pour-la-22e-edition-duqac-en-spectacle\/","og_locale":"fr_CA","og_type":"article","og_title":"Succ\u00e8s pour la 22e \u00e9dition d\u2019UQAC en spectacle - UQACtualit\u00e9s","og_description":"C\u2019est le mercredi 9 mars dernier qu\u2019avait lieu la 22e \u00e9dition d&rsquo;UQAC en spectacle, organis\u00e9e par les Services aux \u00e9tudiants. Pas moins de 12 num\u00e9ros ont \u00e9t\u00e9 pr\u00e9sent\u00e9s aux 125 spectateurs r\u00e9unis au Petit Th\u00e9\u00e2tre de l\u2019UQAC pour l\u2019occasion. Le jury, compos\u00e9 de V\u00e9ronique Perron, V.-P. aux affaires \u00e9tudiantes du MAGE-UQAC, et de Maxime Desrosiers [&hellip;]","og_url":"https:\/\/www.uqac.ca\/uqactualites\/2016\/03\/10\/succes-pour-la-22e-edition-duqac-en-spectacle\/","og_site_name":"UQACtualit\u00e9s","article_published_time":"2016-03-10T21:13:54+00:00","og_image":[{"width":620,"height":300,"url":"https:\/\/www.uqac.ca\/uqactualites\/wp-content\/uploads\/2016\/03\/Gagnants-UQAC-en-spectacle-2016-Web-Patrice-S\u00e9guin.jpg","type":"image\/jpeg"}],"author":"Service des communications et des relations publiques","twitter_card":"summary_large_image","twitter_misc":{"\u00c9crit par":"Service des communications et des relations publiques","Estimation du temps de lecture":"1 minute"},"schema":{"@context":"https:\/\/schema.org","@graph":[{"@type":"WebPage","@id":"https:\/\/www.uqac.ca\/uqactualites\/2016\/03\/10\/succes-pour-la-22e-edition-duqac-en-spectacle\/","url":"https:\/\/www.uqac.ca\/uqactualites\/2016\/03\/10\/succes-pour-la-22e-edition-duqac-en-spectacle\/","name":"Succ\u00e8s pour la 22e \u00e9dition d\u2019UQAC en spectacle - UQACtualit\u00e9s","isPartOf":{"@id":"https:\/\/www.uqac.ca\/uqactualites\/#website"},"primaryImageOfPage":{"@id":"https:\/\/www.uqac.ca\/uqactualites\/2016\/03\/10\/succes-pour-la-22e-edition-duqac-en-spectacle\/#primaryimage"},"image":{"@id":"https:\/\/www.uqac.ca\/uqactualites\/2016\/03\/10\/succes-pour-la-22e-edition-duqac-en-spectacle\/#primaryimage"},"thumbnailUrl":"https:\/\/www.uqac.ca\/uqactualites\/wp-content\/uploads\/2016\/03\/Gagnants-UQAC-en-spectacle-2016-Web-Patrice-S\u00e9guin.jpg","datePublished":"2016-03-10T21:13:54+00:00","dateModified":"2016-03-10T21:13:54+00:00","author":{"@id":"https:\/\/www.uqac.ca\/uqactualites\/#\/schema\/person\/366c45a0c4f0e677b41b4af5886e2018"},"breadcrumb":{"@id":"https:\/\/www.uqac.ca\/uqactualites\/2016\/03\/10\/succes-pour-la-22e-edition-duqac-en-spectacle\/#breadcrumb"},"inLanguage":"fr-CA","potentialAction":[{"@type":"ReadAction","target":["https:\/\/www.uqac.ca\/uqactualites\/2016\/03\/10\/succes-pour-la-22e-edition-duqac-en-spectacle\/"]}]},{"@type":"ImageObject","inLanguage":"fr-CA","@id":"https:\/\/www.uqac.ca\/uqactualites\/2016\/03\/10\/succes-pour-la-22e-edition-duqac-en-spectacle\/#primaryimage","url":"https:\/\/www.uqac.ca\/uqactualites\/wp-content\/uploads\/2016\/03\/Gagnants-UQAC-en-spectacle-2016-Web-Patrice-S\u00e9guin.jpg","contentUrl":"https:\/\/www.uqac.ca\/uqactualites\/wp-content\/uploads\/2016\/03\/Gagnants-UQAC-en-spectacle-2016-Web-Patrice-S\u00e9guin.jpg","width":620,"height":300},{"@type":"BreadcrumbList","@id":"https:\/\/www.uqac.ca\/uqactualites\/2016\/03\/10\/succes-pour-la-22e-edition-duqac-en-spectacle\/#breadcrumb","itemListElement":[{"@type":"ListItem","position":1,"name":"Home","item":"https:\/\/www.uqac.ca\/uqactualites\/"},{"@type":"ListItem","position":2,"name":"Succ\u00e8s pour la 22e \u00e9dition d\u2019UQAC en spectacle"}]},{"@type":"WebSite","@id":"https:\/\/www.uqac.ca\/uqactualites\/#website","url":"https:\/\/www.uqac.ca\/uqactualites\/","name":"UQACtualit\u00e9s","description":"Le portail des nouvelles de l&#039;UQAC","potentialAction":[{"@type":"SearchAction","target":{"@type":"EntryPoint","urlTemplate":"https:\/\/www.uqac.ca\/uqactualites\/?s={search_term_string}"},"query-input":{"@type":"PropertyValueSpecification","valueRequired":true,"valueName":"search_term_string"}}],"inLanguage":"fr-CA"},{"@type":"Person","@id":"https:\/\/www.uqac.ca\/uqactualites\/#\/schema\/person\/366c45a0c4f0e677b41b4af5886e2018","name":"Service des communications et des relations publiques","image":{"@type":"ImageObject","inLanguage":"fr-CA","@id":"https:\/\/www.uqac.ca\/uqactualites\/#\/schema\/person\/image\/","url":"https:\/\/secure.gravatar.com\/avatar\/20fbbda8a292f59f2d3461a5b999c00b?s=96&d=mm&r=g","contentUrl":"https:\/\/secure.gravatar.com\/avatar\/20fbbda8a292f59f2d3461a5b999c00b?s=96&d=mm&r=g","caption":"Service des communications et des relations publiques"},"url":"https:\/\/www.uqac.ca\/uqactualites\/author\/bap\/"}]}},"_links":{"self":[{"href":"https:\/\/www.uqac.ca\/uqactualites\/wp-json\/wp\/v2\/posts\/31673"}],"collection":[{"href":"https:\/\/www.uqac.ca\/uqactualites\/wp-json\/wp\/v2\/posts"}],"about":[{"href":"https:\/\/www.uqac.ca\/uqactualites\/wp-json\/wp\/v2\/types\/post"}],"author":[{"embeddable":true,"href":"https:\/\/www.uqac.ca\/uqactualites\/wp-json\/wp\/v2\/users\/5"}],"replies":[{"embeddable":true,"href":"https:\/\/www.uqac.ca\/uqactualites\/wp-json\/wp\/v2\/comments?post=31673"}],"version-history":[{"count":0,"href":"https:\/\/www.uqac.ca\/uqactualites\/wp-json\/wp\/v2\/posts\/31673\/revisions"}],"wp:featuredmedia":[{"embeddable":true,"href":"https:\/\/www.uqac.ca\/uqactualites\/wp-json\/wp\/v2\/media\/31674"}],"wp:attachment":[{"href":"https:\/\/www.uqac.ca\/uqactualites\/wp-json\/wp\/v2\/media?parent=31673"}],"wp:term":[{"taxonomy":"category","embeddable":true,"href":"https:\/\/www.uqac.ca\/uqactualites\/wp-json\/wp\/v2\/categories?post=31673"},{"taxonomy":"post_tag","embeddable":true,"href":"https:\/\/www.uqac.ca\/uqactualites\/wp-json\/wp\/v2\/tags?post=31673"}],"curies":[{"name":"wp","href":"https:\/\/api.w.org\/{rel}","templated":true}]}}