{"id":31784,"date":"2016-03-30T14:37:49","date_gmt":"2016-03-30T18:37:49","guid":{"rendered":"http:\/\/uqactualite.odev.ca\/?p=31784"},"modified":"2016-03-30T14:37:49","modified_gmt":"2016-03-30T18:37:49","slug":"loi-electorale-elections-provinciales-du-11-avril-2016","status":"publish","type":"post","link":"https:\/\/www.uqac.ca\/uqactualites\/2016\/03\/30\/loi-electorale-elections-provinciales-du-11-avril-2016\/","title":{"rendered":"Loi \u00e9lectorale : \u00c9lections provinciales du 11 avril 2016"},"content":{"rendered":"<p style=\"text-align: justify\">Nous vous rappelons que les dispositions de la Loi \u00e9lectorale (L.R.Q., c. E-3.3) ci-apr\u00e8s \u00e9num\u00e9r\u00e9es et concernant les employ\u00e9s et les \u00e9tudiants s\u2019appliqueront le 11 avril prochain, soit le jour fix\u00e9 pour la tenue du scrutin\u00a0:<\/p>\n<ul>\n<li>Article 306 (2<sup>e<\/sup> alin\u00e9a)\u00a0: \u00ab\u00a0Tout \u00e9tablissement d\u2019enseignement doit, le jour du scrutin, donner cong\u00e9 aux \u00e9l\u00e8ves et aux \u00e9tudiants qui sont \u00e9lecteurs\u00a0\u00bb;<\/li>\n<\/ul>\n<ul>\n<li>Article 335 (1<sup>er<\/sup> alin\u00e9a)\u00a0: \u00ab\u00a0Tout employeur doit s\u2019assurer que l\u2019\u00e9lecteur \u00e0 son emploi dispose de quatre (4) heures cons\u00e9cutives pour aller voter le jour du scrutin pendant l\u2019ouverture des bureaux de scrutin, sans tenir compte du temps normalement accord\u00e9 pour les repas\u00a0\u00bb.<\/li>\n<\/ul>\n<p style=\"text-align: justify\">Par cons\u00e9quent, aucun cours ni examen ne pourront avoir lieu durant cette journ\u00e9e.<br \/>\n<strong>Les activit\u00e9s normales reprendront le 12 avril 2016.<\/strong><\/p>\n<p style=\"text-align: justify\">Le personnel poss\u00e9dant la qualit\u00e9 d\u2019\u00e9lecteur le jour du scrutin (inscrit sur la liste \u00e9lectorale pour l\u2019\u00e9lection partielle de Chicoutimi) qui est assujetti \u00e0 un horaire habituel de 8\u00a0h \u00e0 16\u00a0h\u00a030 sera lib\u00e9r\u00e9 \u00e0 compter de 16\u00a0h.<\/p>\n<p style=\"text-align: justify\">Les membres du personnel inscrits sur la liste \u00e9lectorale et assujettis \u00e0 des horaires particuliers devront communiquer avec leur sup\u00e9rieur afin de convenir de leur p\u00e9riode de lib\u00e9ration, s\u2019il y a lieu.<\/p>\n<p style=\"text-align: justify\">L\u2019horaire de travail des membres du personnel qui ne sont pas inscrits sur la liste \u00e9lectorale est maintenu.<\/p>\n<p style=\"text-align: justify\">\n<strong>Renseignements\u00a0:<br \/>\n<\/strong>Vice-rectorat aux affaires \u00e9tudiantes et secr\u00e9tariat g\u00e9n\u00e9ral<br \/>\nUniversit\u00e9 du Qu\u00e9bec \u00e0 Chicoutimi<br \/>\n418 545-5011, poste\u00a05506<\/p>\n","protected":false},"excerpt":{"rendered":"<p>Nous vous rappelons que les dispositions de la Loi \u00e9lectorale (L.R.Q., c. E-3.3) ci-apr\u00e8s \u00e9num\u00e9r\u00e9es et concernant les employ\u00e9s et les \u00e9tudiants s\u2019appliqueront le 11 avril prochain, soit le jour fix\u00e9 pour la tenue du scrutin\u00a0: Article 306 (2e alin\u00e9a)\u00a0: \u00ab\u00a0Tout \u00e9tablissement d\u2019enseignement doit, le jour du scrutin, donner cong\u00e9 aux \u00e9l\u00e8ves et aux \u00e9tudiants [&hellip;]<\/p>\n","protected":false},"author":5,"featured_media":20989,"comment_status":"open","ping_status":"open","sticky":false,"template":"","format":"standard","meta":{"footnotes":""},"categories":[2772],"tags":[],"yoast_head":"<!-- This site is optimized with the Yoast SEO plugin v24.2 - https:\/\/yoast.com\/wordpress\/plugins\/seo\/ -->\r\n<title>Loi \u00e9lectorale : \u00c9lections provinciales du 11 avril 2016 - UQACtualit\u00e9s<\/title>\r\n<meta name=\"robots\" content=\"index, follow, max-snippet:-1, max-image-preview:large, max-video-preview:-1\" \/>\r\n<link rel=\"canonical\" href=\"https:\/\/www.uqac.ca\/uqactualites\/2016\/03\/30\/loi-electorale-elections-provinciales-du-11-avril-2016\/\" \/>\r\n<meta property=\"og:locale\" content=\"fr_CA\" \/>\r\n<meta property=\"og:type\" content=\"article\" \/>\r\n<meta property=\"og:title\" content=\"Loi \u00e9lectorale : \u00c9lections provinciales du 11 avril 2016 - UQACtualit\u00e9s\" \/>\r\n<meta property=\"og:description\" content=\"Nous vous rappelons que les dispositions de la Loi \u00e9lectorale (L.R.Q., c. E-3.3) ci-apr\u00e8s \u00e9num\u00e9r\u00e9es et concernant les employ\u00e9s et les \u00e9tudiants s\u2019appliqueront le 11 avril prochain, soit le jour fix\u00e9 pour la tenue du scrutin\u00a0: Article 306 (2e alin\u00e9a)\u00a0: \u00ab\u00a0Tout \u00e9tablissement d\u2019enseignement doit, le jour du scrutin, donner cong\u00e9 aux \u00e9l\u00e8ves et aux \u00e9tudiants [&hellip;]\" \/>\r\n<meta property=\"og:url\" content=\"https:\/\/www.uqac.ca\/uqactualites\/2016\/03\/30\/loi-electorale-elections-provinciales-du-11-avril-2016\/\" \/>\r\n<meta property=\"og:site_name\" content=\"UQACtualit\u00e9s\" \/>\r\n<meta property=\"article:published_time\" content=\"2016-03-30T18:37:49+00:00\" \/>\r\n<meta property=\"og:image\" content=\"https:\/\/www.uqac.ca\/uqactualites\/wp-content\/uploads\/2012\/05\/avis-laCommunaut-.jpg\" \/>\r\n\t<meta property=\"og:image:width\" content=\"620\" \/>\r\n\t<meta property=\"og:image:height\" content=\"300\" \/>\r\n\t<meta property=\"og:image:type\" content=\"image\/jpeg\" \/>\r\n<meta name=\"author\" content=\"Service des communications et des relations publiques\" \/>\r\n<meta name=\"twitter:card\" content=\"summary_large_image\" \/>\r\n<meta name=\"twitter:label1\" content=\"\u00c9crit par\" \/>\n\t<meta name=\"twitter:data1\" content=\"Service des communications et des relations publiques\" \/>\n\t<meta name=\"twitter:label2\" content=\"Estimation du temps de lecture\" \/>\n\t<meta name=\"twitter:data2\" content=\"1 minute\" \/>\r\n<script type=\"application\/ld+json\" class=\"yoast-schema-graph\">{\"@context\":\"https:\/\/schema.org\",\"@graph\":[{\"@type\":\"WebPage\",\"@id\":\"https:\/\/www.uqac.ca\/uqactualites\/2016\/03\/30\/loi-electorale-elections-provinciales-du-11-avril-2016\/\",\"url\":\"https:\/\/www.uqac.ca\/uqactualites\/2016\/03\/30\/loi-electorale-elections-provinciales-du-11-avril-2016\/\",\"name\":\"Loi \u00e9lectorale : \u00c9lections provinciales du 11 avril 2016 - UQACtualit\u00e9s\",\"isPartOf\":{\"@id\":\"https:\/\/www.uqac.ca\/uqactualites\/#website\"},\"primaryImageOfPage\":{\"@id\":\"https:\/\/www.uqac.ca\/uqactualites\/2016\/03\/30\/loi-electorale-elections-provinciales-du-11-avril-2016\/#primaryimage\"},\"image\":{\"@id\":\"https:\/\/www.uqac.ca\/uqactualites\/2016\/03\/30\/loi-electorale-elections-provinciales-du-11-avril-2016\/#primaryimage\"},\"thumbnailUrl\":\"https:\/\/www.uqac.ca\/uqactualites\/wp-content\/uploads\/2012\/05\/avis-laCommunaut-.jpg\",\"datePublished\":\"2016-03-30T18:37:49+00:00\",\"dateModified\":\"2016-03-30T18:37:49+00:00\",\"author\":{\"@id\":\"https:\/\/www.uqac.ca\/uqactualites\/#\/schema\/person\/366c45a0c4f0e677b41b4af5886e2018\"},\"breadcrumb\":{\"@id\":\"https:\/\/www.uqac.ca\/uqactualites\/2016\/03\/30\/loi-electorale-elections-provinciales-du-11-avril-2016\/#breadcrumb\"},\"inLanguage\":\"fr-CA\",\"potentialAction\":[{\"@type\":\"ReadAction\",\"target\":[\"https:\/\/www.uqac.ca\/uqactualites\/2016\/03\/30\/loi-electorale-elections-provinciales-du-11-avril-2016\/\"]}]},{\"@type\":\"ImageObject\",\"inLanguage\":\"fr-CA\",\"@id\":\"https:\/\/www.uqac.ca\/uqactualites\/2016\/03\/30\/loi-electorale-elections-provinciales-du-11-avril-2016\/#primaryimage\",\"url\":\"https:\/\/www.uqac.ca\/uqactualites\/wp-content\/uploads\/2012\/05\/avis-laCommunaut-.jpg\",\"contentUrl\":\"https:\/\/www.uqac.ca\/uqactualites\/wp-content\/uploads\/2012\/05\/avis-laCommunaut-.jpg\",\"width\":620,\"height\":300},{\"@type\":\"BreadcrumbList\",\"@id\":\"https:\/\/www.uqac.ca\/uqactualites\/2016\/03\/30\/loi-electorale-elections-provinciales-du-11-avril-2016\/#breadcrumb\",\"itemListElement\":[{\"@type\":\"ListItem\",\"position\":1,\"name\":\"Home\",\"item\":\"https:\/\/www.uqac.ca\/uqactualites\/\"},{\"@type\":\"ListItem\",\"position\":2,\"name\":\"Loi \u00e9lectorale : \u00c9lections provinciales du 11 avril 2016\"}]},{\"@type\":\"WebSite\",\"@id\":\"https:\/\/www.uqac.ca\/uqactualites\/#website\",\"url\":\"https:\/\/www.uqac.ca\/uqactualites\/\",\"name\":\"UQACtualit\u00e9s\",\"description\":\"Le portail des nouvelles de l&#039;UQAC\",\"potentialAction\":[{\"@type\":\"SearchAction\",\"target\":{\"@type\":\"EntryPoint\",\"urlTemplate\":\"https:\/\/www.uqac.ca\/uqactualites\/?s={search_term_string}\"},\"query-input\":{\"@type\":\"PropertyValueSpecification\",\"valueRequired\":true,\"valueName\":\"search_term_string\"}}],\"inLanguage\":\"fr-CA\"},{\"@type\":\"Person\",\"@id\":\"https:\/\/www.uqac.ca\/uqactualites\/#\/schema\/person\/366c45a0c4f0e677b41b4af5886e2018\",\"name\":\"Service des communications et des relations publiques\",\"image\":{\"@type\":\"ImageObject\",\"inLanguage\":\"fr-CA\",\"@id\":\"https:\/\/www.uqac.ca\/uqactualites\/#\/schema\/person\/image\/\",\"url\":\"https:\/\/secure.gravatar.com\/avatar\/20fbbda8a292f59f2d3461a5b999c00b?s=96&d=mm&r=g\",\"contentUrl\":\"https:\/\/secure.gravatar.com\/avatar\/20fbbda8a292f59f2d3461a5b999c00b?s=96&d=mm&r=g\",\"caption\":\"Service des communications et des relations publiques\"},\"url\":\"https:\/\/www.uqac.ca\/uqactualites\/author\/bap\/\"}]}<\/script>\r\n<!-- \/ Yoast SEO plugin. -->","yoast_head_json":{"title":"Loi \u00e9lectorale : \u00c9lections provinciales du 11 avril 2016 - UQACtualit\u00e9s","robots":{"index":"index","follow":"follow","max-snippet":"max-snippet:-1","max-image-preview":"max-image-preview:large","max-video-preview":"max-video-preview:-1"},"canonical":"https:\/\/www.uqac.ca\/uqactualites\/2016\/03\/30\/loi-electorale-elections-provinciales-du-11-avril-2016\/","og_locale":"fr_CA","og_type":"article","og_title":"Loi \u00e9lectorale : \u00c9lections provinciales du 11 avril 2016 - UQACtualit\u00e9s","og_description":"Nous vous rappelons que les dispositions de la Loi \u00e9lectorale (L.R.Q., c. E-3.3) ci-apr\u00e8s \u00e9num\u00e9r\u00e9es et concernant les employ\u00e9s et les \u00e9tudiants s\u2019appliqueront le 11 avril prochain, soit le jour fix\u00e9 pour la tenue du scrutin\u00a0: Article 306 (2e alin\u00e9a)\u00a0: \u00ab\u00a0Tout \u00e9tablissement d\u2019enseignement doit, le jour du scrutin, donner cong\u00e9 aux \u00e9l\u00e8ves et aux \u00e9tudiants [&hellip;]","og_url":"https:\/\/www.uqac.ca\/uqactualites\/2016\/03\/30\/loi-electorale-elections-provinciales-du-11-avril-2016\/","og_site_name":"UQACtualit\u00e9s","article_published_time":"2016-03-30T18:37:49+00:00","og_image":[{"width":620,"height":300,"url":"https:\/\/www.uqac.ca\/uqactualites\/wp-content\/uploads\/2012\/05\/avis-laCommunaut-.jpg","type":"image\/jpeg"}],"author":"Service des communications et des relations publiques","twitter_card":"summary_large_image","twitter_misc":{"\u00c9crit par":"Service des communications et des relations publiques","Estimation du temps de lecture":"1 minute"},"schema":{"@context":"https:\/\/schema.org","@graph":[{"@type":"WebPage","@id":"https:\/\/www.uqac.ca\/uqactualites\/2016\/03\/30\/loi-electorale-elections-provinciales-du-11-avril-2016\/","url":"https:\/\/www.uqac.ca\/uqactualites\/2016\/03\/30\/loi-electorale-elections-provinciales-du-11-avril-2016\/","name":"Loi \u00e9lectorale : \u00c9lections provinciales du 11 avril 2016 - UQACtualit\u00e9s","isPartOf":{"@id":"https:\/\/www.uqac.ca\/uqactualites\/#website"},"primaryImageOfPage":{"@id":"https:\/\/www.uqac.ca\/uqactualites\/2016\/03\/30\/loi-electorale-elections-provinciales-du-11-avril-2016\/#primaryimage"},"image":{"@id":"https:\/\/www.uqac.ca\/uqactualites\/2016\/03\/30\/loi-electorale-elections-provinciales-du-11-avril-2016\/#primaryimage"},"thumbnailUrl":"https:\/\/www.uqac.ca\/uqactualites\/wp-content\/uploads\/2012\/05\/avis-laCommunaut-.jpg","datePublished":"2016-03-30T18:37:49+00:00","dateModified":"2016-03-30T18:37:49+00:00","author":{"@id":"https:\/\/www.uqac.ca\/uqactualites\/#\/schema\/person\/366c45a0c4f0e677b41b4af5886e2018"},"breadcrumb":{"@id":"https:\/\/www.uqac.ca\/uqactualites\/2016\/03\/30\/loi-electorale-elections-provinciales-du-11-avril-2016\/#breadcrumb"},"inLanguage":"fr-CA","potentialAction":[{"@type":"ReadAction","target":["https:\/\/www.uqac.ca\/uqactualites\/2016\/03\/30\/loi-electorale-elections-provinciales-du-11-avril-2016\/"]}]},{"@type":"ImageObject","inLanguage":"fr-CA","@id":"https:\/\/www.uqac.ca\/uqactualites\/2016\/03\/30\/loi-electorale-elections-provinciales-du-11-avril-2016\/#primaryimage","url":"https:\/\/www.uqac.ca\/uqactualites\/wp-content\/uploads\/2012\/05\/avis-laCommunaut-.jpg","contentUrl":"https:\/\/www.uqac.ca\/uqactualites\/wp-content\/uploads\/2012\/05\/avis-laCommunaut-.jpg","width":620,"height":300},{"@type":"BreadcrumbList","@id":"https:\/\/www.uqac.ca\/uqactualites\/2016\/03\/30\/loi-electorale-elections-provinciales-du-11-avril-2016\/#breadcrumb","itemListElement":[{"@type":"ListItem","position":1,"name":"Home","item":"https:\/\/www.uqac.ca\/uqactualites\/"},{"@type":"ListItem","position":2,"name":"Loi \u00e9lectorale : \u00c9lections provinciales du 11 avril 2016"}]},{"@type":"WebSite","@id":"https:\/\/www.uqac.ca\/uqactualites\/#website","url":"https:\/\/www.uqac.ca\/uqactualites\/","name":"UQACtualit\u00e9s","description":"Le portail des nouvelles de l&#039;UQAC","potentialAction":[{"@type":"SearchAction","target":{"@type":"EntryPoint","urlTemplate":"https:\/\/www.uqac.ca\/uqactualites\/?s={search_term_string}"},"query-input":{"@type":"PropertyValueSpecification","valueRequired":true,"valueName":"search_term_string"}}],"inLanguage":"fr-CA"},{"@type":"Person","@id":"https:\/\/www.uqac.ca\/uqactualites\/#\/schema\/person\/366c45a0c4f0e677b41b4af5886e2018","name":"Service des communications et des relations publiques","image":{"@type":"ImageObject","inLanguage":"fr-CA","@id":"https:\/\/www.uqac.ca\/uqactualites\/#\/schema\/person\/image\/","url":"https:\/\/secure.gravatar.com\/avatar\/20fbbda8a292f59f2d3461a5b999c00b?s=96&d=mm&r=g","contentUrl":"https:\/\/secure.gravatar.com\/avatar\/20fbbda8a292f59f2d3461a5b999c00b?s=96&d=mm&r=g","caption":"Service des communications et des relations publiques"},"url":"https:\/\/www.uqac.ca\/uqactualites\/author\/bap\/"}]}},"_links":{"self":[{"href":"https:\/\/www.uqac.ca\/uqactualites\/wp-json\/wp\/v2\/posts\/31784"}],"collection":[{"href":"https:\/\/www.uqac.ca\/uqactualites\/wp-json\/wp\/v2\/posts"}],"about":[{"href":"https:\/\/www.uqac.ca\/uqactualites\/wp-json\/wp\/v2\/types\/post"}],"author":[{"embeddable":true,"href":"https:\/\/www.uqac.ca\/uqactualites\/wp-json\/wp\/v2\/users\/5"}],"replies":[{"embeddable":true,"href":"https:\/\/www.uqac.ca\/uqactualites\/wp-json\/wp\/v2\/comments?post=31784"}],"version-history":[{"count":0,"href":"https:\/\/www.uqac.ca\/uqactualites\/wp-json\/wp\/v2\/posts\/31784\/revisions"}],"wp:featuredmedia":[{"embeddable":true,"href":"https:\/\/www.uqac.ca\/uqactualites\/wp-json\/wp\/v2\/media\/20989"}],"wp:attachment":[{"href":"https:\/\/www.uqac.ca\/uqactualites\/wp-json\/wp\/v2\/media?parent=31784"}],"wp:term":[{"taxonomy":"category","embeddable":true,"href":"https:\/\/www.uqac.ca\/uqactualites\/wp-json\/wp\/v2\/categories?post=31784"},{"taxonomy":"post_tag","embeddable":true,"href":"https:\/\/www.uqac.ca\/uqactualites\/wp-json\/wp\/v2\/tags?post=31784"}],"curies":[{"name":"wp","href":"https:\/\/api.w.org\/{rel}","templated":true}]}}