{"id":31856,"date":"2016-04-12T09:09:44","date_gmt":"2016-04-12T13:09:44","guid":{"rendered":"http:\/\/uqactualite.odev.ca\/?p=31856"},"modified":"2016-04-12T09:09:44","modified_gmt":"2016-04-12T13:09:44","slug":"rappel-midi-de-la-recherche-et-de-la-creation-en-sciences-humaines-et-sociales","status":"publish","type":"post","link":"https:\/\/www.uqac.ca\/uqactualites\/2016\/04\/12\/rappel-midi-de-la-recherche-et-de-la-creation-en-sciences-humaines-et-sociales\/","title":{"rendered":"Rappel : Midi de la recherche et de la cr\u00e9ation en sciences humaines et sociales"},"content":{"rendered":"<p style=\"text-align: justify\">Le D\u00e9partement des sciences humaines et sociales (DSHS) invite la communaut\u00e9 universitaire \u00e0 assister \u00e0 un midi-conf\u00e9rence\u00a0ayant pour th\u00e8me :<\/p>\n<p style=\"text-align: center\"><strong><em>Pareil pas pareil?<br \/>\nLa diversit\u00e9 d\u00e9mog\u00e9n\u00e9tique au sein des populations r\u00e9gionales du Qu\u00e9bec<\/em><\/strong><\/p>\n<p style=\"text-align: center\">Mercredi 13 avril 2016\u00a0 |\u00a0 11 h\u00a045 \u00e0 12\u00a0h\u00a045<br \/>\nLocal P0-7000<\/p>\n<p style=\"text-align: justify\">Les Qu\u00e9b\u00e9cois partagent une histoire g\u00e9n\u00e9alogique qui a d\u00e9but\u00e9, pour un grand nombre d\u2019entre eux, avec l\u2019arriv\u00e9e des pionniers europ\u00e9ens au cours du R\u00e9gime fran\u00e7ais. Avec l\u2019occupation progressive du territoire, les mouvements de colonisation et d\u2019immigration ont fa\u00e7onn\u00e9 le patrimoine g\u00e9n\u00e9tique des populations r\u00e9gionales. Quels ont \u00e9t\u00e9 les effets de ces petites et grandes migrations? Quelles sont les similitudes et les diff\u00e9rences observables dans la population contemporaine?<\/p>\n<p style=\"text-align: justify\">Pour r\u00e9pondre \u00e0 ces questions, plus de 25\u00a0000 g\u00e9n\u00e9alogies ont \u00e9t\u00e9 reconstruites \u00e0 partir du fichier BALSAC et divers marqueurs de la structure d\u00e9mog\u00e9n\u00e9tique de la population qu\u00e9b\u00e9coise ont \u00e9t\u00e9 analys\u00e9s. H\u00e9l\u00e8ne V\u00e9zina, professeure au DSHS et directrice du projet BALSAC, proposera un portrait des populations r\u00e9gionales \u00e0 l\u2019occasion de ce midi-conf\u00e9rence.<\/p>\n<p style=\"text-align: justify\"><strong>C\u2019est un rendez-vous!<\/strong><\/p>\n<p style=\"text-align: justify\"><strong>\u00c0 propos des midis de la recherche et de la cr\u00e9ation<br \/>\n<\/strong>Cette ann\u00e9e, l\u2019UQAC vous invite \u00e0 explorer les activit\u00e9s de recherche et de cr\u00e9ation de ses d\u00e9partements. Une fois par mois au cours des trimestres d\u2019hiver et d\u2019automne, un d\u00e9partement diff\u00e9rent vous proposera un d\u00eener-causerie sur un sujet de recherche passionnant!<\/p>\n<p style=\"text-align: justify\"><strong><br \/>\nRenseignements\u00a0:<br \/>\n<\/strong>Bureau des affaires publiques<br \/>\nUniversit\u00e9 du Qu\u00e9bec \u00e0 Chicoutimi<br \/>\n418\u00a0545-5011, poste 2350\u00a0 |\u00a0 <span style=\"text-decoration: underline\"><a href=\"mailto:affaires_publiques@uqac.ca\">affaires_publiques@uqac.ca<\/a><\/span><\/p>\n","protected":false},"excerpt":{"rendered":"<p>Le D\u00e9partement des sciences humaines et sociales (DSHS) invite la communaut\u00e9 universitaire \u00e0 assister \u00e0 un midi-conf\u00e9rence\u00a0ayant pour th\u00e8me : Pareil pas pareil? La diversit\u00e9 d\u00e9mog\u00e9n\u00e9tique au sein des populations r\u00e9gionales du Qu\u00e9bec Mercredi 13 avril 2016\u00a0 |\u00a0 11 h\u00a045 \u00e0 12\u00a0h\u00a045 Local P0-7000 Les Qu\u00e9b\u00e9cois partagent une histoire g\u00e9n\u00e9alogique qui a d\u00e9but\u00e9, pour un [&hellip;]<\/p>\n","protected":false},"author":5,"featured_media":31857,"comment_status":"open","ping_status":"open","sticky":false,"template":"","format":"standard","meta":{"footnotes":""},"categories":[2,61],"tags":[],"yoast_head":"<!-- This site is optimized with the Yoast SEO plugin v24.2 - https:\/\/yoast.com\/wordpress\/plugins\/seo\/ -->\r\n<title>Rappel : Midi de la recherche et de la cr\u00e9ation en sciences humaines et sociales - UQACtualit\u00e9s<\/title>\r\n<meta name=\"robots\" content=\"index, follow, max-snippet:-1, max-image-preview:large, max-video-preview:-1\" \/>\r\n<link rel=\"canonical\" href=\"https:\/\/www.uqac.ca\/uqactualites\/2016\/04\/12\/rappel-midi-de-la-recherche-et-de-la-creation-en-sciences-humaines-et-sociales\/\" \/>\r\n<meta property=\"og:locale\" content=\"fr_CA\" \/>\r\n<meta property=\"og:type\" content=\"article\" \/>\r\n<meta property=\"og:title\" content=\"Rappel : Midi de la recherche et de la cr\u00e9ation en sciences humaines et sociales - UQACtualit\u00e9s\" \/>\r\n<meta property=\"og:description\" content=\"Le D\u00e9partement des sciences humaines et sociales (DSHS) invite la communaut\u00e9 universitaire \u00e0 assister \u00e0 un midi-conf\u00e9rence\u00a0ayant pour th\u00e8me : Pareil pas pareil? La diversit\u00e9 d\u00e9mog\u00e9n\u00e9tique au sein des populations r\u00e9gionales du Qu\u00e9bec Mercredi 13 avril 2016\u00a0 |\u00a0 11 h\u00a045 \u00e0 12\u00a0h\u00a045 Local P0-7000 Les Qu\u00e9b\u00e9cois partagent une histoire g\u00e9n\u00e9alogique qui a d\u00e9but\u00e9, pour un [&hellip;]\" \/>\r\n<meta property=\"og:url\" content=\"https:\/\/www.uqac.ca\/uqactualites\/2016\/04\/12\/rappel-midi-de-la-recherche-et-de-la-creation-en-sciences-humaines-et-sociales\/\" \/>\r\n<meta property=\"og:site_name\" content=\"UQACtualit\u00e9s\" \/>\r\n<meta property=\"article:published_time\" content=\"2016-04-12T13:09:44+00:00\" \/>\r\n<meta property=\"og:image\" content=\"https:\/\/www.uqac.ca\/uqactualites\/wp-content\/uploads\/2016\/04\/GRAF_UqactualiteMidisConf13-vrilH16-02.jpg\" \/>\r\n\t<meta property=\"og:image:width\" content=\"621\" \/>\r\n\t<meta property=\"og:image:height\" content=\"301\" \/>\r\n\t<meta property=\"og:image:type\" content=\"image\/jpeg\" \/>\r\n<meta name=\"author\" content=\"Service des communications et des relations publiques\" \/>\r\n<meta name=\"twitter:card\" content=\"summary_large_image\" \/>\r\n<meta name=\"twitter:label1\" content=\"\u00c9crit par\" \/>\n\t<meta name=\"twitter:data1\" content=\"Service des communications et des relations publiques\" \/>\n\t<meta name=\"twitter:label2\" content=\"Estimation du temps de lecture\" \/>\n\t<meta name=\"twitter:data2\" content=\"1 minute\" \/>\r\n<script type=\"application\/ld+json\" class=\"yoast-schema-graph\">{\"@context\":\"https:\/\/schema.org\",\"@graph\":[{\"@type\":\"WebPage\",\"@id\":\"https:\/\/www.uqac.ca\/uqactualites\/2016\/04\/12\/rappel-midi-de-la-recherche-et-de-la-creation-en-sciences-humaines-et-sociales\/\",\"url\":\"https:\/\/www.uqac.ca\/uqactualites\/2016\/04\/12\/rappel-midi-de-la-recherche-et-de-la-creation-en-sciences-humaines-et-sociales\/\",\"name\":\"Rappel : Midi de la recherche et de la cr\u00e9ation en sciences humaines et sociales - UQACtualit\u00e9s\",\"isPartOf\":{\"@id\":\"https:\/\/www.uqac.ca\/uqactualites\/#website\"},\"primaryImageOfPage\":{\"@id\":\"https:\/\/www.uqac.ca\/uqactualites\/2016\/04\/12\/rappel-midi-de-la-recherche-et-de-la-creation-en-sciences-humaines-et-sociales\/#primaryimage\"},\"image\":{\"@id\":\"https:\/\/www.uqac.ca\/uqactualites\/2016\/04\/12\/rappel-midi-de-la-recherche-et-de-la-creation-en-sciences-humaines-et-sociales\/#primaryimage\"},\"thumbnailUrl\":\"https:\/\/www.uqac.ca\/uqactualites\/wp-content\/uploads\/2016\/04\/GRAF_UqactualiteMidisConf13-vrilH16-02.jpg\",\"datePublished\":\"2016-04-12T13:09:44+00:00\",\"dateModified\":\"2016-04-12T13:09:44+00:00\",\"author\":{\"@id\":\"https:\/\/www.uqac.ca\/uqactualites\/#\/schema\/person\/366c45a0c4f0e677b41b4af5886e2018\"},\"breadcrumb\":{\"@id\":\"https:\/\/www.uqac.ca\/uqactualites\/2016\/04\/12\/rappel-midi-de-la-recherche-et-de-la-creation-en-sciences-humaines-et-sociales\/#breadcrumb\"},\"inLanguage\":\"fr-CA\",\"potentialAction\":[{\"@type\":\"ReadAction\",\"target\":[\"https:\/\/www.uqac.ca\/uqactualites\/2016\/04\/12\/rappel-midi-de-la-recherche-et-de-la-creation-en-sciences-humaines-et-sociales\/\"]}]},{\"@type\":\"ImageObject\",\"inLanguage\":\"fr-CA\",\"@id\":\"https:\/\/www.uqac.ca\/uqactualites\/2016\/04\/12\/rappel-midi-de-la-recherche-et-de-la-creation-en-sciences-humaines-et-sociales\/#primaryimage\",\"url\":\"https:\/\/www.uqac.ca\/uqactualites\/wp-content\/uploads\/2016\/04\/GRAF_UqactualiteMidisConf13-vrilH16-02.jpg\",\"contentUrl\":\"https:\/\/www.uqac.ca\/uqactualites\/wp-content\/uploads\/2016\/04\/GRAF_UqactualiteMidisConf13-vrilH16-02.jpg\",\"width\":621,\"height\":301},{\"@type\":\"BreadcrumbList\",\"@id\":\"https:\/\/www.uqac.ca\/uqactualites\/2016\/04\/12\/rappel-midi-de-la-recherche-et-de-la-creation-en-sciences-humaines-et-sociales\/#breadcrumb\",\"itemListElement\":[{\"@type\":\"ListItem\",\"position\":1,\"name\":\"Home\",\"item\":\"https:\/\/www.uqac.ca\/uqactualites\/\"},{\"@type\":\"ListItem\",\"position\":2,\"name\":\"Rappel : Midi de la recherche et de la cr\u00e9ation en sciences humaines et sociales\"}]},{\"@type\":\"WebSite\",\"@id\":\"https:\/\/www.uqac.ca\/uqactualites\/#website\",\"url\":\"https:\/\/www.uqac.ca\/uqactualites\/\",\"name\":\"UQACtualit\u00e9s\",\"description\":\"Le portail des nouvelles de l&#039;UQAC\",\"potentialAction\":[{\"@type\":\"SearchAction\",\"target\":{\"@type\":\"EntryPoint\",\"urlTemplate\":\"https:\/\/www.uqac.ca\/uqactualites\/?s={search_term_string}\"},\"query-input\":{\"@type\":\"PropertyValueSpecification\",\"valueRequired\":true,\"valueName\":\"search_term_string\"}}],\"inLanguage\":\"fr-CA\"},{\"@type\":\"Person\",\"@id\":\"https:\/\/www.uqac.ca\/uqactualites\/#\/schema\/person\/366c45a0c4f0e677b41b4af5886e2018\",\"name\":\"Service des communications et des relations publiques\",\"image\":{\"@type\":\"ImageObject\",\"inLanguage\":\"fr-CA\",\"@id\":\"https:\/\/www.uqac.ca\/uqactualites\/#\/schema\/person\/image\/\",\"url\":\"https:\/\/secure.gravatar.com\/avatar\/20fbbda8a292f59f2d3461a5b999c00b?s=96&d=mm&r=g\",\"contentUrl\":\"https:\/\/secure.gravatar.com\/avatar\/20fbbda8a292f59f2d3461a5b999c00b?s=96&d=mm&r=g\",\"caption\":\"Service des communications et des relations publiques\"},\"url\":\"https:\/\/www.uqac.ca\/uqactualites\/author\/bap\/\"}]}<\/script>\r\n<!-- \/ Yoast SEO plugin. -->","yoast_head_json":{"title":"Rappel : Midi de la recherche et de la cr\u00e9ation en sciences humaines et sociales - UQACtualit\u00e9s","robots":{"index":"index","follow":"follow","max-snippet":"max-snippet:-1","max-image-preview":"max-image-preview:large","max-video-preview":"max-video-preview:-1"},"canonical":"https:\/\/www.uqac.ca\/uqactualites\/2016\/04\/12\/rappel-midi-de-la-recherche-et-de-la-creation-en-sciences-humaines-et-sociales\/","og_locale":"fr_CA","og_type":"article","og_title":"Rappel : Midi de la recherche et de la cr\u00e9ation en sciences humaines et sociales - UQACtualit\u00e9s","og_description":"Le D\u00e9partement des sciences humaines et sociales (DSHS) invite la communaut\u00e9 universitaire \u00e0 assister \u00e0 un midi-conf\u00e9rence\u00a0ayant pour th\u00e8me : Pareil pas pareil? La diversit\u00e9 d\u00e9mog\u00e9n\u00e9tique au sein des populations r\u00e9gionales du Qu\u00e9bec Mercredi 13 avril 2016\u00a0 |\u00a0 11 h\u00a045 \u00e0 12\u00a0h\u00a045 Local P0-7000 Les Qu\u00e9b\u00e9cois partagent une histoire g\u00e9n\u00e9alogique qui a d\u00e9but\u00e9, pour un [&hellip;]","og_url":"https:\/\/www.uqac.ca\/uqactualites\/2016\/04\/12\/rappel-midi-de-la-recherche-et-de-la-creation-en-sciences-humaines-et-sociales\/","og_site_name":"UQACtualit\u00e9s","article_published_time":"2016-04-12T13:09:44+00:00","og_image":[{"width":621,"height":301,"url":"https:\/\/www.uqac.ca\/uqactualites\/wp-content\/uploads\/2016\/04\/GRAF_UqactualiteMidisConf13-vrilH16-02.jpg","type":"image\/jpeg"}],"author":"Service des communications et des relations publiques","twitter_card":"summary_large_image","twitter_misc":{"\u00c9crit par":"Service des communications et des relations publiques","Estimation du temps de lecture":"1 minute"},"schema":{"@context":"https:\/\/schema.org","@graph":[{"@type":"WebPage","@id":"https:\/\/www.uqac.ca\/uqactualites\/2016\/04\/12\/rappel-midi-de-la-recherche-et-de-la-creation-en-sciences-humaines-et-sociales\/","url":"https:\/\/www.uqac.ca\/uqactualites\/2016\/04\/12\/rappel-midi-de-la-recherche-et-de-la-creation-en-sciences-humaines-et-sociales\/","name":"Rappel : Midi de la recherche et de la cr\u00e9ation en sciences humaines et sociales - UQACtualit\u00e9s","isPartOf":{"@id":"https:\/\/www.uqac.ca\/uqactualites\/#website"},"primaryImageOfPage":{"@id":"https:\/\/www.uqac.ca\/uqactualites\/2016\/04\/12\/rappel-midi-de-la-recherche-et-de-la-creation-en-sciences-humaines-et-sociales\/#primaryimage"},"image":{"@id":"https:\/\/www.uqac.ca\/uqactualites\/2016\/04\/12\/rappel-midi-de-la-recherche-et-de-la-creation-en-sciences-humaines-et-sociales\/#primaryimage"},"thumbnailUrl":"https:\/\/www.uqac.ca\/uqactualites\/wp-content\/uploads\/2016\/04\/GRAF_UqactualiteMidisConf13-vrilH16-02.jpg","datePublished":"2016-04-12T13:09:44+00:00","dateModified":"2016-04-12T13:09:44+00:00","author":{"@id":"https:\/\/www.uqac.ca\/uqactualites\/#\/schema\/person\/366c45a0c4f0e677b41b4af5886e2018"},"breadcrumb":{"@id":"https:\/\/www.uqac.ca\/uqactualites\/2016\/04\/12\/rappel-midi-de-la-recherche-et-de-la-creation-en-sciences-humaines-et-sociales\/#breadcrumb"},"inLanguage":"fr-CA","potentialAction":[{"@type":"ReadAction","target":["https:\/\/www.uqac.ca\/uqactualites\/2016\/04\/12\/rappel-midi-de-la-recherche-et-de-la-creation-en-sciences-humaines-et-sociales\/"]}]},{"@type":"ImageObject","inLanguage":"fr-CA","@id":"https:\/\/www.uqac.ca\/uqactualites\/2016\/04\/12\/rappel-midi-de-la-recherche-et-de-la-creation-en-sciences-humaines-et-sociales\/#primaryimage","url":"https:\/\/www.uqac.ca\/uqactualites\/wp-content\/uploads\/2016\/04\/GRAF_UqactualiteMidisConf13-vrilH16-02.jpg","contentUrl":"https:\/\/www.uqac.ca\/uqactualites\/wp-content\/uploads\/2016\/04\/GRAF_UqactualiteMidisConf13-vrilH16-02.jpg","width":621,"height":301},{"@type":"BreadcrumbList","@id":"https:\/\/www.uqac.ca\/uqactualites\/2016\/04\/12\/rappel-midi-de-la-recherche-et-de-la-creation-en-sciences-humaines-et-sociales\/#breadcrumb","itemListElement":[{"@type":"ListItem","position":1,"name":"Home","item":"https:\/\/www.uqac.ca\/uqactualites\/"},{"@type":"ListItem","position":2,"name":"Rappel : Midi de la recherche et de la cr\u00e9ation en sciences humaines et sociales"}]},{"@type":"WebSite","@id":"https:\/\/www.uqac.ca\/uqactualites\/#website","url":"https:\/\/www.uqac.ca\/uqactualites\/","name":"UQACtualit\u00e9s","description":"Le portail des nouvelles de l&#039;UQAC","potentialAction":[{"@type":"SearchAction","target":{"@type":"EntryPoint","urlTemplate":"https:\/\/www.uqac.ca\/uqactualites\/?s={search_term_string}"},"query-input":{"@type":"PropertyValueSpecification","valueRequired":true,"valueName":"search_term_string"}}],"inLanguage":"fr-CA"},{"@type":"Person","@id":"https:\/\/www.uqac.ca\/uqactualites\/#\/schema\/person\/366c45a0c4f0e677b41b4af5886e2018","name":"Service des communications et des relations publiques","image":{"@type":"ImageObject","inLanguage":"fr-CA","@id":"https:\/\/www.uqac.ca\/uqactualites\/#\/schema\/person\/image\/","url":"https:\/\/secure.gravatar.com\/avatar\/20fbbda8a292f59f2d3461a5b999c00b?s=96&d=mm&r=g","contentUrl":"https:\/\/secure.gravatar.com\/avatar\/20fbbda8a292f59f2d3461a5b999c00b?s=96&d=mm&r=g","caption":"Service des communications et des relations publiques"},"url":"https:\/\/www.uqac.ca\/uqactualites\/author\/bap\/"}]}},"_links":{"self":[{"href":"https:\/\/www.uqac.ca\/uqactualites\/wp-json\/wp\/v2\/posts\/31856"}],"collection":[{"href":"https:\/\/www.uqac.ca\/uqactualites\/wp-json\/wp\/v2\/posts"}],"about":[{"href":"https:\/\/www.uqac.ca\/uqactualites\/wp-json\/wp\/v2\/types\/post"}],"author":[{"embeddable":true,"href":"https:\/\/www.uqac.ca\/uqactualites\/wp-json\/wp\/v2\/users\/5"}],"replies":[{"embeddable":true,"href":"https:\/\/www.uqac.ca\/uqactualites\/wp-json\/wp\/v2\/comments?post=31856"}],"version-history":[{"count":0,"href":"https:\/\/www.uqac.ca\/uqactualites\/wp-json\/wp\/v2\/posts\/31856\/revisions"}],"wp:featuredmedia":[{"embeddable":true,"href":"https:\/\/www.uqac.ca\/uqactualites\/wp-json\/wp\/v2\/media\/31857"}],"wp:attachment":[{"href":"https:\/\/www.uqac.ca\/uqactualites\/wp-json\/wp\/v2\/media?parent=31856"}],"wp:term":[{"taxonomy":"category","embeddable":true,"href":"https:\/\/www.uqac.ca\/uqactualites\/wp-json\/wp\/v2\/categories?post=31856"},{"taxonomy":"post_tag","embeddable":true,"href":"https:\/\/www.uqac.ca\/uqactualites\/wp-json\/wp\/v2\/tags?post=31856"}],"curies":[{"name":"wp","href":"https:\/\/api.w.org\/{rel}","templated":true}]}}