{"id":319,"date":"2023-05-17T12:24:42","date_gmt":"2023-05-17T12:24:42","guid":{"rendered":"https:\/\/www.uqac.ca\/blogue-recteur\/?p=319"},"modified":"2024-08-07T11:28:34","modified_gmt":"2024-08-07T15:28:34","slug":"319-2","status":"publish","type":"post","link":"https:\/\/www.uqac.ca\/uqactualites\/2023\/05\/17\/319-2\/","title":{"rendered":"Retour sur Imaginad : Les \u00ab nadiens \u00bb en ont mis plein la vue!"},"content":{"rendered":"<p>Le 9 mai dernier, en compagnie de coll\u00e8gues de l\u2019UQAC et de la <a href=\"https:\/\/fuqac.ca\/\" target=\"_blank\" rel=\"noopener\">Fondation de l&rsquo;UQAC<\/a>, je me rendais \u00e0 notre campus de Montr\u00e9al pour prendre part \u00e0 l\u2019\u00e9v\u00e9nement Imaginad pour la toute premi\u00e8re fois! J\u2019ai \u00e9t\u00e9 vraiment impressionn\u00e9 par l\u2019ampleur de cette activit\u00e9 et par la mobilisation des invit\u00e9s et invit\u00e9es. D\u2019abord, il faut savoir que cette soir\u00e9e \u00e9tait l\u2019occasion de c\u00e9l\u00e9brer le travail des finissantes et des finissants de l\u2019\u00c9cole Nad-UQAC qui y ont pr\u00e9sent\u00e9 leurs projets synth\u00e8se devant leurs professeurs et professeures, leurs pairs, leur famille et des partenaires de l\u2019Industrie qui \u00e9taient pr\u00e9sents et pr\u00e9sentes en tr\u00e8s grand nombre! Des courts m\u00e9trages d\u2019animation aux montages photor\u00e9alistes, de l\u2019art conceptuel \u00e0 la cin\u00e9matique, du jeu vid\u00e9o \u00e0 la r\u00e9alit\u00e9 virtuelle, les divers talents des \u00ab nadiens \u00bb (comme ils et elles aiment bien s\u2019appeler) en ont mis plein la vue.<\/p>\n<p><a href=\"https:\/\/www.nad.ca\/fr\" target=\"_blank\" rel=\"noopener\">L\u2019\u00c9cole NAD-UQAC<\/a> est un joyau dont tout le Qu\u00e9bec peut \u00eatre particuli\u00e8rement fier depuis 30 ans cette ann\u00e9e.\u00a0 En effet, au cours des trois derni\u00e8res d\u00e9cennies, elle s\u2019est impos\u00e9e comme un incontournable dans le d\u00e9veloppement de l\u2019\u00e9cosyst\u00e8me qu\u00e9b\u00e9cois de l\u2019industrie de l\u2019animation, des jeux vid\u00e9o et de la production d\u2019effets visuels. Ceci a assur\u00e9ment \u00e9t\u00e9 rendu possible gr\u00e2ce aux talents exceptionnels qu\u2019elle recrute, mais \u00e9galement gr\u00e2ce \u00e0 l\u2019expertise professorale.<\/p>\n<p>\u00c0 ce titre, je tiens \u00e0 f\u00e9liciter la professeure <a href=\"http:\/\/www.uqac.ca\/portfolio\/laurelinechiapello\/\" target=\"_blank\" rel=\"noopener\">Laureline Chiapello<\/a>, qui est devenue, le 1er f\u00e9vrier dernier, co-titulaire de la Chaire en \u00e9conomie cr\u00e9ative et mieux-\u00eatre. \u00c0 l\u2019aide d\u2019une subvention de 4 millions de dollars sur 5 ans, octroy\u00e9e par les Fonds de recherche du Qu\u00e9bec (FRQ), elle assurera les travaux de l\u2019axe sur la cr\u00e9ativit\u00e9 num\u00e9rique afin de documenter et d\u2019accompagner des activit\u00e9s cr\u00e9atives visant le mieux-\u00eatre des personnes et des communaut\u00e9s dans diff\u00e9rents milieux.<\/p>\n<p>Je souligne \u00e9galement l\u2019obtention d\u2019une autre subvention en provenance du FRQ pour soutenir <a href=\"http:\/\/www.uqac.ca\/portfolio\/yanbreuleux\/\" target=\"_blank\" rel=\"noopener\">Yan Breuleux<\/a> et Louis-Philippe Rondeau dans le cadre des travaux de leur laboratoire de recherche, <a href=\"http:\/\/www.uqac.ca\/mimesis\/?page_id=57\" target=\"_blank\" rel=\"noopener\">MIMESIS<\/a>. Cette subvention, de plus de 200\u00a0000$, permettra de continuer \u00e0 explorer les processus de cr\u00e9ation d&rsquo;environnements sensoriels en vid\u00e9o volum\u00e9trique. F\u00e9licitations \u00e9galement aux professeurs Breuleux et Rondeau.<\/p>\n<p>Ainsi, l\u2019\u00c9cole NAD dispense d\u00e9sormais non seulement des formations universitaires de haut niveau, mais contribue \u00e9galement au d\u00e9veloppement de l\u2019industrie \u00e0 l\u2019aide de ses avanc\u00e9es scientifiques.<\/p>\n","protected":false},"excerpt":{"rendered":"<p>Le 9 mai dernier, en compagnie de coll\u00e8gues de l\u2019UQAC et de la Fondation de l&rsquo;UQAC, je me rendais \u00e0 notre campus de Montr\u00e9al pour prendre part \u00e0 l\u2019\u00e9v\u00e9nement Imaginad pour la toute premi\u00e8re fois! J\u2019ai \u00e9t\u00e9 vraiment impressionn\u00e9 par l\u2019ampleur de cette activit\u00e9 et par la mobilisation des invit\u00e9s et invit\u00e9es. D\u2019abord, il faut [&hellip;]<\/p>\n","protected":false},"author":10,"featured_media":320,"comment_status":"closed","ping_status":"closed","sticky":false,"template":"","format":"standard","meta":{"footnotes":""},"categories":[2792,1,2793],"tags":[],"yoast_head":"<!-- This site is optimized with the Yoast SEO plugin v24.2 - https:\/\/yoast.com\/wordpress\/plugins\/seo\/ -->\r\n<title>Retour sur Imaginad : Les \u00ab nadiens \u00bb en ont mis plein la vue! - UQACtualit\u00e9s<\/title>\r\n<meta name=\"robots\" content=\"index, follow, max-snippet:-1, max-image-preview:large, max-video-preview:-1\" \/>\r\n<link rel=\"canonical\" href=\"https:\/\/www.uqac.ca\/uqactualites\/2023\/05\/17\/319-2\/\" \/>\r\n<meta property=\"og:locale\" content=\"fr_CA\" \/>\r\n<meta property=\"og:type\" content=\"article\" \/>\r\n<meta property=\"og:title\" content=\"Retour sur Imaginad : Les \u00ab nadiens \u00bb en ont mis plein la vue! - UQACtualit\u00e9s\" \/>\r\n<meta property=\"og:description\" content=\"Le 9 mai dernier, en compagnie de coll\u00e8gues de l\u2019UQAC et de la Fondation de l&rsquo;UQAC, je me rendais \u00e0 notre campus de Montr\u00e9al pour prendre part \u00e0 l\u2019\u00e9v\u00e9nement Imaginad pour la toute premi\u00e8re fois! J\u2019ai \u00e9t\u00e9 vraiment impressionn\u00e9 par l\u2019ampleur de cette activit\u00e9 et par la mobilisation des invit\u00e9s et invit\u00e9es. D\u2019abord, il faut [&hellip;]\" \/>\r\n<meta property=\"og:url\" content=\"https:\/\/www.uqac.ca\/uqactualites\/2023\/05\/17\/319-2\/\" \/>\r\n<meta property=\"og:site_name\" content=\"UQACtualit\u00e9s\" \/>\r\n<meta property=\"article:published_time\" content=\"2023-05-17T12:24:42+00:00\" \/>\r\n<meta property=\"article:modified_time\" content=\"2024-08-07T15:28:34+00:00\" \/>\r\n<meta property=\"og:image\" content=\"https:\/\/www.uqac.ca\/uqactualites\/wp-content\/uploads\/2023\/05\/341298476_231180509457240_7273355324997555534_n.jpg\" \/>\r\n\t<meta property=\"og:image:width\" content=\"960\" \/>\r\n\t<meta property=\"og:image:height\" content=\"480\" \/>\r\n\t<meta property=\"og:image:type\" content=\"image\/jpeg\" \/>\r\n<meta name=\"author\" content=\"Ghislain Samson\" \/>\r\n<meta name=\"twitter:card\" content=\"summary_large_image\" \/>\r\n<meta name=\"twitter:label1\" content=\"\u00c9crit par\" \/>\n\t<meta name=\"twitter:data1\" content=\"Ghislain Samson\" \/>\n\t<meta name=\"twitter:label2\" content=\"Estimation du temps de lecture\" \/>\n\t<meta name=\"twitter:data2\" content=\"3 minutes\" \/>\r\n<script type=\"application\/ld+json\" class=\"yoast-schema-graph\">{\"@context\":\"https:\/\/schema.org\",\"@graph\":[{\"@type\":\"WebPage\",\"@id\":\"https:\/\/www.uqac.ca\/uqactualites\/2023\/05\/17\/319-2\/\",\"url\":\"https:\/\/www.uqac.ca\/uqactualites\/2023\/05\/17\/319-2\/\",\"name\":\"Retour sur Imaginad : Les \u00ab nadiens \u00bb en ont mis plein la vue! - UQACtualit\u00e9s\",\"isPartOf\":{\"@id\":\"https:\/\/www.uqac.ca\/uqactualites\/#website\"},\"primaryImageOfPage\":{\"@id\":\"https:\/\/www.uqac.ca\/uqactualites\/2023\/05\/17\/319-2\/#primaryimage\"},\"image\":{\"@id\":\"https:\/\/www.uqac.ca\/uqactualites\/2023\/05\/17\/319-2\/#primaryimage\"},\"thumbnailUrl\":\"https:\/\/www.uqac.ca\/uqactualites\/wp-content\/uploads\/2023\/05\/341298476_231180509457240_7273355324997555534_n.jpg\",\"datePublished\":\"2023-05-17T12:24:42+00:00\",\"dateModified\":\"2024-08-07T15:28:34+00:00\",\"author\":{\"@id\":\"https:\/\/www.uqac.ca\/uqactualites\/#\/schema\/person\/ae2225f9f23eebff67a6e899225952fb\"},\"breadcrumb\":{\"@id\":\"https:\/\/www.uqac.ca\/uqactualites\/2023\/05\/17\/319-2\/#breadcrumb\"},\"inLanguage\":\"fr-CA\",\"potentialAction\":[{\"@type\":\"ReadAction\",\"target\":[\"https:\/\/www.uqac.ca\/uqactualites\/2023\/05\/17\/319-2\/\"]}]},{\"@type\":\"ImageObject\",\"inLanguage\":\"fr-CA\",\"@id\":\"https:\/\/www.uqac.ca\/uqactualites\/2023\/05\/17\/319-2\/#primaryimage\",\"url\":\"https:\/\/www.uqac.ca\/uqactualites\/wp-content\/uploads\/2023\/05\/341298476_231180509457240_7273355324997555534_n.jpg\",\"contentUrl\":\"https:\/\/www.uqac.ca\/uqactualites\/wp-content\/uploads\/2023\/05\/341298476_231180509457240_7273355324997555534_n.jpg\",\"width\":960,\"height\":480},{\"@type\":\"BreadcrumbList\",\"@id\":\"https:\/\/www.uqac.ca\/uqactualites\/2023\/05\/17\/319-2\/#breadcrumb\",\"itemListElement\":[{\"@type\":\"ListItem\",\"position\":1,\"name\":\"Home\",\"item\":\"https:\/\/www.uqac.ca\/uqactualites\/\"},{\"@type\":\"ListItem\",\"position\":2,\"name\":\"Retour sur Imaginad : Les \u00ab nadiens \u00bb en ont mis plein la vue!\"}]},{\"@type\":\"WebSite\",\"@id\":\"https:\/\/www.uqac.ca\/uqactualites\/#website\",\"url\":\"https:\/\/www.uqac.ca\/uqactualites\/\",\"name\":\"UQACtualit\u00e9s\",\"description\":\"Le portail des nouvelles de l&#039;UQAC\",\"potentialAction\":[{\"@type\":\"SearchAction\",\"target\":{\"@type\":\"EntryPoint\",\"urlTemplate\":\"https:\/\/www.uqac.ca\/uqactualites\/?s={search_term_string}\"},\"query-input\":{\"@type\":\"PropertyValueSpecification\",\"valueRequired\":true,\"valueName\":\"search_term_string\"}}],\"inLanguage\":\"fr-CA\"},{\"@type\":\"Person\",\"@id\":\"https:\/\/www.uqac.ca\/uqactualites\/#\/schema\/person\/ae2225f9f23eebff67a6e899225952fb\",\"name\":\"Ghislain Samson\",\"image\":{\"@type\":\"ImageObject\",\"inLanguage\":\"fr-CA\",\"@id\":\"https:\/\/www.uqac.ca\/uqactualites\/#\/schema\/person\/image\/\",\"url\":\"https:\/\/secure.gravatar.com\/avatar\/61ad9756d7707fefb25ed321388b2105?s=96&d=mm&r=g\",\"contentUrl\":\"https:\/\/secure.gravatar.com\/avatar\/61ad9756d7707fefb25ed321388b2105?s=96&d=mm&r=g\",\"caption\":\"Ghislain Samson\"},\"url\":\"https:\/\/www.uqac.ca\/uqactualites\/author\/gsamson\/\"}]}<\/script>\r\n<!-- \/ Yoast SEO plugin. -->","yoast_head_json":{"title":"Retour sur Imaginad : Les \u00ab nadiens \u00bb en ont mis plein la vue! - UQACtualit\u00e9s","robots":{"index":"index","follow":"follow","max-snippet":"max-snippet:-1","max-image-preview":"max-image-preview:large","max-video-preview":"max-video-preview:-1"},"canonical":"https:\/\/www.uqac.ca\/uqactualites\/2023\/05\/17\/319-2\/","og_locale":"fr_CA","og_type":"article","og_title":"Retour sur Imaginad : Les \u00ab nadiens \u00bb en ont mis plein la vue! - UQACtualit\u00e9s","og_description":"Le 9 mai dernier, en compagnie de coll\u00e8gues de l\u2019UQAC et de la Fondation de l&rsquo;UQAC, je me rendais \u00e0 notre campus de Montr\u00e9al pour prendre part \u00e0 l\u2019\u00e9v\u00e9nement Imaginad pour la toute premi\u00e8re fois! J\u2019ai \u00e9t\u00e9 vraiment impressionn\u00e9 par l\u2019ampleur de cette activit\u00e9 et par la mobilisation des invit\u00e9s et invit\u00e9es. D\u2019abord, il faut [&hellip;]","og_url":"https:\/\/www.uqac.ca\/uqactualites\/2023\/05\/17\/319-2\/","og_site_name":"UQACtualit\u00e9s","article_published_time":"2023-05-17T12:24:42+00:00","article_modified_time":"2024-08-07T15:28:34+00:00","og_image":[{"width":960,"height":480,"url":"https:\/\/www.uqac.ca\/uqactualites\/wp-content\/uploads\/2023\/05\/341298476_231180509457240_7273355324997555534_n.jpg","type":"image\/jpeg"}],"author":"Ghislain Samson","twitter_card":"summary_large_image","twitter_misc":{"\u00c9crit par":"Ghislain Samson","Estimation du temps de lecture":"3 minutes"},"schema":{"@context":"https:\/\/schema.org","@graph":[{"@type":"WebPage","@id":"https:\/\/www.uqac.ca\/uqactualites\/2023\/05\/17\/319-2\/","url":"https:\/\/www.uqac.ca\/uqactualites\/2023\/05\/17\/319-2\/","name":"Retour sur Imaginad : Les \u00ab nadiens \u00bb en ont mis plein la vue! - UQACtualit\u00e9s","isPartOf":{"@id":"https:\/\/www.uqac.ca\/uqactualites\/#website"},"primaryImageOfPage":{"@id":"https:\/\/www.uqac.ca\/uqactualites\/2023\/05\/17\/319-2\/#primaryimage"},"image":{"@id":"https:\/\/www.uqac.ca\/uqactualites\/2023\/05\/17\/319-2\/#primaryimage"},"thumbnailUrl":"https:\/\/www.uqac.ca\/uqactualites\/wp-content\/uploads\/2023\/05\/341298476_231180509457240_7273355324997555534_n.jpg","datePublished":"2023-05-17T12:24:42+00:00","dateModified":"2024-08-07T15:28:34+00:00","author":{"@id":"https:\/\/www.uqac.ca\/uqactualites\/#\/schema\/person\/ae2225f9f23eebff67a6e899225952fb"},"breadcrumb":{"@id":"https:\/\/www.uqac.ca\/uqactualites\/2023\/05\/17\/319-2\/#breadcrumb"},"inLanguage":"fr-CA","potentialAction":[{"@type":"ReadAction","target":["https:\/\/www.uqac.ca\/uqactualites\/2023\/05\/17\/319-2\/"]}]},{"@type":"ImageObject","inLanguage":"fr-CA","@id":"https:\/\/www.uqac.ca\/uqactualites\/2023\/05\/17\/319-2\/#primaryimage","url":"https:\/\/www.uqac.ca\/uqactualites\/wp-content\/uploads\/2023\/05\/341298476_231180509457240_7273355324997555534_n.jpg","contentUrl":"https:\/\/www.uqac.ca\/uqactualites\/wp-content\/uploads\/2023\/05\/341298476_231180509457240_7273355324997555534_n.jpg","width":960,"height":480},{"@type":"BreadcrumbList","@id":"https:\/\/www.uqac.ca\/uqactualites\/2023\/05\/17\/319-2\/#breadcrumb","itemListElement":[{"@type":"ListItem","position":1,"name":"Home","item":"https:\/\/www.uqac.ca\/uqactualites\/"},{"@type":"ListItem","position":2,"name":"Retour sur Imaginad : Les \u00ab nadiens \u00bb en ont mis plein la vue!"}]},{"@type":"WebSite","@id":"https:\/\/www.uqac.ca\/uqactualites\/#website","url":"https:\/\/www.uqac.ca\/uqactualites\/","name":"UQACtualit\u00e9s","description":"Le portail des nouvelles de l&#039;UQAC","potentialAction":[{"@type":"SearchAction","target":{"@type":"EntryPoint","urlTemplate":"https:\/\/www.uqac.ca\/uqactualites\/?s={search_term_string}"},"query-input":{"@type":"PropertyValueSpecification","valueRequired":true,"valueName":"search_term_string"}}],"inLanguage":"fr-CA"},{"@type":"Person","@id":"https:\/\/www.uqac.ca\/uqactualites\/#\/schema\/person\/ae2225f9f23eebff67a6e899225952fb","name":"Ghislain Samson","image":{"@type":"ImageObject","inLanguage":"fr-CA","@id":"https:\/\/www.uqac.ca\/uqactualites\/#\/schema\/person\/image\/","url":"https:\/\/secure.gravatar.com\/avatar\/61ad9756d7707fefb25ed321388b2105?s=96&d=mm&r=g","contentUrl":"https:\/\/secure.gravatar.com\/avatar\/61ad9756d7707fefb25ed321388b2105?s=96&d=mm&r=g","caption":"Ghislain Samson"},"url":"https:\/\/www.uqac.ca\/uqactualites\/author\/gsamson\/"}]}},"_links":{"self":[{"href":"https:\/\/www.uqac.ca\/uqactualites\/wp-json\/wp\/v2\/posts\/319"}],"collection":[{"href":"https:\/\/www.uqac.ca\/uqactualites\/wp-json\/wp\/v2\/posts"}],"about":[{"href":"https:\/\/www.uqac.ca\/uqactualites\/wp-json\/wp\/v2\/types\/post"}],"author":[{"embeddable":true,"href":"https:\/\/www.uqac.ca\/uqactualites\/wp-json\/wp\/v2\/users\/10"}],"replies":[{"embeddable":true,"href":"https:\/\/www.uqac.ca\/uqactualites\/wp-json\/wp\/v2\/comments?post=319"}],"version-history":[{"count":1,"href":"https:\/\/www.uqac.ca\/uqactualites\/wp-json\/wp\/v2\/posts\/319\/revisions"}],"predecessor-version":[{"id":44833,"href":"https:\/\/www.uqac.ca\/uqactualites\/wp-json\/wp\/v2\/posts\/319\/revisions\/44833"}],"wp:featuredmedia":[{"embeddable":true,"href":"https:\/\/www.uqac.ca\/uqactualites\/wp-json\/wp\/v2\/media\/320"}],"wp:attachment":[{"href":"https:\/\/www.uqac.ca\/uqactualites\/wp-json\/wp\/v2\/media?parent=319"}],"wp:term":[{"taxonomy":"category","embeddable":true,"href":"https:\/\/www.uqac.ca\/uqactualites\/wp-json\/wp\/v2\/categories?post=319"},{"taxonomy":"post_tag","embeddable":true,"href":"https:\/\/www.uqac.ca\/uqactualites\/wp-json\/wp\/v2\/tags?post=319"}],"curies":[{"name":"wp","href":"https:\/\/api.w.org\/{rel}","templated":true}]}}