{"id":31949,"date":"2016-04-27T13:50:36","date_gmt":"2016-04-27T17:50:36","guid":{"rendered":"http:\/\/uqactualite.odev.ca\/?p=31949"},"modified":"2016-04-27T13:50:36","modified_gmt":"2016-04-27T17:50:36","slug":"rappel-collation-des-grades-2016-diffusion-en-direct-sur-le-web","status":"publish","type":"post","link":"https:\/\/www.uqac.ca\/uqactualites\/2016\/04\/27\/rappel-collation-des-grades-2016-diffusion-en-direct-sur-le-web\/","title":{"rendered":"Rappel  |  Collation des grades 2016\u00a0: Diffusion en direct sur le Web"},"content":{"rendered":"<p style=\"text-align: justify\">Le samedi 30 avril prochain, 1 237 finissants recevront l\u2019attestation soulignant la fin de leurs \u00e9tudes. Soyez t\u00e9moins de ce moment important du parcours de vos coll\u00e8gues \u00e9tudiants en visionnant la Collation des grades en direct sur le Web\u00a0:<\/p>\n<p style=\"text-align: center\"><strong>Samedi 30 avril 201<\/strong><strong>6<br \/>\n<span style=\"text-decoration: underline\"><a href=\"http:\/\/www.uqac.ca\/collationdesgrades\" target=\"_blank\" rel=\"noopener\">uqac.ca\/collationdesgrades<\/a><\/span><\/strong><\/p>\n<p style=\"text-align: justify\"><strong>C\u00e9r\u00e9monie de 9\u00a0h\u00a030<br \/>\n<\/strong>Pr\u00e9sentation des finissants de baccalaur\u00e9ats, de ma\u00eetrises et de doctorats dans les domaines suivants\u00a0:<\/p>\n<ul style=\"text-align: justify\">\n<li>Sciences fondamentales;<\/li>\n<li>Sciences humaines et sociales;<\/li>\n<li>Sciences de la sant\u00e9;<\/li>\n<li>Sciences appliqu\u00e9es;<\/li>\n<li>Arts et lettres;<\/li>\n<li>Informatique et math\u00e9matique;<\/li>\n<li>Baccalaur\u00e9ats par cumul de certificats.<\/li>\n<\/ul>\n<p style=\"text-align: justify\"><strong><br \/>\nC\u00e9r\u00e9monie de 15\u00a0h<br \/>\n<\/strong>Pr\u00e9sentation des finissants de baccalaur\u00e9ats, de ma\u00eetrises et de doctorats dans les domaines suivants\u00a0:<\/p>\n<ul style=\"text-align: justify\">\n<li>Sciences \u00e9conomiques et administratives;<\/li>\n<li>\u00c9cole des arts num\u00e9riques, de l\u2019animation et du design (NAD)<\/li>\n<li>Sciences de l\u2019\u00e9ducation;<\/li>\n<li>Baccalaur\u00e9at par cumul en administration des affaires.<\/li>\n<\/ul>\n<p style=\"text-align: justify\"><strong><br \/>\nRenseignements :<br \/>\n<\/strong>Marie-France Audet<br \/>\nBureau des affaires publiques<br \/>\nUniversit\u00e9 du Qu\u00e9bec \u00e0 Chicoutimi<br \/>\n418 545-5011, poste\u00a02274\u00a0 |\u00a0 <span style=\"text-decoration: underline\"><a href=\"mailto:%20marie-france.audet@uqac.ca\">marie-france.audet@uqac.ca<\/a><\/span><\/p>\n","protected":false},"excerpt":{"rendered":"<p>Le samedi 30 avril prochain, 1 237 finissants recevront l\u2019attestation soulignant la fin de leurs \u00e9tudes. Soyez t\u00e9moins de ce moment important du parcours de vos coll\u00e8gues \u00e9tudiants en visionnant la Collation des grades en direct sur le Web\u00a0: Samedi 30 avril 2016 uqac.ca\/collationdesgrades C\u00e9r\u00e9monie de 9\u00a0h\u00a030 Pr\u00e9sentation des finissants de baccalaur\u00e9ats, de ma\u00eetrises et [&hellip;]<\/p>\n","protected":false},"author":5,"featured_media":20989,"comment_status":"open","ping_status":"open","sticky":false,"template":"","format":"standard","meta":{"footnotes":""},"categories":[2772],"tags":[],"yoast_head":"<!-- This site is optimized with the Yoast SEO plugin v24.2 - https:\/\/yoast.com\/wordpress\/plugins\/seo\/ -->\r\n<title>Rappel | Collation des grades 2016\u00a0: Diffusion en direct sur le Web - UQACtualit\u00e9s<\/title>\r\n<meta name=\"robots\" content=\"index, follow, max-snippet:-1, max-image-preview:large, max-video-preview:-1\" \/>\r\n<link rel=\"canonical\" href=\"https:\/\/www.uqac.ca\/uqactualites\/2016\/04\/27\/rappel-collation-des-grades-2016-diffusion-en-direct-sur-le-web\/\" \/>\r\n<meta property=\"og:locale\" content=\"fr_CA\" \/>\r\n<meta property=\"og:type\" content=\"article\" \/>\r\n<meta property=\"og:title\" content=\"Rappel | Collation des grades 2016\u00a0: Diffusion en direct sur le Web - UQACtualit\u00e9s\" \/>\r\n<meta property=\"og:description\" content=\"Le samedi 30 avril prochain, 1 237 finissants recevront l\u2019attestation soulignant la fin de leurs \u00e9tudes. Soyez t\u00e9moins de ce moment important du parcours de vos coll\u00e8gues \u00e9tudiants en visionnant la Collation des grades en direct sur le Web\u00a0: Samedi 30 avril 2016 uqac.ca\/collationdesgrades C\u00e9r\u00e9monie de 9\u00a0h\u00a030 Pr\u00e9sentation des finissants de baccalaur\u00e9ats, de ma\u00eetrises et [&hellip;]\" \/>\r\n<meta property=\"og:url\" content=\"https:\/\/www.uqac.ca\/uqactualites\/2016\/04\/27\/rappel-collation-des-grades-2016-diffusion-en-direct-sur-le-web\/\" \/>\r\n<meta property=\"og:site_name\" content=\"UQACtualit\u00e9s\" \/>\r\n<meta property=\"article:published_time\" content=\"2016-04-27T17:50:36+00:00\" \/>\r\n<meta property=\"og:image\" content=\"https:\/\/www.uqac.ca\/uqactualites\/wp-content\/uploads\/2012\/05\/avis-laCommunaut-.jpg\" \/>\r\n\t<meta property=\"og:image:width\" content=\"620\" \/>\r\n\t<meta property=\"og:image:height\" content=\"300\" \/>\r\n\t<meta property=\"og:image:type\" content=\"image\/jpeg\" \/>\r\n<meta name=\"author\" content=\"Service des communications et des relations publiques\" \/>\r\n<meta name=\"twitter:card\" content=\"summary_large_image\" \/>\r\n<meta name=\"twitter:label1\" content=\"\u00c9crit par\" \/>\n\t<meta name=\"twitter:data1\" content=\"Service des communications et des relations publiques\" \/>\n\t<meta name=\"twitter:label2\" content=\"Estimation du temps de lecture\" \/>\n\t<meta name=\"twitter:data2\" content=\"1 minute\" \/>\r\n<script type=\"application\/ld+json\" class=\"yoast-schema-graph\">{\"@context\":\"https:\/\/schema.org\",\"@graph\":[{\"@type\":\"WebPage\",\"@id\":\"https:\/\/www.uqac.ca\/uqactualites\/2016\/04\/27\/rappel-collation-des-grades-2016-diffusion-en-direct-sur-le-web\/\",\"url\":\"https:\/\/www.uqac.ca\/uqactualites\/2016\/04\/27\/rappel-collation-des-grades-2016-diffusion-en-direct-sur-le-web\/\",\"name\":\"Rappel | Collation des grades 2016\u00a0: Diffusion en direct sur le Web - UQACtualit\u00e9s\",\"isPartOf\":{\"@id\":\"https:\/\/www.uqac.ca\/uqactualites\/#website\"},\"primaryImageOfPage\":{\"@id\":\"https:\/\/www.uqac.ca\/uqactualites\/2016\/04\/27\/rappel-collation-des-grades-2016-diffusion-en-direct-sur-le-web\/#primaryimage\"},\"image\":{\"@id\":\"https:\/\/www.uqac.ca\/uqactualites\/2016\/04\/27\/rappel-collation-des-grades-2016-diffusion-en-direct-sur-le-web\/#primaryimage\"},\"thumbnailUrl\":\"https:\/\/www.uqac.ca\/uqactualites\/wp-content\/uploads\/2012\/05\/avis-laCommunaut-.jpg\",\"datePublished\":\"2016-04-27T17:50:36+00:00\",\"dateModified\":\"2016-04-27T17:50:36+00:00\",\"author\":{\"@id\":\"https:\/\/www.uqac.ca\/uqactualites\/#\/schema\/person\/366c45a0c4f0e677b41b4af5886e2018\"},\"breadcrumb\":{\"@id\":\"https:\/\/www.uqac.ca\/uqactualites\/2016\/04\/27\/rappel-collation-des-grades-2016-diffusion-en-direct-sur-le-web\/#breadcrumb\"},\"inLanguage\":\"fr-CA\",\"potentialAction\":[{\"@type\":\"ReadAction\",\"target\":[\"https:\/\/www.uqac.ca\/uqactualites\/2016\/04\/27\/rappel-collation-des-grades-2016-diffusion-en-direct-sur-le-web\/\"]}]},{\"@type\":\"ImageObject\",\"inLanguage\":\"fr-CA\",\"@id\":\"https:\/\/www.uqac.ca\/uqactualites\/2016\/04\/27\/rappel-collation-des-grades-2016-diffusion-en-direct-sur-le-web\/#primaryimage\",\"url\":\"https:\/\/www.uqac.ca\/uqactualites\/wp-content\/uploads\/2012\/05\/avis-laCommunaut-.jpg\",\"contentUrl\":\"https:\/\/www.uqac.ca\/uqactualites\/wp-content\/uploads\/2012\/05\/avis-laCommunaut-.jpg\",\"width\":620,\"height\":300},{\"@type\":\"BreadcrumbList\",\"@id\":\"https:\/\/www.uqac.ca\/uqactualites\/2016\/04\/27\/rappel-collation-des-grades-2016-diffusion-en-direct-sur-le-web\/#breadcrumb\",\"itemListElement\":[{\"@type\":\"ListItem\",\"position\":1,\"name\":\"Home\",\"item\":\"https:\/\/www.uqac.ca\/uqactualites\/\"},{\"@type\":\"ListItem\",\"position\":2,\"name\":\"Rappel | Collation des grades 2016\u00a0: Diffusion en direct sur le Web\"}]},{\"@type\":\"WebSite\",\"@id\":\"https:\/\/www.uqac.ca\/uqactualites\/#website\",\"url\":\"https:\/\/www.uqac.ca\/uqactualites\/\",\"name\":\"UQACtualit\u00e9s\",\"description\":\"Le portail des nouvelles de l&#039;UQAC\",\"potentialAction\":[{\"@type\":\"SearchAction\",\"target\":{\"@type\":\"EntryPoint\",\"urlTemplate\":\"https:\/\/www.uqac.ca\/uqactualites\/?s={search_term_string}\"},\"query-input\":{\"@type\":\"PropertyValueSpecification\",\"valueRequired\":true,\"valueName\":\"search_term_string\"}}],\"inLanguage\":\"fr-CA\"},{\"@type\":\"Person\",\"@id\":\"https:\/\/www.uqac.ca\/uqactualites\/#\/schema\/person\/366c45a0c4f0e677b41b4af5886e2018\",\"name\":\"Service des communications et des relations publiques\",\"image\":{\"@type\":\"ImageObject\",\"inLanguage\":\"fr-CA\",\"@id\":\"https:\/\/www.uqac.ca\/uqactualites\/#\/schema\/person\/image\/\",\"url\":\"https:\/\/secure.gravatar.com\/avatar\/20fbbda8a292f59f2d3461a5b999c00b?s=96&d=mm&r=g\",\"contentUrl\":\"https:\/\/secure.gravatar.com\/avatar\/20fbbda8a292f59f2d3461a5b999c00b?s=96&d=mm&r=g\",\"caption\":\"Service des communications et des relations publiques\"},\"url\":\"https:\/\/www.uqac.ca\/uqactualites\/author\/bap\/\"}]}<\/script>\r\n<!-- \/ Yoast SEO plugin. -->","yoast_head_json":{"title":"Rappel | Collation des grades 2016\u00a0: Diffusion en direct sur le Web - UQACtualit\u00e9s","robots":{"index":"index","follow":"follow","max-snippet":"max-snippet:-1","max-image-preview":"max-image-preview:large","max-video-preview":"max-video-preview:-1"},"canonical":"https:\/\/www.uqac.ca\/uqactualites\/2016\/04\/27\/rappel-collation-des-grades-2016-diffusion-en-direct-sur-le-web\/","og_locale":"fr_CA","og_type":"article","og_title":"Rappel | Collation des grades 2016\u00a0: Diffusion en direct sur le Web - UQACtualit\u00e9s","og_description":"Le samedi 30 avril prochain, 1 237 finissants recevront l\u2019attestation soulignant la fin de leurs \u00e9tudes. Soyez t\u00e9moins de ce moment important du parcours de vos coll\u00e8gues \u00e9tudiants en visionnant la Collation des grades en direct sur le Web\u00a0: Samedi 30 avril 2016 uqac.ca\/collationdesgrades C\u00e9r\u00e9monie de 9\u00a0h\u00a030 Pr\u00e9sentation des finissants de baccalaur\u00e9ats, de ma\u00eetrises et [&hellip;]","og_url":"https:\/\/www.uqac.ca\/uqactualites\/2016\/04\/27\/rappel-collation-des-grades-2016-diffusion-en-direct-sur-le-web\/","og_site_name":"UQACtualit\u00e9s","article_published_time":"2016-04-27T17:50:36+00:00","og_image":[{"width":620,"height":300,"url":"https:\/\/www.uqac.ca\/uqactualites\/wp-content\/uploads\/2012\/05\/avis-laCommunaut-.jpg","type":"image\/jpeg"}],"author":"Service des communications et des relations publiques","twitter_card":"summary_large_image","twitter_misc":{"\u00c9crit par":"Service des communications et des relations publiques","Estimation du temps de lecture":"1 minute"},"schema":{"@context":"https:\/\/schema.org","@graph":[{"@type":"WebPage","@id":"https:\/\/www.uqac.ca\/uqactualites\/2016\/04\/27\/rappel-collation-des-grades-2016-diffusion-en-direct-sur-le-web\/","url":"https:\/\/www.uqac.ca\/uqactualites\/2016\/04\/27\/rappel-collation-des-grades-2016-diffusion-en-direct-sur-le-web\/","name":"Rappel | Collation des grades 2016\u00a0: Diffusion en direct sur le Web - UQACtualit\u00e9s","isPartOf":{"@id":"https:\/\/www.uqac.ca\/uqactualites\/#website"},"primaryImageOfPage":{"@id":"https:\/\/www.uqac.ca\/uqactualites\/2016\/04\/27\/rappel-collation-des-grades-2016-diffusion-en-direct-sur-le-web\/#primaryimage"},"image":{"@id":"https:\/\/www.uqac.ca\/uqactualites\/2016\/04\/27\/rappel-collation-des-grades-2016-diffusion-en-direct-sur-le-web\/#primaryimage"},"thumbnailUrl":"https:\/\/www.uqac.ca\/uqactualites\/wp-content\/uploads\/2012\/05\/avis-laCommunaut-.jpg","datePublished":"2016-04-27T17:50:36+00:00","dateModified":"2016-04-27T17:50:36+00:00","author":{"@id":"https:\/\/www.uqac.ca\/uqactualites\/#\/schema\/person\/366c45a0c4f0e677b41b4af5886e2018"},"breadcrumb":{"@id":"https:\/\/www.uqac.ca\/uqactualites\/2016\/04\/27\/rappel-collation-des-grades-2016-diffusion-en-direct-sur-le-web\/#breadcrumb"},"inLanguage":"fr-CA","potentialAction":[{"@type":"ReadAction","target":["https:\/\/www.uqac.ca\/uqactualites\/2016\/04\/27\/rappel-collation-des-grades-2016-diffusion-en-direct-sur-le-web\/"]}]},{"@type":"ImageObject","inLanguage":"fr-CA","@id":"https:\/\/www.uqac.ca\/uqactualites\/2016\/04\/27\/rappel-collation-des-grades-2016-diffusion-en-direct-sur-le-web\/#primaryimage","url":"https:\/\/www.uqac.ca\/uqactualites\/wp-content\/uploads\/2012\/05\/avis-laCommunaut-.jpg","contentUrl":"https:\/\/www.uqac.ca\/uqactualites\/wp-content\/uploads\/2012\/05\/avis-laCommunaut-.jpg","width":620,"height":300},{"@type":"BreadcrumbList","@id":"https:\/\/www.uqac.ca\/uqactualites\/2016\/04\/27\/rappel-collation-des-grades-2016-diffusion-en-direct-sur-le-web\/#breadcrumb","itemListElement":[{"@type":"ListItem","position":1,"name":"Home","item":"https:\/\/www.uqac.ca\/uqactualites\/"},{"@type":"ListItem","position":2,"name":"Rappel | Collation des grades 2016\u00a0: Diffusion en direct sur le Web"}]},{"@type":"WebSite","@id":"https:\/\/www.uqac.ca\/uqactualites\/#website","url":"https:\/\/www.uqac.ca\/uqactualites\/","name":"UQACtualit\u00e9s","description":"Le portail des nouvelles de l&#039;UQAC","potentialAction":[{"@type":"SearchAction","target":{"@type":"EntryPoint","urlTemplate":"https:\/\/www.uqac.ca\/uqactualites\/?s={search_term_string}"},"query-input":{"@type":"PropertyValueSpecification","valueRequired":true,"valueName":"search_term_string"}}],"inLanguage":"fr-CA"},{"@type":"Person","@id":"https:\/\/www.uqac.ca\/uqactualites\/#\/schema\/person\/366c45a0c4f0e677b41b4af5886e2018","name":"Service des communications et des relations publiques","image":{"@type":"ImageObject","inLanguage":"fr-CA","@id":"https:\/\/www.uqac.ca\/uqactualites\/#\/schema\/person\/image\/","url":"https:\/\/secure.gravatar.com\/avatar\/20fbbda8a292f59f2d3461a5b999c00b?s=96&d=mm&r=g","contentUrl":"https:\/\/secure.gravatar.com\/avatar\/20fbbda8a292f59f2d3461a5b999c00b?s=96&d=mm&r=g","caption":"Service des communications et des relations publiques"},"url":"https:\/\/www.uqac.ca\/uqactualites\/author\/bap\/"}]}},"_links":{"self":[{"href":"https:\/\/www.uqac.ca\/uqactualites\/wp-json\/wp\/v2\/posts\/31949"}],"collection":[{"href":"https:\/\/www.uqac.ca\/uqactualites\/wp-json\/wp\/v2\/posts"}],"about":[{"href":"https:\/\/www.uqac.ca\/uqactualites\/wp-json\/wp\/v2\/types\/post"}],"author":[{"embeddable":true,"href":"https:\/\/www.uqac.ca\/uqactualites\/wp-json\/wp\/v2\/users\/5"}],"replies":[{"embeddable":true,"href":"https:\/\/www.uqac.ca\/uqactualites\/wp-json\/wp\/v2\/comments?post=31949"}],"version-history":[{"count":0,"href":"https:\/\/www.uqac.ca\/uqactualites\/wp-json\/wp\/v2\/posts\/31949\/revisions"}],"wp:featuredmedia":[{"embeddable":true,"href":"https:\/\/www.uqac.ca\/uqactualites\/wp-json\/wp\/v2\/media\/20989"}],"wp:attachment":[{"href":"https:\/\/www.uqac.ca\/uqactualites\/wp-json\/wp\/v2\/media?parent=31949"}],"wp:term":[{"taxonomy":"category","embeddable":true,"href":"https:\/\/www.uqac.ca\/uqactualites\/wp-json\/wp\/v2\/categories?post=31949"},{"taxonomy":"post_tag","embeddable":true,"href":"https:\/\/www.uqac.ca\/uqactualites\/wp-json\/wp\/v2\/tags?post=31949"}],"curies":[{"name":"wp","href":"https:\/\/api.w.org\/{rel}","templated":true}]}}