{"id":31959,"date":"2016-04-21T13:53:48","date_gmt":"2016-04-21T17:53:48","guid":{"rendered":"http:\/\/uqactualite.odev.ca\/?p=31959"},"modified":"2016-04-21T13:53:48","modified_gmt":"2016-04-21T17:53:48","slug":"deux-etudiants-en-ingenierie-de-luqac-nommes-boursiers-de-la-fondation-de-loiq","status":"publish","type":"post","link":"https:\/\/www.uqac.ca\/uqactualites\/2016\/04\/21\/deux-etudiants-en-ingenierie-de-luqac-nommes-boursiers-de-la-fondation-de-loiq\/","title":{"rendered":"Deux \u00e9tudiants en ing\u00e9nierie de l\u2019UQAC\u00a0nomm\u00e9s boursiers de la Fondation de l\u2019OIQ"},"content":{"rendered":"<p style=\"text-align: justify\">La Fondation de l\u2019Ordre des ing\u00e9nieurs du Qu\u00e9bec (OIQ) d\u00e9voilait le lundi 18 avril dernier la liste de ses boursiers pour 2016. C\u2019est \u00e0 l\u2019occasion de la Soir\u00e9e de l\u2019excellence en g\u00e9nie, tenue dans le cadre du Colloque annuel de l\u2019OIQ, qu\u2019ont \u00e9t\u00e9 d\u00e9cern\u00e9s ces honneurs visant \u00e0 soutenir la rel\u00e8ve dans le domaine.<\/p>\n<p style=\"text-align: justify\">Yohan Bergeron et Maxim Fortin, \u00e9tudiants au <span style=\"text-decoration: underline\"><a href=\"http:\/\/programmes.uqac.ca\/7944\" target=\"_blank\" rel=\"noopener\">baccalaur\u00e9at en g\u00e9nie \u00e9lectrique<\/a><\/span> de l\u2019UQAC, ont tous deux \u00e9t\u00e9 nomm\u00e9s laur\u00e9ats universitaires. La Bourse de l\u2019Avenir de la profession qui leur a \u00e9t\u00e9 remise s\u2019\u00e9l\u00e8ve \u00e0 hauteur de 3 000 $.<\/p>\n<p style=\"text-align: justify\">Toutes nos f\u00e9licitations!<\/p>\n<p style=\"text-align: justify\">Consultez en ligne le <span style=\"text-decoration: underline\"><a href=\"http:\/\/www.oiq.qc.ca\/fr\/sallePresse\/communiquesDePresse\/Pages\/default.aspx?communiqueID=205\" target=\"_blank\" rel=\"noopener\">communiqu\u00e9 officiel de l\u2019Ordre des ing\u00e9nieurs du Qu\u00e9bec<\/a><\/span>.<\/p>\n<p style=\"text-align: justify\"><span style=\"color: #808080\"><strong><br \/>\nRenseignements\u00a0:<br \/>\n<\/strong>Patrick Leblanc, conseiller en communications<\/span><br \/>\n<span style=\"color: #808080\">Ordre des ing\u00e9nieurs du Qu\u00e9bec<\/span><br \/>\n<span style=\"color: #808080\">514 845-6141, poste 3108\u00a0 |\u00a0 <span style=\"text-decoration: underline\"><a href=\"http:\/\/www.oiq.qc.ca\/\" target=\"_blank\" rel=\"noopener\"><span style=\"color: #808080;text-decoration: underline\">www.oiq.qc.ca<\/span><\/a><\/span><\/span><\/p>\n<p style=\"text-align: justify\"><span style=\"color: #808080\">\u00a9 123RF (chelovek)<\/span><\/p>\n","protected":false},"excerpt":{"rendered":"<p>La Fondation de l\u2019Ordre des ing\u00e9nieurs du Qu\u00e9bec (OIQ) d\u00e9voilait le lundi 18 avril dernier la liste de ses boursiers pour 2016. C\u2019est \u00e0 l\u2019occasion de la Soir\u00e9e de l\u2019excellence en g\u00e9nie, tenue dans le cadre du Colloque annuel de l\u2019OIQ, qu\u2019ont \u00e9t\u00e9 d\u00e9cern\u00e9s ces honneurs visant \u00e0 soutenir la rel\u00e8ve dans le domaine. Yohan [&hellip;]<\/p>\n","protected":false},"author":5,"featured_media":31960,"comment_status":"open","ping_status":"open","sticky":false,"template":"","format":"standard","meta":{"footnotes":""},"categories":[2,9],"tags":[],"yoast_head":"<!-- This site is optimized with the Yoast SEO plugin v24.2 - https:\/\/yoast.com\/wordpress\/plugins\/seo\/ -->\r\n<title>Deux \u00e9tudiants en ing\u00e9nierie de l\u2019UQAC\u00a0nomm\u00e9s boursiers de la Fondation de l\u2019OIQ - UQACtualit\u00e9s<\/title>\r\n<meta name=\"robots\" content=\"index, follow, max-snippet:-1, max-image-preview:large, max-video-preview:-1\" \/>\r\n<link rel=\"canonical\" href=\"https:\/\/www.uqac.ca\/uqactualites\/2016\/04\/21\/deux-etudiants-en-ingenierie-de-luqac-nommes-boursiers-de-la-fondation-de-loiq\/\" \/>\r\n<meta property=\"og:locale\" content=\"fr_CA\" \/>\r\n<meta property=\"og:type\" content=\"article\" \/>\r\n<meta property=\"og:title\" content=\"Deux \u00e9tudiants en ing\u00e9nierie de l\u2019UQAC\u00a0nomm\u00e9s boursiers de la Fondation de l\u2019OIQ - UQACtualit\u00e9s\" \/>\r\n<meta property=\"og:description\" content=\"La Fondation de l\u2019Ordre des ing\u00e9nieurs du Qu\u00e9bec (OIQ) d\u00e9voilait le lundi 18 avril dernier la liste de ses boursiers pour 2016. C\u2019est \u00e0 l\u2019occasion de la Soir\u00e9e de l\u2019excellence en g\u00e9nie, tenue dans le cadre du Colloque annuel de l\u2019OIQ, qu\u2019ont \u00e9t\u00e9 d\u00e9cern\u00e9s ces honneurs visant \u00e0 soutenir la rel\u00e8ve dans le domaine. Yohan [&hellip;]\" \/>\r\n<meta property=\"og:url\" content=\"https:\/\/www.uqac.ca\/uqactualites\/2016\/04\/21\/deux-etudiants-en-ingenierie-de-luqac-nommes-boursiers-de-la-fondation-de-loiq\/\" \/>\r\n<meta property=\"og:site_name\" content=\"UQACtualit\u00e9s\" \/>\r\n<meta property=\"article:published_time\" content=\"2016-04-21T17:53:48+00:00\" \/>\r\n<meta property=\"og:image\" content=\"https:\/\/www.uqac.ca\/uqactualites\/wp-content\/uploads\/2016\/04\/GRAFUqactualit\u00e9_BaccGenieElectriqueH16-01-123RF-chelovek.jpg\" \/>\r\n\t<meta property=\"og:image:width\" content=\"620\" \/>\r\n\t<meta property=\"og:image:height\" content=\"300\" \/>\r\n\t<meta property=\"og:image:type\" content=\"image\/jpeg\" \/>\r\n<meta name=\"author\" content=\"Service des communications et des relations publiques\" \/>\r\n<meta name=\"twitter:card\" content=\"summary_large_image\" \/>\r\n<meta name=\"twitter:label1\" content=\"\u00c9crit par\" \/>\n\t<meta name=\"twitter:data1\" content=\"Service des communications et des relations publiques\" \/>\n\t<meta name=\"twitter:label2\" content=\"Estimation du temps de lecture\" \/>\n\t<meta name=\"twitter:data2\" content=\"1 minute\" \/>\r\n<script type=\"application\/ld+json\" class=\"yoast-schema-graph\">{\"@context\":\"https:\/\/schema.org\",\"@graph\":[{\"@type\":\"WebPage\",\"@id\":\"https:\/\/www.uqac.ca\/uqactualites\/2016\/04\/21\/deux-etudiants-en-ingenierie-de-luqac-nommes-boursiers-de-la-fondation-de-loiq\/\",\"url\":\"https:\/\/www.uqac.ca\/uqactualites\/2016\/04\/21\/deux-etudiants-en-ingenierie-de-luqac-nommes-boursiers-de-la-fondation-de-loiq\/\",\"name\":\"Deux \u00e9tudiants en ing\u00e9nierie de l\u2019UQAC\u00a0nomm\u00e9s boursiers de la Fondation de l\u2019OIQ - UQACtualit\u00e9s\",\"isPartOf\":{\"@id\":\"https:\/\/www.uqac.ca\/uqactualites\/#website\"},\"primaryImageOfPage\":{\"@id\":\"https:\/\/www.uqac.ca\/uqactualites\/2016\/04\/21\/deux-etudiants-en-ingenierie-de-luqac-nommes-boursiers-de-la-fondation-de-loiq\/#primaryimage\"},\"image\":{\"@id\":\"https:\/\/www.uqac.ca\/uqactualites\/2016\/04\/21\/deux-etudiants-en-ingenierie-de-luqac-nommes-boursiers-de-la-fondation-de-loiq\/#primaryimage\"},\"thumbnailUrl\":\"https:\/\/www.uqac.ca\/uqactualites\/wp-content\/uploads\/2016\/04\/GRAFUqactualit\u00e9_BaccGenieElectriqueH16-01-123RF-chelovek.jpg\",\"datePublished\":\"2016-04-21T17:53:48+00:00\",\"dateModified\":\"2016-04-21T17:53:48+00:00\",\"author\":{\"@id\":\"https:\/\/www.uqac.ca\/uqactualites\/#\/schema\/person\/366c45a0c4f0e677b41b4af5886e2018\"},\"breadcrumb\":{\"@id\":\"https:\/\/www.uqac.ca\/uqactualites\/2016\/04\/21\/deux-etudiants-en-ingenierie-de-luqac-nommes-boursiers-de-la-fondation-de-loiq\/#breadcrumb\"},\"inLanguage\":\"fr-CA\",\"potentialAction\":[{\"@type\":\"ReadAction\",\"target\":[\"https:\/\/www.uqac.ca\/uqactualites\/2016\/04\/21\/deux-etudiants-en-ingenierie-de-luqac-nommes-boursiers-de-la-fondation-de-loiq\/\"]}]},{\"@type\":\"ImageObject\",\"inLanguage\":\"fr-CA\",\"@id\":\"https:\/\/www.uqac.ca\/uqactualites\/2016\/04\/21\/deux-etudiants-en-ingenierie-de-luqac-nommes-boursiers-de-la-fondation-de-loiq\/#primaryimage\",\"url\":\"https:\/\/www.uqac.ca\/uqactualites\/wp-content\/uploads\/2016\/04\/GRAFUqactualit\u00e9_BaccGenieElectriqueH16-01-123RF-chelovek.jpg\",\"contentUrl\":\"https:\/\/www.uqac.ca\/uqactualites\/wp-content\/uploads\/2016\/04\/GRAFUqactualit\u00e9_BaccGenieElectriqueH16-01-123RF-chelovek.jpg\",\"width\":620,\"height\":300},{\"@type\":\"BreadcrumbList\",\"@id\":\"https:\/\/www.uqac.ca\/uqactualites\/2016\/04\/21\/deux-etudiants-en-ingenierie-de-luqac-nommes-boursiers-de-la-fondation-de-loiq\/#breadcrumb\",\"itemListElement\":[{\"@type\":\"ListItem\",\"position\":1,\"name\":\"Home\",\"item\":\"https:\/\/www.uqac.ca\/uqactualites\/\"},{\"@type\":\"ListItem\",\"position\":2,\"name\":\"Deux \u00e9tudiants en ing\u00e9nierie de l\u2019UQAC\u00a0nomm\u00e9s boursiers de la Fondation de l\u2019OIQ\"}]},{\"@type\":\"WebSite\",\"@id\":\"https:\/\/www.uqac.ca\/uqactualites\/#website\",\"url\":\"https:\/\/www.uqac.ca\/uqactualites\/\",\"name\":\"UQACtualit\u00e9s\",\"description\":\"Le portail des nouvelles de l&#039;UQAC\",\"potentialAction\":[{\"@type\":\"SearchAction\",\"target\":{\"@type\":\"EntryPoint\",\"urlTemplate\":\"https:\/\/www.uqac.ca\/uqactualites\/?s={search_term_string}\"},\"query-input\":{\"@type\":\"PropertyValueSpecification\",\"valueRequired\":true,\"valueName\":\"search_term_string\"}}],\"inLanguage\":\"fr-CA\"},{\"@type\":\"Person\",\"@id\":\"https:\/\/www.uqac.ca\/uqactualites\/#\/schema\/person\/366c45a0c4f0e677b41b4af5886e2018\",\"name\":\"Service des communications et des relations publiques\",\"image\":{\"@type\":\"ImageObject\",\"inLanguage\":\"fr-CA\",\"@id\":\"https:\/\/www.uqac.ca\/uqactualites\/#\/schema\/person\/image\/\",\"url\":\"https:\/\/secure.gravatar.com\/avatar\/20fbbda8a292f59f2d3461a5b999c00b?s=96&d=mm&r=g\",\"contentUrl\":\"https:\/\/secure.gravatar.com\/avatar\/20fbbda8a292f59f2d3461a5b999c00b?s=96&d=mm&r=g\",\"caption\":\"Service des communications et des relations publiques\"},\"url\":\"https:\/\/www.uqac.ca\/uqactualites\/author\/bap\/\"}]}<\/script>\r\n<!-- \/ Yoast SEO plugin. -->","yoast_head_json":{"title":"Deux \u00e9tudiants en ing\u00e9nierie de l\u2019UQAC\u00a0nomm\u00e9s boursiers de la Fondation de l\u2019OIQ - UQACtualit\u00e9s","robots":{"index":"index","follow":"follow","max-snippet":"max-snippet:-1","max-image-preview":"max-image-preview:large","max-video-preview":"max-video-preview:-1"},"canonical":"https:\/\/www.uqac.ca\/uqactualites\/2016\/04\/21\/deux-etudiants-en-ingenierie-de-luqac-nommes-boursiers-de-la-fondation-de-loiq\/","og_locale":"fr_CA","og_type":"article","og_title":"Deux \u00e9tudiants en ing\u00e9nierie de l\u2019UQAC\u00a0nomm\u00e9s boursiers de la Fondation de l\u2019OIQ - UQACtualit\u00e9s","og_description":"La Fondation de l\u2019Ordre des ing\u00e9nieurs du Qu\u00e9bec (OIQ) d\u00e9voilait le lundi 18 avril dernier la liste de ses boursiers pour 2016. C\u2019est \u00e0 l\u2019occasion de la Soir\u00e9e de l\u2019excellence en g\u00e9nie, tenue dans le cadre du Colloque annuel de l\u2019OIQ, qu\u2019ont \u00e9t\u00e9 d\u00e9cern\u00e9s ces honneurs visant \u00e0 soutenir la rel\u00e8ve dans le domaine. Yohan [&hellip;]","og_url":"https:\/\/www.uqac.ca\/uqactualites\/2016\/04\/21\/deux-etudiants-en-ingenierie-de-luqac-nommes-boursiers-de-la-fondation-de-loiq\/","og_site_name":"UQACtualit\u00e9s","article_published_time":"2016-04-21T17:53:48+00:00","og_image":[{"width":620,"height":300,"url":"https:\/\/www.uqac.ca\/uqactualites\/wp-content\/uploads\/2016\/04\/GRAFUqactualit\u00e9_BaccGenieElectriqueH16-01-123RF-chelovek.jpg","type":"image\/jpeg"}],"author":"Service des communications et des relations publiques","twitter_card":"summary_large_image","twitter_misc":{"\u00c9crit par":"Service des communications et des relations publiques","Estimation du temps de lecture":"1 minute"},"schema":{"@context":"https:\/\/schema.org","@graph":[{"@type":"WebPage","@id":"https:\/\/www.uqac.ca\/uqactualites\/2016\/04\/21\/deux-etudiants-en-ingenierie-de-luqac-nommes-boursiers-de-la-fondation-de-loiq\/","url":"https:\/\/www.uqac.ca\/uqactualites\/2016\/04\/21\/deux-etudiants-en-ingenierie-de-luqac-nommes-boursiers-de-la-fondation-de-loiq\/","name":"Deux \u00e9tudiants en ing\u00e9nierie de l\u2019UQAC\u00a0nomm\u00e9s boursiers de la Fondation de l\u2019OIQ - UQACtualit\u00e9s","isPartOf":{"@id":"https:\/\/www.uqac.ca\/uqactualites\/#website"},"primaryImageOfPage":{"@id":"https:\/\/www.uqac.ca\/uqactualites\/2016\/04\/21\/deux-etudiants-en-ingenierie-de-luqac-nommes-boursiers-de-la-fondation-de-loiq\/#primaryimage"},"image":{"@id":"https:\/\/www.uqac.ca\/uqactualites\/2016\/04\/21\/deux-etudiants-en-ingenierie-de-luqac-nommes-boursiers-de-la-fondation-de-loiq\/#primaryimage"},"thumbnailUrl":"https:\/\/www.uqac.ca\/uqactualites\/wp-content\/uploads\/2016\/04\/GRAFUqactualit\u00e9_BaccGenieElectriqueH16-01-123RF-chelovek.jpg","datePublished":"2016-04-21T17:53:48+00:00","dateModified":"2016-04-21T17:53:48+00:00","author":{"@id":"https:\/\/www.uqac.ca\/uqactualites\/#\/schema\/person\/366c45a0c4f0e677b41b4af5886e2018"},"breadcrumb":{"@id":"https:\/\/www.uqac.ca\/uqactualites\/2016\/04\/21\/deux-etudiants-en-ingenierie-de-luqac-nommes-boursiers-de-la-fondation-de-loiq\/#breadcrumb"},"inLanguage":"fr-CA","potentialAction":[{"@type":"ReadAction","target":["https:\/\/www.uqac.ca\/uqactualites\/2016\/04\/21\/deux-etudiants-en-ingenierie-de-luqac-nommes-boursiers-de-la-fondation-de-loiq\/"]}]},{"@type":"ImageObject","inLanguage":"fr-CA","@id":"https:\/\/www.uqac.ca\/uqactualites\/2016\/04\/21\/deux-etudiants-en-ingenierie-de-luqac-nommes-boursiers-de-la-fondation-de-loiq\/#primaryimage","url":"https:\/\/www.uqac.ca\/uqactualites\/wp-content\/uploads\/2016\/04\/GRAFUqactualit\u00e9_BaccGenieElectriqueH16-01-123RF-chelovek.jpg","contentUrl":"https:\/\/www.uqac.ca\/uqactualites\/wp-content\/uploads\/2016\/04\/GRAFUqactualit\u00e9_BaccGenieElectriqueH16-01-123RF-chelovek.jpg","width":620,"height":300},{"@type":"BreadcrumbList","@id":"https:\/\/www.uqac.ca\/uqactualites\/2016\/04\/21\/deux-etudiants-en-ingenierie-de-luqac-nommes-boursiers-de-la-fondation-de-loiq\/#breadcrumb","itemListElement":[{"@type":"ListItem","position":1,"name":"Home","item":"https:\/\/www.uqac.ca\/uqactualites\/"},{"@type":"ListItem","position":2,"name":"Deux \u00e9tudiants en ing\u00e9nierie de l\u2019UQAC\u00a0nomm\u00e9s boursiers de la Fondation de l\u2019OIQ"}]},{"@type":"WebSite","@id":"https:\/\/www.uqac.ca\/uqactualites\/#website","url":"https:\/\/www.uqac.ca\/uqactualites\/","name":"UQACtualit\u00e9s","description":"Le portail des nouvelles de l&#039;UQAC","potentialAction":[{"@type":"SearchAction","target":{"@type":"EntryPoint","urlTemplate":"https:\/\/www.uqac.ca\/uqactualites\/?s={search_term_string}"},"query-input":{"@type":"PropertyValueSpecification","valueRequired":true,"valueName":"search_term_string"}}],"inLanguage":"fr-CA"},{"@type":"Person","@id":"https:\/\/www.uqac.ca\/uqactualites\/#\/schema\/person\/366c45a0c4f0e677b41b4af5886e2018","name":"Service des communications et des relations publiques","image":{"@type":"ImageObject","inLanguage":"fr-CA","@id":"https:\/\/www.uqac.ca\/uqactualites\/#\/schema\/person\/image\/","url":"https:\/\/secure.gravatar.com\/avatar\/20fbbda8a292f59f2d3461a5b999c00b?s=96&d=mm&r=g","contentUrl":"https:\/\/secure.gravatar.com\/avatar\/20fbbda8a292f59f2d3461a5b999c00b?s=96&d=mm&r=g","caption":"Service des communications et des relations publiques"},"url":"https:\/\/www.uqac.ca\/uqactualites\/author\/bap\/"}]}},"_links":{"self":[{"href":"https:\/\/www.uqac.ca\/uqactualites\/wp-json\/wp\/v2\/posts\/31959"}],"collection":[{"href":"https:\/\/www.uqac.ca\/uqactualites\/wp-json\/wp\/v2\/posts"}],"about":[{"href":"https:\/\/www.uqac.ca\/uqactualites\/wp-json\/wp\/v2\/types\/post"}],"author":[{"embeddable":true,"href":"https:\/\/www.uqac.ca\/uqactualites\/wp-json\/wp\/v2\/users\/5"}],"replies":[{"embeddable":true,"href":"https:\/\/www.uqac.ca\/uqactualites\/wp-json\/wp\/v2\/comments?post=31959"}],"version-history":[{"count":0,"href":"https:\/\/www.uqac.ca\/uqactualites\/wp-json\/wp\/v2\/posts\/31959\/revisions"}],"wp:featuredmedia":[{"embeddable":true,"href":"https:\/\/www.uqac.ca\/uqactualites\/wp-json\/wp\/v2\/media\/31960"}],"wp:attachment":[{"href":"https:\/\/www.uqac.ca\/uqactualites\/wp-json\/wp\/v2\/media?parent=31959"}],"wp:term":[{"taxonomy":"category","embeddable":true,"href":"https:\/\/www.uqac.ca\/uqactualites\/wp-json\/wp\/v2\/categories?post=31959"},{"taxonomy":"post_tag","embeddable":true,"href":"https:\/\/www.uqac.ca\/uqactualites\/wp-json\/wp\/v2\/tags?post=31959"}],"curies":[{"name":"wp","href":"https:\/\/api.w.org\/{rel}","templated":true}]}}