{"id":31976,"date":"2016-04-29T08:35:42","date_gmt":"2016-04-29T12:35:42","guid":{"rendered":"http:\/\/uqactualite.odev.ca\/?p=31976"},"modified":"2016-04-29T08:35:42","modified_gmt":"2016-04-29T12:35:42","slug":"luqac-celebre-lexcellence-ceremonie-de-remise-de-doctorats-honorifiques-collation-des-grades","status":"publish","type":"post","link":"https:\/\/www.uqac.ca\/uqactualites\/2016\/04\/29\/luqac-celebre-lexcellence-ceremonie-de-remise-de-doctorats-honorifiques-collation-des-grades\/","title":{"rendered":"L\u2019UQAC c\u00e9l\u00e8bre l\u2019excellence\u00a0:\u00a0C\u00e9r\u00e9monie de remise de doctorats honorifiques\u00a0 |\u00a0 Collation des grades"},"content":{"rendered":"<p>Monsieur Martin Gauthier, recteur de l\u2019Universit\u00e9 du Qu\u00e9bec \u00e0 Chicoutimi, a le plaisir de vous inviter \u00e0 deux \u00e9v\u00e9nements d\u00e9di\u00e9s \u00e0 la c\u00e9l\u00e9bration de l\u2019excellence\u00a0:<\/p>\n<p>&nbsp;<\/p>\n<table>\n<tbody>\n<tr>\n<td width=\"57\"><\/td>\n<td width=\"463\">\n<p style=\"text-align: center\"><strong>C\u00e9r\u00e9monie de remise de doctorats honorifiques 2016<\/strong><\/p>\n<p style=\"text-align: center\"><strong>Vendredi\u00a029\u00a0avril\u00a02016\u00a0 |\u00a0 19\u00a0h\u00a030<br \/>\n<\/strong>Pavillon sportif de l\u2019UQAC<\/p>\n<p style=\"text-align: center\">Trois hommes de convictions et d\u2019ambitions recevront<br \/>\nla plus haute distinction attribu\u00e9e par l\u2019Universit\u00e9\u00a0:<\/p>\n<p style=\"text-align: center\"><strong>Monsieur\u00a0Marc-Andr\u00e9 B\u00e9dard<br \/>\n<\/strong><strong>Monsieur L. Jacques M\u00e9nard<br \/>\n<\/strong><strong>Monsieur Michael Snow<\/strong><\/p>\n<p>&nbsp;<\/td>\n<td width=\"56\"><\/td>\n<\/tr>\n<tr>\n<td width=\"57\"><\/td>\n<td width=\"463\">\n<p style=\"text-align: center\"><strong>Collation des grades 2016<\/strong><\/p>\n<p style=\"text-align: center\"><strong>Samedi\u00a030 avril\u00a02016<br \/>\n<\/strong>Pavillon sportif de l\u2019UQAC<\/p>\n<p style=\"padding-left: 60px\"><strong>C\u00e9r\u00e9monie de 9\u00a0h\u00a030<br \/>\n<span style=\"color: #808000\">Remise des attestations aux finissants des baccalaur\u00e9ats,<\/span><\/strong><br \/>\n<strong><span style=\"color: #808000\">ma\u00eetrises et doctorats dans les domaines suivants\u00a0:<\/span><\/strong><br \/>\nSciences fondamentales\u00a0 |\u00a0 Sciences humaines et sociales<br \/>\nSciences de la sant\u00e9\u00a0 |\u00a0 Sciences appliqu\u00e9es\u00a0 |\u00a0 Arts et lettres<br \/>\nInformatique et math\u00e9matique\u00a0 |\u00a0 Baccalaur\u00e9ats \u00e8s arts<\/p>\n<p style=\"padding-left: 60px\"><strong>C\u00e9r\u00e9monie de 15\u00a0h<br \/>\n<span style=\"color: #808000\">Remise des attestations aux finissants des baccalaur\u00e9ats,<\/span><\/strong><br \/>\n<span style=\"color: #808000\"><strong>ma\u00eetrises et doctorats dans les domaines suivants\u00a0:<\/strong><\/span><br \/>\nSciences \u00e9conomiques et administratives<br \/>\n\u00c9cole des arts num\u00e9riques, de l\u2019animation et du design (NAD)<br \/>\nSciences de l\u2019\u00e9ducation<br \/>\nBaccalaur\u00e9at par cumul en administration des affaires<\/p>\n<\/td>\n<td width=\"56\"><\/td>\n<\/tr>\n<\/tbody>\n<\/table>\n<p>&nbsp;<\/p>\n<p><strong>\u00c0 NOTER\u00a0: <\/strong>Les micros sans fil seront interdits dans la salle lors des c\u00e9r\u00e9monies.<\/p>\n<p>&nbsp;<\/p>\n<p><strong>Renseignements\u00a0:<br \/>\n<\/strong>Marie-France Audet, agente d\u2019information<br \/>\nBureau des affaires publiques<br \/>\nUniversit\u00e9 du Qu\u00e9bec \u00e0 Chicoutimi<br \/>\n418\u00a0290-1259\u00a0 |\u00a0 <span style=\"text-decoration: underline\"><a href=\"mailto:marie-france.audet@uqac.ca\">marie-france.audet@uqac.ca<\/a><\/span><\/p>\n","protected":false},"excerpt":{"rendered":"<p>Monsieur Martin Gauthier, recteur de l\u2019Universit\u00e9 du Qu\u00e9bec \u00e0 Chicoutimi, a le plaisir de vous inviter \u00e0 deux \u00e9v\u00e9nements d\u00e9di\u00e9s \u00e0 la c\u00e9l\u00e9bration de l\u2019excellence\u00a0: &nbsp; C\u00e9r\u00e9monie de remise de doctorats honorifiques 2016 Vendredi\u00a029\u00a0avril\u00a02016\u00a0 |\u00a0 19\u00a0h\u00a030 Pavillon sportif de l\u2019UQAC Trois hommes de convictions et d\u2019ambitions recevront la plus haute distinction attribu\u00e9e par l\u2019Universit\u00e9\u00a0: Monsieur\u00a0Marc-Andr\u00e9 [&hellip;]<\/p>\n","protected":false},"author":5,"featured_media":23893,"comment_status":"open","ping_status":"open","sticky":false,"template":"","format":"standard","meta":{"footnotes":""},"categories":[2772],"tags":[],"yoast_head":"<!-- This site is optimized with the Yoast SEO plugin v24.2 - https:\/\/yoast.com\/wordpress\/plugins\/seo\/ -->\r\n<title>L\u2019UQAC c\u00e9l\u00e8bre l\u2019excellence\u00a0:\u00a0C\u00e9r\u00e9monie de remise de doctorats honorifiques\u00a0 |\u00a0 Collation des grades - UQACtualit\u00e9s<\/title>\r\n<meta name=\"robots\" content=\"index, follow, max-snippet:-1, max-image-preview:large, max-video-preview:-1\" \/>\r\n<link rel=\"canonical\" href=\"https:\/\/www.uqac.ca\/uqactualites\/2016\/04\/29\/luqac-celebre-lexcellence-ceremonie-de-remise-de-doctorats-honorifiques-collation-des-grades\/\" \/>\r\n<meta property=\"og:locale\" content=\"fr_CA\" \/>\r\n<meta property=\"og:type\" content=\"article\" \/>\r\n<meta property=\"og:title\" content=\"L\u2019UQAC c\u00e9l\u00e8bre l\u2019excellence\u00a0:\u00a0C\u00e9r\u00e9monie de remise de doctorats honorifiques\u00a0 |\u00a0 Collation des grades - UQACtualit\u00e9s\" \/>\r\n<meta property=\"og:description\" content=\"Monsieur Martin Gauthier, recteur de l\u2019Universit\u00e9 du Qu\u00e9bec \u00e0 Chicoutimi, a le plaisir de vous inviter \u00e0 deux \u00e9v\u00e9nements d\u00e9di\u00e9s \u00e0 la c\u00e9l\u00e9bration de l\u2019excellence\u00a0: &nbsp; C\u00e9r\u00e9monie de remise de doctorats honorifiques 2016 Vendredi\u00a029\u00a0avril\u00a02016\u00a0 |\u00a0 19\u00a0h\u00a030 Pavillon sportif de l\u2019UQAC Trois hommes de convictions et d\u2019ambitions recevront la plus haute distinction attribu\u00e9e par l\u2019Universit\u00e9\u00a0: Monsieur\u00a0Marc-Andr\u00e9 [&hellip;]\" \/>\r\n<meta property=\"og:url\" content=\"https:\/\/www.uqac.ca\/uqactualites\/2016\/04\/29\/luqac-celebre-lexcellence-ceremonie-de-remise-de-doctorats-honorifiques-collation-des-grades\/\" \/>\r\n<meta property=\"og:site_name\" content=\"UQACtualit\u00e9s\" \/>\r\n<meta property=\"article:published_time\" content=\"2016-04-29T12:35:42+00:00\" \/>\r\n<meta property=\"og:image\" content=\"https:\/\/www.uqac.ca\/uqactualites\/wp-content\/uploads\/2013\/04\/Invitation.jpg\" \/>\r\n\t<meta property=\"og:image:width\" content=\"620\" \/>\r\n\t<meta property=\"og:image:height\" content=\"300\" \/>\r\n\t<meta property=\"og:image:type\" content=\"image\/jpeg\" \/>\r\n<meta name=\"author\" content=\"Service des communications et des relations publiques\" \/>\r\n<meta name=\"twitter:card\" content=\"summary_large_image\" \/>\r\n<meta name=\"twitter:label1\" content=\"\u00c9crit par\" \/>\n\t<meta name=\"twitter:data1\" content=\"Service des communications et des relations publiques\" \/>\n\t<meta name=\"twitter:label2\" content=\"Estimation du temps de lecture\" \/>\n\t<meta name=\"twitter:data2\" content=\"1 minute\" \/>\r\n<script type=\"application\/ld+json\" class=\"yoast-schema-graph\">{\"@context\":\"https:\/\/schema.org\",\"@graph\":[{\"@type\":\"WebPage\",\"@id\":\"https:\/\/www.uqac.ca\/uqactualites\/2016\/04\/29\/luqac-celebre-lexcellence-ceremonie-de-remise-de-doctorats-honorifiques-collation-des-grades\/\",\"url\":\"https:\/\/www.uqac.ca\/uqactualites\/2016\/04\/29\/luqac-celebre-lexcellence-ceremonie-de-remise-de-doctorats-honorifiques-collation-des-grades\/\",\"name\":\"L\u2019UQAC c\u00e9l\u00e8bre l\u2019excellence\u00a0:\u00a0C\u00e9r\u00e9monie de remise de doctorats honorifiques\u00a0 |\u00a0 Collation des grades - UQACtualit\u00e9s\",\"isPartOf\":{\"@id\":\"https:\/\/www.uqac.ca\/uqactualites\/#website\"},\"primaryImageOfPage\":{\"@id\":\"https:\/\/www.uqac.ca\/uqactualites\/2016\/04\/29\/luqac-celebre-lexcellence-ceremonie-de-remise-de-doctorats-honorifiques-collation-des-grades\/#primaryimage\"},\"image\":{\"@id\":\"https:\/\/www.uqac.ca\/uqactualites\/2016\/04\/29\/luqac-celebre-lexcellence-ceremonie-de-remise-de-doctorats-honorifiques-collation-des-grades\/#primaryimage\"},\"thumbnailUrl\":\"https:\/\/www.uqac.ca\/uqactualites\/wp-content\/uploads\/2013\/04\/Invitation.jpg\",\"datePublished\":\"2016-04-29T12:35:42+00:00\",\"dateModified\":\"2016-04-29T12:35:42+00:00\",\"author\":{\"@id\":\"https:\/\/www.uqac.ca\/uqactualites\/#\/schema\/person\/366c45a0c4f0e677b41b4af5886e2018\"},\"breadcrumb\":{\"@id\":\"https:\/\/www.uqac.ca\/uqactualites\/2016\/04\/29\/luqac-celebre-lexcellence-ceremonie-de-remise-de-doctorats-honorifiques-collation-des-grades\/#breadcrumb\"},\"inLanguage\":\"fr-CA\",\"potentialAction\":[{\"@type\":\"ReadAction\",\"target\":[\"https:\/\/www.uqac.ca\/uqactualites\/2016\/04\/29\/luqac-celebre-lexcellence-ceremonie-de-remise-de-doctorats-honorifiques-collation-des-grades\/\"]}]},{\"@type\":\"ImageObject\",\"inLanguage\":\"fr-CA\",\"@id\":\"https:\/\/www.uqac.ca\/uqactualites\/2016\/04\/29\/luqac-celebre-lexcellence-ceremonie-de-remise-de-doctorats-honorifiques-collation-des-grades\/#primaryimage\",\"url\":\"https:\/\/www.uqac.ca\/uqactualites\/wp-content\/uploads\/2013\/04\/Invitation.jpg\",\"contentUrl\":\"https:\/\/www.uqac.ca\/uqactualites\/wp-content\/uploads\/2013\/04\/Invitation.jpg\",\"width\":620,\"height\":300},{\"@type\":\"BreadcrumbList\",\"@id\":\"https:\/\/www.uqac.ca\/uqactualites\/2016\/04\/29\/luqac-celebre-lexcellence-ceremonie-de-remise-de-doctorats-honorifiques-collation-des-grades\/#breadcrumb\",\"itemListElement\":[{\"@type\":\"ListItem\",\"position\":1,\"name\":\"Home\",\"item\":\"https:\/\/www.uqac.ca\/uqactualites\/\"},{\"@type\":\"ListItem\",\"position\":2,\"name\":\"L\u2019UQAC c\u00e9l\u00e8bre l\u2019excellence\u00a0:\u00a0C\u00e9r\u00e9monie de remise de doctorats honorifiques\u00a0 |\u00a0 Collation des grades\"}]},{\"@type\":\"WebSite\",\"@id\":\"https:\/\/www.uqac.ca\/uqactualites\/#website\",\"url\":\"https:\/\/www.uqac.ca\/uqactualites\/\",\"name\":\"UQACtualit\u00e9s\",\"description\":\"Le portail des nouvelles de l&#039;UQAC\",\"potentialAction\":[{\"@type\":\"SearchAction\",\"target\":{\"@type\":\"EntryPoint\",\"urlTemplate\":\"https:\/\/www.uqac.ca\/uqactualites\/?s={search_term_string}\"},\"query-input\":{\"@type\":\"PropertyValueSpecification\",\"valueRequired\":true,\"valueName\":\"search_term_string\"}}],\"inLanguage\":\"fr-CA\"},{\"@type\":\"Person\",\"@id\":\"https:\/\/www.uqac.ca\/uqactualites\/#\/schema\/person\/366c45a0c4f0e677b41b4af5886e2018\",\"name\":\"Service des communications et des relations publiques\",\"image\":{\"@type\":\"ImageObject\",\"inLanguage\":\"fr-CA\",\"@id\":\"https:\/\/www.uqac.ca\/uqactualites\/#\/schema\/person\/image\/\",\"url\":\"https:\/\/secure.gravatar.com\/avatar\/20fbbda8a292f59f2d3461a5b999c00b?s=96&d=mm&r=g\",\"contentUrl\":\"https:\/\/secure.gravatar.com\/avatar\/20fbbda8a292f59f2d3461a5b999c00b?s=96&d=mm&r=g\",\"caption\":\"Service des communications et des relations publiques\"},\"url\":\"https:\/\/www.uqac.ca\/uqactualites\/author\/bap\/\"}]}<\/script>\r\n<!-- \/ Yoast SEO plugin. -->","yoast_head_json":{"title":"L\u2019UQAC c\u00e9l\u00e8bre l\u2019excellence\u00a0:\u00a0C\u00e9r\u00e9monie de remise de doctorats honorifiques\u00a0 |\u00a0 Collation des grades - UQACtualit\u00e9s","robots":{"index":"index","follow":"follow","max-snippet":"max-snippet:-1","max-image-preview":"max-image-preview:large","max-video-preview":"max-video-preview:-1"},"canonical":"https:\/\/www.uqac.ca\/uqactualites\/2016\/04\/29\/luqac-celebre-lexcellence-ceremonie-de-remise-de-doctorats-honorifiques-collation-des-grades\/","og_locale":"fr_CA","og_type":"article","og_title":"L\u2019UQAC c\u00e9l\u00e8bre l\u2019excellence\u00a0:\u00a0C\u00e9r\u00e9monie de remise de doctorats honorifiques\u00a0 |\u00a0 Collation des grades - UQACtualit\u00e9s","og_description":"Monsieur Martin Gauthier, recteur de l\u2019Universit\u00e9 du Qu\u00e9bec \u00e0 Chicoutimi, a le plaisir de vous inviter \u00e0 deux \u00e9v\u00e9nements d\u00e9di\u00e9s \u00e0 la c\u00e9l\u00e9bration de l\u2019excellence\u00a0: &nbsp; C\u00e9r\u00e9monie de remise de doctorats honorifiques 2016 Vendredi\u00a029\u00a0avril\u00a02016\u00a0 |\u00a0 19\u00a0h\u00a030 Pavillon sportif de l\u2019UQAC Trois hommes de convictions et d\u2019ambitions recevront la plus haute distinction attribu\u00e9e par l\u2019Universit\u00e9\u00a0: Monsieur\u00a0Marc-Andr\u00e9 [&hellip;]","og_url":"https:\/\/www.uqac.ca\/uqactualites\/2016\/04\/29\/luqac-celebre-lexcellence-ceremonie-de-remise-de-doctorats-honorifiques-collation-des-grades\/","og_site_name":"UQACtualit\u00e9s","article_published_time":"2016-04-29T12:35:42+00:00","og_image":[{"width":620,"height":300,"url":"https:\/\/www.uqac.ca\/uqactualites\/wp-content\/uploads\/2013\/04\/Invitation.jpg","type":"image\/jpeg"}],"author":"Service des communications et des relations publiques","twitter_card":"summary_large_image","twitter_misc":{"\u00c9crit par":"Service des communications et des relations publiques","Estimation du temps de lecture":"1 minute"},"schema":{"@context":"https:\/\/schema.org","@graph":[{"@type":"WebPage","@id":"https:\/\/www.uqac.ca\/uqactualites\/2016\/04\/29\/luqac-celebre-lexcellence-ceremonie-de-remise-de-doctorats-honorifiques-collation-des-grades\/","url":"https:\/\/www.uqac.ca\/uqactualites\/2016\/04\/29\/luqac-celebre-lexcellence-ceremonie-de-remise-de-doctorats-honorifiques-collation-des-grades\/","name":"L\u2019UQAC c\u00e9l\u00e8bre l\u2019excellence\u00a0:\u00a0C\u00e9r\u00e9monie de remise de doctorats honorifiques\u00a0 |\u00a0 Collation des grades - UQACtualit\u00e9s","isPartOf":{"@id":"https:\/\/www.uqac.ca\/uqactualites\/#website"},"primaryImageOfPage":{"@id":"https:\/\/www.uqac.ca\/uqactualites\/2016\/04\/29\/luqac-celebre-lexcellence-ceremonie-de-remise-de-doctorats-honorifiques-collation-des-grades\/#primaryimage"},"image":{"@id":"https:\/\/www.uqac.ca\/uqactualites\/2016\/04\/29\/luqac-celebre-lexcellence-ceremonie-de-remise-de-doctorats-honorifiques-collation-des-grades\/#primaryimage"},"thumbnailUrl":"https:\/\/www.uqac.ca\/uqactualites\/wp-content\/uploads\/2013\/04\/Invitation.jpg","datePublished":"2016-04-29T12:35:42+00:00","dateModified":"2016-04-29T12:35:42+00:00","author":{"@id":"https:\/\/www.uqac.ca\/uqactualites\/#\/schema\/person\/366c45a0c4f0e677b41b4af5886e2018"},"breadcrumb":{"@id":"https:\/\/www.uqac.ca\/uqactualites\/2016\/04\/29\/luqac-celebre-lexcellence-ceremonie-de-remise-de-doctorats-honorifiques-collation-des-grades\/#breadcrumb"},"inLanguage":"fr-CA","potentialAction":[{"@type":"ReadAction","target":["https:\/\/www.uqac.ca\/uqactualites\/2016\/04\/29\/luqac-celebre-lexcellence-ceremonie-de-remise-de-doctorats-honorifiques-collation-des-grades\/"]}]},{"@type":"ImageObject","inLanguage":"fr-CA","@id":"https:\/\/www.uqac.ca\/uqactualites\/2016\/04\/29\/luqac-celebre-lexcellence-ceremonie-de-remise-de-doctorats-honorifiques-collation-des-grades\/#primaryimage","url":"https:\/\/www.uqac.ca\/uqactualites\/wp-content\/uploads\/2013\/04\/Invitation.jpg","contentUrl":"https:\/\/www.uqac.ca\/uqactualites\/wp-content\/uploads\/2013\/04\/Invitation.jpg","width":620,"height":300},{"@type":"BreadcrumbList","@id":"https:\/\/www.uqac.ca\/uqactualites\/2016\/04\/29\/luqac-celebre-lexcellence-ceremonie-de-remise-de-doctorats-honorifiques-collation-des-grades\/#breadcrumb","itemListElement":[{"@type":"ListItem","position":1,"name":"Home","item":"https:\/\/www.uqac.ca\/uqactualites\/"},{"@type":"ListItem","position":2,"name":"L\u2019UQAC c\u00e9l\u00e8bre l\u2019excellence\u00a0:\u00a0C\u00e9r\u00e9monie de remise de doctorats honorifiques\u00a0 |\u00a0 Collation des grades"}]},{"@type":"WebSite","@id":"https:\/\/www.uqac.ca\/uqactualites\/#website","url":"https:\/\/www.uqac.ca\/uqactualites\/","name":"UQACtualit\u00e9s","description":"Le portail des nouvelles de l&#039;UQAC","potentialAction":[{"@type":"SearchAction","target":{"@type":"EntryPoint","urlTemplate":"https:\/\/www.uqac.ca\/uqactualites\/?s={search_term_string}"},"query-input":{"@type":"PropertyValueSpecification","valueRequired":true,"valueName":"search_term_string"}}],"inLanguage":"fr-CA"},{"@type":"Person","@id":"https:\/\/www.uqac.ca\/uqactualites\/#\/schema\/person\/366c45a0c4f0e677b41b4af5886e2018","name":"Service des communications et des relations publiques","image":{"@type":"ImageObject","inLanguage":"fr-CA","@id":"https:\/\/www.uqac.ca\/uqactualites\/#\/schema\/person\/image\/","url":"https:\/\/secure.gravatar.com\/avatar\/20fbbda8a292f59f2d3461a5b999c00b?s=96&d=mm&r=g","contentUrl":"https:\/\/secure.gravatar.com\/avatar\/20fbbda8a292f59f2d3461a5b999c00b?s=96&d=mm&r=g","caption":"Service des communications et des relations publiques"},"url":"https:\/\/www.uqac.ca\/uqactualites\/author\/bap\/"}]}},"_links":{"self":[{"href":"https:\/\/www.uqac.ca\/uqactualites\/wp-json\/wp\/v2\/posts\/31976"}],"collection":[{"href":"https:\/\/www.uqac.ca\/uqactualites\/wp-json\/wp\/v2\/posts"}],"about":[{"href":"https:\/\/www.uqac.ca\/uqactualites\/wp-json\/wp\/v2\/types\/post"}],"author":[{"embeddable":true,"href":"https:\/\/www.uqac.ca\/uqactualites\/wp-json\/wp\/v2\/users\/5"}],"replies":[{"embeddable":true,"href":"https:\/\/www.uqac.ca\/uqactualites\/wp-json\/wp\/v2\/comments?post=31976"}],"version-history":[{"count":0,"href":"https:\/\/www.uqac.ca\/uqactualites\/wp-json\/wp\/v2\/posts\/31976\/revisions"}],"wp:featuredmedia":[{"embeddable":true,"href":"https:\/\/www.uqac.ca\/uqactualites\/wp-json\/wp\/v2\/media\/23893"}],"wp:attachment":[{"href":"https:\/\/www.uqac.ca\/uqactualites\/wp-json\/wp\/v2\/media?parent=31976"}],"wp:term":[{"taxonomy":"category","embeddable":true,"href":"https:\/\/www.uqac.ca\/uqactualites\/wp-json\/wp\/v2\/categories?post=31976"},{"taxonomy":"post_tag","embeddable":true,"href":"https:\/\/www.uqac.ca\/uqactualites\/wp-json\/wp\/v2\/tags?post=31976"}],"curies":[{"name":"wp","href":"https:\/\/api.w.org\/{rel}","templated":true}]}}