{"id":31982,"date":"2016-04-29T11:18:28","date_gmt":"2016-04-29T15:18:28","guid":{"rendered":"http:\/\/uqactualite.odev.ca\/?p=31982"},"modified":"2016-04-29T11:18:28","modified_gmt":"2016-04-29T15:18:28","slug":"33e-edition-du-dix-de-coeur","status":"publish","type":"post","link":"https:\/\/www.uqac.ca\/uqactualites\/2016\/04\/29\/33e-edition-du-dix-de-coeur\/","title":{"rendered":"33e \u00e9dition du Dix de C\u0153ur"},"content":{"rendered":"<p style=\"text-align: justify\">La communaut\u00e9 universitaire est invit\u00e9e \u00e0 participer \u00e0 la marche ou \u00e0 la course du Dix de C\u0153ur, un \u00e9v\u00e9nement dont l\u2019objectif est de recueillir des fonds pour\u00a0<span style=\"text-decoration: underline\"><a href=\"http:\/\/www.cardioforme.com\/\" target=\"_blank\" rel=\"noopener\">Cardi-O-Forme<\/a><\/span>\u00a0:<\/p>\n<p style=\"text-align: center\"><strong>Dimanche 1<sup>er<\/sup> mai 2016\u00a0 |\u00a0 9 h 30 \u00e0 12 h 30<br \/>\n<\/strong>D\u00e9part au Pavillon sportif<\/p>\n<p style=\"text-align: center\"><span style=\"color: #808080\">Parcours pour les jeunes\u00a0: 1 km et 3 km\u00a0 |\u00a0 Parcours pour les adultes\u00a0: 5 km et 10 km<\/span><\/p>\n<p style=\"text-align: justify\"><span style=\"color: #000000\">Consultez le <span style=\"text-decoration: underline\"><a href=\"http:\/\/cardioforme.com\/\" target=\"_blank\" rel=\"noopener\"><span style=\"color: #000000;text-decoration: underline\">site Web de Cardi-O-Forme<\/span><\/a><\/span> pour les d\u00e9tails et pour savoir comment vous inscrire pour participer \u00e0 l\u2019\u00e9v\u00e9nement.<\/span><\/p>\n<p style=\"text-align: justify\">Participez en grand nombre!<\/p>\n<p style=\"text-align: justify\"><strong><br \/>\nRenseignements\u00a0:<br \/>\n<\/strong>Cardi-O-Forme<br \/>\n418 541-1000, poste 2401\u00a0 |\u00a0 <span style=\"text-decoration: underline\"><a href=\"mailto:%20info@cardioforme.com\">info@cardioforme.com<\/a><\/span><\/p>\n","protected":false},"excerpt":{"rendered":"<p>La communaut\u00e9 universitaire est invit\u00e9e \u00e0 participer \u00e0 la marche ou \u00e0 la course du Dix de C\u0153ur, un \u00e9v\u00e9nement dont l\u2019objectif est de recueillir des fonds pour\u00a0Cardi-O-Forme\u00a0: Dimanche 1er mai 2016\u00a0 |\u00a0 9 h 30 \u00e0 12 h 30 D\u00e9part au Pavillon sportif Parcours pour les jeunes\u00a0: 1 km et 3 km\u00a0 |\u00a0 Parcours [&hellip;]<\/p>\n","protected":false},"author":5,"featured_media":20989,"comment_status":"open","ping_status":"open","sticky":false,"template":"","format":"standard","meta":{"footnotes":""},"categories":[2772],"tags":[],"yoast_head":"<!-- This site is optimized with the Yoast SEO plugin v24.2 - https:\/\/yoast.com\/wordpress\/plugins\/seo\/ -->\r\n<title>33e \u00e9dition du Dix de C\u0153ur - UQACtualit\u00e9s<\/title>\r\n<meta name=\"robots\" content=\"index, follow, max-snippet:-1, max-image-preview:large, max-video-preview:-1\" \/>\r\n<link rel=\"canonical\" href=\"https:\/\/www.uqac.ca\/uqactualites\/2016\/04\/29\/33e-edition-du-dix-de-coeur\/\" \/>\r\n<meta property=\"og:locale\" content=\"fr_CA\" \/>\r\n<meta property=\"og:type\" content=\"article\" \/>\r\n<meta property=\"og:title\" content=\"33e \u00e9dition du Dix de C\u0153ur - UQACtualit\u00e9s\" \/>\r\n<meta property=\"og:description\" content=\"La communaut\u00e9 universitaire est invit\u00e9e \u00e0 participer \u00e0 la marche ou \u00e0 la course du Dix de C\u0153ur, un \u00e9v\u00e9nement dont l\u2019objectif est de recueillir des fonds pour\u00a0Cardi-O-Forme\u00a0: Dimanche 1er mai 2016\u00a0 |\u00a0 9 h 30 \u00e0 12 h 30 D\u00e9part au Pavillon sportif Parcours pour les jeunes\u00a0: 1 km et 3 km\u00a0 |\u00a0 Parcours [&hellip;]\" \/>\r\n<meta property=\"og:url\" content=\"https:\/\/www.uqac.ca\/uqactualites\/2016\/04\/29\/33e-edition-du-dix-de-coeur\/\" \/>\r\n<meta property=\"og:site_name\" content=\"UQACtualit\u00e9s\" \/>\r\n<meta property=\"article:published_time\" content=\"2016-04-29T15:18:28+00:00\" \/>\r\n<meta property=\"og:image\" content=\"https:\/\/www.uqac.ca\/uqactualites\/wp-content\/uploads\/2012\/05\/avis-laCommunaut-.jpg\" \/>\r\n\t<meta property=\"og:image:width\" content=\"620\" \/>\r\n\t<meta property=\"og:image:height\" content=\"300\" \/>\r\n\t<meta property=\"og:image:type\" content=\"image\/jpeg\" \/>\r\n<meta name=\"author\" content=\"Service des communications et des relations publiques\" \/>\r\n<meta name=\"twitter:card\" content=\"summary_large_image\" \/>\r\n<meta name=\"twitter:label1\" content=\"\u00c9crit par\" \/>\n\t<meta name=\"twitter:data1\" content=\"Service des communications et des relations publiques\" \/>\r\n<script type=\"application\/ld+json\" class=\"yoast-schema-graph\">{\"@context\":\"https:\/\/schema.org\",\"@graph\":[{\"@type\":\"WebPage\",\"@id\":\"https:\/\/www.uqac.ca\/uqactualites\/2016\/04\/29\/33e-edition-du-dix-de-coeur\/\",\"url\":\"https:\/\/www.uqac.ca\/uqactualites\/2016\/04\/29\/33e-edition-du-dix-de-coeur\/\",\"name\":\"33e \u00e9dition du Dix de C\u0153ur - UQACtualit\u00e9s\",\"isPartOf\":{\"@id\":\"https:\/\/www.uqac.ca\/uqactualites\/#website\"},\"primaryImageOfPage\":{\"@id\":\"https:\/\/www.uqac.ca\/uqactualites\/2016\/04\/29\/33e-edition-du-dix-de-coeur\/#primaryimage\"},\"image\":{\"@id\":\"https:\/\/www.uqac.ca\/uqactualites\/2016\/04\/29\/33e-edition-du-dix-de-coeur\/#primaryimage\"},\"thumbnailUrl\":\"https:\/\/www.uqac.ca\/uqactualites\/wp-content\/uploads\/2012\/05\/avis-laCommunaut-.jpg\",\"datePublished\":\"2016-04-29T15:18:28+00:00\",\"dateModified\":\"2016-04-29T15:18:28+00:00\",\"author\":{\"@id\":\"https:\/\/www.uqac.ca\/uqactualites\/#\/schema\/person\/366c45a0c4f0e677b41b4af5886e2018\"},\"breadcrumb\":{\"@id\":\"https:\/\/www.uqac.ca\/uqactualites\/2016\/04\/29\/33e-edition-du-dix-de-coeur\/#breadcrumb\"},\"inLanguage\":\"fr-CA\",\"potentialAction\":[{\"@type\":\"ReadAction\",\"target\":[\"https:\/\/www.uqac.ca\/uqactualites\/2016\/04\/29\/33e-edition-du-dix-de-coeur\/\"]}]},{\"@type\":\"ImageObject\",\"inLanguage\":\"fr-CA\",\"@id\":\"https:\/\/www.uqac.ca\/uqactualites\/2016\/04\/29\/33e-edition-du-dix-de-coeur\/#primaryimage\",\"url\":\"https:\/\/www.uqac.ca\/uqactualites\/wp-content\/uploads\/2012\/05\/avis-laCommunaut-.jpg\",\"contentUrl\":\"https:\/\/www.uqac.ca\/uqactualites\/wp-content\/uploads\/2012\/05\/avis-laCommunaut-.jpg\",\"width\":620,\"height\":300},{\"@type\":\"BreadcrumbList\",\"@id\":\"https:\/\/www.uqac.ca\/uqactualites\/2016\/04\/29\/33e-edition-du-dix-de-coeur\/#breadcrumb\",\"itemListElement\":[{\"@type\":\"ListItem\",\"position\":1,\"name\":\"Home\",\"item\":\"https:\/\/www.uqac.ca\/uqactualites\/\"},{\"@type\":\"ListItem\",\"position\":2,\"name\":\"33e \u00e9dition du Dix de C\u0153ur\"}]},{\"@type\":\"WebSite\",\"@id\":\"https:\/\/www.uqac.ca\/uqactualites\/#website\",\"url\":\"https:\/\/www.uqac.ca\/uqactualites\/\",\"name\":\"UQACtualit\u00e9s\",\"description\":\"Le portail des nouvelles de l&#039;UQAC\",\"potentialAction\":[{\"@type\":\"SearchAction\",\"target\":{\"@type\":\"EntryPoint\",\"urlTemplate\":\"https:\/\/www.uqac.ca\/uqactualites\/?s={search_term_string}\"},\"query-input\":{\"@type\":\"PropertyValueSpecification\",\"valueRequired\":true,\"valueName\":\"search_term_string\"}}],\"inLanguage\":\"fr-CA\"},{\"@type\":\"Person\",\"@id\":\"https:\/\/www.uqac.ca\/uqactualites\/#\/schema\/person\/366c45a0c4f0e677b41b4af5886e2018\",\"name\":\"Service des communications et des relations publiques\",\"image\":{\"@type\":\"ImageObject\",\"inLanguage\":\"fr-CA\",\"@id\":\"https:\/\/www.uqac.ca\/uqactualites\/#\/schema\/person\/image\/\",\"url\":\"https:\/\/secure.gravatar.com\/avatar\/20fbbda8a292f59f2d3461a5b999c00b?s=96&d=mm&r=g\",\"contentUrl\":\"https:\/\/secure.gravatar.com\/avatar\/20fbbda8a292f59f2d3461a5b999c00b?s=96&d=mm&r=g\",\"caption\":\"Service des communications et des relations publiques\"},\"url\":\"https:\/\/www.uqac.ca\/uqactualites\/author\/bap\/\"}]}<\/script>\r\n<!-- \/ Yoast SEO plugin. -->","yoast_head_json":{"title":"33e \u00e9dition du Dix de C\u0153ur - UQACtualit\u00e9s","robots":{"index":"index","follow":"follow","max-snippet":"max-snippet:-1","max-image-preview":"max-image-preview:large","max-video-preview":"max-video-preview:-1"},"canonical":"https:\/\/www.uqac.ca\/uqactualites\/2016\/04\/29\/33e-edition-du-dix-de-coeur\/","og_locale":"fr_CA","og_type":"article","og_title":"33e \u00e9dition du Dix de C\u0153ur - UQACtualit\u00e9s","og_description":"La communaut\u00e9 universitaire est invit\u00e9e \u00e0 participer \u00e0 la marche ou \u00e0 la course du Dix de C\u0153ur, un \u00e9v\u00e9nement dont l\u2019objectif est de recueillir des fonds pour\u00a0Cardi-O-Forme\u00a0: Dimanche 1er mai 2016\u00a0 |\u00a0 9 h 30 \u00e0 12 h 30 D\u00e9part au Pavillon sportif Parcours pour les jeunes\u00a0: 1 km et 3 km\u00a0 |\u00a0 Parcours [&hellip;]","og_url":"https:\/\/www.uqac.ca\/uqactualites\/2016\/04\/29\/33e-edition-du-dix-de-coeur\/","og_site_name":"UQACtualit\u00e9s","article_published_time":"2016-04-29T15:18:28+00:00","og_image":[{"width":620,"height":300,"url":"https:\/\/www.uqac.ca\/uqactualites\/wp-content\/uploads\/2012\/05\/avis-laCommunaut-.jpg","type":"image\/jpeg"}],"author":"Service des communications et des relations publiques","twitter_card":"summary_large_image","twitter_misc":{"\u00c9crit par":"Service des communications et des relations publiques"},"schema":{"@context":"https:\/\/schema.org","@graph":[{"@type":"WebPage","@id":"https:\/\/www.uqac.ca\/uqactualites\/2016\/04\/29\/33e-edition-du-dix-de-coeur\/","url":"https:\/\/www.uqac.ca\/uqactualites\/2016\/04\/29\/33e-edition-du-dix-de-coeur\/","name":"33e \u00e9dition du Dix de C\u0153ur - UQACtualit\u00e9s","isPartOf":{"@id":"https:\/\/www.uqac.ca\/uqactualites\/#website"},"primaryImageOfPage":{"@id":"https:\/\/www.uqac.ca\/uqactualites\/2016\/04\/29\/33e-edition-du-dix-de-coeur\/#primaryimage"},"image":{"@id":"https:\/\/www.uqac.ca\/uqactualites\/2016\/04\/29\/33e-edition-du-dix-de-coeur\/#primaryimage"},"thumbnailUrl":"https:\/\/www.uqac.ca\/uqactualites\/wp-content\/uploads\/2012\/05\/avis-laCommunaut-.jpg","datePublished":"2016-04-29T15:18:28+00:00","dateModified":"2016-04-29T15:18:28+00:00","author":{"@id":"https:\/\/www.uqac.ca\/uqactualites\/#\/schema\/person\/366c45a0c4f0e677b41b4af5886e2018"},"breadcrumb":{"@id":"https:\/\/www.uqac.ca\/uqactualites\/2016\/04\/29\/33e-edition-du-dix-de-coeur\/#breadcrumb"},"inLanguage":"fr-CA","potentialAction":[{"@type":"ReadAction","target":["https:\/\/www.uqac.ca\/uqactualites\/2016\/04\/29\/33e-edition-du-dix-de-coeur\/"]}]},{"@type":"ImageObject","inLanguage":"fr-CA","@id":"https:\/\/www.uqac.ca\/uqactualites\/2016\/04\/29\/33e-edition-du-dix-de-coeur\/#primaryimage","url":"https:\/\/www.uqac.ca\/uqactualites\/wp-content\/uploads\/2012\/05\/avis-laCommunaut-.jpg","contentUrl":"https:\/\/www.uqac.ca\/uqactualites\/wp-content\/uploads\/2012\/05\/avis-laCommunaut-.jpg","width":620,"height":300},{"@type":"BreadcrumbList","@id":"https:\/\/www.uqac.ca\/uqactualites\/2016\/04\/29\/33e-edition-du-dix-de-coeur\/#breadcrumb","itemListElement":[{"@type":"ListItem","position":1,"name":"Home","item":"https:\/\/www.uqac.ca\/uqactualites\/"},{"@type":"ListItem","position":2,"name":"33e \u00e9dition du Dix de C\u0153ur"}]},{"@type":"WebSite","@id":"https:\/\/www.uqac.ca\/uqactualites\/#website","url":"https:\/\/www.uqac.ca\/uqactualites\/","name":"UQACtualit\u00e9s","description":"Le portail des nouvelles de l&#039;UQAC","potentialAction":[{"@type":"SearchAction","target":{"@type":"EntryPoint","urlTemplate":"https:\/\/www.uqac.ca\/uqactualites\/?s={search_term_string}"},"query-input":{"@type":"PropertyValueSpecification","valueRequired":true,"valueName":"search_term_string"}}],"inLanguage":"fr-CA"},{"@type":"Person","@id":"https:\/\/www.uqac.ca\/uqactualites\/#\/schema\/person\/366c45a0c4f0e677b41b4af5886e2018","name":"Service des communications et des relations publiques","image":{"@type":"ImageObject","inLanguage":"fr-CA","@id":"https:\/\/www.uqac.ca\/uqactualites\/#\/schema\/person\/image\/","url":"https:\/\/secure.gravatar.com\/avatar\/20fbbda8a292f59f2d3461a5b999c00b?s=96&d=mm&r=g","contentUrl":"https:\/\/secure.gravatar.com\/avatar\/20fbbda8a292f59f2d3461a5b999c00b?s=96&d=mm&r=g","caption":"Service des communications et des relations publiques"},"url":"https:\/\/www.uqac.ca\/uqactualites\/author\/bap\/"}]}},"_links":{"self":[{"href":"https:\/\/www.uqac.ca\/uqactualites\/wp-json\/wp\/v2\/posts\/31982"}],"collection":[{"href":"https:\/\/www.uqac.ca\/uqactualites\/wp-json\/wp\/v2\/posts"}],"about":[{"href":"https:\/\/www.uqac.ca\/uqactualites\/wp-json\/wp\/v2\/types\/post"}],"author":[{"embeddable":true,"href":"https:\/\/www.uqac.ca\/uqactualites\/wp-json\/wp\/v2\/users\/5"}],"replies":[{"embeddable":true,"href":"https:\/\/www.uqac.ca\/uqactualites\/wp-json\/wp\/v2\/comments?post=31982"}],"version-history":[{"count":0,"href":"https:\/\/www.uqac.ca\/uqactualites\/wp-json\/wp\/v2\/posts\/31982\/revisions"}],"wp:featuredmedia":[{"embeddable":true,"href":"https:\/\/www.uqac.ca\/uqactualites\/wp-json\/wp\/v2\/media\/20989"}],"wp:attachment":[{"href":"https:\/\/www.uqac.ca\/uqactualites\/wp-json\/wp\/v2\/media?parent=31982"}],"wp:term":[{"taxonomy":"category","embeddable":true,"href":"https:\/\/www.uqac.ca\/uqactualites\/wp-json\/wp\/v2\/categories?post=31982"},{"taxonomy":"post_tag","embeddable":true,"href":"https:\/\/www.uqac.ca\/uqactualites\/wp-json\/wp\/v2\/tags?post=31982"}],"curies":[{"name":"wp","href":"https:\/\/api.w.org\/{rel}","templated":true}]}}