{"id":31985,"date":"2016-04-30T08:15:08","date_gmt":"2016-04-30T12:15:08","guid":{"rendered":"http:\/\/uqactualite.odev.ca\/?p=31985"},"modified":"2024-05-24T08:35:30","modified_gmt":"2024-05-24T12:35:30","slug":"luqac-celebre-lexcellence-3-nouveaux-docteurs-honoris-causa-et-1-237-nouveaux-diplomes","status":"publish","type":"post","link":"https:\/\/www.uqac.ca\/uqactualites\/2016\/04\/30\/luqac-celebre-lexcellence-3-nouveaux-docteurs-honoris-causa-et-1-237-nouveaux-diplomes\/","title":{"rendered":"L\u2019UQAC c\u00e9l\u00e8bre l\u2019excellence\u00a0:\u00a03 nouveaux docteurs honoris causa et 1\u00a0237\u00a0nouveaux dipl\u00f4m\u00e9s"},"content":{"rendered":"<p style=\"text-align: justify;\"><strong>Saguenay, 30 avril 2016<\/strong>\u2013 C\u2019est sous le signe de l\u2019excellence que se d\u00e9roule le week-end \u00e0 l\u2019Universit\u00e9 du Qu\u00e9bec \u00e0 Chicoutimi, alors qu\u2019on a d\u00e9cern\u00e9 trois doctorats honorifiques et que 1\u00a0237 finissants recevront leur attestation de fin d\u2019\u00e9tudes \u00e0 l\u2019occasion de la Collation des grades 2016.<\/p>\n<p style=\"text-align: justify;\">C\u2019est \u00e0 l\u2019occasion d\u2019une c\u00e9r\u00e9monie tenue hier soir que le recteur de l\u2019UQAC, Martin Gauthier, a d\u00e9cern\u00e9 un doctorat honorifique \u00e0 messieurs Marc-Andr\u00e9\u00a0B\u00e9dard, L.\u00a0Jacques\u00a0M\u00e9nard et Michael\u00a0Snow. En recevant cette plus haute distinction attribu\u00e9e par l\u2019Universit\u00e9, ces trois hommes de convictions et d\u2019ambitions dont le parcours et la contribution \u00e0 la soci\u00e9t\u00e9 s\u2019av\u00e8rent remarquables viennent s\u2019ajouter \u00e0 une <span style=\"text-decoration: underline;\"><a href=\"http:\/\/www.uqac.ca\/wp-content\/uploads\/2016\/04\/ListeDocteursHonorisCausaUQAC.pdf\" target=\"_blank\" rel=\"noopener\"><strong>liste de noms prestigieux<\/strong><\/a><\/span> qui sont devenus les dignes repr\u00e9sentants et ambassadeurs de l\u2019UQAC en acceptant le titre de docteur <em>honoris causa<\/em>.<\/p>\n<p style=\"text-align: justify; padding-left: 30px;\"><strong>Monsieur Marc-Andr\u00e9 B\u00e9dard<br \/>\n<\/strong>Homme de droit et politicien, Marc-Andr\u00e9 B\u00e9dard a fait de ses valeurs d\u2019\u00e9galit\u00e9 et de justice la trame de fond de sa carri\u00e8re. Amoureux du Qu\u00e9bec et profond\u00e9ment engag\u00e9 dans la question de l\u2019ind\u00e9pendance, il a contribu\u00e9 de fa\u00e7on majeure au d\u00e9veloppement de la province, de la r\u00e9gion et de l\u2019UQAC.<\/p>\n<p style=\"text-align: justify; padding-left: 30px;\"><strong>Monsieur L. Jacques M\u00e9nard<br \/>\n<\/strong>La philanthropie est une seconde nature chez L. Jacques M\u00e9nard. Tr\u00e8s engag\u00e9 aupr\u00e8s de diverses organisations et fondations, cet homme d\u2019affaires marie depuis plusieurs ann\u00e9es ses activit\u00e9s professionnelles et ses implications sociales, au nombre desquelles figurent notamment la pers\u00e9v\u00e9rance et la r\u00e9ussite scolaires.<\/p>\n<p style=\"text-align: justify; padding-left: 30px;\"><strong>Monsieur Michael Snow<br \/>\n<\/strong>Reconnu mondialement pour ses \u0153uvres, Michael Snow fait rayonner la r\u00e9gion depuis des d\u00e9cennies. L\u2019artiste multidisciplinaire, dont on peut admirer les cr\u00e9ations un peu partout autour du globe, demeure \u00e0 ce jour une figure imposante dans les domaines du cin\u00e9ma, de la sculpture, de la photographie, de la peinture et de la musique.<\/p>\n<p style=\"text-align: justify;\">Pour compl\u00e9ter cette fin de semaine sous le signe de l\u2019excellence, deux c\u00e9r\u00e9monies de Collation des grades au cours desquelles 1\u00a0237\u00a0finissants de l\u2019UQAC recevront leur attestation de fin d\u2019\u00e9tudes auront lieu aujourd\u2019hui. Les nouveaux dipl\u00f4m\u00e9s r\u00e9unis pour l\u2019occasion seront accompagn\u00e9s de parents, amis, ambassadeurs et dignitaires afin de c\u00e9l\u00e9brer ce moment charni\u00e8re de leur parcours universitaire et professionnel.<\/p>\n<p style=\"text-align: justify;\">L\u2019ann\u00e9e 2016 marque la diplomation d\u2019un nombre record de docteurs \u2013 37, pour \u00eatre exact \u2013 majoritairement sp\u00e9cialis\u00e9s en sciences appliqu\u00e9es et en psychologie. C\u2019est aussi une ann\u00e9e riche en partenariats internationaux, alors que 150 \u00e9tudiants issus de programmes d\u2019\u00e9changes obtiendront leur dipl\u00f4me de l\u2019UQAC. Ces finissants, provenant en grande majorit\u00e9 de la France, deviendront ainsi de fiers repr\u00e9sentants de leur <em>alma mater<\/em> dans des domaines aussi vari\u00e9s que l\u2019administration, la conception de jeux vid\u00e9o, la chimie des produits naturels et la gestion des organisations.<\/p>\n<p style=\"text-align: justify;\">L\u2019UQAC accueille ainsi dans son cercle de dipl\u00f4m\u00e9s 1\u00a0024\u00a0nouveaux bacheliers, 176 nouveaux ma\u00eetres et 37 nouveaux\u00a0docteurs. \u00c0 ce jour, l\u2019Universit\u00e9 du Qu\u00e9bec \u00e0 Chicoutimi compte 52\u00a0000 dipl\u00f4m\u00e9s.<\/p>\n<p style=\"text-align: center;\">\u00a0&#8211; 30 &#8211;<\/p>\n<p style=\"text-align: justify;\"><strong>Source\u00a0:<br \/>\n<\/strong>Marie-France Audet, agente d\u2019information<br \/>\nBureau des affaires publiques<br \/>\nUniversit\u00e9 du Qu\u00e9bec \u00e0 Chicoutimi<br \/>\n418\u00a0290-1259\u00a0 |\u00a0 <span style=\"text-decoration: underline;\"><a href=\"mailto:marie-france.audet@uqac.ca\">marie-france.audet@uqac.ca<\/a><\/span><\/p>\n<p style=\"text-align: justify;\">\n","protected":false},"excerpt":{"rendered":"<p>Saguenay, 30 avril 2016\u2013 C\u2019est sous le signe de l\u2019excellence que se d\u00e9roule le week-end \u00e0 l\u2019Universit\u00e9 du Qu\u00e9bec \u00e0 Chicoutimi, alors qu\u2019on a d\u00e9cern\u00e9 trois doctorats honorifiques et que 1\u00a0237 finissants recevront leur attestation de fin d\u2019\u00e9tudes \u00e0 l\u2019occasion de la Collation des grades 2016. C\u2019est \u00e0 l\u2019occasion d\u2019une c\u00e9r\u00e9monie tenue hier soir que [&hellip;]<\/p>\n","protected":false},"author":5,"featured_media":24879,"comment_status":"open","ping_status":"open","sticky":false,"template":"","format":"standard","meta":{"footnotes":""},"categories":[2772],"tags":[465],"yoast_head":"<!-- This site is optimized with the Yoast SEO plugin v24.2 - https:\/\/yoast.com\/wordpress\/plugins\/seo\/ -->\r\n<title>L\u2019UQAC c\u00e9l\u00e8bre l\u2019excellence\u00a0:\u00a03 nouveaux docteurs honoris causa et 1\u00a0237\u00a0nouveaux dipl\u00f4m\u00e9s - UQACtualit\u00e9s<\/title>\r\n<meta name=\"robots\" content=\"index, follow, max-snippet:-1, max-image-preview:large, max-video-preview:-1\" \/>\r\n<link rel=\"canonical\" href=\"https:\/\/www.uqac.ca\/uqactualites\/2016\/04\/30\/luqac-celebre-lexcellence-3-nouveaux-docteurs-honoris-causa-et-1-237-nouveaux-diplomes\/\" \/>\r\n<meta property=\"og:locale\" content=\"fr_CA\" \/>\r\n<meta property=\"og:type\" content=\"article\" \/>\r\n<meta property=\"og:title\" content=\"L\u2019UQAC c\u00e9l\u00e8bre l\u2019excellence\u00a0:\u00a03 nouveaux docteurs honoris causa et 1\u00a0237\u00a0nouveaux dipl\u00f4m\u00e9s - UQACtualit\u00e9s\" \/>\r\n<meta property=\"og:description\" content=\"Saguenay, 30 avril 2016\u2013 C\u2019est sous le signe de l\u2019excellence que se d\u00e9roule le week-end \u00e0 l\u2019Universit\u00e9 du Qu\u00e9bec \u00e0 Chicoutimi, alors qu\u2019on a d\u00e9cern\u00e9 trois doctorats honorifiques et que 1\u00a0237 finissants recevront leur attestation de fin d\u2019\u00e9tudes \u00e0 l\u2019occasion de la Collation des grades 2016. C\u2019est \u00e0 l\u2019occasion d\u2019une c\u00e9r\u00e9monie tenue hier soir que [&hellip;]\" \/>\r\n<meta property=\"og:url\" content=\"https:\/\/www.uqac.ca\/uqactualites\/2016\/04\/30\/luqac-celebre-lexcellence-3-nouveaux-docteurs-honoris-causa-et-1-237-nouveaux-diplomes\/\" \/>\r\n<meta property=\"og:site_name\" content=\"UQACtualit\u00e9s\" \/>\r\n<meta property=\"article:published_time\" content=\"2016-04-30T12:15:08+00:00\" \/>\r\n<meta property=\"article:modified_time\" content=\"2024-05-24T12:35:30+00:00\" \/>\r\n<meta property=\"og:image\" content=\"https:\/\/www.uqac.ca\/uqactualites\/wp-content\/uploads\/2013\/07\/GRAF-Uqactualit\u00e9s-\u00c913-11.jpg\" \/>\r\n\t<meta property=\"og:image:width\" content=\"620\" \/>\r\n\t<meta property=\"og:image:height\" content=\"301\" \/>\r\n\t<meta property=\"og:image:type\" content=\"image\/jpeg\" \/>\r\n<meta name=\"author\" content=\"Service des communications et des relations publiques\" \/>\r\n<meta name=\"twitter:card\" content=\"summary_large_image\" \/>\r\n<meta name=\"twitter:label1\" content=\"\u00c9crit par\" \/>\n\t<meta name=\"twitter:data1\" content=\"Service des communications et des relations publiques\" \/>\n\t<meta name=\"twitter:label2\" content=\"Estimation du temps de lecture\" \/>\n\t<meta name=\"twitter:data2\" content=\"3 minutes\" \/>\r\n<script type=\"application\/ld+json\" class=\"yoast-schema-graph\">{\"@context\":\"https:\/\/schema.org\",\"@graph\":[{\"@type\":\"WebPage\",\"@id\":\"https:\/\/www.uqac.ca\/uqactualites\/2016\/04\/30\/luqac-celebre-lexcellence-3-nouveaux-docteurs-honoris-causa-et-1-237-nouveaux-diplomes\/\",\"url\":\"https:\/\/www.uqac.ca\/uqactualites\/2016\/04\/30\/luqac-celebre-lexcellence-3-nouveaux-docteurs-honoris-causa-et-1-237-nouveaux-diplomes\/\",\"name\":\"L\u2019UQAC c\u00e9l\u00e8bre l\u2019excellence\u00a0:\u00a03 nouveaux docteurs honoris causa et 1\u00a0237\u00a0nouveaux dipl\u00f4m\u00e9s - UQACtualit\u00e9s\",\"isPartOf\":{\"@id\":\"https:\/\/www.uqac.ca\/uqactualites\/#website\"},\"primaryImageOfPage\":{\"@id\":\"https:\/\/www.uqac.ca\/uqactualites\/2016\/04\/30\/luqac-celebre-lexcellence-3-nouveaux-docteurs-honoris-causa-et-1-237-nouveaux-diplomes\/#primaryimage\"},\"image\":{\"@id\":\"https:\/\/www.uqac.ca\/uqactualites\/2016\/04\/30\/luqac-celebre-lexcellence-3-nouveaux-docteurs-honoris-causa-et-1-237-nouveaux-diplomes\/#primaryimage\"},\"thumbnailUrl\":\"https:\/\/www.uqac.ca\/uqactualites\/wp-content\/uploads\/2013\/07\/GRAF-Uqactualit\u00e9s-\u00c913-11.jpg\",\"datePublished\":\"2016-04-30T12:15:08+00:00\",\"dateModified\":\"2024-05-24T12:35:30+00:00\",\"author\":{\"@id\":\"https:\/\/www.uqac.ca\/uqactualites\/#\/schema\/person\/366c45a0c4f0e677b41b4af5886e2018\"},\"breadcrumb\":{\"@id\":\"https:\/\/www.uqac.ca\/uqactualites\/2016\/04\/30\/luqac-celebre-lexcellence-3-nouveaux-docteurs-honoris-causa-et-1-237-nouveaux-diplomes\/#breadcrumb\"},\"inLanguage\":\"fr-CA\",\"potentialAction\":[{\"@type\":\"ReadAction\",\"target\":[\"https:\/\/www.uqac.ca\/uqactualites\/2016\/04\/30\/luqac-celebre-lexcellence-3-nouveaux-docteurs-honoris-causa-et-1-237-nouveaux-diplomes\/\"]}]},{\"@type\":\"ImageObject\",\"inLanguage\":\"fr-CA\",\"@id\":\"https:\/\/www.uqac.ca\/uqactualites\/2016\/04\/30\/luqac-celebre-lexcellence-3-nouveaux-docteurs-honoris-causa-et-1-237-nouveaux-diplomes\/#primaryimage\",\"url\":\"https:\/\/www.uqac.ca\/uqactualites\/wp-content\/uploads\/2013\/07\/GRAF-Uqactualit\u00e9s-\u00c913-11.jpg\",\"contentUrl\":\"https:\/\/www.uqac.ca\/uqactualites\/wp-content\/uploads\/2013\/07\/GRAF-Uqactualit\u00e9s-\u00c913-11.jpg\",\"width\":620,\"height\":301},{\"@type\":\"BreadcrumbList\",\"@id\":\"https:\/\/www.uqac.ca\/uqactualites\/2016\/04\/30\/luqac-celebre-lexcellence-3-nouveaux-docteurs-honoris-causa-et-1-237-nouveaux-diplomes\/#breadcrumb\",\"itemListElement\":[{\"@type\":\"ListItem\",\"position\":1,\"name\":\"Home\",\"item\":\"https:\/\/www.uqac.ca\/uqactualites\/\"},{\"@type\":\"ListItem\",\"position\":2,\"name\":\"L\u2019UQAC c\u00e9l\u00e8bre l\u2019excellence\u00a0:\u00a03 nouveaux docteurs honoris causa et 1\u00a0237\u00a0nouveaux dipl\u00f4m\u00e9s\"}]},{\"@type\":\"WebSite\",\"@id\":\"https:\/\/www.uqac.ca\/uqactualites\/#website\",\"url\":\"https:\/\/www.uqac.ca\/uqactualites\/\",\"name\":\"UQACtualit\u00e9s\",\"description\":\"Le portail des nouvelles de l&#039;UQAC\",\"potentialAction\":[{\"@type\":\"SearchAction\",\"target\":{\"@type\":\"EntryPoint\",\"urlTemplate\":\"https:\/\/www.uqac.ca\/uqactualites\/?s={search_term_string}\"},\"query-input\":{\"@type\":\"PropertyValueSpecification\",\"valueRequired\":true,\"valueName\":\"search_term_string\"}}],\"inLanguage\":\"fr-CA\"},{\"@type\":\"Person\",\"@id\":\"https:\/\/www.uqac.ca\/uqactualites\/#\/schema\/person\/366c45a0c4f0e677b41b4af5886e2018\",\"name\":\"Service des communications et des relations publiques\",\"image\":{\"@type\":\"ImageObject\",\"inLanguage\":\"fr-CA\",\"@id\":\"https:\/\/www.uqac.ca\/uqactualites\/#\/schema\/person\/image\/\",\"url\":\"https:\/\/secure.gravatar.com\/avatar\/20fbbda8a292f59f2d3461a5b999c00b?s=96&d=mm&r=g\",\"contentUrl\":\"https:\/\/secure.gravatar.com\/avatar\/20fbbda8a292f59f2d3461a5b999c00b?s=96&d=mm&r=g\",\"caption\":\"Service des communications et des relations publiques\"},\"url\":\"https:\/\/www.uqac.ca\/uqactualites\/author\/bap\/\"}]}<\/script>\r\n<!-- \/ Yoast SEO plugin. -->","yoast_head_json":{"title":"L\u2019UQAC c\u00e9l\u00e8bre l\u2019excellence\u00a0:\u00a03 nouveaux docteurs honoris causa et 1\u00a0237\u00a0nouveaux dipl\u00f4m\u00e9s - UQACtualit\u00e9s","robots":{"index":"index","follow":"follow","max-snippet":"max-snippet:-1","max-image-preview":"max-image-preview:large","max-video-preview":"max-video-preview:-1"},"canonical":"https:\/\/www.uqac.ca\/uqactualites\/2016\/04\/30\/luqac-celebre-lexcellence-3-nouveaux-docteurs-honoris-causa-et-1-237-nouveaux-diplomes\/","og_locale":"fr_CA","og_type":"article","og_title":"L\u2019UQAC c\u00e9l\u00e8bre l\u2019excellence\u00a0:\u00a03 nouveaux docteurs honoris causa et 1\u00a0237\u00a0nouveaux dipl\u00f4m\u00e9s - UQACtualit\u00e9s","og_description":"Saguenay, 30 avril 2016\u2013 C\u2019est sous le signe de l\u2019excellence que se d\u00e9roule le week-end \u00e0 l\u2019Universit\u00e9 du Qu\u00e9bec \u00e0 Chicoutimi, alors qu\u2019on a d\u00e9cern\u00e9 trois doctorats honorifiques et que 1\u00a0237 finissants recevront leur attestation de fin d\u2019\u00e9tudes \u00e0 l\u2019occasion de la Collation des grades 2016. C\u2019est \u00e0 l\u2019occasion d\u2019une c\u00e9r\u00e9monie tenue hier soir que [&hellip;]","og_url":"https:\/\/www.uqac.ca\/uqactualites\/2016\/04\/30\/luqac-celebre-lexcellence-3-nouveaux-docteurs-honoris-causa-et-1-237-nouveaux-diplomes\/","og_site_name":"UQACtualit\u00e9s","article_published_time":"2016-04-30T12:15:08+00:00","article_modified_time":"2024-05-24T12:35:30+00:00","og_image":[{"width":620,"height":301,"url":"https:\/\/www.uqac.ca\/uqactualites\/wp-content\/uploads\/2013\/07\/GRAF-Uqactualit\u00e9s-\u00c913-11.jpg","type":"image\/jpeg"}],"author":"Service des communications et des relations publiques","twitter_card":"summary_large_image","twitter_misc":{"\u00c9crit par":"Service des communications et des relations publiques","Estimation du temps de lecture":"3 minutes"},"schema":{"@context":"https:\/\/schema.org","@graph":[{"@type":"WebPage","@id":"https:\/\/www.uqac.ca\/uqactualites\/2016\/04\/30\/luqac-celebre-lexcellence-3-nouveaux-docteurs-honoris-causa-et-1-237-nouveaux-diplomes\/","url":"https:\/\/www.uqac.ca\/uqactualites\/2016\/04\/30\/luqac-celebre-lexcellence-3-nouveaux-docteurs-honoris-causa-et-1-237-nouveaux-diplomes\/","name":"L\u2019UQAC c\u00e9l\u00e8bre l\u2019excellence\u00a0:\u00a03 nouveaux docteurs honoris causa et 1\u00a0237\u00a0nouveaux dipl\u00f4m\u00e9s - UQACtualit\u00e9s","isPartOf":{"@id":"https:\/\/www.uqac.ca\/uqactualites\/#website"},"primaryImageOfPage":{"@id":"https:\/\/www.uqac.ca\/uqactualites\/2016\/04\/30\/luqac-celebre-lexcellence-3-nouveaux-docteurs-honoris-causa-et-1-237-nouveaux-diplomes\/#primaryimage"},"image":{"@id":"https:\/\/www.uqac.ca\/uqactualites\/2016\/04\/30\/luqac-celebre-lexcellence-3-nouveaux-docteurs-honoris-causa-et-1-237-nouveaux-diplomes\/#primaryimage"},"thumbnailUrl":"https:\/\/www.uqac.ca\/uqactualites\/wp-content\/uploads\/2013\/07\/GRAF-Uqactualit\u00e9s-\u00c913-11.jpg","datePublished":"2016-04-30T12:15:08+00:00","dateModified":"2024-05-24T12:35:30+00:00","author":{"@id":"https:\/\/www.uqac.ca\/uqactualites\/#\/schema\/person\/366c45a0c4f0e677b41b4af5886e2018"},"breadcrumb":{"@id":"https:\/\/www.uqac.ca\/uqactualites\/2016\/04\/30\/luqac-celebre-lexcellence-3-nouveaux-docteurs-honoris-causa-et-1-237-nouveaux-diplomes\/#breadcrumb"},"inLanguage":"fr-CA","potentialAction":[{"@type":"ReadAction","target":["https:\/\/www.uqac.ca\/uqactualites\/2016\/04\/30\/luqac-celebre-lexcellence-3-nouveaux-docteurs-honoris-causa-et-1-237-nouveaux-diplomes\/"]}]},{"@type":"ImageObject","inLanguage":"fr-CA","@id":"https:\/\/www.uqac.ca\/uqactualites\/2016\/04\/30\/luqac-celebre-lexcellence-3-nouveaux-docteurs-honoris-causa-et-1-237-nouveaux-diplomes\/#primaryimage","url":"https:\/\/www.uqac.ca\/uqactualites\/wp-content\/uploads\/2013\/07\/GRAF-Uqactualit\u00e9s-\u00c913-11.jpg","contentUrl":"https:\/\/www.uqac.ca\/uqactualites\/wp-content\/uploads\/2013\/07\/GRAF-Uqactualit\u00e9s-\u00c913-11.jpg","width":620,"height":301},{"@type":"BreadcrumbList","@id":"https:\/\/www.uqac.ca\/uqactualites\/2016\/04\/30\/luqac-celebre-lexcellence-3-nouveaux-docteurs-honoris-causa-et-1-237-nouveaux-diplomes\/#breadcrumb","itemListElement":[{"@type":"ListItem","position":1,"name":"Home","item":"https:\/\/www.uqac.ca\/uqactualites\/"},{"@type":"ListItem","position":2,"name":"L\u2019UQAC c\u00e9l\u00e8bre l\u2019excellence\u00a0:\u00a03 nouveaux docteurs honoris causa et 1\u00a0237\u00a0nouveaux dipl\u00f4m\u00e9s"}]},{"@type":"WebSite","@id":"https:\/\/www.uqac.ca\/uqactualites\/#website","url":"https:\/\/www.uqac.ca\/uqactualites\/","name":"UQACtualit\u00e9s","description":"Le portail des nouvelles de l&#039;UQAC","potentialAction":[{"@type":"SearchAction","target":{"@type":"EntryPoint","urlTemplate":"https:\/\/www.uqac.ca\/uqactualites\/?s={search_term_string}"},"query-input":{"@type":"PropertyValueSpecification","valueRequired":true,"valueName":"search_term_string"}}],"inLanguage":"fr-CA"},{"@type":"Person","@id":"https:\/\/www.uqac.ca\/uqactualites\/#\/schema\/person\/366c45a0c4f0e677b41b4af5886e2018","name":"Service des communications et des relations publiques","image":{"@type":"ImageObject","inLanguage":"fr-CA","@id":"https:\/\/www.uqac.ca\/uqactualites\/#\/schema\/person\/image\/","url":"https:\/\/secure.gravatar.com\/avatar\/20fbbda8a292f59f2d3461a5b999c00b?s=96&d=mm&r=g","contentUrl":"https:\/\/secure.gravatar.com\/avatar\/20fbbda8a292f59f2d3461a5b999c00b?s=96&d=mm&r=g","caption":"Service des communications et des relations publiques"},"url":"https:\/\/www.uqac.ca\/uqactualites\/author\/bap\/"}]}},"_links":{"self":[{"href":"https:\/\/www.uqac.ca\/uqactualites\/wp-json\/wp\/v2\/posts\/31985"}],"collection":[{"href":"https:\/\/www.uqac.ca\/uqactualites\/wp-json\/wp\/v2\/posts"}],"about":[{"href":"https:\/\/www.uqac.ca\/uqactualites\/wp-json\/wp\/v2\/types\/post"}],"author":[{"embeddable":true,"href":"https:\/\/www.uqac.ca\/uqactualites\/wp-json\/wp\/v2\/users\/5"}],"replies":[{"embeddable":true,"href":"https:\/\/www.uqac.ca\/uqactualites\/wp-json\/wp\/v2\/comments?post=31985"}],"version-history":[{"count":1,"href":"https:\/\/www.uqac.ca\/uqactualites\/wp-json\/wp\/v2\/posts\/31985\/revisions"}],"predecessor-version":[{"id":47390,"href":"https:\/\/www.uqac.ca\/uqactualites\/wp-json\/wp\/v2\/posts\/31985\/revisions\/47390"}],"wp:featuredmedia":[{"embeddable":true,"href":"https:\/\/www.uqac.ca\/uqactualites\/wp-json\/wp\/v2\/media\/24879"}],"wp:attachment":[{"href":"https:\/\/www.uqac.ca\/uqactualites\/wp-json\/wp\/v2\/media?parent=31985"}],"wp:term":[{"taxonomy":"category","embeddable":true,"href":"https:\/\/www.uqac.ca\/uqactualites\/wp-json\/wp\/v2\/categories?post=31985"},{"taxonomy":"post_tag","embeddable":true,"href":"https:\/\/www.uqac.ca\/uqactualites\/wp-json\/wp\/v2\/tags?post=31985"}],"curies":[{"name":"wp","href":"https:\/\/api.w.org\/{rel}","templated":true}]}}