{"id":32010,"date":"2016-05-04T09:23:13","date_gmt":"2016-05-04T13:23:13","guid":{"rendered":"http:\/\/uqactualite.odev.ca\/?p=32010"},"modified":"2016-05-04T09:23:13","modified_gmt":"2016-05-04T13:23:13","slug":"sage-augmentations-des-prix","status":"publish","type":"post","link":"https:\/\/www.uqac.ca\/uqactualites\/2016\/05\/04\/sage-augmentations-des-prix\/","title":{"rendered":"SAGE\u00a0: Augmentations des prix"},"content":{"rendered":"<p style=\"text-align: justify\">La direction des Services de l\u2019association g\u00e9n\u00e9rale \u00e9tudiante (SAGE) informe la communaut\u00e9 universitaire qu\u2019\u00e0 la suite de l\u2019augmentation des prix des marchandises et du salaire minimum, le conseil d&rsquo;administration du Partenariat alimentaire UQAC\/MAGE-UQAC (PAUM) a approuv\u00e9 l\u2019augmentation des prix dans les Services alimentaires du MAGE-UQAC (caf\u00e9t\u00e9ria et cantine).<\/p>\n<p style=\"text-align: justify\">Merci de votre compr\u00e9hension.<\/p>\n<p style=\"text-align: justify\"><strong><br \/>\nRenseignements\u00a0:<br \/>\n<\/strong>J\u00e9r\u00f4me Gravel<br \/>\nDirecteur des Services alimentaires (caf\u00e9t\u00e9ria et cantine)<br \/>\n545-5011, poste 5000<\/p>\n","protected":false},"excerpt":{"rendered":"<p>La direction des Services de l\u2019association g\u00e9n\u00e9rale \u00e9tudiante (SAGE) informe la communaut\u00e9 universitaire qu\u2019\u00e0 la suite de l\u2019augmentation des prix des marchandises et du salaire minimum, le conseil d&rsquo;administration du Partenariat alimentaire UQAC\/MAGE-UQAC (PAUM) a approuv\u00e9 l\u2019augmentation des prix dans les Services alimentaires du MAGE-UQAC (caf\u00e9t\u00e9ria et cantine). Merci de votre compr\u00e9hension. Renseignements\u00a0: J\u00e9r\u00f4me Gravel [&hellip;]<\/p>\n","protected":false},"author":5,"featured_media":20989,"comment_status":"open","ping_status":"open","sticky":false,"template":"","format":"standard","meta":{"footnotes":""},"categories":[2772],"tags":[],"yoast_head":"<!-- This site is optimized with the Yoast SEO plugin v24.2 - https:\/\/yoast.com\/wordpress\/plugins\/seo\/ -->\r\n<title>SAGE\u00a0: Augmentations des prix - UQACtualit\u00e9s<\/title>\r\n<meta name=\"robots\" content=\"index, follow, max-snippet:-1, max-image-preview:large, max-video-preview:-1\" \/>\r\n<link rel=\"canonical\" href=\"https:\/\/www.uqac.ca\/uqactualites\/2016\/05\/04\/sage-augmentations-des-prix\/\" \/>\r\n<meta property=\"og:locale\" content=\"fr_CA\" \/>\r\n<meta property=\"og:type\" content=\"article\" \/>\r\n<meta property=\"og:title\" content=\"SAGE\u00a0: Augmentations des prix - UQACtualit\u00e9s\" \/>\r\n<meta property=\"og:description\" content=\"La direction des Services de l\u2019association g\u00e9n\u00e9rale \u00e9tudiante (SAGE) informe la communaut\u00e9 universitaire qu\u2019\u00e0 la suite de l\u2019augmentation des prix des marchandises et du salaire minimum, le conseil d&rsquo;administration du Partenariat alimentaire UQAC\/MAGE-UQAC (PAUM) a approuv\u00e9 l\u2019augmentation des prix dans les Services alimentaires du MAGE-UQAC (caf\u00e9t\u00e9ria et cantine). Merci de votre compr\u00e9hension. Renseignements\u00a0: J\u00e9r\u00f4me Gravel [&hellip;]\" \/>\r\n<meta property=\"og:url\" content=\"https:\/\/www.uqac.ca\/uqactualites\/2016\/05\/04\/sage-augmentations-des-prix\/\" \/>\r\n<meta property=\"og:site_name\" content=\"UQACtualit\u00e9s\" \/>\r\n<meta property=\"article:published_time\" content=\"2016-05-04T13:23:13+00:00\" \/>\r\n<meta property=\"og:image\" content=\"https:\/\/www.uqac.ca\/uqactualites\/wp-content\/uploads\/2012\/05\/avis-laCommunaut-.jpg\" \/>\r\n\t<meta property=\"og:image:width\" content=\"620\" \/>\r\n\t<meta property=\"og:image:height\" content=\"300\" \/>\r\n\t<meta property=\"og:image:type\" content=\"image\/jpeg\" \/>\r\n<meta name=\"author\" content=\"Service des communications et des relations publiques\" \/>\r\n<meta name=\"twitter:card\" content=\"summary_large_image\" \/>\r\n<meta name=\"twitter:label1\" content=\"\u00c9crit par\" \/>\n\t<meta name=\"twitter:data1\" content=\"Service des communications et des relations publiques\" \/>\r\n<script type=\"application\/ld+json\" class=\"yoast-schema-graph\">{\"@context\":\"https:\/\/schema.org\",\"@graph\":[{\"@type\":\"WebPage\",\"@id\":\"https:\/\/www.uqac.ca\/uqactualites\/2016\/05\/04\/sage-augmentations-des-prix\/\",\"url\":\"https:\/\/www.uqac.ca\/uqactualites\/2016\/05\/04\/sage-augmentations-des-prix\/\",\"name\":\"SAGE\u00a0: Augmentations des prix - UQACtualit\u00e9s\",\"isPartOf\":{\"@id\":\"https:\/\/www.uqac.ca\/uqactualites\/#website\"},\"primaryImageOfPage\":{\"@id\":\"https:\/\/www.uqac.ca\/uqactualites\/2016\/05\/04\/sage-augmentations-des-prix\/#primaryimage\"},\"image\":{\"@id\":\"https:\/\/www.uqac.ca\/uqactualites\/2016\/05\/04\/sage-augmentations-des-prix\/#primaryimage\"},\"thumbnailUrl\":\"https:\/\/www.uqac.ca\/uqactualites\/wp-content\/uploads\/2012\/05\/avis-laCommunaut-.jpg\",\"datePublished\":\"2016-05-04T13:23:13+00:00\",\"dateModified\":\"2016-05-04T13:23:13+00:00\",\"author\":{\"@id\":\"https:\/\/www.uqac.ca\/uqactualites\/#\/schema\/person\/366c45a0c4f0e677b41b4af5886e2018\"},\"breadcrumb\":{\"@id\":\"https:\/\/www.uqac.ca\/uqactualites\/2016\/05\/04\/sage-augmentations-des-prix\/#breadcrumb\"},\"inLanguage\":\"fr-CA\",\"potentialAction\":[{\"@type\":\"ReadAction\",\"target\":[\"https:\/\/www.uqac.ca\/uqactualites\/2016\/05\/04\/sage-augmentations-des-prix\/\"]}]},{\"@type\":\"ImageObject\",\"inLanguage\":\"fr-CA\",\"@id\":\"https:\/\/www.uqac.ca\/uqactualites\/2016\/05\/04\/sage-augmentations-des-prix\/#primaryimage\",\"url\":\"https:\/\/www.uqac.ca\/uqactualites\/wp-content\/uploads\/2012\/05\/avis-laCommunaut-.jpg\",\"contentUrl\":\"https:\/\/www.uqac.ca\/uqactualites\/wp-content\/uploads\/2012\/05\/avis-laCommunaut-.jpg\",\"width\":620,\"height\":300},{\"@type\":\"BreadcrumbList\",\"@id\":\"https:\/\/www.uqac.ca\/uqactualites\/2016\/05\/04\/sage-augmentations-des-prix\/#breadcrumb\",\"itemListElement\":[{\"@type\":\"ListItem\",\"position\":1,\"name\":\"Home\",\"item\":\"https:\/\/www.uqac.ca\/uqactualites\/\"},{\"@type\":\"ListItem\",\"position\":2,\"name\":\"SAGE\u00a0: Augmentations des prix\"}]},{\"@type\":\"WebSite\",\"@id\":\"https:\/\/www.uqac.ca\/uqactualites\/#website\",\"url\":\"https:\/\/www.uqac.ca\/uqactualites\/\",\"name\":\"UQACtualit\u00e9s\",\"description\":\"Le portail des nouvelles de l&#039;UQAC\",\"potentialAction\":[{\"@type\":\"SearchAction\",\"target\":{\"@type\":\"EntryPoint\",\"urlTemplate\":\"https:\/\/www.uqac.ca\/uqactualites\/?s={search_term_string}\"},\"query-input\":{\"@type\":\"PropertyValueSpecification\",\"valueRequired\":true,\"valueName\":\"search_term_string\"}}],\"inLanguage\":\"fr-CA\"},{\"@type\":\"Person\",\"@id\":\"https:\/\/www.uqac.ca\/uqactualites\/#\/schema\/person\/366c45a0c4f0e677b41b4af5886e2018\",\"name\":\"Service des communications et des relations publiques\",\"image\":{\"@type\":\"ImageObject\",\"inLanguage\":\"fr-CA\",\"@id\":\"https:\/\/www.uqac.ca\/uqactualites\/#\/schema\/person\/image\/\",\"url\":\"https:\/\/secure.gravatar.com\/avatar\/20fbbda8a292f59f2d3461a5b999c00b?s=96&d=mm&r=g\",\"contentUrl\":\"https:\/\/secure.gravatar.com\/avatar\/20fbbda8a292f59f2d3461a5b999c00b?s=96&d=mm&r=g\",\"caption\":\"Service des communications et des relations publiques\"},\"url\":\"https:\/\/www.uqac.ca\/uqactualites\/author\/bap\/\"}]}<\/script>\r\n<!-- \/ Yoast SEO plugin. -->","yoast_head_json":{"title":"SAGE\u00a0: Augmentations des prix - UQACtualit\u00e9s","robots":{"index":"index","follow":"follow","max-snippet":"max-snippet:-1","max-image-preview":"max-image-preview:large","max-video-preview":"max-video-preview:-1"},"canonical":"https:\/\/www.uqac.ca\/uqactualites\/2016\/05\/04\/sage-augmentations-des-prix\/","og_locale":"fr_CA","og_type":"article","og_title":"SAGE\u00a0: Augmentations des prix - UQACtualit\u00e9s","og_description":"La direction des Services de l\u2019association g\u00e9n\u00e9rale \u00e9tudiante (SAGE) informe la communaut\u00e9 universitaire qu\u2019\u00e0 la suite de l\u2019augmentation des prix des marchandises et du salaire minimum, le conseil d&rsquo;administration du Partenariat alimentaire UQAC\/MAGE-UQAC (PAUM) a approuv\u00e9 l\u2019augmentation des prix dans les Services alimentaires du MAGE-UQAC (caf\u00e9t\u00e9ria et cantine). Merci de votre compr\u00e9hension. Renseignements\u00a0: J\u00e9r\u00f4me Gravel [&hellip;]","og_url":"https:\/\/www.uqac.ca\/uqactualites\/2016\/05\/04\/sage-augmentations-des-prix\/","og_site_name":"UQACtualit\u00e9s","article_published_time":"2016-05-04T13:23:13+00:00","og_image":[{"width":620,"height":300,"url":"https:\/\/www.uqac.ca\/uqactualites\/wp-content\/uploads\/2012\/05\/avis-laCommunaut-.jpg","type":"image\/jpeg"}],"author":"Service des communications et des relations publiques","twitter_card":"summary_large_image","twitter_misc":{"\u00c9crit par":"Service des communications et des relations publiques"},"schema":{"@context":"https:\/\/schema.org","@graph":[{"@type":"WebPage","@id":"https:\/\/www.uqac.ca\/uqactualites\/2016\/05\/04\/sage-augmentations-des-prix\/","url":"https:\/\/www.uqac.ca\/uqactualites\/2016\/05\/04\/sage-augmentations-des-prix\/","name":"SAGE\u00a0: Augmentations des prix - UQACtualit\u00e9s","isPartOf":{"@id":"https:\/\/www.uqac.ca\/uqactualites\/#website"},"primaryImageOfPage":{"@id":"https:\/\/www.uqac.ca\/uqactualites\/2016\/05\/04\/sage-augmentations-des-prix\/#primaryimage"},"image":{"@id":"https:\/\/www.uqac.ca\/uqactualites\/2016\/05\/04\/sage-augmentations-des-prix\/#primaryimage"},"thumbnailUrl":"https:\/\/www.uqac.ca\/uqactualites\/wp-content\/uploads\/2012\/05\/avis-laCommunaut-.jpg","datePublished":"2016-05-04T13:23:13+00:00","dateModified":"2016-05-04T13:23:13+00:00","author":{"@id":"https:\/\/www.uqac.ca\/uqactualites\/#\/schema\/person\/366c45a0c4f0e677b41b4af5886e2018"},"breadcrumb":{"@id":"https:\/\/www.uqac.ca\/uqactualites\/2016\/05\/04\/sage-augmentations-des-prix\/#breadcrumb"},"inLanguage":"fr-CA","potentialAction":[{"@type":"ReadAction","target":["https:\/\/www.uqac.ca\/uqactualites\/2016\/05\/04\/sage-augmentations-des-prix\/"]}]},{"@type":"ImageObject","inLanguage":"fr-CA","@id":"https:\/\/www.uqac.ca\/uqactualites\/2016\/05\/04\/sage-augmentations-des-prix\/#primaryimage","url":"https:\/\/www.uqac.ca\/uqactualites\/wp-content\/uploads\/2012\/05\/avis-laCommunaut-.jpg","contentUrl":"https:\/\/www.uqac.ca\/uqactualites\/wp-content\/uploads\/2012\/05\/avis-laCommunaut-.jpg","width":620,"height":300},{"@type":"BreadcrumbList","@id":"https:\/\/www.uqac.ca\/uqactualites\/2016\/05\/04\/sage-augmentations-des-prix\/#breadcrumb","itemListElement":[{"@type":"ListItem","position":1,"name":"Home","item":"https:\/\/www.uqac.ca\/uqactualites\/"},{"@type":"ListItem","position":2,"name":"SAGE\u00a0: Augmentations des prix"}]},{"@type":"WebSite","@id":"https:\/\/www.uqac.ca\/uqactualites\/#website","url":"https:\/\/www.uqac.ca\/uqactualites\/","name":"UQACtualit\u00e9s","description":"Le portail des nouvelles de l&#039;UQAC","potentialAction":[{"@type":"SearchAction","target":{"@type":"EntryPoint","urlTemplate":"https:\/\/www.uqac.ca\/uqactualites\/?s={search_term_string}"},"query-input":{"@type":"PropertyValueSpecification","valueRequired":true,"valueName":"search_term_string"}}],"inLanguage":"fr-CA"},{"@type":"Person","@id":"https:\/\/www.uqac.ca\/uqactualites\/#\/schema\/person\/366c45a0c4f0e677b41b4af5886e2018","name":"Service des communications et des relations publiques","image":{"@type":"ImageObject","inLanguage":"fr-CA","@id":"https:\/\/www.uqac.ca\/uqactualites\/#\/schema\/person\/image\/","url":"https:\/\/secure.gravatar.com\/avatar\/20fbbda8a292f59f2d3461a5b999c00b?s=96&d=mm&r=g","contentUrl":"https:\/\/secure.gravatar.com\/avatar\/20fbbda8a292f59f2d3461a5b999c00b?s=96&d=mm&r=g","caption":"Service des communications et des relations publiques"},"url":"https:\/\/www.uqac.ca\/uqactualites\/author\/bap\/"}]}},"_links":{"self":[{"href":"https:\/\/www.uqac.ca\/uqactualites\/wp-json\/wp\/v2\/posts\/32010"}],"collection":[{"href":"https:\/\/www.uqac.ca\/uqactualites\/wp-json\/wp\/v2\/posts"}],"about":[{"href":"https:\/\/www.uqac.ca\/uqactualites\/wp-json\/wp\/v2\/types\/post"}],"author":[{"embeddable":true,"href":"https:\/\/www.uqac.ca\/uqactualites\/wp-json\/wp\/v2\/users\/5"}],"replies":[{"embeddable":true,"href":"https:\/\/www.uqac.ca\/uqactualites\/wp-json\/wp\/v2\/comments?post=32010"}],"version-history":[{"count":0,"href":"https:\/\/www.uqac.ca\/uqactualites\/wp-json\/wp\/v2\/posts\/32010\/revisions"}],"wp:featuredmedia":[{"embeddable":true,"href":"https:\/\/www.uqac.ca\/uqactualites\/wp-json\/wp\/v2\/media\/20989"}],"wp:attachment":[{"href":"https:\/\/www.uqac.ca\/uqactualites\/wp-json\/wp\/v2\/media?parent=32010"}],"wp:term":[{"taxonomy":"category","embeddable":true,"href":"https:\/\/www.uqac.ca\/uqactualites\/wp-json\/wp\/v2\/categories?post=32010"},{"taxonomy":"post_tag","embeddable":true,"href":"https:\/\/www.uqac.ca\/uqactualites\/wp-json\/wp\/v2\/tags?post=32010"}],"curies":[{"name":"wp","href":"https:\/\/api.w.org\/{rel}","templated":true}]}}